{"id":399811,"date":"2026-03-06T07:46:58","date_gmt":"2026-03-06T10:46:58","guid":{"rendered":"https:\/\/portaltela.pt\/noticias\/2026\/03\/06\/portugues-condenado-a-duas-prisoes-perpetuas-e-a-126-anos-de-prisao-em-espanha\/"},"modified":"2026-03-06T07:46:58","modified_gmt":"2026-03-06T10:46:58","slug":"portugues-condenado-a-duas-prisoes-perpetuas-e-a-126-anos-de-prisao-em-espanha","status":"publish","type":"post","link":"https:\/\/portaltela.pt\/noticias\/internacional\/2026\/03\/06\/portugues-condenado-a-duas-prisoes-perpetuas-e-a-126-anos-de-prisao-em-espanha\/","title":{"rendered":"Portugu\u00eas condenado a duas pris\u00f5es perp\u00e9tuas e a 126 anos de pris\u00e3o em Espanha"},"content":{"rendered":"<p>O Tribunal Superior de Justi\u00e7a de Madrid confirmou a pena de pris\u00e3o perp\u00e9tua revis\u00e1vel imposta a Micael da Silva, conhecido como o Portugu\u00eas, pelo atropelamento que causou a morte de quatro pessoas num casamento em 2022, em Torrej\u00f3n de Ardoz, junto ao restaurante El Rancho. A decis\u00e3o ocorreu ap\u00f3s recursos interpostos contra a decis\u00e3o de julho de 2025.<\/p>\n<p>Segundo o tribunal, Da Silva foi condenado por quatro crimes de homic\u00eddio e nove de tentativa de homic\u00eddio, resultantes do atropelamento de convidados que se encontravam \u00e0 entrada do restaurante no dia 6 de novembro de 2022. As duas penas de pris\u00e3o perp\u00e9tua revis\u00e1vel ficam v\u00e1lidas, juntamente com 126 anos de pris\u00e3o.<\/p>\n<p>A distribui\u00e7\u00e3o das penas prev\u00ea dois homic\u00eddios com pris\u00e3o perp\u00e9tua revis\u00e1vel e outros dois com 20 anos de pris\u00e3o, acrescidos de 8 crimes de tentativa de homic\u00eddio, cada um a 10 anos, e um crime adicional de tentativa, com 6 anos de pris\u00e3o. A pena m\u00e1xima corresponde ao conjunto destas condena\u00e7\u00f5es, conforme a legisla\u00e7\u00e3o espanhola.<\/p>\n<h3>Contexto do caso<\/h3>\n<p>Os ju\u00edzes entenderam o ataque como &#8220;surpreendente e repentino&#8221;, deixando as v\u00edtimas indefesas e sem possibilidade de rea\u00e7\u00e3o, tendo o arguido fugido ap\u00f3s o atropelamento. A defesa alegou medo insuper\u00e1vel, sustentando que o arguido e familiares teriam sido cercados e agredidos com armas por convidados, argumento rejeitado por falta de provas.<\/p>\n<p>As v\u00edtimas mortais eram uma mulher de 66 anos, dois homens de 68 e 37 anos, e ainda um menor de 17 anos. No total, 9 pessoas ficaram feridas, algumas em estado grave, e sofreram sequelas que persistem tr\u00eas anos depois do incidente.<\/p>\n","protected":false},"excerpt":{"rendered":"<ul>\n<li>O Tribunal Superior de Justi\u00e7a de Madrid manteve a condena\u00e7\u00e3o de Micael da Silva, conhecido como &#8220;o Portugu\u00eas&#8221;, por atropelamento que matou quatro pessoas num casamento em Torrej\u00f3n de Ardoz a 6 de novembro de 2022, causando ainda nove feridos.<\/li>\n<li>Foram confirmadas duas penas de pris\u00e3o perp\u00e9tua revis\u00e1vel e um total de 126 anos de pris\u00e3o.<\/li>\n<li>Das quatro mortes, duas resultaram em pris\u00e3o perp\u00e9tua revis\u00e1vel e as outras duas em vinte anos de pris\u00e3o; al\u00e9m disso, foram atribu\u00eddas oito senten\u00e7as de dez anos por homic\u00eddio na forma tentada e uma de seis anos por tentativa de homic\u00eddio.<\/li>\n<li>O tribunal considerou o ataque repentino e imprevis\u00edvel, com as v\u00edtimas indefesas, e a fuga do arguido sem prestar aux\u00edlio.<\/li>\n<li>A defesa alegou medo insuper\u00e1vel, mas o tribunal rejeitou as alega\u00e7\u00f5es por falta de provas; as v\u00edtimas inclu\u00edam uma mulher de 66 anos, dois homens de 68 e 37 anos, e um menor de 17 anos, al\u00e9m de nove feridos.<\/li>\n<\/ul>\n","protected":false},"author":2,"featured_media":399812,"comment_status":"closed","ping_status":"closed","sticky":false,"template":"","format":"standard","meta":{"footnotes":""},"categories":[4,1],"tags":[147,2031,1345,5197,6208],"class_list":["post-399811","post","type-post","status-publish","format-standard","has-post-thumbnail","hentry","category-internacional","category-noticias","tag-crime","tag-espanha","tag-homicidio","tag-homicidio-agravado","tag-tribunais"],"yoast_head":"<!-- This site is optimized with the Yoast SEO plugin v27.2 - https:\/\/yoast.com\/product\/yoast-seo-wordpress\/ -->\n<title>Portugu\u00eas condenado a duas pris\u00f5es perp\u00e9tuas e a 126 anos de pris\u00e3o em Espanha - Portal Tela Portugal<\/title>\n<meta name=\"robots\" content=\"index, follow, max-snippet:-1, max-image-preview:large, max-video-preview:-1\" \/>\n<meta property=\"og:locale\" content=\"pt_PT\" \/>\n<meta property=\"og:type\" content=\"article\" \/>\n<meta property=\"og:title\" content=\"Portugu\u00eas condenado a duas pris\u00f5es perp\u00e9tuas e a 126 anos de pris\u00e3o em Espanha - Portal Tela Portugal\" \/>\n<meta property=\"og:description\" content=\"O Tribunal Superior de Justi\u00e7a de Madrid manteve a condena\u00e7\u00e3o de Micael da Silva, conhecido como &quot;o Portugu\u00eas&quot;, por atropelamento que matou quatro pessoas num casamento em Torrej\u00f3n de Ardoz a 6 de novembro de 2022, causando ainda nove feridos. Foram confirmadas duas penas de pris\u00e3o perp\u00e9tua revis\u00e1vel e um total de 126 anos de pris\u00e3o. Das quatro mortes, duas resultaram em pris\u00e3o perp\u00e9tua revis\u00e1vel e as outras duas em vinte anos de pris\u00e3o; al\u00e9m disso, foram atribu\u00eddas oito senten\u00e7as de dez anos por homic\u00eddio na forma tentada e uma de seis anos por tentativa de homic\u00eddio. O tribunal considerou o ataque repentino e imprevis\u00edvel, com as v\u00edtimas indefesas, e a fuga do arguido sem prestar aux\u00edlio. A defesa alegou medo insuper\u00e1vel, mas o tribunal rejeitou as alega\u00e7\u00f5es por falta de provas; as v\u00edtimas inclu\u00edam uma mulher de 66 anos, dois homens de 68 e 37 anos, e um menor de 17 anos, al\u00e9m de nove feridos.\" \/>\n<meta property=\"og:url\" content=\"https:\/\/portaltela.pt\/noticias\/2026\/03\/06\/portugues-condenado-a-duas-prisoes-perpetuas-e-a-126-anos-de-prisao-em-espanha\/\" \/>\n<meta property=\"og:site_name\" content=\"Portal Tela Portugal\" \/>\n<meta property=\"article:published_time\" content=\"2026-03-06T10:46:58+00:00\" \/>\n<meta name=\"author\" content=\"Telinha\" \/>\n<meta name=\"twitter:card\" content=\"summary_large_image\" \/>\n<meta name=\"twitter:label1\" content=\"Escrito por\" \/>\n\t<meta name=\"twitter:data1\" content=\"Telinha\" \/>\n\t<meta name=\"twitter:label2\" content=\"Tempo estimado de leitura\" \/>\n\t<meta name=\"twitter:data2\" content=\"1 minuto\" \/>\n<script type=\"application\/ld+json\" class=\"yoast-schema-graph\">{\"@context\":\"https:\/\/schema.org\",\"@graph\":[{\"@type\":\"Article\",\"@id\":\"https:\/\/portaltela.pt\/noticias\/2026\/03\/06\/portugues-condenado-a-duas-prisoes-perpetuas-e-a-126-anos-de-prisao-em-espanha\/#article\",\"isPartOf\":{\"@id\":\"https:\/\/portaltela.pt\/noticias\/2026\/03\/06\/portugues-condenado-a-duas-prisoes-perpetuas-e-a-126-anos-de-prisao-em-espanha\/\"},\"author\":{\"name\":\"Telinha\",\"@id\":\"https:\/\/portaltela.pt\/#\/schema\/person\/c4278d4a6028830caff9ee44b42d32ed\"},\"headline\":\"Portugu\u00eas condenado a duas pris\u00f5es perp\u00e9tuas e a 126 anos de pris\u00e3o em Espanha\",\"datePublished\":\"2026-03-06T10:46:58+00:00\",\"mainEntityOfPage\":{\"@id\":\"https:\/\/portaltela.pt\/noticias\/2026\/03\/06\/portugues-condenado-a-duas-prisoes-perpetuas-e-a-126-anos-de-prisao-em-espanha\/\"},\"wordCount\":298,\"image\":{\"@id\":\"https:\/\/portaltela.pt\/noticias\/2026\/03\/06\/portugues-condenado-a-duas-prisoes-perpetuas-e-a-126-anos-de-prisao-em-espanha\/#primaryimage\"},\"thumbnailUrl\":\"https:\/\/portaltela.pt\/s.01k8rhncp4jt1\/2026\/03\/1536x864_cmsv2_e6bf1157-10cf-54ff-a86e-e8992b11c568-9676072.jpg\",\"keywords\":[\"crime\",\"Espanha\",\"homic\u00eddio\",\"homic\u00eddio agravado\",\"Tribunais\"],\"articleSection\":[\"Internacional\",\"Not\u00edcias\"],\"inLanguage\":\"pt-PT\"},{\"@type\":\"WebPage\",\"@id\":\"https:\/\/portaltela.pt\/noticias\/2026\/03\/06\/portugues-condenado-a-duas-prisoes-perpetuas-e-a-126-anos-de-prisao-em-espanha\/\",\"url\":\"https:\/\/portaltela.pt\/noticias\/2026\/03\/06\/portugues-condenado-a-duas-prisoes-perpetuas-e-a-126-anos-de-prisao-em-espanha\/\",\"name\":\"Portugu\u00eas condenado a duas pris\u00f5es perp\u00e9tuas e a 126 anos de pris\u00e3o em Espanha - Portal Tela Portugal\",\"isPartOf\":{\"@id\":\"https:\/\/portaltela.pt\/#website\"},\"primaryImageOfPage\":{\"@id\":\"https:\/\/portaltela.pt\/noticias\/2026\/03\/06\/portugues-condenado-a-duas-prisoes-perpetuas-e-a-126-anos-de-prisao-em-espanha\/#primaryimage\"},\"image\":{\"@id\":\"https:\/\/portaltela.pt\/noticias\/2026\/03\/06\/portugues-condenado-a-duas-prisoes-perpetuas-e-a-126-anos-de-prisao-em-espanha\/#primaryimage\"},\"thumbnailUrl\":\"https:\/\/portaltela.pt\/s.01k8rhncp4jt1\/2026\/03\/1536x864_cmsv2_e6bf1157-10cf-54ff-a86e-e8992b11c568-9676072.jpg\",\"datePublished\":\"2026-03-06T10:46:58+00:00\",\"author\":{\"@id\":\"https:\/\/portaltela.pt\/#\/schema\/person\/c4278d4a6028830caff9ee44b42d32ed\"},\"breadcrumb\":{\"@id\":\"https:\/\/portaltela.pt\/noticias\/2026\/03\/06\/portugues-condenado-a-duas-prisoes-perpetuas-e-a-126-anos-de-prisao-em-espanha\/#breadcrumb\"},\"inLanguage\":\"pt-PT\",\"potentialAction\":[{\"@type\":\"ReadAction\",\"target\":[\"https:\/\/portaltela.pt\/noticias\/2026\/03\/06\/portugues-condenado-a-duas-prisoes-perpetuas-e-a-126-anos-de-prisao-em-espanha\/\"]}]},{\"@type\":\"ImageObject\",\"inLanguage\":\"pt-PT\",\"@id\":\"https:\/\/portaltela.pt\/noticias\/2026\/03\/06\/portugues-condenado-a-duas-prisoes-perpetuas-e-a-126-anos-de-prisao-em-espanha\/#primaryimage\",\"url\":\"https:\/\/portaltela.pt\/s.01k8rhncp4jt1\/2026\/03\/1536x864_cmsv2_e6bf1157-10cf-54ff-a86e-e8992b11c568-9676072.jpg\",\"contentUrl\":\"https:\/\/portaltela.pt\/s.01k8rhncp4jt1\/2026\/03\/1536x864_cmsv2_e6bf1157-10cf-54ff-a86e-e8992b11c568-9676072.jpg\",\"width\":1536,\"height\":864,\"caption\":\"Pol\u00edcia espanhola\"},{\"@type\":\"BreadcrumbList\",\"@id\":\"https:\/\/portaltela.pt\/noticias\/2026\/03\/06\/portugues-condenado-a-duas-prisoes-perpetuas-e-a-126-anos-de-prisao-em-espanha\/#breadcrumb\",\"itemListElement\":[{\"@type\":\"ListItem\",\"position\":1,\"name\":\"In\u00edcio\",\"item\":\"https:\/\/portaltela.pt\/\"},{\"@type\":\"ListItem\",\"position\":2,\"name\":\"Portugu\u00eas condenado a duas pris\u00f5es perp\u00e9tuas e a 126 anos de pris\u00e3o em Espanha\"}]},{\"@type\":\"WebSite\",\"@id\":\"https:\/\/portaltela.pt\/#website\",\"url\":\"https:\/\/portaltela.pt\/\",\"name\":\"Portal Tela Portugal\",\"description\":\"\",\"potentialAction\":[{\"@type\":\"SearchAction\",\"target\":{\"@type\":\"EntryPoint\",\"urlTemplate\":\"https:\/\/portaltela.pt\/?s={search_term_string}\"},\"query-input\":{\"@type\":\"PropertyValueSpecification\",\"valueRequired\":true,\"valueName\":\"search_term_string\"}}],\"inLanguage\":\"pt-PT\"},{\"@type\":\"Person\",\"@id\":\"https:\/\/portaltela.pt\/#\/schema\/person\/c4278d4a6028830caff9ee44b42d32ed\",\"name\":\"Telinha\",\"image\":{\"@type\":\"ImageObject\",\"inLanguage\":\"pt-PT\",\"@id\":\"https:\/\/portaltela.pt\/s.01k8rhncp4jt1\/2025\/11\/talking-bot-125x125.png\",\"url\":\"https:\/\/portaltela.pt\/s.01k8rhncp4jt1\/2025\/11\/talking-bot-125x125.png\",\"contentUrl\":\"https:\/\/portaltela.pt\/s.01k8rhncp4jt1\/2025\/11\/talking-bot-125x125.png\",\"caption\":\"Telinha\"},\"sameAs\":[\"https:\/\/portaltela.pt\/\"],\"url\":\"https:\/\/portaltela.pt\/por\/367410592786\/\"}]}<\/script>\n<!-- \/ Yoast SEO plugin. -->","yoast_head_json":{"title":"Portugu\u00eas condenado a duas pris\u00f5es perp\u00e9tuas e a 126 anos de pris\u00e3o em Espanha - Portal Tela Portugal","robots":{"index":"index","follow":"follow","max-snippet":"max-snippet:-1","max-image-preview":"max-image-preview:large","max-video-preview":"max-video-preview:-1"},"og_locale":"pt_PT","og_type":"article","og_title":"Portugu\u00eas condenado a duas pris\u00f5es perp\u00e9tuas e a 126 anos de pris\u00e3o em Espanha - Portal Tela Portugal","og_description":"O Tribunal Superior de Justi\u00e7a de Madrid manteve a condena\u00e7\u00e3o de Micael da Silva, conhecido como \"o Portugu\u00eas\", por atropelamento que matou quatro pessoas num casamento em Torrej\u00f3n de Ardoz a 6 de novembro de 2022, causando ainda nove feridos. Foram confirmadas duas penas de pris\u00e3o perp\u00e9tua revis\u00e1vel e um total de 126 anos de pris\u00e3o. Das quatro mortes, duas resultaram em pris\u00e3o perp\u00e9tua revis\u00e1vel e as outras duas em vinte anos de pris\u00e3o; al\u00e9m disso, foram atribu\u00eddas oito senten\u00e7as de dez anos por homic\u00eddio na forma tentada e uma de seis anos por tentativa de homic\u00eddio. O tribunal considerou o ataque repentino e imprevis\u00edvel, com as v\u00edtimas indefesas, e a fuga do arguido sem prestar aux\u00edlio. A defesa alegou medo insuper\u00e1vel, mas o tribunal rejeitou as alega\u00e7\u00f5es por falta de provas; as v\u00edtimas inclu\u00edam uma mulher de 66 anos, dois homens de 68 e 37 anos, e um menor de 17 anos, al\u00e9m de nove feridos.","og_url":"https:\/\/portaltela.pt\/noticias\/2026\/03\/06\/portugues-condenado-a-duas-prisoes-perpetuas-e-a-126-anos-de-prisao-em-espanha\/","og_site_name":"Portal Tela Portugal","article_published_time":"2026-03-06T10:46:58+00:00","author":"Telinha","twitter_card":"summary_large_image","twitter_misc":{"Escrito por":"Telinha","Tempo estimado de leitura":"1 minuto"},"schema":{"@context":"https:\/\/schema.org","@graph":[{"@type":"Article","@id":"https:\/\/portaltela.pt\/noticias\/2026\/03\/06\/portugues-condenado-a-duas-prisoes-perpetuas-e-a-126-anos-de-prisao-em-espanha\/#article","isPartOf":{"@id":"https:\/\/portaltela.pt\/noticias\/2026\/03\/06\/portugues-condenado-a-duas-prisoes-perpetuas-e-a-126-anos-de-prisao-em-espanha\/"},"author":{"name":"Telinha","@id":"https:\/\/portaltela.pt\/#\/schema\/person\/c4278d4a6028830caff9ee44b42d32ed"},"headline":"Portugu\u00eas condenado a duas pris\u00f5es perp\u00e9tuas e a 126 anos de pris\u00e3o em Espanha","datePublished":"2026-03-06T10:46:58+00:00","mainEntityOfPage":{"@id":"https:\/\/portaltela.pt\/noticias\/2026\/03\/06\/portugues-condenado-a-duas-prisoes-perpetuas-e-a-126-anos-de-prisao-em-espanha\/"},"wordCount":298,"image":{"@id":"https:\/\/portaltela.pt\/noticias\/2026\/03\/06\/portugues-condenado-a-duas-prisoes-perpetuas-e-a-126-anos-de-prisao-em-espanha\/#primaryimage"},"thumbnailUrl":"https:\/\/portaltela.pt\/s.01k8rhncp4jt1\/2026\/03\/1536x864_cmsv2_e6bf1157-10cf-54ff-a86e-e8992b11c568-9676072.jpg","keywords":["crime","Espanha","homic\u00eddio","homic\u00eddio agravado","Tribunais"],"articleSection":["Internacional","Not\u00edcias"],"inLanguage":"pt-PT"},{"@type":"WebPage","@id":"https:\/\/portaltela.pt\/noticias\/2026\/03\/06\/portugues-condenado-a-duas-prisoes-perpetuas-e-a-126-anos-de-prisao-em-espanha\/","url":"https:\/\/portaltela.pt\/noticias\/2026\/03\/06\/portugues-condenado-a-duas-prisoes-perpetuas-e-a-126-anos-de-prisao-em-espanha\/","name":"Portugu\u00eas condenado a duas pris\u00f5es perp\u00e9tuas e a 126 anos de pris\u00e3o em Espanha - Portal Tela Portugal","isPartOf":{"@id":"https:\/\/portaltela.pt\/#website"},"primaryImageOfPage":{"@id":"https:\/\/portaltela.pt\/noticias\/2026\/03\/06\/portugues-condenado-a-duas-prisoes-perpetuas-e-a-126-anos-de-prisao-em-espanha\/#primaryimage"},"image":{"@id":"https:\/\/portaltela.pt\/noticias\/2026\/03\/06\/portugues-condenado-a-duas-prisoes-perpetuas-e-a-126-anos-de-prisao-em-espanha\/#primaryimage"},"thumbnailUrl":"https:\/\/portaltela.pt\/s.01k8rhncp4jt1\/2026\/03\/1536x864_cmsv2_e6bf1157-10cf-54ff-a86e-e8992b11c568-9676072.jpg","datePublished":"2026-03-06T10:46:58+00:00","author":{"@id":"https:\/\/portaltela.pt\/#\/schema\/person\/c4278d4a6028830caff9ee44b42d32ed"},"breadcrumb":{"@id":"https:\/\/portaltela.pt\/noticias\/2026\/03\/06\/portugues-condenado-a-duas-prisoes-perpetuas-e-a-126-anos-de-prisao-em-espanha\/#breadcrumb"},"inLanguage":"pt-PT","potentialAction":[{"@type":"ReadAction","target":["https:\/\/portaltela.pt\/noticias\/2026\/03\/06\/portugues-condenado-a-duas-prisoes-perpetuas-e-a-126-anos-de-prisao-em-espanha\/"]}]},{"@type":"ImageObject","inLanguage":"pt-PT","@id":"https:\/\/portaltela.pt\/noticias\/2026\/03\/06\/portugues-condenado-a-duas-prisoes-perpetuas-e-a-126-anos-de-prisao-em-espanha\/#primaryimage","url":"https:\/\/portaltela.pt\/s.01k8rhncp4jt1\/2026\/03\/1536x864_cmsv2_e6bf1157-10cf-54ff-a86e-e8992b11c568-9676072.jpg","contentUrl":"https:\/\/portaltela.pt\/s.01k8rhncp4jt1\/2026\/03\/1536x864_cmsv2_e6bf1157-10cf-54ff-a86e-e8992b11c568-9676072.jpg","width":1536,"height":864,"caption":"Pol\u00edcia espanhola"},{"@type":"BreadcrumbList","@id":"https:\/\/portaltela.pt\/noticias\/2026\/03\/06\/portugues-condenado-a-duas-prisoes-perpetuas-e-a-126-anos-de-prisao-em-espanha\/#breadcrumb","itemListElement":[{"@type":"ListItem","position":1,"name":"In\u00edcio","item":"https:\/\/portaltela.pt\/"},{"@type":"ListItem","position":2,"name":"Portugu\u00eas condenado a duas pris\u00f5es perp\u00e9tuas e a 126 anos de pris\u00e3o em Espanha"}]},{"@type":"WebSite","@id":"https:\/\/portaltela.pt\/#website","url":"https:\/\/portaltela.pt\/","name":"Portal Tela Portugal","description":"","potentialAction":[{"@type":"SearchAction","target":{"@type":"EntryPoint","urlTemplate":"https:\/\/portaltela.pt\/?s={search_term_string}"},"query-input":{"@type":"PropertyValueSpecification","valueRequired":true,"valueName":"search_term_string"}}],"inLanguage":"pt-PT"},{"@type":"Person","@id":"https:\/\/portaltela.pt\/#\/schema\/person\/c4278d4a6028830caff9ee44b42d32ed","name":"Telinha","image":{"@type":"ImageObject","inLanguage":"pt-PT","@id":"https:\/\/portaltela.pt\/s.01k8rhncp4jt1\/2025\/11\/talking-bot-125x125.png","url":"https:\/\/portaltela.pt\/s.01k8rhncp4jt1\/2025\/11\/talking-bot-125x125.png","contentUrl":"https:\/\/portaltela.pt\/s.01k8rhncp4jt1\/2025\/11\/talking-bot-125x125.png","caption":"Telinha"},"sameAs":["https:\/\/portaltela.pt\/"],"url":"https:\/\/portaltela.pt\/por\/367410592786\/"}]}},"_links":{"self":[{"href":"https:\/\/portaltela.pt\/api\/wp\/v2\/posts\/399811","targetHints":{"allow":["GET"]}}],"collection":[{"href":"https:\/\/portaltela.pt\/api\/wp\/v2\/posts"}],"about":[{"href":"https:\/\/portaltela.pt\/api\/wp\/v2\/types\/post"}],"author":[{"embeddable":true,"href":"https:\/\/portaltela.pt\/api\/wp\/v2\/users\/2"}],"replies":[{"embeddable":true,"href":"https:\/\/portaltela.pt\/api\/wp\/v2\/comments?post=399811"}],"version-history":[{"count":0,"href":"https:\/\/portaltela.pt\/api\/wp\/v2\/posts\/399811\/revisions"}],"wp:featuredmedia":[{"embeddable":true,"href":"https:\/\/portaltela.pt\/api\/wp\/v2\/media\/399812"}],"wp:attachment":[{"href":"https:\/\/portaltela.pt\/api\/wp\/v2\/media?parent=399811"}],"wp:term":[{"taxonomy":"category","embeddable":true,"href":"https:\/\/portaltela.pt\/api\/wp\/v2\/categories?post=399811"},{"taxonomy":"post_tag","embeddable":true,"href":"https:\/\/portaltela.pt\/api\/wp\/v2\/tags?post=399811"}],"curies":[{"name":"wp","href":"https:\/\/api.w.org\/{rel}","templated":true}]}}