{"id":399809,"date":"2026-03-06T07:19:12","date_gmt":"2026-03-06T10:19:12","guid":{"rendered":"https:\/\/portaltela.pt\/noticias\/2026\/03\/06\/pj-de-aveiro-detem-coautor-de-roubo-sequestro-e-furto-qualificado\/"},"modified":"2026-03-06T07:19:12","modified_gmt":"2026-03-06T10:19:12","slug":"pj-de-aveiro-detem-coautor-de-roubo-sequestro-e-furto-qualificado","status":"publish","type":"post","link":"https:\/\/portaltela.pt\/noticias\/politica\/2026\/03\/06\/pj-de-aveiro-detem-coautor-de-roubo-sequestro-e-furto-qualificado\/","title":{"rendered":"PJ de Aveiro det\u00e9m coautor de roubo, sequestro e furto qualificado"},"content":{"rendered":"<p>A Pol\u00edcia Judici\u00e1ria (PJ) de Aveiro deteve um homem de 42 anos suspeito de coautoria em crimes de roubo, sequestro e furto qualificado, em opera\u00e7\u00e3o realizada na quinta-feira a mando do Departamento de Investiga\u00e7\u00e3o e A\u00e7\u00e3o Penal de Aveiro. O indiv\u00edduo atuaria em colabora\u00e7\u00e3o com o filho.<\/p>\n<p>A deten\u00e7\u00e3o ocorreu no \u00e2mbito de uma investiga\u00e7\u00e3o sobre o roubo de uma mulher de 86 anos, ocorrido a 13 de novembro numa casa em \u00cdlhavo. O filho do detido j\u00e1 tinha sido capturado anteriormente pela PJ.<\/p>\n<p>A investiga\u00e7\u00e3o aponta ainda para a participa\u00e7\u00e3o do suspeito num furto em abril de 2024, numa resid\u00eancia em Vagos, com joias e rel\u00f3gios avaliados em mais de 12 mil euros. Juntamente, h\u00e1 alega\u00e7\u00f5es de roubo e sequestro em Cantanhede, a 14 de outubro, com a v\u00edtima deixada amarrada.<\/p>\n<p>Durante a opera\u00e7\u00e3o foram apreendidos v\u00e1rios objetos de ourivesaria e rel\u00f3gios associados aos crimes de Vagos, Cantanhede e ao caso de \u00cdlhavo. O detido ser\u00e1 presente \u00e0s autoridades judici\u00e1rias na comarca de Aveiro para o primeiro interrogat\u00f3rio e aplica\u00e7\u00e3o de medidas de coa\u00e7\u00e3o.<\/p>\n<p>O pai do coautor permanece em pris\u00e3o preventiva. O processo est\u00e1 a ser acompanhado pela PJ e ser\u00e1 seguido pelos tribunais competentes para determinar as medidas cab\u00edveis.<\/p>\n","protected":false},"excerpt":{"rendered":"<ul>\n<li>A Pol\u00edcia Judici\u00e1ria de Aveiro deteve um homem de 42 anos, alegado coautor de crimes de roubo, sequestro e furto qualificado, em coautoria com o filho.<\/li>\n<li>A deten\u00e7\u00e3o ocorreu na quinta-feira, no \u00e2mbito de mandados de busca e deten\u00e7\u00e3o emitidos pelo Departamento de Investiga\u00e7\u00e3o e A\u00e7\u00e3o Penal de Aveiro.<\/li>\n<li>A investiga\u00e7\u00e3o incide sobre o roubo de uma mulher de 86 anos, ocorrido em 13 de novembro, numa resid\u00eancia em \u00cdlhavo, que j\u00e1 levou \u00e0 deten\u00e7\u00e3o do filho do suspeito.<\/li>\n<li>A PJ apurou que o homem ter\u00e1 participado com o filho num furto em abril de 2024, numa resid\u00eancia em Vagos, onde foram subtra\u00eddas joias e rel\u00f3gios em valor superior a 12 mil euros.<\/li>\n<li>Os dois s\u00e3o ainda investigados por um roubo e sequestro ocorridos a 14 de outubro, numa resid\u00eancia em Cantanhede, onde a v\u00edtima foi deixada amarrada e foi furtada uma quantia em dinheiro e v\u00e1rias pe\u00e7as em ouro; durante a opera\u00e7\u00e3o foram apreendidos objetos de ourivesaria e rel\u00f3gios. O detido vai ser presente \u00e0s autoridades judici\u00e1rias na comarca de Aveiro para o primeiro interrogat\u00f3rio judicial e aplica\u00e7\u00e3o das medidas de coa\u00e7\u00e3o adequadas.<\/li>\n<\/ul>\n","protected":false},"author":2,"featured_media":399810,"comment_status":"closed","ping_status":"closed","sticky":false,"template":"","format":"standard","meta":{"footnotes":""},"categories":[1,5],"tags":[1059,424,1659,1080,203,1170],"class_list":["post-399809","post","type-post","status-publish","format-standard","has-post-thumbnail","hentry","category-noticias","category-politica","tag-aveiro","tag-furto","tag-furto-qualificado","tag-ilhavo","tag-roubo","tag-sequestro"],"yoast_head":"<!-- This site is optimized with the Yoast SEO plugin v27.2 - https:\/\/yoast.com\/product\/yoast-seo-wordpress\/ -->\n<title>PJ de Aveiro det\u00e9m coautor de roubo, sequestro e furto qualificado - Portal Tela Portugal<\/title>\n<meta name=\"robots\" content=\"index, follow, max-snippet:-1, max-image-preview:large, max-video-preview:-1\" \/>\n<meta property=\"og:locale\" content=\"pt_PT\" \/>\n<meta property=\"og:type\" content=\"article\" \/>\n<meta property=\"og:title\" content=\"PJ de Aveiro det\u00e9m coautor de roubo, sequestro e furto qualificado - Portal Tela Portugal\" \/>\n<meta property=\"og:description\" content=\"A Pol\u00edcia Judici\u00e1ria de Aveiro deteve um homem de 42 anos, alegado coautor de crimes de roubo, sequestro e furto qualificado, em coautoria com o filho. A deten\u00e7\u00e3o ocorreu na quinta-feira, no \u00e2mbito de mandados de busca e deten\u00e7\u00e3o emitidos pelo Departamento de Investiga\u00e7\u00e3o e A\u00e7\u00e3o Penal de Aveiro. A investiga\u00e7\u00e3o incide sobre o roubo de uma mulher de 86 anos, ocorrido em 13 de novembro, numa resid\u00eancia em \u00cdlhavo, que j\u00e1 levou \u00e0 deten\u00e7\u00e3o do filho do suspeito. A PJ apurou que o homem ter\u00e1 participado com o filho num furto em abril de 2024, numa resid\u00eancia em Vagos, onde foram subtra\u00eddas joias e rel\u00f3gios em valor superior a 12 mil euros. Os dois s\u00e3o ainda investigados por um roubo e sequestro ocorridos a 14 de outubro, numa resid\u00eancia em Cantanhede, onde a v\u00edtima foi deixada amarrada e foi furtada uma quantia em dinheiro e v\u00e1rias pe\u00e7as em ouro; durante a opera\u00e7\u00e3o foram apreendidos objetos de ourivesaria e rel\u00f3gios. O detido vai ser presente \u00e0s autoridades judici\u00e1rias na comarca de Aveiro para o primeiro interrogat\u00f3rio judicial e aplica\u00e7\u00e3o das medidas de coa\u00e7\u00e3o adequadas.\" \/>\n<meta property=\"og:url\" content=\"https:\/\/portaltela.pt\/noticias\/2026\/03\/06\/pj-de-aveiro-detem-coautor-de-roubo-sequestro-e-furto-qualificado\/\" \/>\n<meta property=\"og:site_name\" content=\"Portal Tela Portugal\" \/>\n<meta property=\"article:published_time\" content=\"2026-03-06T10:19:12+00:00\" \/>\n<meta name=\"author\" content=\"Telinha\" \/>\n<meta name=\"twitter:card\" content=\"summary_large_image\" \/>\n<meta name=\"twitter:label1\" content=\"Escrito por\" \/>\n\t<meta name=\"twitter:data1\" content=\"Telinha\" \/>\n\t<meta name=\"twitter:label2\" content=\"Tempo estimado de leitura\" \/>\n\t<meta name=\"twitter:data2\" content=\"1 minuto\" \/>\n<script type=\"application\/ld+json\" class=\"yoast-schema-graph\">{\"@context\":\"https:\/\/schema.org\",\"@graph\":[{\"@type\":\"Article\",\"@id\":\"https:\/\/portaltela.pt\/noticias\/2026\/03\/06\/pj-de-aveiro-detem-coautor-de-roubo-sequestro-e-furto-qualificado\/#article\",\"isPartOf\":{\"@id\":\"https:\/\/portaltela.pt\/noticias\/2026\/03\/06\/pj-de-aveiro-detem-coautor-de-roubo-sequestro-e-furto-qualificado\/\"},\"author\":{\"name\":\"Telinha\",\"@id\":\"https:\/\/portaltela.pt\/#\/schema\/person\/c4278d4a6028830caff9ee44b42d32ed\"},\"headline\":\"PJ de Aveiro det\u00e9m coautor de roubo, sequestro e furto qualificado\",\"datePublished\":\"2026-03-06T10:19:12+00:00\",\"mainEntityOfPage\":{\"@id\":\"https:\/\/portaltela.pt\/noticias\/2026\/03\/06\/pj-de-aveiro-detem-coautor-de-roubo-sequestro-e-furto-qualificado\/\"},\"wordCount\":232,\"image\":{\"@id\":\"https:\/\/portaltela.pt\/noticias\/2026\/03\/06\/pj-de-aveiro-detem-coautor-de-roubo-sequestro-e-furto-qualificado\/#primaryimage\"},\"thumbnailUrl\":\"https:\/\/portaltela.pt\/s.01k8rhncp4jt1\/2026\/03\/img_1500x1000uu2023-11-12-09-23-12-1490935.jpg\",\"keywords\":[\"Aveiro\",\"furto\",\"furto qualificado\",\"\u00cdlhavo\",\"roubo\",\"sequestro\"],\"articleSection\":[\"Not\u00edcias\",\"Pol\u00edtica\"],\"inLanguage\":\"pt-PT\"},{\"@type\":\"WebPage\",\"@id\":\"https:\/\/portaltela.pt\/noticias\/2026\/03\/06\/pj-de-aveiro-detem-coautor-de-roubo-sequestro-e-furto-qualificado\/\",\"url\":\"https:\/\/portaltela.pt\/noticias\/2026\/03\/06\/pj-de-aveiro-detem-coautor-de-roubo-sequestro-e-furto-qualificado\/\",\"name\":\"PJ de Aveiro det\u00e9m coautor de roubo, sequestro e furto qualificado - Portal Tela Portugal\",\"isPartOf\":{\"@id\":\"https:\/\/portaltela.pt\/#website\"},\"primaryImageOfPage\":{\"@id\":\"https:\/\/portaltela.pt\/noticias\/2026\/03\/06\/pj-de-aveiro-detem-coautor-de-roubo-sequestro-e-furto-qualificado\/#primaryimage\"},\"image\":{\"@id\":\"https:\/\/portaltela.pt\/noticias\/2026\/03\/06\/pj-de-aveiro-detem-coautor-de-roubo-sequestro-e-furto-qualificado\/#primaryimage\"},\"thumbnailUrl\":\"https:\/\/portaltela.pt\/s.01k8rhncp4jt1\/2026\/03\/img_1500x1000uu2023-11-12-09-23-12-1490935.jpg\",\"datePublished\":\"2026-03-06T10:19:12+00:00\",\"author\":{\"@id\":\"https:\/\/portaltela.pt\/#\/schema\/person\/c4278d4a6028830caff9ee44b42d32ed\"},\"breadcrumb\":{\"@id\":\"https:\/\/portaltela.pt\/noticias\/2026\/03\/06\/pj-de-aveiro-detem-coautor-de-roubo-sequestro-e-furto-qualificado\/#breadcrumb\"},\"inLanguage\":\"pt-PT\",\"potentialAction\":[{\"@type\":\"ReadAction\",\"target\":[\"https:\/\/portaltela.pt\/noticias\/2026\/03\/06\/pj-de-aveiro-detem-coautor-de-roubo-sequestro-e-furto-qualificado\/\"]}]},{\"@type\":\"ImageObject\",\"inLanguage\":\"pt-PT\",\"@id\":\"https:\/\/portaltela.pt\/noticias\/2026\/03\/06\/pj-de-aveiro-detem-coautor-de-roubo-sequestro-e-furto-qualificado\/#primaryimage\",\"url\":\"https:\/\/portaltela.pt\/s.01k8rhncp4jt1\/2026\/03\/img_1500x1000uu2023-11-12-09-23-12-1490935.jpg\",\"contentUrl\":\"https:\/\/portaltela.pt\/s.01k8rhncp4jt1\/2026\/03\/img_1500x1000uu2023-11-12-09-23-12-1490935.jpg\",\"width\":796,\"height\":448,\"caption\":\"Pol\u00edcia Judici\u00e1ria\"},{\"@type\":\"BreadcrumbList\",\"@id\":\"https:\/\/portaltela.pt\/noticias\/2026\/03\/06\/pj-de-aveiro-detem-coautor-de-roubo-sequestro-e-furto-qualificado\/#breadcrumb\",\"itemListElement\":[{\"@type\":\"ListItem\",\"position\":1,\"name\":\"In\u00edcio\",\"item\":\"https:\/\/portaltela.pt\/\"},{\"@type\":\"ListItem\",\"position\":2,\"name\":\"PJ de Aveiro det\u00e9m coautor de roubo, sequestro e furto qualificado\"}]},{\"@type\":\"WebSite\",\"@id\":\"https:\/\/portaltela.pt\/#website\",\"url\":\"https:\/\/portaltela.pt\/\",\"name\":\"Portal Tela Portugal\",\"description\":\"\",\"potentialAction\":[{\"@type\":\"SearchAction\",\"target\":{\"@type\":\"EntryPoint\",\"urlTemplate\":\"https:\/\/portaltela.pt\/?s={search_term_string}\"},\"query-input\":{\"@type\":\"PropertyValueSpecification\",\"valueRequired\":true,\"valueName\":\"search_term_string\"}}],\"inLanguage\":\"pt-PT\"},{\"@type\":\"Person\",\"@id\":\"https:\/\/portaltela.pt\/#\/schema\/person\/c4278d4a6028830caff9ee44b42d32ed\",\"name\":\"Telinha\",\"image\":{\"@type\":\"ImageObject\",\"inLanguage\":\"pt-PT\",\"@id\":\"https:\/\/portaltela.pt\/s.01k8rhncp4jt1\/2025\/11\/talking-bot-125x125.png\",\"url\":\"https:\/\/portaltela.pt\/s.01k8rhncp4jt1\/2025\/11\/talking-bot-125x125.png\",\"contentUrl\":\"https:\/\/portaltela.pt\/s.01k8rhncp4jt1\/2025\/11\/talking-bot-125x125.png\",\"caption\":\"Telinha\"},\"sameAs\":[\"https:\/\/portaltela.pt\/\"],\"url\":\"https:\/\/portaltela.pt\/por\/367410592786\/\"}]}<\/script>\n<!-- \/ Yoast SEO plugin. -->","yoast_head_json":{"title":"PJ de Aveiro det\u00e9m coautor de roubo, sequestro e furto qualificado - Portal Tela Portugal","robots":{"index":"index","follow":"follow","max-snippet":"max-snippet:-1","max-image-preview":"max-image-preview:large","max-video-preview":"max-video-preview:-1"},"og_locale":"pt_PT","og_type":"article","og_title":"PJ de Aveiro det\u00e9m coautor de roubo, sequestro e furto qualificado - Portal Tela Portugal","og_description":"A Pol\u00edcia Judici\u00e1ria de Aveiro deteve um homem de 42 anos, alegado coautor de crimes de roubo, sequestro e furto qualificado, em coautoria com o filho. A deten\u00e7\u00e3o ocorreu na quinta-feira, no \u00e2mbito de mandados de busca e deten\u00e7\u00e3o emitidos pelo Departamento de Investiga\u00e7\u00e3o e A\u00e7\u00e3o Penal de Aveiro. A investiga\u00e7\u00e3o incide sobre o roubo de uma mulher de 86 anos, ocorrido em 13 de novembro, numa resid\u00eancia em \u00cdlhavo, que j\u00e1 levou \u00e0 deten\u00e7\u00e3o do filho do suspeito. A PJ apurou que o homem ter\u00e1 participado com o filho num furto em abril de 2024, numa resid\u00eancia em Vagos, onde foram subtra\u00eddas joias e rel\u00f3gios em valor superior a 12 mil euros. Os dois s\u00e3o ainda investigados por um roubo e sequestro ocorridos a 14 de outubro, numa resid\u00eancia em Cantanhede, onde a v\u00edtima foi deixada amarrada e foi furtada uma quantia em dinheiro e v\u00e1rias pe\u00e7as em ouro; durante a opera\u00e7\u00e3o foram apreendidos objetos de ourivesaria e rel\u00f3gios. O detido vai ser presente \u00e0s autoridades judici\u00e1rias na comarca de Aveiro para o primeiro interrogat\u00f3rio judicial e aplica\u00e7\u00e3o das medidas de coa\u00e7\u00e3o adequadas.","og_url":"https:\/\/portaltela.pt\/noticias\/2026\/03\/06\/pj-de-aveiro-detem-coautor-de-roubo-sequestro-e-furto-qualificado\/","og_site_name":"Portal Tela Portugal","article_published_time":"2026-03-06T10:19:12+00:00","author":"Telinha","twitter_card":"summary_large_image","twitter_misc":{"Escrito por":"Telinha","Tempo estimado de leitura":"1 minuto"},"schema":{"@context":"https:\/\/schema.org","@graph":[{"@type":"Article","@id":"https:\/\/portaltela.pt\/noticias\/2026\/03\/06\/pj-de-aveiro-detem-coautor-de-roubo-sequestro-e-furto-qualificado\/#article","isPartOf":{"@id":"https:\/\/portaltela.pt\/noticias\/2026\/03\/06\/pj-de-aveiro-detem-coautor-de-roubo-sequestro-e-furto-qualificado\/"},"author":{"name":"Telinha","@id":"https:\/\/portaltela.pt\/#\/schema\/person\/c4278d4a6028830caff9ee44b42d32ed"},"headline":"PJ de Aveiro det\u00e9m coautor de roubo, sequestro e furto qualificado","datePublished":"2026-03-06T10:19:12+00:00","mainEntityOfPage":{"@id":"https:\/\/portaltela.pt\/noticias\/2026\/03\/06\/pj-de-aveiro-detem-coautor-de-roubo-sequestro-e-furto-qualificado\/"},"wordCount":232,"image":{"@id":"https:\/\/portaltela.pt\/noticias\/2026\/03\/06\/pj-de-aveiro-detem-coautor-de-roubo-sequestro-e-furto-qualificado\/#primaryimage"},"thumbnailUrl":"https:\/\/portaltela.pt\/s.01k8rhncp4jt1\/2026\/03\/img_1500x1000uu2023-11-12-09-23-12-1490935.jpg","keywords":["Aveiro","furto","furto qualificado","\u00cdlhavo","roubo","sequestro"],"articleSection":["Not\u00edcias","Pol\u00edtica"],"inLanguage":"pt-PT"},{"@type":"WebPage","@id":"https:\/\/portaltela.pt\/noticias\/2026\/03\/06\/pj-de-aveiro-detem-coautor-de-roubo-sequestro-e-furto-qualificado\/","url":"https:\/\/portaltela.pt\/noticias\/2026\/03\/06\/pj-de-aveiro-detem-coautor-de-roubo-sequestro-e-furto-qualificado\/","name":"PJ de Aveiro det\u00e9m coautor de roubo, sequestro e furto qualificado - Portal Tela Portugal","isPartOf":{"@id":"https:\/\/portaltela.pt\/#website"},"primaryImageOfPage":{"@id":"https:\/\/portaltela.pt\/noticias\/2026\/03\/06\/pj-de-aveiro-detem-coautor-de-roubo-sequestro-e-furto-qualificado\/#primaryimage"},"image":{"@id":"https:\/\/portaltela.pt\/noticias\/2026\/03\/06\/pj-de-aveiro-detem-coautor-de-roubo-sequestro-e-furto-qualificado\/#primaryimage"},"thumbnailUrl":"https:\/\/portaltela.pt\/s.01k8rhncp4jt1\/2026\/03\/img_1500x1000uu2023-11-12-09-23-12-1490935.jpg","datePublished":"2026-03-06T10:19:12+00:00","author":{"@id":"https:\/\/portaltela.pt\/#\/schema\/person\/c4278d4a6028830caff9ee44b42d32ed"},"breadcrumb":{"@id":"https:\/\/portaltela.pt\/noticias\/2026\/03\/06\/pj-de-aveiro-detem-coautor-de-roubo-sequestro-e-furto-qualificado\/#breadcrumb"},"inLanguage":"pt-PT","potentialAction":[{"@type":"ReadAction","target":["https:\/\/portaltela.pt\/noticias\/2026\/03\/06\/pj-de-aveiro-detem-coautor-de-roubo-sequestro-e-furto-qualificado\/"]}]},{"@type":"ImageObject","inLanguage":"pt-PT","@id":"https:\/\/portaltela.pt\/noticias\/2026\/03\/06\/pj-de-aveiro-detem-coautor-de-roubo-sequestro-e-furto-qualificado\/#primaryimage","url":"https:\/\/portaltela.pt\/s.01k8rhncp4jt1\/2026\/03\/img_1500x1000uu2023-11-12-09-23-12-1490935.jpg","contentUrl":"https:\/\/portaltela.pt\/s.01k8rhncp4jt1\/2026\/03\/img_1500x1000uu2023-11-12-09-23-12-1490935.jpg","width":796,"height":448,"caption":"Pol\u00edcia Judici\u00e1ria"},{"@type":"BreadcrumbList","@id":"https:\/\/portaltela.pt\/noticias\/2026\/03\/06\/pj-de-aveiro-detem-coautor-de-roubo-sequestro-e-furto-qualificado\/#breadcrumb","itemListElement":[{"@type":"ListItem","position":1,"name":"In\u00edcio","item":"https:\/\/portaltela.pt\/"},{"@type":"ListItem","position":2,"name":"PJ de Aveiro det\u00e9m coautor de roubo, sequestro e furto qualificado"}]},{"@type":"WebSite","@id":"https:\/\/portaltela.pt\/#website","url":"https:\/\/portaltela.pt\/","name":"Portal Tela Portugal","description":"","potentialAction":[{"@type":"SearchAction","target":{"@type":"EntryPoint","urlTemplate":"https:\/\/portaltela.pt\/?s={search_term_string}"},"query-input":{"@type":"PropertyValueSpecification","valueRequired":true,"valueName":"search_term_string"}}],"inLanguage":"pt-PT"},{"@type":"Person","@id":"https:\/\/portaltela.pt\/#\/schema\/person\/c4278d4a6028830caff9ee44b42d32ed","name":"Telinha","image":{"@type":"ImageObject","inLanguage":"pt-PT","@id":"https:\/\/portaltela.pt\/s.01k8rhncp4jt1\/2025\/11\/talking-bot-125x125.png","url":"https:\/\/portaltela.pt\/s.01k8rhncp4jt1\/2025\/11\/talking-bot-125x125.png","contentUrl":"https:\/\/portaltela.pt\/s.01k8rhncp4jt1\/2025\/11\/talking-bot-125x125.png","caption":"Telinha"},"sameAs":["https:\/\/portaltela.pt\/"],"url":"https:\/\/portaltela.pt\/por\/367410592786\/"}]}},"_links":{"self":[{"href":"https:\/\/portaltela.pt\/api\/wp\/v2\/posts\/399809","targetHints":{"allow":["GET"]}}],"collection":[{"href":"https:\/\/portaltela.pt\/api\/wp\/v2\/posts"}],"about":[{"href":"https:\/\/portaltela.pt\/api\/wp\/v2\/types\/post"}],"author":[{"embeddable":true,"href":"https:\/\/portaltela.pt\/api\/wp\/v2\/users\/2"}],"replies":[{"embeddable":true,"href":"https:\/\/portaltela.pt\/api\/wp\/v2\/comments?post=399809"}],"version-history":[{"count":0,"href":"https:\/\/portaltela.pt\/api\/wp\/v2\/posts\/399809\/revisions"}],"wp:featuredmedia":[{"embeddable":true,"href":"https:\/\/portaltela.pt\/api\/wp\/v2\/media\/399810"}],"wp:attachment":[{"href":"https:\/\/portaltela.pt\/api\/wp\/v2\/media?parent=399809"}],"wp:term":[{"taxonomy":"category","embeddable":true,"href":"https:\/\/portaltela.pt\/api\/wp\/v2\/categories?post=399809"},{"taxonomy":"post_tag","embeddable":true,"href":"https:\/\/portaltela.pt\/api\/wp\/v2\/tags?post=399809"}],"curies":[{"name":"wp","href":"https:\/\/api.w.org\/{rel}","templated":true}]}}