{"id":399804,"date":"2026-03-06T07:11:00","date_gmt":"2026-03-06T10:11:00","guid":{"rendered":"https:\/\/portaltela.pt\/noticias\/2026\/03\/06\/supremo-aceita-votacao-de-cooptados-e-pode-quebrar-impasse-na-utad\/"},"modified":"2026-03-06T07:11:00","modified_gmt":"2026-03-06T10:11:00","slug":"supremo-aceita-votacao-de-cooptados-e-pode-quebrar-impasse-na-utad","status":"publish","type":"post","link":"https:\/\/portaltela.pt\/noticias\/politica\/2026\/03\/06\/supremo-aceita-votacao-de-cooptados-e-pode-quebrar-impasse-na-utad\/","title":{"rendered":"Supremo aceita vota\u00e7\u00e3o de cooptados e pode quebrar impasse na UTAD"},"content":{"rendered":"<p>O Supremo Tribunal Administrativo (STA) aceitou a vota\u00e7\u00e3o de bra\u00e7o no ar no Conselho Geral da UTAD, abrindo a possibilidade de notificar os cooptados e marcar elei\u00e7\u00f5es para o reitor, cerca de um ano depois do impasse. A decis\u00e3o pode desbloquear o processo em Vila Real.<\/p>\n<p>A composi\u00e7\u00e3o do Conselho Geral da UTAD est\u00e1 incompleta desde mar\u00e7o de 2025, data em que a forma de vota\u00e7\u00e3o dos membros cooptados foi contestada em tribunal. O \u00f3rg\u00e3o tem 18 membros eleitos e sete cooptados, que elegem o reitor.<\/p>\n<p>Em setembro, o TCAN rejeitou a vota\u00e7\u00e3o vigente e ordenou a reabertura do procedimento de coopta\u00e7\u00e3o por voto secreto, com delibera\u00e7\u00e3o por maioria dos conselheiros eleitos. O STA manteve, por\u00e9m, a decis\u00e3o de primeira inst\u00e2ncia.<\/p>\n<h3>Decis\u00e3o do STA<\/h3>\n<p>O regulamento interno estabelece voto secreto para a coopta\u00e7\u00e3o, j\u00e1 o CPA prev\u00ea voto por bra\u00e7o no ar. O STA entendeu que regulamentos internos s\u00f3 produzem efeitos na esfera da pr\u00f3pria pessoa coletiva se publicados no Di\u00e1rio da Rep\u00fablica.<\/p>\n<p>Assim, o regulamento n\u00e3o publicado n\u00e3o produz efeitos legais, e a presid\u00eancia interina foi correta ao aplicar o CPA para resolver empates. A ju\u00edza conselheira discordante considerou que a norma interna deveria prevalecer.<\/p>\n<p>O MACES (Movimento de Auditoria Cidad\u00e3 do Ensino Superior) afirmou que a decis\u00e3o, juntamente com outra referente a Mirandela, derruba narrativas da reitoria e do minist\u00e9rio da Educa\u00e7\u00e3o. O grupo espera celeridade na notifica\u00e7\u00e3o dos cooptados e na prepara\u00e7\u00e3o das pr\u00f3ximas elei\u00e7\u00f5es.<\/p>\n<p>A sa\u00edda do antigo reitor Em\u00eddio Gomes, em setembro, levou o Minist\u00e9rio da Educa\u00e7\u00e3o a nomear um reitor interino, Jorge Ventura, e uma comiss\u00e3o eleitoral, com elei\u00e7\u00f5es inicialmente marcadas para 24 de fevereiro.<\/p>\n","protected":false},"excerpt":{"rendered":"<ul>\n<li>O Supremo Tribunal Administrativo (STA) aceitou a vota\u00e7\u00e3o de bra\u00e7o no ar no Conselho Geral da UTAD e pode levantar o impasse, notificando os cooptados e marcando elei\u00e7\u00f5es para o reitor.<\/li>\n<li>O Conselho Geral da UTAD, com dezoito membros eleitos e sete cooptados, viu a forma de coopta\u00e7\u00e3o contestada em mar\u00e7o de dois mil e vinte e cinco.<\/li>\n<li>O Tribunal Central Administrativo do Norte (TCAN) tinha determinado vota\u00e7\u00e3o secreta e delibera\u00e7\u00e3o por maioria absoluta; o STA manteve, por\u00e9m, a vota\u00e7\u00e3o por CPA (C\u00f3digo do Procedimento Administrativo) para resolver empates.<\/li>\n<li>O regulamento interno, n\u00e3o publicado no Di\u00e1rio da Rep\u00fablica, n\u00e3o produz efeitos jur\u00eddicos; o STA validou a atua\u00e7\u00e3o da presidente interina ao aplicar supletivamente o CPA.<\/li>\n<li>O Movimento de Auditoria Cidad\u00e3 do Ensino Superior (MACES) elogia a decis\u00e3o e espera breve notifica\u00e7\u00e3o dos cooptados, tomada de posse e calend\u00e1rio eleitoral para a elei\u00e7\u00e3o do reitor.<\/li>\n<\/ul>\n","protected":false},"author":2,"featured_media":399808,"comment_status":"closed","ping_status":"closed","sticky":false,"template":"","format":"standard","meta":{"footnotes":""},"categories":[1,5],"tags":[873,163,6623,6208,58,1665],"class_list":["post-399804","post","type-post","status-publish","format-standard","has-post-thumbnail","hentry","category-noticias","category-politica","tag-conselho-geral","tag-educacao","tag-ensino-superior","tag-tribunais","tag-universidades","tag-vila-real"],"yoast_head":"<!-- This site is optimized with the Yoast SEO plugin v27.2 - https:\/\/yoast.com\/product\/yoast-seo-wordpress\/ -->\n<title>Supremo aceita vota\u00e7\u00e3o de cooptados e pode quebrar impasse na UTAD - Portal Tela Portugal<\/title>\n<meta name=\"robots\" content=\"index, follow, max-snippet:-1, max-image-preview:large, max-video-preview:-1\" \/>\n<meta property=\"og:locale\" content=\"pt_PT\" \/>\n<meta property=\"og:type\" content=\"article\" \/>\n<meta property=\"og:title\" content=\"Supremo aceita vota\u00e7\u00e3o de cooptados e pode quebrar impasse na UTAD - Portal Tela Portugal\" \/>\n<meta property=\"og:description\" content=\"O Supremo Tribunal Administrativo (STA) aceitou a vota\u00e7\u00e3o de bra\u00e7o no ar no Conselho Geral da UTAD e pode levantar o impasse, notificando os cooptados e marcando elei\u00e7\u00f5es para o reitor. O Conselho Geral da UTAD, com dezoito membros eleitos e sete cooptados, viu a forma de coopta\u00e7\u00e3o contestada em mar\u00e7o de dois mil e vinte e cinco. O Tribunal Central Administrativo do Norte (TCAN) tinha determinado vota\u00e7\u00e3o secreta e delibera\u00e7\u00e3o por maioria absoluta; o STA manteve, por\u00e9m, a vota\u00e7\u00e3o por CPA (C\u00f3digo do Procedimento Administrativo) para resolver empates. O regulamento interno, n\u00e3o publicado no Di\u00e1rio da Rep\u00fablica, n\u00e3o produz efeitos jur\u00eddicos; o STA validou a atua\u00e7\u00e3o da presidente interina ao aplicar supletivamente o CPA. O Movimento de Auditoria Cidad\u00e3 do Ensino Superior (MACES) elogia a decis\u00e3o e espera breve notifica\u00e7\u00e3o dos cooptados, tomada de posse e calend\u00e1rio eleitoral para a elei\u00e7\u00e3o do reitor.\" \/>\n<meta property=\"og:url\" content=\"https:\/\/portaltela.pt\/noticias\/2026\/03\/06\/supremo-aceita-votacao-de-cooptados-e-pode-quebrar-impasse-na-utad\/\" \/>\n<meta property=\"og:site_name\" content=\"Portal Tela Portugal\" \/>\n<meta property=\"article:published_time\" content=\"2026-03-06T10:11:00+00:00\" \/>\n<meta name=\"author\" content=\"Telinha\" \/>\n<meta name=\"twitter:card\" content=\"summary_large_image\" \/>\n<meta name=\"twitter:label1\" content=\"Escrito por\" \/>\n\t<meta name=\"twitter:data1\" content=\"Telinha\" \/>\n\t<meta name=\"twitter:label2\" content=\"Tempo estimado de leitura\" \/>\n\t<meta name=\"twitter:data2\" content=\"2 minutos\" \/>\n<script type=\"application\/ld+json\" class=\"yoast-schema-graph\">{\"@context\":\"https:\/\/schema.org\",\"@graph\":[{\"@type\":\"Article\",\"@id\":\"https:\/\/portaltela.pt\/noticias\/2026\/03\/06\/supremo-aceita-votacao-de-cooptados-e-pode-quebrar-impasse-na-utad\/#article\",\"isPartOf\":{\"@id\":\"https:\/\/portaltela.pt\/noticias\/2026\/03\/06\/supremo-aceita-votacao-de-cooptados-e-pode-quebrar-impasse-na-utad\/\"},\"author\":{\"name\":\"Telinha\",\"@id\":\"https:\/\/portaltela.pt\/#\/schema\/person\/c4278d4a6028830caff9ee44b42d32ed\"},\"headline\":\"Supremo aceita vota\u00e7\u00e3o de cooptados e pode quebrar impasse na UTAD\",\"datePublished\":\"2026-03-06T10:11:00+00:00\",\"mainEntityOfPage\":{\"@id\":\"https:\/\/portaltela.pt\/noticias\/2026\/03\/06\/supremo-aceita-votacao-de-cooptados-e-pode-quebrar-impasse-na-utad\/\"},\"wordCount\":317,\"image\":{\"@id\":\"https:\/\/portaltela.pt\/noticias\/2026\/03\/06\/supremo-aceita-votacao-de-cooptados-e-pode-quebrar-impasse-na-utad\/#primaryimage\"},\"thumbnailUrl\":\"https:\/\/portaltela.pt\/s.01k8rhncp4jt1\/2026\/03\/image-365.jpg\",\"keywords\":[\"Conselho Geral\",\"educa\u00e7\u00e3o\",\"Ensino Superior\",\"Tribunais\",\"universidades\",\"Vila Real\"],\"articleSection\":[\"Not\u00edcias\",\"Pol\u00edtica\"],\"inLanguage\":\"pt-PT\"},{\"@type\":\"WebPage\",\"@id\":\"https:\/\/portaltela.pt\/noticias\/2026\/03\/06\/supremo-aceita-votacao-de-cooptados-e-pode-quebrar-impasse-na-utad\/\",\"url\":\"https:\/\/portaltela.pt\/noticias\/2026\/03\/06\/supremo-aceita-votacao-de-cooptados-e-pode-quebrar-impasse-na-utad\/\",\"name\":\"Supremo aceita vota\u00e7\u00e3o de cooptados e pode quebrar impasse na UTAD - Portal Tela Portugal\",\"isPartOf\":{\"@id\":\"https:\/\/portaltela.pt\/#website\"},\"primaryImageOfPage\":{\"@id\":\"https:\/\/portaltela.pt\/noticias\/2026\/03\/06\/supremo-aceita-votacao-de-cooptados-e-pode-quebrar-impasse-na-utad\/#primaryimage\"},\"image\":{\"@id\":\"https:\/\/portaltela.pt\/noticias\/2026\/03\/06\/supremo-aceita-votacao-de-cooptados-e-pode-quebrar-impasse-na-utad\/#primaryimage\"},\"thumbnailUrl\":\"https:\/\/portaltela.pt\/s.01k8rhncp4jt1\/2026\/03\/image-365.jpg\",\"datePublished\":\"2026-03-06T10:11:00+00:00\",\"author\":{\"@id\":\"https:\/\/portaltela.pt\/#\/schema\/person\/c4278d4a6028830caff9ee44b42d32ed\"},\"breadcrumb\":{\"@id\":\"https:\/\/portaltela.pt\/noticias\/2026\/03\/06\/supremo-aceita-votacao-de-cooptados-e-pode-quebrar-impasse-na-utad\/#breadcrumb\"},\"inLanguage\":\"pt-PT\",\"potentialAction\":[{\"@type\":\"ReadAction\",\"target\":[\"https:\/\/portaltela.pt\/noticias\/2026\/03\/06\/supremo-aceita-votacao-de-cooptados-e-pode-quebrar-impasse-na-utad\/\"]}]},{\"@type\":\"ImageObject\",\"inLanguage\":\"pt-PT\",\"@id\":\"https:\/\/portaltela.pt\/noticias\/2026\/03\/06\/supremo-aceita-votacao-de-cooptados-e-pode-quebrar-impasse-na-utad\/#primaryimage\",\"url\":\"https:\/\/portaltela.pt\/s.01k8rhncp4jt1\/2026\/03\/image-365.jpg\",\"contentUrl\":\"https:\/\/portaltela.pt\/s.01k8rhncp4jt1\/2026\/03\/image-365.jpg\",\"width\":796,\"height\":448,\"caption\":\"Imagem de contexto do artigo Supremo aceita vota\u00e7\u00e3o de cooptados e pode quebrar impasse na UTAD um ano depois\"},{\"@type\":\"BreadcrumbList\",\"@id\":\"https:\/\/portaltela.pt\/noticias\/2026\/03\/06\/supremo-aceita-votacao-de-cooptados-e-pode-quebrar-impasse-na-utad\/#breadcrumb\",\"itemListElement\":[{\"@type\":\"ListItem\",\"position\":1,\"name\":\"In\u00edcio\",\"item\":\"https:\/\/portaltela.pt\/\"},{\"@type\":\"ListItem\",\"position\":2,\"name\":\"Supremo aceita vota\u00e7\u00e3o de cooptados e pode quebrar impasse na UTAD\"}]},{\"@type\":\"WebSite\",\"@id\":\"https:\/\/portaltela.pt\/#website\",\"url\":\"https:\/\/portaltela.pt\/\",\"name\":\"Portal Tela Portugal\",\"description\":\"\",\"potentialAction\":[{\"@type\":\"SearchAction\",\"target\":{\"@type\":\"EntryPoint\",\"urlTemplate\":\"https:\/\/portaltela.pt\/?s={search_term_string}\"},\"query-input\":{\"@type\":\"PropertyValueSpecification\",\"valueRequired\":true,\"valueName\":\"search_term_string\"}}],\"inLanguage\":\"pt-PT\"},{\"@type\":\"Person\",\"@id\":\"https:\/\/portaltela.pt\/#\/schema\/person\/c4278d4a6028830caff9ee44b42d32ed\",\"name\":\"Telinha\",\"image\":{\"@type\":\"ImageObject\",\"inLanguage\":\"pt-PT\",\"@id\":\"https:\/\/portaltela.pt\/s.01k8rhncp4jt1\/2025\/11\/talking-bot-125x125.png\",\"url\":\"https:\/\/portaltela.pt\/s.01k8rhncp4jt1\/2025\/11\/talking-bot-125x125.png\",\"contentUrl\":\"https:\/\/portaltela.pt\/s.01k8rhncp4jt1\/2025\/11\/talking-bot-125x125.png\",\"caption\":\"Telinha\"},\"sameAs\":[\"https:\/\/portaltela.pt\/\"],\"url\":\"https:\/\/portaltela.pt\/por\/367410592786\/\"}]}<\/script>\n<!-- \/ Yoast SEO plugin. -->","yoast_head_json":{"title":"Supremo aceita vota\u00e7\u00e3o de cooptados e pode quebrar impasse na UTAD - Portal Tela Portugal","robots":{"index":"index","follow":"follow","max-snippet":"max-snippet:-1","max-image-preview":"max-image-preview:large","max-video-preview":"max-video-preview:-1"},"og_locale":"pt_PT","og_type":"article","og_title":"Supremo aceita vota\u00e7\u00e3o de cooptados e pode quebrar impasse na UTAD - Portal Tela Portugal","og_description":"O Supremo Tribunal Administrativo (STA) aceitou a vota\u00e7\u00e3o de bra\u00e7o no ar no Conselho Geral da UTAD e pode levantar o impasse, notificando os cooptados e marcando elei\u00e7\u00f5es para o reitor. O Conselho Geral da UTAD, com dezoito membros eleitos e sete cooptados, viu a forma de coopta\u00e7\u00e3o contestada em mar\u00e7o de dois mil e vinte e cinco. O Tribunal Central Administrativo do Norte (TCAN) tinha determinado vota\u00e7\u00e3o secreta e delibera\u00e7\u00e3o por maioria absoluta; o STA manteve, por\u00e9m, a vota\u00e7\u00e3o por CPA (C\u00f3digo do Procedimento Administrativo) para resolver empates. O regulamento interno, n\u00e3o publicado no Di\u00e1rio da Rep\u00fablica, n\u00e3o produz efeitos jur\u00eddicos; o STA validou a atua\u00e7\u00e3o da presidente interina ao aplicar supletivamente o CPA. O Movimento de Auditoria Cidad\u00e3 do Ensino Superior (MACES) elogia a decis\u00e3o e espera breve notifica\u00e7\u00e3o dos cooptados, tomada de posse e calend\u00e1rio eleitoral para a elei\u00e7\u00e3o do reitor.","og_url":"https:\/\/portaltela.pt\/noticias\/2026\/03\/06\/supremo-aceita-votacao-de-cooptados-e-pode-quebrar-impasse-na-utad\/","og_site_name":"Portal Tela Portugal","article_published_time":"2026-03-06T10:11:00+00:00","author":"Telinha","twitter_card":"summary_large_image","twitter_misc":{"Escrito por":"Telinha","Tempo estimado de leitura":"2 minutos"},"schema":{"@context":"https:\/\/schema.org","@graph":[{"@type":"Article","@id":"https:\/\/portaltela.pt\/noticias\/2026\/03\/06\/supremo-aceita-votacao-de-cooptados-e-pode-quebrar-impasse-na-utad\/#article","isPartOf":{"@id":"https:\/\/portaltela.pt\/noticias\/2026\/03\/06\/supremo-aceita-votacao-de-cooptados-e-pode-quebrar-impasse-na-utad\/"},"author":{"name":"Telinha","@id":"https:\/\/portaltela.pt\/#\/schema\/person\/c4278d4a6028830caff9ee44b42d32ed"},"headline":"Supremo aceita vota\u00e7\u00e3o de cooptados e pode quebrar impasse na UTAD","datePublished":"2026-03-06T10:11:00+00:00","mainEntityOfPage":{"@id":"https:\/\/portaltela.pt\/noticias\/2026\/03\/06\/supremo-aceita-votacao-de-cooptados-e-pode-quebrar-impasse-na-utad\/"},"wordCount":317,"image":{"@id":"https:\/\/portaltela.pt\/noticias\/2026\/03\/06\/supremo-aceita-votacao-de-cooptados-e-pode-quebrar-impasse-na-utad\/#primaryimage"},"thumbnailUrl":"https:\/\/portaltela.pt\/s.01k8rhncp4jt1\/2026\/03\/image-365.jpg","keywords":["Conselho Geral","educa\u00e7\u00e3o","Ensino Superior","Tribunais","universidades","Vila Real"],"articleSection":["Not\u00edcias","Pol\u00edtica"],"inLanguage":"pt-PT"},{"@type":"WebPage","@id":"https:\/\/portaltela.pt\/noticias\/2026\/03\/06\/supremo-aceita-votacao-de-cooptados-e-pode-quebrar-impasse-na-utad\/","url":"https:\/\/portaltela.pt\/noticias\/2026\/03\/06\/supremo-aceita-votacao-de-cooptados-e-pode-quebrar-impasse-na-utad\/","name":"Supremo aceita vota\u00e7\u00e3o de cooptados e pode quebrar impasse na UTAD - Portal Tela Portugal","isPartOf":{"@id":"https:\/\/portaltela.pt\/#website"},"primaryImageOfPage":{"@id":"https:\/\/portaltela.pt\/noticias\/2026\/03\/06\/supremo-aceita-votacao-de-cooptados-e-pode-quebrar-impasse-na-utad\/#primaryimage"},"image":{"@id":"https:\/\/portaltela.pt\/noticias\/2026\/03\/06\/supremo-aceita-votacao-de-cooptados-e-pode-quebrar-impasse-na-utad\/#primaryimage"},"thumbnailUrl":"https:\/\/portaltela.pt\/s.01k8rhncp4jt1\/2026\/03\/image-365.jpg","datePublished":"2026-03-06T10:11:00+00:00","author":{"@id":"https:\/\/portaltela.pt\/#\/schema\/person\/c4278d4a6028830caff9ee44b42d32ed"},"breadcrumb":{"@id":"https:\/\/portaltela.pt\/noticias\/2026\/03\/06\/supremo-aceita-votacao-de-cooptados-e-pode-quebrar-impasse-na-utad\/#breadcrumb"},"inLanguage":"pt-PT","potentialAction":[{"@type":"ReadAction","target":["https:\/\/portaltela.pt\/noticias\/2026\/03\/06\/supremo-aceita-votacao-de-cooptados-e-pode-quebrar-impasse-na-utad\/"]}]},{"@type":"ImageObject","inLanguage":"pt-PT","@id":"https:\/\/portaltela.pt\/noticias\/2026\/03\/06\/supremo-aceita-votacao-de-cooptados-e-pode-quebrar-impasse-na-utad\/#primaryimage","url":"https:\/\/portaltela.pt\/s.01k8rhncp4jt1\/2026\/03\/image-365.jpg","contentUrl":"https:\/\/portaltela.pt\/s.01k8rhncp4jt1\/2026\/03\/image-365.jpg","width":796,"height":448,"caption":"Imagem de contexto do artigo Supremo aceita vota\u00e7\u00e3o de cooptados e pode quebrar impasse na UTAD um ano depois"},{"@type":"BreadcrumbList","@id":"https:\/\/portaltela.pt\/noticias\/2026\/03\/06\/supremo-aceita-votacao-de-cooptados-e-pode-quebrar-impasse-na-utad\/#breadcrumb","itemListElement":[{"@type":"ListItem","position":1,"name":"In\u00edcio","item":"https:\/\/portaltela.pt\/"},{"@type":"ListItem","position":2,"name":"Supremo aceita vota\u00e7\u00e3o de cooptados e pode quebrar impasse na UTAD"}]},{"@type":"WebSite","@id":"https:\/\/portaltela.pt\/#website","url":"https:\/\/portaltela.pt\/","name":"Portal Tela Portugal","description":"","potentialAction":[{"@type":"SearchAction","target":{"@type":"EntryPoint","urlTemplate":"https:\/\/portaltela.pt\/?s={search_term_string}"},"query-input":{"@type":"PropertyValueSpecification","valueRequired":true,"valueName":"search_term_string"}}],"inLanguage":"pt-PT"},{"@type":"Person","@id":"https:\/\/portaltela.pt\/#\/schema\/person\/c4278d4a6028830caff9ee44b42d32ed","name":"Telinha","image":{"@type":"ImageObject","inLanguage":"pt-PT","@id":"https:\/\/portaltela.pt\/s.01k8rhncp4jt1\/2025\/11\/talking-bot-125x125.png","url":"https:\/\/portaltela.pt\/s.01k8rhncp4jt1\/2025\/11\/talking-bot-125x125.png","contentUrl":"https:\/\/portaltela.pt\/s.01k8rhncp4jt1\/2025\/11\/talking-bot-125x125.png","caption":"Telinha"},"sameAs":["https:\/\/portaltela.pt\/"],"url":"https:\/\/portaltela.pt\/por\/367410592786\/"}]}},"_links":{"self":[{"href":"https:\/\/portaltela.pt\/api\/wp\/v2\/posts\/399804","targetHints":{"allow":["GET"]}}],"collection":[{"href":"https:\/\/portaltela.pt\/api\/wp\/v2\/posts"}],"about":[{"href":"https:\/\/portaltela.pt\/api\/wp\/v2\/types\/post"}],"author":[{"embeddable":true,"href":"https:\/\/portaltela.pt\/api\/wp\/v2\/users\/2"}],"replies":[{"embeddable":true,"href":"https:\/\/portaltela.pt\/api\/wp\/v2\/comments?post=399804"}],"version-history":[{"count":0,"href":"https:\/\/portaltela.pt\/api\/wp\/v2\/posts\/399804\/revisions"}],"wp:featuredmedia":[{"embeddable":true,"href":"https:\/\/portaltela.pt\/api\/wp\/v2\/media\/399808"}],"wp:attachment":[{"href":"https:\/\/portaltela.pt\/api\/wp\/v2\/media?parent=399804"}],"wp:term":[{"taxonomy":"category","embeddable":true,"href":"https:\/\/portaltela.pt\/api\/wp\/v2\/categories?post=399804"},{"taxonomy":"post_tag","embeddable":true,"href":"https:\/\/portaltela.pt\/api\/wp\/v2\/tags?post=399804"}],"curies":[{"name":"wp","href":"https:\/\/api.w.org\/{rel}","templated":true}]}}