{"id":399783,"date":"2026-03-06T07:17:00","date_gmt":"2026-03-06T10:17:00","guid":{"rendered":"https:\/\/portaltela.pt\/noticias\/2026\/03\/06\/voo-com-139-portugueses-repatriados-do-medio-oriente-aterra-em-lisboa\/"},"modified":"2026-03-06T07:17:00","modified_gmt":"2026-03-06T10:17:00","slug":"voo-com-139-portugueses-repatriados-do-medio-oriente-aterra-em-lisboa","status":"publish","type":"post","link":"https:\/\/portaltela.pt\/noticias\/internacional\/2026\/03\/06\/voo-com-139-portugueses-repatriados-do-medio-oriente-aterra-em-lisboa\/","title":{"rendered":"Voo com 139 portugueses repatriados do M\u00e9dio Oriente aterra em Lisboa"},"content":{"rendered":"<p>Um avi\u00e3o com 139 portugueses repatriados dos Emirados \u00c1rabes Unidos aterrou na manh\u00e3 desta sexta-feira no aer\u00f3dromo Figo Maduro, em Lisboa. A aeronave tinha feito uma escala t\u00e9cnica em Atenas antes de chegar a Portugal. O objetivo \u00e9 facilitar o regresso de cidad\u00e3os portugueses ao pa\u00eds.<\/p>\n<p>Este \u00e9 o segundo grupo de repatriados a chegar a Portugal na mesma manh\u00e3. Outro voo chegou por volta das 05h00, com 39 passageiros a bordo, dos quais 24 s\u00e3o portugueses. A opera\u00e7\u00e3o faz parte de esfor\u00e7os consulares para facilitar o regresso de cidad\u00e3os em \u00e1reas de emerg\u00eancia.<\/p>\n<h3>Resumo do repatriamento<\/h3>\n<ul>\n<li>N\u00famero total: 139 portugueses repatriados do M\u00e9dio Oriente chegou a Lisboa.<\/li>\n<li>Origem: Emirados \u00c1rabes Unidos, com escala t\u00e9cnica em Atenas.<\/li>\n<li>Segundo embarque: 39 passageiros, 24 portugueses, chegou \u00e0s 05h00.<\/li>\n<li>Local de aterragem: aer\u00f3dromo Figo Maduro, Lisboa.<\/li>\n<\/ul>\n","protected":false},"excerpt":{"rendered":"<ul>\n<li>Um avi\u00e3o com 139 portugueses repatriados dos Emirados \u00c1rabes Unidos aterrou na manh\u00e3 de sexta-feira no aer\u00f3dromo Figo Maduro, em Lisboa.<\/li>\n<li>O voo fez escala t\u00e9cnica em Atenas antes de seguir para Lisboa.<\/li>\n<li>\u00c9 o segundo grupo de portugueses a regressar ao pa\u00eds na mesma manh\u00e3.<\/li>\n<li>Por volta das 05h00 chegou outro voo, com 39 passageiros, dos quais 24 s\u00e3o portugueses.<\/li>\n<li>As opera\u00e7\u00f5es integram o esfor\u00e7o de repatria\u00e7\u00e3o em curso para facilitar o regresso de cidad\u00e3os portugueses.<\/li>\n<\/ul>\n","protected":false},"author":2,"featured_media":399789,"comment_status":"closed","ping_status":"closed","sticky":false,"template":"","format":"standard","meta":{"footnotes":""},"categories":[4,1],"tags":[2333,5928,2370,2938,981,1014],"class_list":["post-399783","post","type-post","status-publish","format-standard","has-post-thumbnail","hentry","category-internacional","category-noticias","tag-consulados","tag-emergencia","tag-emirados-arabes-unidos","tag-evacuacao","tag-lisboa","tag-portugal"],"yoast_head":"<!-- This site is optimized with the Yoast SEO plugin v27.2 - https:\/\/yoast.com\/product\/yoast-seo-wordpress\/ -->\n<title>Voo com 139 portugueses repatriados do M\u00e9dio Oriente aterra em Lisboa - Portal Tela Portugal<\/title>\n<meta name=\"robots\" content=\"index, follow, max-snippet:-1, max-image-preview:large, max-video-preview:-1\" \/>\n<meta property=\"og:locale\" content=\"pt_PT\" \/>\n<meta property=\"og:type\" content=\"article\" \/>\n<meta property=\"og:title\" content=\"Voo com 139 portugueses repatriados do M\u00e9dio Oriente aterra em Lisboa - Portal Tela Portugal\" \/>\n<meta property=\"og:description\" content=\"Um avi\u00e3o com 139 portugueses repatriados dos Emirados \u00c1rabes Unidos aterrou na manh\u00e3 de sexta-feira no aer\u00f3dromo Figo Maduro, em Lisboa. O voo fez escala t\u00e9cnica em Atenas antes de seguir para Lisboa. \u00c9 o segundo grupo de portugueses a regressar ao pa\u00eds na mesma manh\u00e3. Por volta das 05h00 chegou outro voo, com 39 passageiros, dos quais 24 s\u00e3o portugueses. As opera\u00e7\u00f5es integram o esfor\u00e7o de repatria\u00e7\u00e3o em curso para facilitar o regresso de cidad\u00e3os portugueses.\" \/>\n<meta property=\"og:url\" content=\"https:\/\/portaltela.pt\/noticias\/2026\/03\/06\/voo-com-139-portugueses-repatriados-do-medio-oriente-aterra-em-lisboa\/\" \/>\n<meta property=\"og:site_name\" content=\"Portal Tela Portugal\" \/>\n<meta property=\"article:published_time\" content=\"2026-03-06T10:17:00+00:00\" \/>\n<meta name=\"author\" content=\"Telinha\" \/>\n<meta name=\"twitter:card\" content=\"summary_large_image\" \/>\n<meta name=\"twitter:label1\" content=\"Escrito por\" \/>\n\t<meta name=\"twitter:data1\" content=\"Telinha\" \/>\n\t<meta name=\"twitter:label2\" content=\"Tempo estimado de leitura\" \/>\n\t<meta name=\"twitter:data2\" content=\"1 minuto\" \/>\n<script type=\"application\/ld+json\" class=\"yoast-schema-graph\">{\"@context\":\"https:\/\/schema.org\",\"@graph\":[{\"@type\":\"Article\",\"@id\":\"https:\/\/portaltela.pt\/noticias\/2026\/03\/06\/voo-com-139-portugueses-repatriados-do-medio-oriente-aterra-em-lisboa\/#article\",\"isPartOf\":{\"@id\":\"https:\/\/portaltela.pt\/noticias\/2026\/03\/06\/voo-com-139-portugueses-repatriados-do-medio-oriente-aterra-em-lisboa\/\"},\"author\":{\"name\":\"Telinha\",\"@id\":\"https:\/\/portaltela.pt\/#\/schema\/person\/c4278d4a6028830caff9ee44b42d32ed\"},\"headline\":\"Voo com 139 portugueses repatriados do M\u00e9dio Oriente aterra em Lisboa\",\"datePublished\":\"2026-03-06T10:17:00+00:00\",\"mainEntityOfPage\":{\"@id\":\"https:\/\/portaltela.pt\/noticias\/2026\/03\/06\/voo-com-139-portugueses-repatriados-do-medio-oriente-aterra-em-lisboa\/\"},\"wordCount\":150,\"image\":{\"@id\":\"https:\/\/portaltela.pt\/noticias\/2026\/03\/06\/voo-com-139-portugueses-repatriados-do-medio-oriente-aterra-em-lisboa\/#primaryimage\"},\"thumbnailUrl\":\"https:\/\/portaltela.pt\/s.01k8rhncp4jt1\/2026\/03\/img_1500x1000uu2014-12-27-20-49-00-426577.jpg\",\"keywords\":[\"consulados\",\"emerg\u00eancia\",\"Emirados \u00c1rabes Unidos\",\"evacua\u00e7\u00e3o\",\"Lisboa\",\"Portugal\"],\"articleSection\":[\"Internacional\",\"Not\u00edcias\"],\"inLanguage\":\"pt-PT\"},{\"@type\":\"WebPage\",\"@id\":\"https:\/\/portaltela.pt\/noticias\/2026\/03\/06\/voo-com-139-portugueses-repatriados-do-medio-oriente-aterra-em-lisboa\/\",\"url\":\"https:\/\/portaltela.pt\/noticias\/2026\/03\/06\/voo-com-139-portugueses-repatriados-do-medio-oriente-aterra-em-lisboa\/\",\"name\":\"Voo com 139 portugueses repatriados do M\u00e9dio Oriente aterra em Lisboa - Portal Tela Portugal\",\"isPartOf\":{\"@id\":\"https:\/\/portaltela.pt\/#website\"},\"primaryImageOfPage\":{\"@id\":\"https:\/\/portaltela.pt\/noticias\/2026\/03\/06\/voo-com-139-portugueses-repatriados-do-medio-oriente-aterra-em-lisboa\/#primaryimage\"},\"image\":{\"@id\":\"https:\/\/portaltela.pt\/noticias\/2026\/03\/06\/voo-com-139-portugueses-repatriados-do-medio-oriente-aterra-em-lisboa\/#primaryimage\"},\"thumbnailUrl\":\"https:\/\/portaltela.pt\/s.01k8rhncp4jt1\/2026\/03\/img_1500x1000uu2014-12-27-20-49-00-426577.jpg\",\"datePublished\":\"2026-03-06T10:17:00+00:00\",\"author\":{\"@id\":\"https:\/\/portaltela.pt\/#\/schema\/person\/c4278d4a6028830caff9ee44b42d32ed\"},\"breadcrumb\":{\"@id\":\"https:\/\/portaltela.pt\/noticias\/2026\/03\/06\/voo-com-139-portugueses-repatriados-do-medio-oriente-aterra-em-lisboa\/#breadcrumb\"},\"inLanguage\":\"pt-PT\",\"potentialAction\":[{\"@type\":\"ReadAction\",\"target\":[\"https:\/\/portaltela.pt\/noticias\/2026\/03\/06\/voo-com-139-portugueses-repatriados-do-medio-oriente-aterra-em-lisboa\/\"]}]},{\"@type\":\"ImageObject\",\"inLanguage\":\"pt-PT\",\"@id\":\"https:\/\/portaltela.pt\/noticias\/2026\/03\/06\/voo-com-139-portugueses-repatriados-do-medio-oriente-aterra-em-lisboa\/#primaryimage\",\"url\":\"https:\/\/portaltela.pt\/s.01k8rhncp4jt1\/2026\/03\/img_1500x1000uu2014-12-27-20-49-00-426577.jpg\",\"contentUrl\":\"https:\/\/portaltela.pt\/s.01k8rhncp4jt1\/2026\/03\/img_1500x1000uu2014-12-27-20-49-00-426577.jpg\",\"width\":796,\"height\":448,\"caption\":\"TAP\"},{\"@type\":\"BreadcrumbList\",\"@id\":\"https:\/\/portaltela.pt\/noticias\/2026\/03\/06\/voo-com-139-portugueses-repatriados-do-medio-oriente-aterra-em-lisboa\/#breadcrumb\",\"itemListElement\":[{\"@type\":\"ListItem\",\"position\":1,\"name\":\"In\u00edcio\",\"item\":\"https:\/\/portaltela.pt\/\"},{\"@type\":\"ListItem\",\"position\":2,\"name\":\"Voo com 139 portugueses repatriados do M\u00e9dio Oriente aterra em Lisboa\"}]},{\"@type\":\"WebSite\",\"@id\":\"https:\/\/portaltela.pt\/#website\",\"url\":\"https:\/\/portaltela.pt\/\",\"name\":\"Portal Tela Portugal\",\"description\":\"\",\"potentialAction\":[{\"@type\":\"SearchAction\",\"target\":{\"@type\":\"EntryPoint\",\"urlTemplate\":\"https:\/\/portaltela.pt\/?s={search_term_string}\"},\"query-input\":{\"@type\":\"PropertyValueSpecification\",\"valueRequired\":true,\"valueName\":\"search_term_string\"}}],\"inLanguage\":\"pt-PT\"},{\"@type\":\"Person\",\"@id\":\"https:\/\/portaltela.pt\/#\/schema\/person\/c4278d4a6028830caff9ee44b42d32ed\",\"name\":\"Telinha\",\"image\":{\"@type\":\"ImageObject\",\"inLanguage\":\"pt-PT\",\"@id\":\"https:\/\/portaltela.pt\/s.01k8rhncp4jt1\/2025\/11\/talking-bot-125x125.png\",\"url\":\"https:\/\/portaltela.pt\/s.01k8rhncp4jt1\/2025\/11\/talking-bot-125x125.png\",\"contentUrl\":\"https:\/\/portaltela.pt\/s.01k8rhncp4jt1\/2025\/11\/talking-bot-125x125.png\",\"caption\":\"Telinha\"},\"sameAs\":[\"https:\/\/portaltela.pt\/\"],\"url\":\"https:\/\/portaltela.pt\/por\/367410592786\/\"}]}<\/script>\n<!-- \/ Yoast SEO plugin. -->","yoast_head_json":{"title":"Voo com 139 portugueses repatriados do M\u00e9dio Oriente aterra em Lisboa - Portal Tela Portugal","robots":{"index":"index","follow":"follow","max-snippet":"max-snippet:-1","max-image-preview":"max-image-preview:large","max-video-preview":"max-video-preview:-1"},"og_locale":"pt_PT","og_type":"article","og_title":"Voo com 139 portugueses repatriados do M\u00e9dio Oriente aterra em Lisboa - Portal Tela Portugal","og_description":"Um avi\u00e3o com 139 portugueses repatriados dos Emirados \u00c1rabes Unidos aterrou na manh\u00e3 de sexta-feira no aer\u00f3dromo Figo Maduro, em Lisboa. O voo fez escala t\u00e9cnica em Atenas antes de seguir para Lisboa. \u00c9 o segundo grupo de portugueses a regressar ao pa\u00eds na mesma manh\u00e3. Por volta das 05h00 chegou outro voo, com 39 passageiros, dos quais 24 s\u00e3o portugueses. As opera\u00e7\u00f5es integram o esfor\u00e7o de repatria\u00e7\u00e3o em curso para facilitar o regresso de cidad\u00e3os portugueses.","og_url":"https:\/\/portaltela.pt\/noticias\/2026\/03\/06\/voo-com-139-portugueses-repatriados-do-medio-oriente-aterra-em-lisboa\/","og_site_name":"Portal Tela Portugal","article_published_time":"2026-03-06T10:17:00+00:00","author":"Telinha","twitter_card":"summary_large_image","twitter_misc":{"Escrito por":"Telinha","Tempo estimado de leitura":"1 minuto"},"schema":{"@context":"https:\/\/schema.org","@graph":[{"@type":"Article","@id":"https:\/\/portaltela.pt\/noticias\/2026\/03\/06\/voo-com-139-portugueses-repatriados-do-medio-oriente-aterra-em-lisboa\/#article","isPartOf":{"@id":"https:\/\/portaltela.pt\/noticias\/2026\/03\/06\/voo-com-139-portugueses-repatriados-do-medio-oriente-aterra-em-lisboa\/"},"author":{"name":"Telinha","@id":"https:\/\/portaltela.pt\/#\/schema\/person\/c4278d4a6028830caff9ee44b42d32ed"},"headline":"Voo com 139 portugueses repatriados do M\u00e9dio Oriente aterra em Lisboa","datePublished":"2026-03-06T10:17:00+00:00","mainEntityOfPage":{"@id":"https:\/\/portaltela.pt\/noticias\/2026\/03\/06\/voo-com-139-portugueses-repatriados-do-medio-oriente-aterra-em-lisboa\/"},"wordCount":150,"image":{"@id":"https:\/\/portaltela.pt\/noticias\/2026\/03\/06\/voo-com-139-portugueses-repatriados-do-medio-oriente-aterra-em-lisboa\/#primaryimage"},"thumbnailUrl":"https:\/\/portaltela.pt\/s.01k8rhncp4jt1\/2026\/03\/img_1500x1000uu2014-12-27-20-49-00-426577.jpg","keywords":["consulados","emerg\u00eancia","Emirados \u00c1rabes Unidos","evacua\u00e7\u00e3o","Lisboa","Portugal"],"articleSection":["Internacional","Not\u00edcias"],"inLanguage":"pt-PT"},{"@type":"WebPage","@id":"https:\/\/portaltela.pt\/noticias\/2026\/03\/06\/voo-com-139-portugueses-repatriados-do-medio-oriente-aterra-em-lisboa\/","url":"https:\/\/portaltela.pt\/noticias\/2026\/03\/06\/voo-com-139-portugueses-repatriados-do-medio-oriente-aterra-em-lisboa\/","name":"Voo com 139 portugueses repatriados do M\u00e9dio Oriente aterra em Lisboa - Portal Tela Portugal","isPartOf":{"@id":"https:\/\/portaltela.pt\/#website"},"primaryImageOfPage":{"@id":"https:\/\/portaltela.pt\/noticias\/2026\/03\/06\/voo-com-139-portugueses-repatriados-do-medio-oriente-aterra-em-lisboa\/#primaryimage"},"image":{"@id":"https:\/\/portaltela.pt\/noticias\/2026\/03\/06\/voo-com-139-portugueses-repatriados-do-medio-oriente-aterra-em-lisboa\/#primaryimage"},"thumbnailUrl":"https:\/\/portaltela.pt\/s.01k8rhncp4jt1\/2026\/03\/img_1500x1000uu2014-12-27-20-49-00-426577.jpg","datePublished":"2026-03-06T10:17:00+00:00","author":{"@id":"https:\/\/portaltela.pt\/#\/schema\/person\/c4278d4a6028830caff9ee44b42d32ed"},"breadcrumb":{"@id":"https:\/\/portaltela.pt\/noticias\/2026\/03\/06\/voo-com-139-portugueses-repatriados-do-medio-oriente-aterra-em-lisboa\/#breadcrumb"},"inLanguage":"pt-PT","potentialAction":[{"@type":"ReadAction","target":["https:\/\/portaltela.pt\/noticias\/2026\/03\/06\/voo-com-139-portugueses-repatriados-do-medio-oriente-aterra-em-lisboa\/"]}]},{"@type":"ImageObject","inLanguage":"pt-PT","@id":"https:\/\/portaltela.pt\/noticias\/2026\/03\/06\/voo-com-139-portugueses-repatriados-do-medio-oriente-aterra-em-lisboa\/#primaryimage","url":"https:\/\/portaltela.pt\/s.01k8rhncp4jt1\/2026\/03\/img_1500x1000uu2014-12-27-20-49-00-426577.jpg","contentUrl":"https:\/\/portaltela.pt\/s.01k8rhncp4jt1\/2026\/03\/img_1500x1000uu2014-12-27-20-49-00-426577.jpg","width":796,"height":448,"caption":"TAP"},{"@type":"BreadcrumbList","@id":"https:\/\/portaltela.pt\/noticias\/2026\/03\/06\/voo-com-139-portugueses-repatriados-do-medio-oriente-aterra-em-lisboa\/#breadcrumb","itemListElement":[{"@type":"ListItem","position":1,"name":"In\u00edcio","item":"https:\/\/portaltela.pt\/"},{"@type":"ListItem","position":2,"name":"Voo com 139 portugueses repatriados do M\u00e9dio Oriente aterra em Lisboa"}]},{"@type":"WebSite","@id":"https:\/\/portaltela.pt\/#website","url":"https:\/\/portaltela.pt\/","name":"Portal Tela Portugal","description":"","potentialAction":[{"@type":"SearchAction","target":{"@type":"EntryPoint","urlTemplate":"https:\/\/portaltela.pt\/?s={search_term_string}"},"query-input":{"@type":"PropertyValueSpecification","valueRequired":true,"valueName":"search_term_string"}}],"inLanguage":"pt-PT"},{"@type":"Person","@id":"https:\/\/portaltela.pt\/#\/schema\/person\/c4278d4a6028830caff9ee44b42d32ed","name":"Telinha","image":{"@type":"ImageObject","inLanguage":"pt-PT","@id":"https:\/\/portaltela.pt\/s.01k8rhncp4jt1\/2025\/11\/talking-bot-125x125.png","url":"https:\/\/portaltela.pt\/s.01k8rhncp4jt1\/2025\/11\/talking-bot-125x125.png","contentUrl":"https:\/\/portaltela.pt\/s.01k8rhncp4jt1\/2025\/11\/talking-bot-125x125.png","caption":"Telinha"},"sameAs":["https:\/\/portaltela.pt\/"],"url":"https:\/\/portaltela.pt\/por\/367410592786\/"}]}},"_links":{"self":[{"href":"https:\/\/portaltela.pt\/api\/wp\/v2\/posts\/399783","targetHints":{"allow":["GET"]}}],"collection":[{"href":"https:\/\/portaltela.pt\/api\/wp\/v2\/posts"}],"about":[{"href":"https:\/\/portaltela.pt\/api\/wp\/v2\/types\/post"}],"author":[{"embeddable":true,"href":"https:\/\/portaltela.pt\/api\/wp\/v2\/users\/2"}],"replies":[{"embeddable":true,"href":"https:\/\/portaltela.pt\/api\/wp\/v2\/comments?post=399783"}],"version-history":[{"count":0,"href":"https:\/\/portaltela.pt\/api\/wp\/v2\/posts\/399783\/revisions"}],"wp:featuredmedia":[{"embeddable":true,"href":"https:\/\/portaltela.pt\/api\/wp\/v2\/media\/399789"}],"wp:attachment":[{"href":"https:\/\/portaltela.pt\/api\/wp\/v2\/media?parent=399783"}],"wp:term":[{"taxonomy":"category","embeddable":true,"href":"https:\/\/portaltela.pt\/api\/wp\/v2\/categories?post=399783"},{"taxonomy":"post_tag","embeddable":true,"href":"https:\/\/portaltela.pt\/api\/wp\/v2\/tags?post=399783"}],"curies":[{"name":"wp","href":"https:\/\/api.w.org\/{rel}","templated":true}]}}