{"id":399773,"date":"2026-03-06T07:06:14","date_gmt":"2026-03-06T10:06:14","guid":{"rendered":"https:\/\/portaltela.pt\/noticias\/2026\/03\/06\/prisao-preventiva-para-tres-dos-seis-detidos-por-trafico-de-droga-em-vila-franca-de-xira-alenquer-e-cartaxo\/"},"modified":"2026-03-06T07:06:14","modified_gmt":"2026-03-06T10:06:14","slug":"prisao-preventiva-para-tres-dos-seis-detidos-por-trafico-de-droga-em-vila-franca-de-xira-alenquer-e-cartaxo","status":"publish","type":"post","link":"https:\/\/portaltela.pt\/noticias\/politica\/2026\/03\/06\/prisao-preventiva-para-tres-dos-seis-detidos-por-trafico-de-droga-em-vila-franca-de-xira-alenquer-e-cartaxo\/","title":{"rendered":"Pris\u00e3o preventiva para tr\u00eas dos seis detidos por tr\u00e1fico de droga em Vila Franca de Xira, Alenquer e Cartaxo"},"content":{"rendered":"<p>Tr\u00eas dos seis detidos na opera\u00e7\u00e3o que desmantelou uma rede de tr\u00e1fico de droga, realizada nos concelhos de Vila Franca de Xira, Alenquer e Cartaxo, ficaram em pris\u00e3o preventiva. A medida foi aplicada pelo Tribunal de Loures na sequ\u00eancia de uma investiga\u00e7\u00e3o da GNR que decorre h\u00e1 cerca de um ano.<\/p>\n<p>A a\u00e7\u00e3o, conduzida pelo N\u00facleo de Investiga\u00e7\u00e3o Criminal de Vila Franca de Xira, decorreu na ter\u00e7a-feira e resultou na deten\u00e7\u00e3o de quatro homens e duas mulheres com idades entre os 30 e os 71 anos. Dela resultaram ainda tr\u00eas deten\u00e7\u00f5es em flagrante, buscas domicili\u00e1rias e buscas em ve\u00edculos e garagens.<\/p>\n<p>No total, foram apreendidas mais de 4.000 doses de haxixe, com o quadro a incluir 4.440 doses, al\u00e9m de 3.175 euros em numer\u00e1rio, 106 cartuchos, 189 muni\u00e7\u00f5es, uma arma de fogo, tr\u00eas espingardas de ar comprimido, tr\u00eas ve\u00edculos, um motociclo, 18 walkie-talkies, 8 telem\u00f3veis, tr\u00eas balan\u00e7as de precis\u00e3o e material relacionado com o acondicionamento e a comercializa\u00e7\u00e3o da droga.<\/p>\n<h3>Dilig\u00eancias e resultados<\/h3>\n<p>A opera\u00e7\u00e3o envolveu m\u00faltiplos meios, com refor\u00e7o do Grupo de Interven\u00e7\u00e3o de Ordem P\u00fablica, do Grupo de Interven\u00e7\u00e3o Cinot\u00e9cnico e dos Destacamentos de Interven\u00e7\u00e3o dos Comandos Territoriais de Lisboa e Santar\u00e9m, bem como da estrutura de Investiga\u00e7\u00e3o Criminal do Comando Territorial de Lisboa. Ao todo, foram realizadas cinco buscas domicili\u00e1rias e seis buscas em ve\u00edculos e garagens.<\/p>\n<h3>Investiga\u00e7\u00e3o e perfil dos detidos<\/h3>\n<p>Entre os detidos aparecem quatro homens e duas mulheres, com antecedentes por crimes relacionados com droga e, noutro caso, por roubo com recurso a arma de fogo. A investiga\u00e7\u00e3o mant\u00e9m-se em curso para apurar a cadeia de abastecimento, origens e rotas da rede, bem como as implica\u00e7\u00f5es criminais associadas ao tr\u00e1fico.<\/p>\n","protected":false},"excerpt":{"rendered":"<ul>\n<li>Pris\u00e3o preventiva for emitida a tr\u00eas dos seis detidos numa opera\u00e7\u00e3o que desmantelou uma rede de tr\u00e1fico de droga em Vila Franca de Xira, Alenquer e Cartaxo.<\/li>\n<li>Os outros tr\u00eas detidos ficaram com a proibi\u00e7\u00e3o de contactos e apresenta\u00e7\u00f5es semanais \u00e0s autoridades.<\/li>\n<li>A opera\u00e7\u00e3o apreendeu 4.440 doses de haxixe, 3.175 euros em numer\u00e1rio, 106 cartuchos, 189 muni\u00e7\u00f5es, uma arma de fogo, tr\u00eas espingardas de ar comprimido, al\u00e9m de ve\u00edculos, telem\u00f3veis e equipamento de aconde\u00e7amento.<\/li>\n<li>Os detidos t\u00eam idades entre 30 e 71 anos; tr\u00eas j\u00e1 possu\u00edam antecedentes criminais pelo mesmo crime e um tinha antecedente por roubo com recurso a arma de fogo.<\/li>\n<li>A a\u00e7\u00e3o foi realizada pelo N\u00facleo de Investiga\u00e7\u00e3o Criminal de Vila Franca de Xira, com apoio de v\u00e1rios servi\u00e7os da GNR, incluindo o Grupo de Interven\u00e7\u00e3o de Ordem P\u00fablica e o Grupo de Interven\u00e7\u00e3o Cinot\u00e9cnico, entre outros; houve deten\u00e7\u00f5es em flagrante e fora de flagrante, com buscas domicili\u00e1rias e em ve\u00edculos.<\/li>\n<\/ul>\n","protected":false},"author":2,"featured_media":399774,"comment_status":"closed","ping_status":"closed","sticky":false,"template":"","format":"standard","meta":{"footnotes":""},"categories":[1,5],"tags":[4180,2696,147,4347,215,96],"class_list":["post-399773","post","type-post","status-publish","format-standard","has-post-thumbnail","hentry","category-noticias","category-politica","tag-alenquer","tag-cartaxo","tag-crime","tag-drogas","tag-investigacao","tag-trafico-de-droga"],"yoast_head":"<!-- This site is optimized with the Yoast SEO plugin v27.2 - https:\/\/yoast.com\/product\/yoast-seo-wordpress\/ -->\n<title>Pris\u00e3o preventiva para tr\u00eas dos seis detidos por tr\u00e1fico de droga em Vila Franca de Xira, Alenquer e Cartaxo - Portal Tela Portugal<\/title>\n<meta name=\"robots\" content=\"index, follow, max-snippet:-1, max-image-preview:large, max-video-preview:-1\" \/>\n<meta property=\"og:locale\" content=\"pt_PT\" \/>\n<meta property=\"og:type\" content=\"article\" \/>\n<meta property=\"og:title\" content=\"Pris\u00e3o preventiva para tr\u00eas dos seis detidos por tr\u00e1fico de droga em Vila Franca de Xira, Alenquer e Cartaxo - Portal Tela Portugal\" \/>\n<meta property=\"og:description\" content=\"Pris\u00e3o preventiva for emitida a tr\u00eas dos seis detidos numa opera\u00e7\u00e3o que desmantelou uma rede de tr\u00e1fico de droga em Vila Franca de Xira, Alenquer e Cartaxo. Os outros tr\u00eas detidos ficaram com a proibi\u00e7\u00e3o de contactos e apresenta\u00e7\u00f5es semanais \u00e0s autoridades. A opera\u00e7\u00e3o apreendeu 4.440 doses de haxixe, 3.175 euros em numer\u00e1rio, 106 cartuchos, 189 muni\u00e7\u00f5es, uma arma de fogo, tr\u00eas espingardas de ar comprimido, al\u00e9m de ve\u00edculos, telem\u00f3veis e equipamento de aconde\u00e7amento. Os detidos t\u00eam idades entre 30 e 71 anos; tr\u00eas j\u00e1 possu\u00edam antecedentes criminais pelo mesmo crime e um tinha antecedente por roubo com recurso a arma de fogo. A a\u00e7\u00e3o foi realizada pelo N\u00facleo de Investiga\u00e7\u00e3o Criminal de Vila Franca de Xira, com apoio de v\u00e1rios servi\u00e7os da GNR, incluindo o Grupo de Interven\u00e7\u00e3o de Ordem P\u00fablica e o Grupo de Interven\u00e7\u00e3o Cinot\u00e9cnico, entre outros; houve deten\u00e7\u00f5es em flagrante e fora de flagrante, com buscas domicili\u00e1rias e em ve\u00edculos.\" \/>\n<meta property=\"og:url\" content=\"https:\/\/portaltela.pt\/noticias\/2026\/03\/06\/prisao-preventiva-para-tres-dos-seis-detidos-por-trafico-de-droga-em-vila-franca-de-xira-alenquer-e-cartaxo\/\" \/>\n<meta property=\"og:site_name\" content=\"Portal Tela Portugal\" \/>\n<meta property=\"article:published_time\" content=\"2026-03-06T10:06:14+00:00\" \/>\n<meta name=\"author\" content=\"Telinha\" \/>\n<meta name=\"twitter:card\" content=\"summary_large_image\" \/>\n<meta name=\"twitter:label1\" content=\"Escrito por\" \/>\n\t<meta name=\"twitter:data1\" content=\"Telinha\" \/>\n\t<meta name=\"twitter:label2\" content=\"Tempo estimado de leitura\" \/>\n\t<meta name=\"twitter:data2\" content=\"2 minutos\" \/>\n<script type=\"application\/ld+json\" class=\"yoast-schema-graph\">{\"@context\":\"https:\/\/schema.org\",\"@graph\":[{\"@type\":\"Article\",\"@id\":\"https:\/\/portaltela.pt\/noticias\/2026\/03\/06\/prisao-preventiva-para-tres-dos-seis-detidos-por-trafico-de-droga-em-vila-franca-de-xira-alenquer-e-cartaxo\/#article\",\"isPartOf\":{\"@id\":\"https:\/\/portaltela.pt\/noticias\/2026\/03\/06\/prisao-preventiva-para-tres-dos-seis-detidos-por-trafico-de-droga-em-vila-franca-de-xira-alenquer-e-cartaxo\/\"},\"author\":{\"name\":\"Telinha\",\"@id\":\"https:\/\/portaltela.pt\/#\/schema\/person\/c4278d4a6028830caff9ee44b42d32ed\"},\"headline\":\"Pris\u00e3o preventiva para tr\u00eas dos seis detidos por tr\u00e1fico de droga em Vila Franca de Xira, Alenquer e Cartaxo\",\"datePublished\":\"2026-03-06T10:06:14+00:00\",\"mainEntityOfPage\":{\"@id\":\"https:\/\/portaltela.pt\/noticias\/2026\/03\/06\/prisao-preventiva-para-tres-dos-seis-detidos-por-trafico-de-droga-em-vila-franca-de-xira-alenquer-e-cartaxo\/\"},\"wordCount\":333,\"image\":{\"@id\":\"https:\/\/portaltela.pt\/noticias\/2026\/03\/06\/prisao-preventiva-para-tres-dos-seis-detidos-por-trafico-de-droga-em-vila-franca-de-xira-alenquer-e-cartaxo\/#primaryimage\"},\"thumbnailUrl\":\"https:\/\/portaltela.pt\/s.01k8rhncp4jt1\/2026\/03\/img_1500x1000uu2025-11-10-08-43-26-2247179.jpg\",\"keywords\":[\"Alenquer\",\"Cartaxo\",\"crime\",\"drogas\",\"investiga\u00e7\u00e3o\",\"tr\u00e1fico de droga\"],\"articleSection\":[\"Not\u00edcias\",\"Pol\u00edtica\"],\"inLanguage\":\"pt-PT\"},{\"@type\":\"WebPage\",\"@id\":\"https:\/\/portaltela.pt\/noticias\/2026\/03\/06\/prisao-preventiva-para-tres-dos-seis-detidos-por-trafico-de-droga-em-vila-franca-de-xira-alenquer-e-cartaxo\/\",\"url\":\"https:\/\/portaltela.pt\/noticias\/2026\/03\/06\/prisao-preventiva-para-tres-dos-seis-detidos-por-trafico-de-droga-em-vila-franca-de-xira-alenquer-e-cartaxo\/\",\"name\":\"Pris\u00e3o preventiva para tr\u00eas dos seis detidos por tr\u00e1fico de droga em Vila Franca de Xira, Alenquer e Cartaxo - Portal Tela Portugal\",\"isPartOf\":{\"@id\":\"https:\/\/portaltela.pt\/#website\"},\"primaryImageOfPage\":{\"@id\":\"https:\/\/portaltela.pt\/noticias\/2026\/03\/06\/prisao-preventiva-para-tres-dos-seis-detidos-por-trafico-de-droga-em-vila-franca-de-xira-alenquer-e-cartaxo\/#primaryimage\"},\"image\":{\"@id\":\"https:\/\/portaltela.pt\/noticias\/2026\/03\/06\/prisao-preventiva-para-tres-dos-seis-detidos-por-trafico-de-droga-em-vila-franca-de-xira-alenquer-e-cartaxo\/#primaryimage\"},\"thumbnailUrl\":\"https:\/\/portaltela.pt\/s.01k8rhncp4jt1\/2026\/03\/img_1500x1000uu2025-11-10-08-43-26-2247179.jpg\",\"datePublished\":\"2026-03-06T10:06:14+00:00\",\"author\":{\"@id\":\"https:\/\/portaltela.pt\/#\/schema\/person\/c4278d4a6028830caff9ee44b42d32ed\"},\"breadcrumb\":{\"@id\":\"https:\/\/portaltela.pt\/noticias\/2026\/03\/06\/prisao-preventiva-para-tres-dos-seis-detidos-por-trafico-de-droga-em-vila-franca-de-xira-alenquer-e-cartaxo\/#breadcrumb\"},\"inLanguage\":\"pt-PT\",\"potentialAction\":[{\"@type\":\"ReadAction\",\"target\":[\"https:\/\/portaltela.pt\/noticias\/2026\/03\/06\/prisao-preventiva-para-tres-dos-seis-detidos-por-trafico-de-droga-em-vila-franca-de-xira-alenquer-e-cartaxo\/\"]}]},{\"@type\":\"ImageObject\",\"inLanguage\":\"pt-PT\",\"@id\":\"https:\/\/portaltela.pt\/noticias\/2026\/03\/06\/prisao-preventiva-para-tres-dos-seis-detidos-por-trafico-de-droga-em-vila-franca-de-xira-alenquer-e-cartaxo\/#primaryimage\",\"url\":\"https:\/\/portaltela.pt\/s.01k8rhncp4jt1\/2026\/03\/img_1500x1000uu2025-11-10-08-43-26-2247179.jpg\",\"contentUrl\":\"https:\/\/portaltela.pt\/s.01k8rhncp4jt1\/2026\/03\/img_1500x1000uu2025-11-10-08-43-26-2247179.jpg\",\"width\":796,\"height\":448,\"caption\":\"Pris\u00e3o\"},{\"@type\":\"BreadcrumbList\",\"@id\":\"https:\/\/portaltela.pt\/noticias\/2026\/03\/06\/prisao-preventiva-para-tres-dos-seis-detidos-por-trafico-de-droga-em-vila-franca-de-xira-alenquer-e-cartaxo\/#breadcrumb\",\"itemListElement\":[{\"@type\":\"ListItem\",\"position\":1,\"name\":\"In\u00edcio\",\"item\":\"https:\/\/portaltela.pt\/\"},{\"@type\":\"ListItem\",\"position\":2,\"name\":\"Pris\u00e3o preventiva para tr\u00eas dos seis detidos por tr\u00e1fico de droga em Vila Franca de Xira, Alenquer e Cartaxo\"}]},{\"@type\":\"WebSite\",\"@id\":\"https:\/\/portaltela.pt\/#website\",\"url\":\"https:\/\/portaltela.pt\/\",\"name\":\"Portal Tela Portugal\",\"description\":\"\",\"potentialAction\":[{\"@type\":\"SearchAction\",\"target\":{\"@type\":\"EntryPoint\",\"urlTemplate\":\"https:\/\/portaltela.pt\/?s={search_term_string}\"},\"query-input\":{\"@type\":\"PropertyValueSpecification\",\"valueRequired\":true,\"valueName\":\"search_term_string\"}}],\"inLanguage\":\"pt-PT\"},{\"@type\":\"Person\",\"@id\":\"https:\/\/portaltela.pt\/#\/schema\/person\/c4278d4a6028830caff9ee44b42d32ed\",\"name\":\"Telinha\",\"image\":{\"@type\":\"ImageObject\",\"inLanguage\":\"pt-PT\",\"@id\":\"https:\/\/portaltela.pt\/s.01k8rhncp4jt1\/2025\/11\/talking-bot-125x125.png\",\"url\":\"https:\/\/portaltela.pt\/s.01k8rhncp4jt1\/2025\/11\/talking-bot-125x125.png\",\"contentUrl\":\"https:\/\/portaltela.pt\/s.01k8rhncp4jt1\/2025\/11\/talking-bot-125x125.png\",\"caption\":\"Telinha\"},\"sameAs\":[\"https:\/\/portaltela.pt\/\"],\"url\":\"https:\/\/portaltela.pt\/por\/367410592786\/\"}]}<\/script>\n<!-- \/ Yoast SEO plugin. -->","yoast_head_json":{"title":"Pris\u00e3o preventiva para tr\u00eas dos seis detidos por tr\u00e1fico de droga em Vila Franca de Xira, Alenquer e Cartaxo - Portal Tela Portugal","robots":{"index":"index","follow":"follow","max-snippet":"max-snippet:-1","max-image-preview":"max-image-preview:large","max-video-preview":"max-video-preview:-1"},"og_locale":"pt_PT","og_type":"article","og_title":"Pris\u00e3o preventiva para tr\u00eas dos seis detidos por tr\u00e1fico de droga em Vila Franca de Xira, Alenquer e Cartaxo - Portal Tela Portugal","og_description":"Pris\u00e3o preventiva for emitida a tr\u00eas dos seis detidos numa opera\u00e7\u00e3o que desmantelou uma rede de tr\u00e1fico de droga em Vila Franca de Xira, Alenquer e Cartaxo. Os outros tr\u00eas detidos ficaram com a proibi\u00e7\u00e3o de contactos e apresenta\u00e7\u00f5es semanais \u00e0s autoridades. A opera\u00e7\u00e3o apreendeu 4.440 doses de haxixe, 3.175 euros em numer\u00e1rio, 106 cartuchos, 189 muni\u00e7\u00f5es, uma arma de fogo, tr\u00eas espingardas de ar comprimido, al\u00e9m de ve\u00edculos, telem\u00f3veis e equipamento de aconde\u00e7amento. Os detidos t\u00eam idades entre 30 e 71 anos; tr\u00eas j\u00e1 possu\u00edam antecedentes criminais pelo mesmo crime e um tinha antecedente por roubo com recurso a arma de fogo. A a\u00e7\u00e3o foi realizada pelo N\u00facleo de Investiga\u00e7\u00e3o Criminal de Vila Franca de Xira, com apoio de v\u00e1rios servi\u00e7os da GNR, incluindo o Grupo de Interven\u00e7\u00e3o de Ordem P\u00fablica e o Grupo de Interven\u00e7\u00e3o Cinot\u00e9cnico, entre outros; houve deten\u00e7\u00f5es em flagrante e fora de flagrante, com buscas domicili\u00e1rias e em ve\u00edculos.","og_url":"https:\/\/portaltela.pt\/noticias\/2026\/03\/06\/prisao-preventiva-para-tres-dos-seis-detidos-por-trafico-de-droga-em-vila-franca-de-xira-alenquer-e-cartaxo\/","og_site_name":"Portal Tela Portugal","article_published_time":"2026-03-06T10:06:14+00:00","author":"Telinha","twitter_card":"summary_large_image","twitter_misc":{"Escrito por":"Telinha","Tempo estimado de leitura":"2 minutos"},"schema":{"@context":"https:\/\/schema.org","@graph":[{"@type":"Article","@id":"https:\/\/portaltela.pt\/noticias\/2026\/03\/06\/prisao-preventiva-para-tres-dos-seis-detidos-por-trafico-de-droga-em-vila-franca-de-xira-alenquer-e-cartaxo\/#article","isPartOf":{"@id":"https:\/\/portaltela.pt\/noticias\/2026\/03\/06\/prisao-preventiva-para-tres-dos-seis-detidos-por-trafico-de-droga-em-vila-franca-de-xira-alenquer-e-cartaxo\/"},"author":{"name":"Telinha","@id":"https:\/\/portaltela.pt\/#\/schema\/person\/c4278d4a6028830caff9ee44b42d32ed"},"headline":"Pris\u00e3o preventiva para tr\u00eas dos seis detidos por tr\u00e1fico de droga em Vila Franca de Xira, Alenquer e Cartaxo","datePublished":"2026-03-06T10:06:14+00:00","mainEntityOfPage":{"@id":"https:\/\/portaltela.pt\/noticias\/2026\/03\/06\/prisao-preventiva-para-tres-dos-seis-detidos-por-trafico-de-droga-em-vila-franca-de-xira-alenquer-e-cartaxo\/"},"wordCount":333,"image":{"@id":"https:\/\/portaltela.pt\/noticias\/2026\/03\/06\/prisao-preventiva-para-tres-dos-seis-detidos-por-trafico-de-droga-em-vila-franca-de-xira-alenquer-e-cartaxo\/#primaryimage"},"thumbnailUrl":"https:\/\/portaltela.pt\/s.01k8rhncp4jt1\/2026\/03\/img_1500x1000uu2025-11-10-08-43-26-2247179.jpg","keywords":["Alenquer","Cartaxo","crime","drogas","investiga\u00e7\u00e3o","tr\u00e1fico de droga"],"articleSection":["Not\u00edcias","Pol\u00edtica"],"inLanguage":"pt-PT"},{"@type":"WebPage","@id":"https:\/\/portaltela.pt\/noticias\/2026\/03\/06\/prisao-preventiva-para-tres-dos-seis-detidos-por-trafico-de-droga-em-vila-franca-de-xira-alenquer-e-cartaxo\/","url":"https:\/\/portaltela.pt\/noticias\/2026\/03\/06\/prisao-preventiva-para-tres-dos-seis-detidos-por-trafico-de-droga-em-vila-franca-de-xira-alenquer-e-cartaxo\/","name":"Pris\u00e3o preventiva para tr\u00eas dos seis detidos por tr\u00e1fico de droga em Vila Franca de Xira, Alenquer e Cartaxo - Portal Tela Portugal","isPartOf":{"@id":"https:\/\/portaltela.pt\/#website"},"primaryImageOfPage":{"@id":"https:\/\/portaltela.pt\/noticias\/2026\/03\/06\/prisao-preventiva-para-tres-dos-seis-detidos-por-trafico-de-droga-em-vila-franca-de-xira-alenquer-e-cartaxo\/#primaryimage"},"image":{"@id":"https:\/\/portaltela.pt\/noticias\/2026\/03\/06\/prisao-preventiva-para-tres-dos-seis-detidos-por-trafico-de-droga-em-vila-franca-de-xira-alenquer-e-cartaxo\/#primaryimage"},"thumbnailUrl":"https:\/\/portaltela.pt\/s.01k8rhncp4jt1\/2026\/03\/img_1500x1000uu2025-11-10-08-43-26-2247179.jpg","datePublished":"2026-03-06T10:06:14+00:00","author":{"@id":"https:\/\/portaltela.pt\/#\/schema\/person\/c4278d4a6028830caff9ee44b42d32ed"},"breadcrumb":{"@id":"https:\/\/portaltela.pt\/noticias\/2026\/03\/06\/prisao-preventiva-para-tres-dos-seis-detidos-por-trafico-de-droga-em-vila-franca-de-xira-alenquer-e-cartaxo\/#breadcrumb"},"inLanguage":"pt-PT","potentialAction":[{"@type":"ReadAction","target":["https:\/\/portaltela.pt\/noticias\/2026\/03\/06\/prisao-preventiva-para-tres-dos-seis-detidos-por-trafico-de-droga-em-vila-franca-de-xira-alenquer-e-cartaxo\/"]}]},{"@type":"ImageObject","inLanguage":"pt-PT","@id":"https:\/\/portaltela.pt\/noticias\/2026\/03\/06\/prisao-preventiva-para-tres-dos-seis-detidos-por-trafico-de-droga-em-vila-franca-de-xira-alenquer-e-cartaxo\/#primaryimage","url":"https:\/\/portaltela.pt\/s.01k8rhncp4jt1\/2026\/03\/img_1500x1000uu2025-11-10-08-43-26-2247179.jpg","contentUrl":"https:\/\/portaltela.pt\/s.01k8rhncp4jt1\/2026\/03\/img_1500x1000uu2025-11-10-08-43-26-2247179.jpg","width":796,"height":448,"caption":"Pris\u00e3o"},{"@type":"BreadcrumbList","@id":"https:\/\/portaltela.pt\/noticias\/2026\/03\/06\/prisao-preventiva-para-tres-dos-seis-detidos-por-trafico-de-droga-em-vila-franca-de-xira-alenquer-e-cartaxo\/#breadcrumb","itemListElement":[{"@type":"ListItem","position":1,"name":"In\u00edcio","item":"https:\/\/portaltela.pt\/"},{"@type":"ListItem","position":2,"name":"Pris\u00e3o preventiva para tr\u00eas dos seis detidos por tr\u00e1fico de droga em Vila Franca de Xira, Alenquer e Cartaxo"}]},{"@type":"WebSite","@id":"https:\/\/portaltela.pt\/#website","url":"https:\/\/portaltela.pt\/","name":"Portal Tela Portugal","description":"","potentialAction":[{"@type":"SearchAction","target":{"@type":"EntryPoint","urlTemplate":"https:\/\/portaltela.pt\/?s={search_term_string}"},"query-input":{"@type":"PropertyValueSpecification","valueRequired":true,"valueName":"search_term_string"}}],"inLanguage":"pt-PT"},{"@type":"Person","@id":"https:\/\/portaltela.pt\/#\/schema\/person\/c4278d4a6028830caff9ee44b42d32ed","name":"Telinha","image":{"@type":"ImageObject","inLanguage":"pt-PT","@id":"https:\/\/portaltela.pt\/s.01k8rhncp4jt1\/2025\/11\/talking-bot-125x125.png","url":"https:\/\/portaltela.pt\/s.01k8rhncp4jt1\/2025\/11\/talking-bot-125x125.png","contentUrl":"https:\/\/portaltela.pt\/s.01k8rhncp4jt1\/2025\/11\/talking-bot-125x125.png","caption":"Telinha"},"sameAs":["https:\/\/portaltela.pt\/"],"url":"https:\/\/portaltela.pt\/por\/367410592786\/"}]}},"_links":{"self":[{"href":"https:\/\/portaltela.pt\/api\/wp\/v2\/posts\/399773","targetHints":{"allow":["GET"]}}],"collection":[{"href":"https:\/\/portaltela.pt\/api\/wp\/v2\/posts"}],"about":[{"href":"https:\/\/portaltela.pt\/api\/wp\/v2\/types\/post"}],"author":[{"embeddable":true,"href":"https:\/\/portaltela.pt\/api\/wp\/v2\/users\/2"}],"replies":[{"embeddable":true,"href":"https:\/\/portaltela.pt\/api\/wp\/v2\/comments?post=399773"}],"version-history":[{"count":0,"href":"https:\/\/portaltela.pt\/api\/wp\/v2\/posts\/399773\/revisions"}],"wp:featuredmedia":[{"embeddable":true,"href":"https:\/\/portaltela.pt\/api\/wp\/v2\/media\/399774"}],"wp:attachment":[{"href":"https:\/\/portaltela.pt\/api\/wp\/v2\/media?parent=399773"}],"wp:term":[{"taxonomy":"category","embeddable":true,"href":"https:\/\/portaltela.pt\/api\/wp\/v2\/categories?post=399773"},{"taxonomy":"post_tag","embeddable":true,"href":"https:\/\/portaltela.pt\/api\/wp\/v2\/tags?post=399773"}],"curies":[{"name":"wp","href":"https:\/\/api.w.org\/{rel}","templated":true}]}}