{"id":399761,"date":"2026-03-06T07:00:00","date_gmt":"2026-03-06T10:00:00","guid":{"rendered":"https:\/\/portaltela.pt\/noticias\/2026\/03\/06\/detido-suspeito-de-roubos-violentos-com-o-filho-a-casas-de-idosos-em-aveiro\/"},"modified":"2026-03-06T07:00:00","modified_gmt":"2026-03-06T10:00:00","slug":"detido-suspeito-de-roubos-violentos-com-o-filho-a-casas-de-idosos-em-aveiro","status":"publish","type":"post","link":"https:\/\/portaltela.pt\/noticias\/politica\/2026\/03\/06\/detido-suspeito-de-roubos-violentos-com-o-filho-a-casas-de-idosos-em-aveiro\/","title":{"rendered":"Detido suspeito de roubos violentos com o filho a casas de idosos em Aveiro"},"content":{"rendered":"<p>O que aconteceu envolve deten\u00e7\u00e3o relacionada com roubos violentos em Aveiro. O caso abriu em \u00cdlhavo, a 13 de novembro do ano passado, quando uma idosa de 86 anos foi surpreendida pela campainha, a porta foi for\u00e7ada e houve agress\u00f5es. A v\u00edtima ficou amarrada em uma divis\u00e3o e foram subtra\u00eddos objetos de ourivesaria.<\/p>\n<p>A investiga\u00e7\u00e3o levou \u00e0 deten\u00e7\u00e3o, a 20 de novembro, de um dos suspeitos. O detido est\u00e1 ligado a pelo menos mais tr\u00eas crimes, segundo a Pol\u00edcia Judici\u00e1ria (PJ). O homem \u00e9 pai do coautor j\u00e1 em pris\u00e3o preventiva e enfrenta novo interrogat\u00f3rio judicial na comarca de Aveiro.<\/p>\n<h3>Investiga\u00e7\u00e3o e deten\u00e7\u00f5es<\/h3>\n<p>Em abril de 2024, o mesmo suspeito pode ter cometido um furto numa resid\u00eancia em Vagos, com relojoaria e joias avaliadas em mais de 12 mil euros. Em outubro do ano passado, integrou-se um roubo com sequestro em Cantanhede, deixando a v\u00edtima amarrada e levando uma elevada quantia em dinheiro e ouro.<\/p>\n<p>Na mesma linha de atua\u00e7\u00e3o, ocorreu um roubo por estic\u00e3o em Mira, a 23 de outubro. Durante a opera\u00e7\u00e3o realizada ontem, os agentes apreenderam objetos de ourivesaria e rel\u00f3gios ligados aos crimes de Vagos e Cantanhede.<\/p>\n<p>A PJ adianta que o detido, pai do coautor, seguir\u00e1 para o primeiro interrogat\u00f3rio judicial. As autoridades n\u00e3o avan\u00e7am com pareceres adicionais e mant\u00eam o foco na recolha de provas para o processo.<\/p>\n","protected":false},"excerpt":{"rendered":"<ul>\n<li>Detido suspeito de roubos violentos em Aveiro, associados ao filho, com a\u00e7\u00f5es em v\u00e1rias localidades e v\u00edtimas IDosas.<\/li>\n<li>Primeiro crime ocorreu a 13 de novembro, em \u00cdlhavo, quando uma mulher de 86 anos foi for\u00e7ada a abrir a porta, agredida e roubaram-lhe objetos de ourivesaria.<\/li>\n<li>Na sequ\u00eancia, a investiga\u00e7\u00e3o permitiu identificar o envolvimento do detido em pelo menos mais tr\u00eas crimes, incluindo um furto em Vagos no valor superior a 12 mil euros, em abril de 2024.<\/li>\n<li>Em outubro do ano anterior, o suspeito esteve ainda envolvido num roubo com sequestro em Cantanhede e num roubo por estic\u00e3o em Mira.<\/li>\n<li>Durante a opera\u00e7\u00e3o de ontem, foram apreendidos diversos objetos de ourivesaria e rel\u00f3gios associados aos crimes de Vagos e Cantanhede; o detido ser\u00e1 presente a interrogat\u00f3rio judicial na comarca de Aveiro.<\/li>\n<\/ul>\n","protected":false},"author":2,"featured_media":399766,"comment_status":"closed","ping_status":"closed","sticky":false,"template":"","format":"standard","meta":{"footnotes":""},"categories":[1,5],"tags":[1059,3677,1080,203,1170,4900],"class_list":["post-399761","post","type-post","status-publish","format-standard","has-post-thumbnail","hentry","category-noticias","category-politica","tag-aveiro","tag-cantanhede","tag-ilhavo","tag-roubo","tag-sequestro","tag-vagos"],"yoast_head":"<!-- This site is optimized with the Yoast SEO plugin v27.2 - https:\/\/yoast.com\/product\/yoast-seo-wordpress\/ -->\n<title>Detido suspeito de roubos violentos com o filho a casas de idosos em Aveiro - Portal Tela Portugal<\/title>\n<meta name=\"robots\" content=\"index, follow, max-snippet:-1, max-image-preview:large, max-video-preview:-1\" \/>\n<meta property=\"og:locale\" content=\"pt_PT\" \/>\n<meta property=\"og:type\" content=\"article\" \/>\n<meta property=\"og:title\" content=\"Detido suspeito de roubos violentos com o filho a casas de idosos em Aveiro - Portal Tela Portugal\" \/>\n<meta property=\"og:description\" content=\"Detido suspeito de roubos violentos em Aveiro, associados ao filho, com a\u00e7\u00f5es em v\u00e1rias localidades e v\u00edtimas IDosas. Primeiro crime ocorreu a 13 de novembro, em \u00cdlhavo, quando uma mulher de 86 anos foi for\u00e7ada a abrir a porta, agredida e roubaram-lhe objetos de ourivesaria. Na sequ\u00eancia, a investiga\u00e7\u00e3o permitiu identificar o envolvimento do detido em pelo menos mais tr\u00eas crimes, incluindo um furto em Vagos no valor superior a 12 mil euros, em abril de 2024. Em outubro do ano anterior, o suspeito esteve ainda envolvido num roubo com sequestro em Cantanhede e num roubo por estic\u00e3o em Mira. Durante a opera\u00e7\u00e3o de ontem, foram apreendidos diversos objetos de ourivesaria e rel\u00f3gios associados aos crimes de Vagos e Cantanhede; o detido ser\u00e1 presente a interrogat\u00f3rio judicial na comarca de Aveiro.\" \/>\n<meta property=\"og:url\" content=\"https:\/\/portaltela.pt\/noticias\/2026\/03\/06\/detido-suspeito-de-roubos-violentos-com-o-filho-a-casas-de-idosos-em-aveiro\/\" \/>\n<meta property=\"og:site_name\" content=\"Portal Tela Portugal\" \/>\n<meta property=\"article:published_time\" content=\"2026-03-06T10:00:00+00:00\" \/>\n<meta name=\"author\" content=\"Telinha\" \/>\n<meta name=\"twitter:card\" content=\"summary_large_image\" \/>\n<meta name=\"twitter:label1\" content=\"Escrito por\" \/>\n\t<meta name=\"twitter:data1\" content=\"Telinha\" \/>\n\t<meta name=\"twitter:label2\" content=\"Tempo estimado de leitura\" \/>\n\t<meta name=\"twitter:data2\" content=\"1 minuto\" \/>\n<script type=\"application\/ld+json\" class=\"yoast-schema-graph\">{\"@context\":\"https:\/\/schema.org\",\"@graph\":[{\"@type\":\"Article\",\"@id\":\"https:\/\/portaltela.pt\/noticias\/2026\/03\/06\/detido-suspeito-de-roubos-violentos-com-o-filho-a-casas-de-idosos-em-aveiro\/#article\",\"isPartOf\":{\"@id\":\"https:\/\/portaltela.pt\/noticias\/2026\/03\/06\/detido-suspeito-de-roubos-violentos-com-o-filho-a-casas-de-idosos-em-aveiro\/\"},\"author\":{\"name\":\"Telinha\",\"@id\":\"https:\/\/portaltela.pt\/#\/schema\/person\/c4278d4a6028830caff9ee44b42d32ed\"},\"headline\":\"Detido suspeito de roubos violentos com o filho a casas de idosos em Aveiro\",\"datePublished\":\"2026-03-06T10:00:00+00:00\",\"mainEntityOfPage\":{\"@id\":\"https:\/\/portaltela.pt\/noticias\/2026\/03\/06\/detido-suspeito-de-roubos-violentos-com-o-filho-a-casas-de-idosos-em-aveiro\/\"},\"wordCount\":255,\"image\":{\"@id\":\"https:\/\/portaltela.pt\/noticias\/2026\/03\/06\/detido-suspeito-de-roubos-violentos-com-o-filho-a-casas-de-idosos-em-aveiro\/#primaryimage\"},\"thumbnailUrl\":\"https:\/\/portaltela.pt\/s.01k8rhncp4jt1\/2026\/03\/image-363.jpg\",\"keywords\":[\"Aveiro\",\"Cantanhede\",\"\u00cdlhavo\",\"roubo\",\"sequestro\",\"Vagos\"],\"articleSection\":[\"Not\u00edcias\",\"Pol\u00edtica\"],\"inLanguage\":\"pt-PT\"},{\"@type\":\"WebPage\",\"@id\":\"https:\/\/portaltela.pt\/noticias\/2026\/03\/06\/detido-suspeito-de-roubos-violentos-com-o-filho-a-casas-de-idosos-em-aveiro\/\",\"url\":\"https:\/\/portaltela.pt\/noticias\/2026\/03\/06\/detido-suspeito-de-roubos-violentos-com-o-filho-a-casas-de-idosos-em-aveiro\/\",\"name\":\"Detido suspeito de roubos violentos com o filho a casas de idosos em Aveiro - Portal Tela Portugal\",\"isPartOf\":{\"@id\":\"https:\/\/portaltela.pt\/#website\"},\"primaryImageOfPage\":{\"@id\":\"https:\/\/portaltela.pt\/noticias\/2026\/03\/06\/detido-suspeito-de-roubos-violentos-com-o-filho-a-casas-de-idosos-em-aveiro\/#primaryimage\"},\"image\":{\"@id\":\"https:\/\/portaltela.pt\/noticias\/2026\/03\/06\/detido-suspeito-de-roubos-violentos-com-o-filho-a-casas-de-idosos-em-aveiro\/#primaryimage\"},\"thumbnailUrl\":\"https:\/\/portaltela.pt\/s.01k8rhncp4jt1\/2026\/03\/image-363.jpg\",\"datePublished\":\"2026-03-06T10:00:00+00:00\",\"author\":{\"@id\":\"https:\/\/portaltela.pt\/#\/schema\/person\/c4278d4a6028830caff9ee44b42d32ed\"},\"breadcrumb\":{\"@id\":\"https:\/\/portaltela.pt\/noticias\/2026\/03\/06\/detido-suspeito-de-roubos-violentos-com-o-filho-a-casas-de-idosos-em-aveiro\/#breadcrumb\"},\"inLanguage\":\"pt-PT\",\"potentialAction\":[{\"@type\":\"ReadAction\",\"target\":[\"https:\/\/portaltela.pt\/noticias\/2026\/03\/06\/detido-suspeito-de-roubos-violentos-com-o-filho-a-casas-de-idosos-em-aveiro\/\"]}]},{\"@type\":\"ImageObject\",\"inLanguage\":\"pt-PT\",\"@id\":\"https:\/\/portaltela.pt\/noticias\/2026\/03\/06\/detido-suspeito-de-roubos-violentos-com-o-filho-a-casas-de-idosos-em-aveiro\/#primaryimage\",\"url\":\"https:\/\/portaltela.pt\/s.01k8rhncp4jt1\/2026\/03\/image-363.jpg\",\"contentUrl\":\"https:\/\/portaltela.pt\/s.01k8rhncp4jt1\/2026\/03\/image-363.jpg\",\"width\":796,\"height\":448,\"caption\":\"PJ deteve suspeito de assaltar idosos e casas com o filho\"},{\"@type\":\"BreadcrumbList\",\"@id\":\"https:\/\/portaltela.pt\/noticias\/2026\/03\/06\/detido-suspeito-de-roubos-violentos-com-o-filho-a-casas-de-idosos-em-aveiro\/#breadcrumb\",\"itemListElement\":[{\"@type\":\"ListItem\",\"position\":1,\"name\":\"In\u00edcio\",\"item\":\"https:\/\/portaltela.pt\/\"},{\"@type\":\"ListItem\",\"position\":2,\"name\":\"Detido suspeito de roubos violentos com o filho a casas de idosos em Aveiro\"}]},{\"@type\":\"WebSite\",\"@id\":\"https:\/\/portaltela.pt\/#website\",\"url\":\"https:\/\/portaltela.pt\/\",\"name\":\"Portal Tela Portugal\",\"description\":\"\",\"potentialAction\":[{\"@type\":\"SearchAction\",\"target\":{\"@type\":\"EntryPoint\",\"urlTemplate\":\"https:\/\/portaltela.pt\/?s={search_term_string}\"},\"query-input\":{\"@type\":\"PropertyValueSpecification\",\"valueRequired\":true,\"valueName\":\"search_term_string\"}}],\"inLanguage\":\"pt-PT\"},{\"@type\":\"Person\",\"@id\":\"https:\/\/portaltela.pt\/#\/schema\/person\/c4278d4a6028830caff9ee44b42d32ed\",\"name\":\"Telinha\",\"image\":{\"@type\":\"ImageObject\",\"inLanguage\":\"pt-PT\",\"@id\":\"https:\/\/portaltela.pt\/s.01k8rhncp4jt1\/2025\/11\/talking-bot-125x125.png\",\"url\":\"https:\/\/portaltela.pt\/s.01k8rhncp4jt1\/2025\/11\/talking-bot-125x125.png\",\"contentUrl\":\"https:\/\/portaltela.pt\/s.01k8rhncp4jt1\/2025\/11\/talking-bot-125x125.png\",\"caption\":\"Telinha\"},\"sameAs\":[\"https:\/\/portaltela.pt\/\"],\"url\":\"https:\/\/portaltela.pt\/por\/367410592786\/\"}]}<\/script>\n<!-- \/ Yoast SEO plugin. -->","yoast_head_json":{"title":"Detido suspeito de roubos violentos com o filho a casas de idosos em Aveiro - Portal Tela Portugal","robots":{"index":"index","follow":"follow","max-snippet":"max-snippet:-1","max-image-preview":"max-image-preview:large","max-video-preview":"max-video-preview:-1"},"og_locale":"pt_PT","og_type":"article","og_title":"Detido suspeito de roubos violentos com o filho a casas de idosos em Aveiro - Portal Tela Portugal","og_description":"Detido suspeito de roubos violentos em Aveiro, associados ao filho, com a\u00e7\u00f5es em v\u00e1rias localidades e v\u00edtimas IDosas. Primeiro crime ocorreu a 13 de novembro, em \u00cdlhavo, quando uma mulher de 86 anos foi for\u00e7ada a abrir a porta, agredida e roubaram-lhe objetos de ourivesaria. Na sequ\u00eancia, a investiga\u00e7\u00e3o permitiu identificar o envolvimento do detido em pelo menos mais tr\u00eas crimes, incluindo um furto em Vagos no valor superior a 12 mil euros, em abril de 2024. Em outubro do ano anterior, o suspeito esteve ainda envolvido num roubo com sequestro em Cantanhede e num roubo por estic\u00e3o em Mira. Durante a opera\u00e7\u00e3o de ontem, foram apreendidos diversos objetos de ourivesaria e rel\u00f3gios associados aos crimes de Vagos e Cantanhede; o detido ser\u00e1 presente a interrogat\u00f3rio judicial na comarca de Aveiro.","og_url":"https:\/\/portaltela.pt\/noticias\/2026\/03\/06\/detido-suspeito-de-roubos-violentos-com-o-filho-a-casas-de-idosos-em-aveiro\/","og_site_name":"Portal Tela Portugal","article_published_time":"2026-03-06T10:00:00+00:00","author":"Telinha","twitter_card":"summary_large_image","twitter_misc":{"Escrito por":"Telinha","Tempo estimado de leitura":"1 minuto"},"schema":{"@context":"https:\/\/schema.org","@graph":[{"@type":"Article","@id":"https:\/\/portaltela.pt\/noticias\/2026\/03\/06\/detido-suspeito-de-roubos-violentos-com-o-filho-a-casas-de-idosos-em-aveiro\/#article","isPartOf":{"@id":"https:\/\/portaltela.pt\/noticias\/2026\/03\/06\/detido-suspeito-de-roubos-violentos-com-o-filho-a-casas-de-idosos-em-aveiro\/"},"author":{"name":"Telinha","@id":"https:\/\/portaltela.pt\/#\/schema\/person\/c4278d4a6028830caff9ee44b42d32ed"},"headline":"Detido suspeito de roubos violentos com o filho a casas de idosos em Aveiro","datePublished":"2026-03-06T10:00:00+00:00","mainEntityOfPage":{"@id":"https:\/\/portaltela.pt\/noticias\/2026\/03\/06\/detido-suspeito-de-roubos-violentos-com-o-filho-a-casas-de-idosos-em-aveiro\/"},"wordCount":255,"image":{"@id":"https:\/\/portaltela.pt\/noticias\/2026\/03\/06\/detido-suspeito-de-roubos-violentos-com-o-filho-a-casas-de-idosos-em-aveiro\/#primaryimage"},"thumbnailUrl":"https:\/\/portaltela.pt\/s.01k8rhncp4jt1\/2026\/03\/image-363.jpg","keywords":["Aveiro","Cantanhede","\u00cdlhavo","roubo","sequestro","Vagos"],"articleSection":["Not\u00edcias","Pol\u00edtica"],"inLanguage":"pt-PT"},{"@type":"WebPage","@id":"https:\/\/portaltela.pt\/noticias\/2026\/03\/06\/detido-suspeito-de-roubos-violentos-com-o-filho-a-casas-de-idosos-em-aveiro\/","url":"https:\/\/portaltela.pt\/noticias\/2026\/03\/06\/detido-suspeito-de-roubos-violentos-com-o-filho-a-casas-de-idosos-em-aveiro\/","name":"Detido suspeito de roubos violentos com o filho a casas de idosos em Aveiro - Portal Tela Portugal","isPartOf":{"@id":"https:\/\/portaltela.pt\/#website"},"primaryImageOfPage":{"@id":"https:\/\/portaltela.pt\/noticias\/2026\/03\/06\/detido-suspeito-de-roubos-violentos-com-o-filho-a-casas-de-idosos-em-aveiro\/#primaryimage"},"image":{"@id":"https:\/\/portaltela.pt\/noticias\/2026\/03\/06\/detido-suspeito-de-roubos-violentos-com-o-filho-a-casas-de-idosos-em-aveiro\/#primaryimage"},"thumbnailUrl":"https:\/\/portaltela.pt\/s.01k8rhncp4jt1\/2026\/03\/image-363.jpg","datePublished":"2026-03-06T10:00:00+00:00","author":{"@id":"https:\/\/portaltela.pt\/#\/schema\/person\/c4278d4a6028830caff9ee44b42d32ed"},"breadcrumb":{"@id":"https:\/\/portaltela.pt\/noticias\/2026\/03\/06\/detido-suspeito-de-roubos-violentos-com-o-filho-a-casas-de-idosos-em-aveiro\/#breadcrumb"},"inLanguage":"pt-PT","potentialAction":[{"@type":"ReadAction","target":["https:\/\/portaltela.pt\/noticias\/2026\/03\/06\/detido-suspeito-de-roubos-violentos-com-o-filho-a-casas-de-idosos-em-aveiro\/"]}]},{"@type":"ImageObject","inLanguage":"pt-PT","@id":"https:\/\/portaltela.pt\/noticias\/2026\/03\/06\/detido-suspeito-de-roubos-violentos-com-o-filho-a-casas-de-idosos-em-aveiro\/#primaryimage","url":"https:\/\/portaltela.pt\/s.01k8rhncp4jt1\/2026\/03\/image-363.jpg","contentUrl":"https:\/\/portaltela.pt\/s.01k8rhncp4jt1\/2026\/03\/image-363.jpg","width":796,"height":448,"caption":"PJ deteve suspeito de assaltar idosos e casas com o filho"},{"@type":"BreadcrumbList","@id":"https:\/\/portaltela.pt\/noticias\/2026\/03\/06\/detido-suspeito-de-roubos-violentos-com-o-filho-a-casas-de-idosos-em-aveiro\/#breadcrumb","itemListElement":[{"@type":"ListItem","position":1,"name":"In\u00edcio","item":"https:\/\/portaltela.pt\/"},{"@type":"ListItem","position":2,"name":"Detido suspeito de roubos violentos com o filho a casas de idosos em Aveiro"}]},{"@type":"WebSite","@id":"https:\/\/portaltela.pt\/#website","url":"https:\/\/portaltela.pt\/","name":"Portal Tela Portugal","description":"","potentialAction":[{"@type":"SearchAction","target":{"@type":"EntryPoint","urlTemplate":"https:\/\/portaltela.pt\/?s={search_term_string}"},"query-input":{"@type":"PropertyValueSpecification","valueRequired":true,"valueName":"search_term_string"}}],"inLanguage":"pt-PT"},{"@type":"Person","@id":"https:\/\/portaltela.pt\/#\/schema\/person\/c4278d4a6028830caff9ee44b42d32ed","name":"Telinha","image":{"@type":"ImageObject","inLanguage":"pt-PT","@id":"https:\/\/portaltela.pt\/s.01k8rhncp4jt1\/2025\/11\/talking-bot-125x125.png","url":"https:\/\/portaltela.pt\/s.01k8rhncp4jt1\/2025\/11\/talking-bot-125x125.png","contentUrl":"https:\/\/portaltela.pt\/s.01k8rhncp4jt1\/2025\/11\/talking-bot-125x125.png","caption":"Telinha"},"sameAs":["https:\/\/portaltela.pt\/"],"url":"https:\/\/portaltela.pt\/por\/367410592786\/"}]}},"_links":{"self":[{"href":"https:\/\/portaltela.pt\/api\/wp\/v2\/posts\/399761","targetHints":{"allow":["GET"]}}],"collection":[{"href":"https:\/\/portaltela.pt\/api\/wp\/v2\/posts"}],"about":[{"href":"https:\/\/portaltela.pt\/api\/wp\/v2\/types\/post"}],"author":[{"embeddable":true,"href":"https:\/\/portaltela.pt\/api\/wp\/v2\/users\/2"}],"replies":[{"embeddable":true,"href":"https:\/\/portaltela.pt\/api\/wp\/v2\/comments?post=399761"}],"version-history":[{"count":0,"href":"https:\/\/portaltela.pt\/api\/wp\/v2\/posts\/399761\/revisions"}],"wp:featuredmedia":[{"embeddable":true,"href":"https:\/\/portaltela.pt\/api\/wp\/v2\/media\/399766"}],"wp:attachment":[{"href":"https:\/\/portaltela.pt\/api\/wp\/v2\/media?parent=399761"}],"wp:term":[{"taxonomy":"category","embeddable":true,"href":"https:\/\/portaltela.pt\/api\/wp\/v2\/categories?post=399761"},{"taxonomy":"post_tag","embeddable":true,"href":"https:\/\/portaltela.pt\/api\/wp\/v2\/tags?post=399761"}],"curies":[{"name":"wp","href":"https:\/\/api.w.org\/{rel}","templated":true}]}}