{"id":399753,"date":"2026-03-06T07:14:02","date_gmt":"2026-03-06T10:14:02","guid":{"rendered":"https:\/\/portaltela.pt\/noticias\/2026\/03\/06\/capitania-do-funchal-prorrogou-aviso-de-agitacao-maritima-ate-sabado-de-manha\/"},"modified":"2026-03-06T07:14:02","modified_gmt":"2026-03-06T10:14:02","slug":"capitania-do-funchal-prorrogou-aviso-de-agitacao-maritima-ate-sabado-de-manha","status":"publish","type":"post","link":"https:\/\/portaltela.pt\/noticias\/internacional\/2026\/03\/06\/capitania-do-funchal-prorrogou-aviso-de-agitacao-maritima-ate-sabado-de-manha\/","title":{"rendered":"Capitania do Funchal prorrogou aviso de agita\u00e7\u00e3o mar\u00edtima at\u00e9 s\u00e1bado de manh\u00e3"},"content":{"rendered":"<p>A Capitania do Funchal estendeu o aviso de agita\u00e7\u00e3o mar\u00edtima forte para o arquip\u00e9lago da Madeira at\u00e9 \u00e0s 06:00 de s\u00e1bado. O cancelamento do aviso anterior por vento forte foi confirmado pela autoridade mar\u00edtima.<\/p>\n<p>Segundo o IPMA, as ondas devem oscilar entre 3,5 e 4,5 metros na costa norte, com redu\u00e7\u00e3o gradual para 2,5 a 3,5 metros no fim da tarde e at\u00e9 2,5 metros na zona sul. O vento ter\u00e1 intensidade de nordeste, entre 31 e 50 km\/h, diminuindo para 20 a 39 km\/h.<\/p>\n<p>A visibilidade no mar situa-se entre boa e moderada. A Capitania recomenda cuidados desde a prepara\u00e7\u00e3o at\u00e9 o regresso ao mar ou \u00e0 costa, para a comunidade mar\u00edtima e para o p\u00fablico em geral.<\/p>\n<h3>Aviso e recomenda\u00e7\u00f5es<\/h3>\n<p>O IPMA manteve avisos amarelos de agita\u00e7\u00e3o mar\u00edtima para a costa norte e para a ilha do Porto Santo at\u00e9 \u00e0s 12:00 de hoje. As autoridades solicitam aten\u00e7\u00e3o \u00e0s condi\u00e7\u00f5es mar\u00edtimas e \u00e0 vigil\u00e2ncia em zonas costeiras.<\/p>\n","protected":false},"excerpt":{"rendered":"<ul>\n<li>A capitania do porto do Funchal atualizou o aviso de agita\u00e7\u00e3o mar\u00edtima forte para a Madeira at\u00e9 \u00e0s 06:00 de s\u00e1bado, cancelando o aviso de vento forte.<\/li>\n<li>As ondas na costa norte devem ficar entre 3,5 e 4,5 metros, reduzindo-se para 2,5 a 3,5 metros a partir do fim da tarde; na parte sul podem chegar a 2,5 metros.<\/li>\n<li>O vento sopra de nordeste, fresco a muito fresco (31\u201350 km\/h), diminuindo gradualmente para moderado a fresco (20\u201339 km\/h).<\/li>\n<li>A visibilidade no mar est\u00e1 entre boa e moderada.<\/li>\n<li>Recomenda-se \u00e0 comunidade mar\u00edtima e \u00e0 popula\u00e7\u00e3o em geral precau\u00e7\u00e3o na prepara\u00e7\u00e3o e durante atividades no mar ou em zonas costeiras; o IPMA manteve avisos amarelos para a costa norte e a ilha do Porto Santo at\u00e9 \u00e0s 12:00 de sexta-feira.<\/li>\n<\/ul>\n","protected":false},"author":2,"featured_media":399756,"comment_status":"closed","ping_status":"closed","sticky":false,"template":"","format":"standard","meta":{"footnotes":""},"categories":[4,1],"tags":[183,3658,4199,1120,859,976],"class_list":["post-399753","post","type-post","status-publish","format-standard","has-post-thumbnail","hentry","category-internacional","category-noticias","tag-agitacao-maritima","tag-aviso-amarelo","tag-costa-norte","tag-funchal","tag-madeira","tag-porto-santo"],"yoast_head":"<!-- This site is optimized with the Yoast SEO plugin v27.2 - https:\/\/yoast.com\/product\/yoast-seo-wordpress\/ -->\n<title>Capitania do Funchal prorrogou aviso de agita\u00e7\u00e3o mar\u00edtima at\u00e9 s\u00e1bado de manh\u00e3 - Portal Tela Portugal<\/title>\n<meta name=\"robots\" content=\"index, follow, max-snippet:-1, max-image-preview:large, max-video-preview:-1\" \/>\n<meta property=\"og:locale\" content=\"pt_PT\" \/>\n<meta property=\"og:type\" content=\"article\" \/>\n<meta property=\"og:title\" content=\"Capitania do Funchal prorrogou aviso de agita\u00e7\u00e3o mar\u00edtima at\u00e9 s\u00e1bado de manh\u00e3 - Portal Tela Portugal\" \/>\n<meta property=\"og:description\" content=\"A capitania do porto do Funchal atualizou o aviso de agita\u00e7\u00e3o mar\u00edtima forte para a Madeira at\u00e9 \u00e0s 06:00 de s\u00e1bado, cancelando o aviso de vento forte. As ondas na costa norte devem ficar entre 3,5 e 4,5 metros, reduzindo-se para 2,5 a 3,5 metros a partir do fim da tarde; na parte sul podem chegar a 2,5 metros. O vento sopra de nordeste, fresco a muito fresco (31\u201350 km\/h), diminuindo gradualmente para moderado a fresco (20\u201339 km\/h). A visibilidade no mar est\u00e1 entre boa e moderada. Recomenda-se \u00e0 comunidade mar\u00edtima e \u00e0 popula\u00e7\u00e3o em geral precau\u00e7\u00e3o na prepara\u00e7\u00e3o e durante atividades no mar ou em zonas costeiras; o IPMA manteve avisos amarelos para a costa norte e a ilha do Porto Santo at\u00e9 \u00e0s 12:00 de sexta-feira.\" \/>\n<meta property=\"og:url\" content=\"https:\/\/portaltela.pt\/noticias\/2026\/03\/06\/capitania-do-funchal-prorrogou-aviso-de-agitacao-maritima-ate-sabado-de-manha\/\" \/>\n<meta property=\"og:site_name\" content=\"Portal Tela Portugal\" \/>\n<meta property=\"article:published_time\" content=\"2026-03-06T10:14:02+00:00\" \/>\n<meta name=\"author\" content=\"Telinha\" \/>\n<meta name=\"twitter:card\" content=\"summary_large_image\" \/>\n<meta name=\"twitter:label1\" content=\"Escrito por\" \/>\n\t<meta name=\"twitter:data1\" content=\"Telinha\" \/>\n\t<meta name=\"twitter:label2\" content=\"Tempo estimado de leitura\" \/>\n\t<meta name=\"twitter:data2\" content=\"1 minuto\" \/>\n<script type=\"application\/ld+json\" class=\"yoast-schema-graph\">{\"@context\":\"https:\/\/schema.org\",\"@graph\":[{\"@type\":\"Article\",\"@id\":\"https:\/\/portaltela.pt\/noticias\/2026\/03\/06\/capitania-do-funchal-prorrogou-aviso-de-agitacao-maritima-ate-sabado-de-manha\/#article\",\"isPartOf\":{\"@id\":\"https:\/\/portaltela.pt\/noticias\/2026\/03\/06\/capitania-do-funchal-prorrogou-aviso-de-agitacao-maritima-ate-sabado-de-manha\/\"},\"author\":{\"name\":\"Telinha\",\"@id\":\"https:\/\/portaltela.pt\/#\/schema\/person\/c4278d4a6028830caff9ee44b42d32ed\"},\"headline\":\"Capitania do Funchal prorrogou aviso de agita\u00e7\u00e3o mar\u00edtima at\u00e9 s\u00e1bado de manh\u00e3\",\"datePublished\":\"2026-03-06T10:14:02+00:00\",\"mainEntityOfPage\":{\"@id\":\"https:\/\/portaltela.pt\/noticias\/2026\/03\/06\/capitania-do-funchal-prorrogou-aviso-de-agitacao-maritima-ate-sabado-de-manha\/\"},\"wordCount\":179,\"image\":{\"@id\":\"https:\/\/portaltela.pt\/noticias\/2026\/03\/06\/capitania-do-funchal-prorrogou-aviso-de-agitacao-maritima-ate-sabado-de-manha\/#primaryimage\"},\"thumbnailUrl\":\"https:\/\/portaltela.pt\/s.01k8rhncp4jt1\/2026\/03\/img_1500x1000uu2023-10-21-10-56-20-1473028.jpg\",\"keywords\":[\"agita\u00e7\u00e3o mar\u00edtima\",\"aviso amarelo\",\"Costa Norte\",\"Funchal\",\"Madeira\",\"Porto Santo\"],\"articleSection\":[\"Internacional\",\"Not\u00edcias\"],\"inLanguage\":\"pt-PT\"},{\"@type\":\"WebPage\",\"@id\":\"https:\/\/portaltela.pt\/noticias\/2026\/03\/06\/capitania-do-funchal-prorrogou-aviso-de-agitacao-maritima-ate-sabado-de-manha\/\",\"url\":\"https:\/\/portaltela.pt\/noticias\/2026\/03\/06\/capitania-do-funchal-prorrogou-aviso-de-agitacao-maritima-ate-sabado-de-manha\/\",\"name\":\"Capitania do Funchal prorrogou aviso de agita\u00e7\u00e3o mar\u00edtima at\u00e9 s\u00e1bado de manh\u00e3 - Portal Tela Portugal\",\"isPartOf\":{\"@id\":\"https:\/\/portaltela.pt\/#website\"},\"primaryImageOfPage\":{\"@id\":\"https:\/\/portaltela.pt\/noticias\/2026\/03\/06\/capitania-do-funchal-prorrogou-aviso-de-agitacao-maritima-ate-sabado-de-manha\/#primaryimage\"},\"image\":{\"@id\":\"https:\/\/portaltela.pt\/noticias\/2026\/03\/06\/capitania-do-funchal-prorrogou-aviso-de-agitacao-maritima-ate-sabado-de-manha\/#primaryimage\"},\"thumbnailUrl\":\"https:\/\/portaltela.pt\/s.01k8rhncp4jt1\/2026\/03\/img_1500x1000uu2023-10-21-10-56-20-1473028.jpg\",\"datePublished\":\"2026-03-06T10:14:02+00:00\",\"author\":{\"@id\":\"https:\/\/portaltela.pt\/#\/schema\/person\/c4278d4a6028830caff9ee44b42d32ed\"},\"breadcrumb\":{\"@id\":\"https:\/\/portaltela.pt\/noticias\/2026\/03\/06\/capitania-do-funchal-prorrogou-aviso-de-agitacao-maritima-ate-sabado-de-manha\/#breadcrumb\"},\"inLanguage\":\"pt-PT\",\"potentialAction\":[{\"@type\":\"ReadAction\",\"target\":[\"https:\/\/portaltela.pt\/noticias\/2026\/03\/06\/capitania-do-funchal-prorrogou-aviso-de-agitacao-maritima-ate-sabado-de-manha\/\"]}]},{\"@type\":\"ImageObject\",\"inLanguage\":\"pt-PT\",\"@id\":\"https:\/\/portaltela.pt\/noticias\/2026\/03\/06\/capitania-do-funchal-prorrogou-aviso-de-agitacao-maritima-ate-sabado-de-manha\/#primaryimage\",\"url\":\"https:\/\/portaltela.pt\/s.01k8rhncp4jt1\/2026\/03\/img_1500x1000uu2023-10-21-10-56-20-1473028.jpg\",\"contentUrl\":\"https:\/\/portaltela.pt\/s.01k8rhncp4jt1\/2026\/03\/img_1500x1000uu2023-10-21-10-56-20-1473028.jpg\",\"width\":796,\"height\":448,\"caption\":\"Capit\u00e2nia do funchal, Madeira\"},{\"@type\":\"BreadcrumbList\",\"@id\":\"https:\/\/portaltela.pt\/noticias\/2026\/03\/06\/capitania-do-funchal-prorrogou-aviso-de-agitacao-maritima-ate-sabado-de-manha\/#breadcrumb\",\"itemListElement\":[{\"@type\":\"ListItem\",\"position\":1,\"name\":\"In\u00edcio\",\"item\":\"https:\/\/portaltela.pt\/\"},{\"@type\":\"ListItem\",\"position\":2,\"name\":\"Capitania do Funchal prorrogou aviso de agita\u00e7\u00e3o mar\u00edtima at\u00e9 s\u00e1bado de manh\u00e3\"}]},{\"@type\":\"WebSite\",\"@id\":\"https:\/\/portaltela.pt\/#website\",\"url\":\"https:\/\/portaltela.pt\/\",\"name\":\"Portal Tela Portugal\",\"description\":\"\",\"potentialAction\":[{\"@type\":\"SearchAction\",\"target\":{\"@type\":\"EntryPoint\",\"urlTemplate\":\"https:\/\/portaltela.pt\/?s={search_term_string}\"},\"query-input\":{\"@type\":\"PropertyValueSpecification\",\"valueRequired\":true,\"valueName\":\"search_term_string\"}}],\"inLanguage\":\"pt-PT\"},{\"@type\":\"Person\",\"@id\":\"https:\/\/portaltela.pt\/#\/schema\/person\/c4278d4a6028830caff9ee44b42d32ed\",\"name\":\"Telinha\",\"image\":{\"@type\":\"ImageObject\",\"inLanguage\":\"pt-PT\",\"@id\":\"https:\/\/portaltela.pt\/s.01k8rhncp4jt1\/2025\/11\/talking-bot-125x125.png\",\"url\":\"https:\/\/portaltela.pt\/s.01k8rhncp4jt1\/2025\/11\/talking-bot-125x125.png\",\"contentUrl\":\"https:\/\/portaltela.pt\/s.01k8rhncp4jt1\/2025\/11\/talking-bot-125x125.png\",\"caption\":\"Telinha\"},\"sameAs\":[\"https:\/\/portaltela.pt\/\"],\"url\":\"https:\/\/portaltela.pt\/por\/367410592786\/\"}]}<\/script>\n<!-- \/ Yoast SEO plugin. -->","yoast_head_json":{"title":"Capitania do Funchal prorrogou aviso de agita\u00e7\u00e3o mar\u00edtima at\u00e9 s\u00e1bado de manh\u00e3 - Portal Tela Portugal","robots":{"index":"index","follow":"follow","max-snippet":"max-snippet:-1","max-image-preview":"max-image-preview:large","max-video-preview":"max-video-preview:-1"},"og_locale":"pt_PT","og_type":"article","og_title":"Capitania do Funchal prorrogou aviso de agita\u00e7\u00e3o mar\u00edtima at\u00e9 s\u00e1bado de manh\u00e3 - Portal Tela Portugal","og_description":"A capitania do porto do Funchal atualizou o aviso de agita\u00e7\u00e3o mar\u00edtima forte para a Madeira at\u00e9 \u00e0s 06:00 de s\u00e1bado, cancelando o aviso de vento forte. As ondas na costa norte devem ficar entre 3,5 e 4,5 metros, reduzindo-se para 2,5 a 3,5 metros a partir do fim da tarde; na parte sul podem chegar a 2,5 metros. O vento sopra de nordeste, fresco a muito fresco (31\u201350 km\/h), diminuindo gradualmente para moderado a fresco (20\u201339 km\/h). A visibilidade no mar est\u00e1 entre boa e moderada. Recomenda-se \u00e0 comunidade mar\u00edtima e \u00e0 popula\u00e7\u00e3o em geral precau\u00e7\u00e3o na prepara\u00e7\u00e3o e durante atividades no mar ou em zonas costeiras; o IPMA manteve avisos amarelos para a costa norte e a ilha do Porto Santo at\u00e9 \u00e0s 12:00 de sexta-feira.","og_url":"https:\/\/portaltela.pt\/noticias\/2026\/03\/06\/capitania-do-funchal-prorrogou-aviso-de-agitacao-maritima-ate-sabado-de-manha\/","og_site_name":"Portal Tela Portugal","article_published_time":"2026-03-06T10:14:02+00:00","author":"Telinha","twitter_card":"summary_large_image","twitter_misc":{"Escrito por":"Telinha","Tempo estimado de leitura":"1 minuto"},"schema":{"@context":"https:\/\/schema.org","@graph":[{"@type":"Article","@id":"https:\/\/portaltela.pt\/noticias\/2026\/03\/06\/capitania-do-funchal-prorrogou-aviso-de-agitacao-maritima-ate-sabado-de-manha\/#article","isPartOf":{"@id":"https:\/\/portaltela.pt\/noticias\/2026\/03\/06\/capitania-do-funchal-prorrogou-aviso-de-agitacao-maritima-ate-sabado-de-manha\/"},"author":{"name":"Telinha","@id":"https:\/\/portaltela.pt\/#\/schema\/person\/c4278d4a6028830caff9ee44b42d32ed"},"headline":"Capitania do Funchal prorrogou aviso de agita\u00e7\u00e3o mar\u00edtima at\u00e9 s\u00e1bado de manh\u00e3","datePublished":"2026-03-06T10:14:02+00:00","mainEntityOfPage":{"@id":"https:\/\/portaltela.pt\/noticias\/2026\/03\/06\/capitania-do-funchal-prorrogou-aviso-de-agitacao-maritima-ate-sabado-de-manha\/"},"wordCount":179,"image":{"@id":"https:\/\/portaltela.pt\/noticias\/2026\/03\/06\/capitania-do-funchal-prorrogou-aviso-de-agitacao-maritima-ate-sabado-de-manha\/#primaryimage"},"thumbnailUrl":"https:\/\/portaltela.pt\/s.01k8rhncp4jt1\/2026\/03\/img_1500x1000uu2023-10-21-10-56-20-1473028.jpg","keywords":["agita\u00e7\u00e3o mar\u00edtima","aviso amarelo","Costa Norte","Funchal","Madeira","Porto Santo"],"articleSection":["Internacional","Not\u00edcias"],"inLanguage":"pt-PT"},{"@type":"WebPage","@id":"https:\/\/portaltela.pt\/noticias\/2026\/03\/06\/capitania-do-funchal-prorrogou-aviso-de-agitacao-maritima-ate-sabado-de-manha\/","url":"https:\/\/portaltela.pt\/noticias\/2026\/03\/06\/capitania-do-funchal-prorrogou-aviso-de-agitacao-maritima-ate-sabado-de-manha\/","name":"Capitania do Funchal prorrogou aviso de agita\u00e7\u00e3o mar\u00edtima at\u00e9 s\u00e1bado de manh\u00e3 - Portal Tela Portugal","isPartOf":{"@id":"https:\/\/portaltela.pt\/#website"},"primaryImageOfPage":{"@id":"https:\/\/portaltela.pt\/noticias\/2026\/03\/06\/capitania-do-funchal-prorrogou-aviso-de-agitacao-maritima-ate-sabado-de-manha\/#primaryimage"},"image":{"@id":"https:\/\/portaltela.pt\/noticias\/2026\/03\/06\/capitania-do-funchal-prorrogou-aviso-de-agitacao-maritima-ate-sabado-de-manha\/#primaryimage"},"thumbnailUrl":"https:\/\/portaltela.pt\/s.01k8rhncp4jt1\/2026\/03\/img_1500x1000uu2023-10-21-10-56-20-1473028.jpg","datePublished":"2026-03-06T10:14:02+00:00","author":{"@id":"https:\/\/portaltela.pt\/#\/schema\/person\/c4278d4a6028830caff9ee44b42d32ed"},"breadcrumb":{"@id":"https:\/\/portaltela.pt\/noticias\/2026\/03\/06\/capitania-do-funchal-prorrogou-aviso-de-agitacao-maritima-ate-sabado-de-manha\/#breadcrumb"},"inLanguage":"pt-PT","potentialAction":[{"@type":"ReadAction","target":["https:\/\/portaltela.pt\/noticias\/2026\/03\/06\/capitania-do-funchal-prorrogou-aviso-de-agitacao-maritima-ate-sabado-de-manha\/"]}]},{"@type":"ImageObject","inLanguage":"pt-PT","@id":"https:\/\/portaltela.pt\/noticias\/2026\/03\/06\/capitania-do-funchal-prorrogou-aviso-de-agitacao-maritima-ate-sabado-de-manha\/#primaryimage","url":"https:\/\/portaltela.pt\/s.01k8rhncp4jt1\/2026\/03\/img_1500x1000uu2023-10-21-10-56-20-1473028.jpg","contentUrl":"https:\/\/portaltela.pt\/s.01k8rhncp4jt1\/2026\/03\/img_1500x1000uu2023-10-21-10-56-20-1473028.jpg","width":796,"height":448,"caption":"Capit\u00e2nia do funchal, Madeira"},{"@type":"BreadcrumbList","@id":"https:\/\/portaltela.pt\/noticias\/2026\/03\/06\/capitania-do-funchal-prorrogou-aviso-de-agitacao-maritima-ate-sabado-de-manha\/#breadcrumb","itemListElement":[{"@type":"ListItem","position":1,"name":"In\u00edcio","item":"https:\/\/portaltela.pt\/"},{"@type":"ListItem","position":2,"name":"Capitania do Funchal prorrogou aviso de agita\u00e7\u00e3o mar\u00edtima at\u00e9 s\u00e1bado de manh\u00e3"}]},{"@type":"WebSite","@id":"https:\/\/portaltela.pt\/#website","url":"https:\/\/portaltela.pt\/","name":"Portal Tela Portugal","description":"","potentialAction":[{"@type":"SearchAction","target":{"@type":"EntryPoint","urlTemplate":"https:\/\/portaltela.pt\/?s={search_term_string}"},"query-input":{"@type":"PropertyValueSpecification","valueRequired":true,"valueName":"search_term_string"}}],"inLanguage":"pt-PT"},{"@type":"Person","@id":"https:\/\/portaltela.pt\/#\/schema\/person\/c4278d4a6028830caff9ee44b42d32ed","name":"Telinha","image":{"@type":"ImageObject","inLanguage":"pt-PT","@id":"https:\/\/portaltela.pt\/s.01k8rhncp4jt1\/2025\/11\/talking-bot-125x125.png","url":"https:\/\/portaltela.pt\/s.01k8rhncp4jt1\/2025\/11\/talking-bot-125x125.png","contentUrl":"https:\/\/portaltela.pt\/s.01k8rhncp4jt1\/2025\/11\/talking-bot-125x125.png","caption":"Telinha"},"sameAs":["https:\/\/portaltela.pt\/"],"url":"https:\/\/portaltela.pt\/por\/367410592786\/"}]}},"_links":{"self":[{"href":"https:\/\/portaltela.pt\/api\/wp\/v2\/posts\/399753","targetHints":{"allow":["GET"]}}],"collection":[{"href":"https:\/\/portaltela.pt\/api\/wp\/v2\/posts"}],"about":[{"href":"https:\/\/portaltela.pt\/api\/wp\/v2\/types\/post"}],"author":[{"embeddable":true,"href":"https:\/\/portaltela.pt\/api\/wp\/v2\/users\/2"}],"replies":[{"embeddable":true,"href":"https:\/\/portaltela.pt\/api\/wp\/v2\/comments?post=399753"}],"version-history":[{"count":0,"href":"https:\/\/portaltela.pt\/api\/wp\/v2\/posts\/399753\/revisions"}],"wp:featuredmedia":[{"embeddable":true,"href":"https:\/\/portaltela.pt\/api\/wp\/v2\/media\/399756"}],"wp:attachment":[{"href":"https:\/\/portaltela.pt\/api\/wp\/v2\/media?parent=399753"}],"wp:term":[{"taxonomy":"category","embeddable":true,"href":"https:\/\/portaltela.pt\/api\/wp\/v2\/categories?post=399753"},{"taxonomy":"post_tag","embeddable":true,"href":"https:\/\/portaltela.pt\/api\/wp\/v2\/tags?post=399753"}],"curies":[{"name":"wp","href":"https:\/\/api.w.org\/{rel}","templated":true}]}}