{"id":399729,"date":"2026-03-06T06:43:00","date_gmt":"2026-03-06T09:43:00","guid":{"rendered":"https:\/\/portaltela.pt\/noticias\/2026\/03\/06\/presidente-do-kosovo-dissolve-o-parlamento-e-marca-eleicoes-antecipadas\/"},"modified":"2026-03-06T06:43:00","modified_gmt":"2026-03-06T09:43:00","slug":"presidente-do-kosovo-dissolve-o-parlamento-e-marca-eleicoes-antecipadas","status":"publish","type":"post","link":"https:\/\/portaltela.pt\/noticias\/internacional\/2026\/03\/06\/presidente-do-kosovo-dissolve-o-parlamento-e-marca-eleicoes-antecipadas\/","title":{"rendered":"Presidente do Kosovo dissolve o Parlamento e marca elei\u00e7\u00f5es antecipadas"},"content":{"rendered":"<p>A presidente do Kosovo, Vjosa Osmani, dissolveu o Parlamento na sexta-feira. A medida acontece porque os deputados n\u00e3o conseguiram eleger um Presidente que substitua Osmani ao fim do mandato. Segundo a lei, essa falha desencadeia elei\u00e7\u00f5es legislativas antecipadas.<\/p>\n<p>O parlamento tinha o prazo at\u00e9 \u00e0 meia-noite de quinta-feira para concluir a elei\u00e7\u00e3o presidencial. Os partidos da oposi\u00e7\u00e3o recusaram-se a participar na vota\u00e7\u00e3o, impedindo a escolha dentro do tempo legal. O n\u00e3o cumprimento do processo levou diretamente ao an\u00fancio de elei\u00e7\u00f5es.<\/p>\n<p>A decis\u00e3o prolonga o impasse pol\u00edtico no Kosovo, pa\u00eds com aspira\u00e7\u00f5es de ades\u00e3o \u00e0 Uni\u00e3o Europeia. Nas \u00faltimas elei\u00e7\u00f5es, realizadas h\u00e1 pouco mais de um ano, o parlamento continuou fragmentado, sem formar um Governo est\u00e1vel durante grande parte do per\u00edodo.<\/p>\n<p>As pr\u00f3ximas elei\u00e7\u00f5es dever\u00e3o ser as terceiras em pouco mais de um ano, ap\u00f3s as elei\u00e7\u00f5es de dezembro de 2025 e fevereiro de 2025. Osmani informou que se reunir\u00e1 hoje com os partidos para definir a data das elei\u00e7\u00f5es e os pr\u00f3ximos passos institucionais.<\/p>\n<h3>Pr\u00f3ximos passos<\/h3>\n<p>Osmani indicou que a reuni\u00e3o com as forma\u00e7\u00f5es pol\u00edticas servir\u00e1 para confirmar a data das elei\u00e7\u00f5es e discutir o calend\u00e1rio governamental durante o per\u00edodo de transi\u00e7\u00e3o. O Governo em fun\u00e7\u00f5es dever\u00e1 manter opera\u00e7\u00f5es administrativas enquanto decorre o processo eleitoral.<\/p>\n","protected":false},"excerpt":{"rendered":"<ul>\n<li>A presidente do Kosovo, Vjosa Osmani, dissolveu o Parlamento e convocou elei\u00e7\u00f5es legislativas antecipadas, ap\u00f3s os deputados n\u00e3o terem conseguido eleger um Presidente.<\/li>\n<li>O parlamento tinha at\u00e9 \u00e0 meia-noite de quinta-feira para escolher um Presidente antes do fim do mandato de Osmani, marcado para abril.<\/li>\n<li>Os partidos da oposi\u00e7\u00e3o recusaram-se a participar na vota\u00e7\u00e3o, o que impediu a elei\u00e7\u00e3o do novo chefe de Estado.<\/li>\n<li>De acordo com a lei do Kosovo, a n\u00e3o elei\u00e7\u00e3o de um Presidente desencadeia automaticamente elei\u00e7\u00f5es legislativas antecipadas.<\/li>\n<li>As pr\u00f3ximas elei\u00e7\u00f5es ser\u00e3o as terceiras em pouco mais de um ano; Osmani afirmou que o Parlamento n\u00e3o pode continuar a arrastar o processo e ir\u00e1 reunir-se com os partidos para definir a data.<\/li>\n<\/ul>\n","protected":false},"author":2,"featured_media":399735,"comment_status":"closed","ping_status":"closed","sticky":false,"template":"","format":"standard","meta":{"footnotes":""},"categories":[4,1],"tags":[68,2487,34,2535,5698,2055],"class_list":["post-399729","post","type-post","status-publish","format-standard","has-post-thumbnail","hentry","category-internacional","category-noticias","tag-eleicoes","tag-europa","tag-governo","tag-kosovo","tag-politica-internacional","tag-uniao-europeia"],"yoast_head":"<!-- This site is optimized with the Yoast SEO plugin v27.2 - https:\/\/yoast.com\/product\/yoast-seo-wordpress\/ -->\n<title>Presidente do Kosovo dissolve o Parlamento e marca elei\u00e7\u00f5es antecipadas - Portal Tela Portugal<\/title>\n<meta name=\"robots\" content=\"index, follow, max-snippet:-1, max-image-preview:large, max-video-preview:-1\" \/>\n<meta property=\"og:locale\" content=\"pt_PT\" \/>\n<meta property=\"og:type\" content=\"article\" \/>\n<meta property=\"og:title\" content=\"Presidente do Kosovo dissolve o Parlamento e marca elei\u00e7\u00f5es antecipadas - Portal Tela Portugal\" \/>\n<meta property=\"og:description\" content=\"A presidente do Kosovo, Vjosa Osmani, dissolveu o Parlamento e convocou elei\u00e7\u00f5es legislativas antecipadas, ap\u00f3s os deputados n\u00e3o terem conseguido eleger um Presidente. O parlamento tinha at\u00e9 \u00e0 meia-noite de quinta-feira para escolher um Presidente antes do fim do mandato de Osmani, marcado para abril. Os partidos da oposi\u00e7\u00e3o recusaram-se a participar na vota\u00e7\u00e3o, o que impediu a elei\u00e7\u00e3o do novo chefe de Estado. De acordo com a lei do Kosovo, a n\u00e3o elei\u00e7\u00e3o de um Presidente desencadeia automaticamente elei\u00e7\u00f5es legislativas antecipadas. As pr\u00f3ximas elei\u00e7\u00f5es ser\u00e3o as terceiras em pouco mais de um ano; Osmani afirmou que o Parlamento n\u00e3o pode continuar a arrastar o processo e ir\u00e1 reunir-se com os partidos para definir a data.\" \/>\n<meta property=\"og:url\" content=\"https:\/\/portaltela.pt\/noticias\/2026\/03\/06\/presidente-do-kosovo-dissolve-o-parlamento-e-marca-eleicoes-antecipadas\/\" \/>\n<meta property=\"og:site_name\" content=\"Portal Tela Portugal\" \/>\n<meta property=\"article:published_time\" content=\"2026-03-06T09:43:00+00:00\" \/>\n<meta name=\"author\" content=\"Telinha\" \/>\n<meta name=\"twitter:card\" content=\"summary_large_image\" \/>\n<meta name=\"twitter:label1\" content=\"Escrito por\" \/>\n\t<meta name=\"twitter:data1\" content=\"Telinha\" \/>\n\t<meta name=\"twitter:label2\" content=\"Tempo estimado de leitura\" \/>\n\t<meta name=\"twitter:data2\" content=\"1 minuto\" \/>\n<script type=\"application\/ld+json\" class=\"yoast-schema-graph\">{\"@context\":\"https:\/\/schema.org\",\"@graph\":[{\"@type\":\"Article\",\"@id\":\"https:\/\/portaltela.pt\/noticias\/2026\/03\/06\/presidente-do-kosovo-dissolve-o-parlamento-e-marca-eleicoes-antecipadas\/#article\",\"isPartOf\":{\"@id\":\"https:\/\/portaltela.pt\/noticias\/2026\/03\/06\/presidente-do-kosovo-dissolve-o-parlamento-e-marca-eleicoes-antecipadas\/\"},\"author\":{\"name\":\"Telinha\",\"@id\":\"https:\/\/portaltela.pt\/#\/schema\/person\/c4278d4a6028830caff9ee44b42d32ed\"},\"headline\":\"Presidente do Kosovo dissolve o Parlamento e marca elei\u00e7\u00f5es antecipadas\",\"datePublished\":\"2026-03-06T09:43:00+00:00\",\"mainEntityOfPage\":{\"@id\":\"https:\/\/portaltela.pt\/noticias\/2026\/03\/06\/presidente-do-kosovo-dissolve-o-parlamento-e-marca-eleicoes-antecipadas\/\"},\"wordCount\":246,\"image\":{\"@id\":\"https:\/\/portaltela.pt\/noticias\/2026\/03\/06\/presidente-do-kosovo-dissolve-o-parlamento-e-marca-eleicoes-antecipadas\/#primaryimage\"},\"thumbnailUrl\":\"https:\/\/portaltela.pt\/s.01k8rhncp4jt1\/2026\/03\/2072189.jpg\",\"keywords\":[\"elei\u00e7\u00f5es\",\"Europa\",\"governo\",\"Kosovo\",\"pol\u00edtica internacional\",\"Uni\u00e3o Europeia\"],\"articleSection\":[\"Internacional\",\"Not\u00edcias\"],\"inLanguage\":\"pt-PT\"},{\"@type\":\"WebPage\",\"@id\":\"https:\/\/portaltela.pt\/noticias\/2026\/03\/06\/presidente-do-kosovo-dissolve-o-parlamento-e-marca-eleicoes-antecipadas\/\",\"url\":\"https:\/\/portaltela.pt\/noticias\/2026\/03\/06\/presidente-do-kosovo-dissolve-o-parlamento-e-marca-eleicoes-antecipadas\/\",\"name\":\"Presidente do Kosovo dissolve o Parlamento e marca elei\u00e7\u00f5es antecipadas - Portal Tela Portugal\",\"isPartOf\":{\"@id\":\"https:\/\/portaltela.pt\/#website\"},\"primaryImageOfPage\":{\"@id\":\"https:\/\/portaltela.pt\/noticias\/2026\/03\/06\/presidente-do-kosovo-dissolve-o-parlamento-e-marca-eleicoes-antecipadas\/#primaryimage\"},\"image\":{\"@id\":\"https:\/\/portaltela.pt\/noticias\/2026\/03\/06\/presidente-do-kosovo-dissolve-o-parlamento-e-marca-eleicoes-antecipadas\/#primaryimage\"},\"thumbnailUrl\":\"https:\/\/portaltela.pt\/s.01k8rhncp4jt1\/2026\/03\/2072189.jpg\",\"datePublished\":\"2026-03-06T09:43:00+00:00\",\"author\":{\"@id\":\"https:\/\/portaltela.pt\/#\/schema\/person\/c4278d4a6028830caff9ee44b42d32ed\"},\"breadcrumb\":{\"@id\":\"https:\/\/portaltela.pt\/noticias\/2026\/03\/06\/presidente-do-kosovo-dissolve-o-parlamento-e-marca-eleicoes-antecipadas\/#breadcrumb\"},\"inLanguage\":\"pt-PT\",\"potentialAction\":[{\"@type\":\"ReadAction\",\"target\":[\"https:\/\/portaltela.pt\/noticias\/2026\/03\/06\/presidente-do-kosovo-dissolve-o-parlamento-e-marca-eleicoes-antecipadas\/\"]}]},{\"@type\":\"ImageObject\",\"inLanguage\":\"pt-PT\",\"@id\":\"https:\/\/portaltela.pt\/noticias\/2026\/03\/06\/presidente-do-kosovo-dissolve-o-parlamento-e-marca-eleicoes-antecipadas\/#primaryimage\",\"url\":\"https:\/\/portaltela.pt\/s.01k8rhncp4jt1\/2026\/03\/2072189.jpg\",\"contentUrl\":\"https:\/\/portaltela.pt\/s.01k8rhncp4jt1\/2026\/03\/2072189.jpg\",\"width\":796,\"height\":448,\"caption\":\"Vjosa Osmani acusa o Parlamento de \\\"arrastar o processo\\\"\"},{\"@type\":\"BreadcrumbList\",\"@id\":\"https:\/\/portaltela.pt\/noticias\/2026\/03\/06\/presidente-do-kosovo-dissolve-o-parlamento-e-marca-eleicoes-antecipadas\/#breadcrumb\",\"itemListElement\":[{\"@type\":\"ListItem\",\"position\":1,\"name\":\"In\u00edcio\",\"item\":\"https:\/\/portaltela.pt\/\"},{\"@type\":\"ListItem\",\"position\":2,\"name\":\"Presidente do Kosovo dissolve o Parlamento e marca elei\u00e7\u00f5es antecipadas\"}]},{\"@type\":\"WebSite\",\"@id\":\"https:\/\/portaltela.pt\/#website\",\"url\":\"https:\/\/portaltela.pt\/\",\"name\":\"Portal Tela Portugal\",\"description\":\"\",\"potentialAction\":[{\"@type\":\"SearchAction\",\"target\":{\"@type\":\"EntryPoint\",\"urlTemplate\":\"https:\/\/portaltela.pt\/?s={search_term_string}\"},\"query-input\":{\"@type\":\"PropertyValueSpecification\",\"valueRequired\":true,\"valueName\":\"search_term_string\"}}],\"inLanguage\":\"pt-PT\"},{\"@type\":\"Person\",\"@id\":\"https:\/\/portaltela.pt\/#\/schema\/person\/c4278d4a6028830caff9ee44b42d32ed\",\"name\":\"Telinha\",\"image\":{\"@type\":\"ImageObject\",\"inLanguage\":\"pt-PT\",\"@id\":\"https:\/\/portaltela.pt\/s.01k8rhncp4jt1\/2025\/11\/talking-bot-125x125.png\",\"url\":\"https:\/\/portaltela.pt\/s.01k8rhncp4jt1\/2025\/11\/talking-bot-125x125.png\",\"contentUrl\":\"https:\/\/portaltela.pt\/s.01k8rhncp4jt1\/2025\/11\/talking-bot-125x125.png\",\"caption\":\"Telinha\"},\"sameAs\":[\"https:\/\/portaltela.pt\/\"],\"url\":\"https:\/\/portaltela.pt\/por\/367410592786\/\"}]}<\/script>\n<!-- \/ Yoast SEO plugin. -->","yoast_head_json":{"title":"Presidente do Kosovo dissolve o Parlamento e marca elei\u00e7\u00f5es antecipadas - Portal Tela Portugal","robots":{"index":"index","follow":"follow","max-snippet":"max-snippet:-1","max-image-preview":"max-image-preview:large","max-video-preview":"max-video-preview:-1"},"og_locale":"pt_PT","og_type":"article","og_title":"Presidente do Kosovo dissolve o Parlamento e marca elei\u00e7\u00f5es antecipadas - Portal Tela Portugal","og_description":"A presidente do Kosovo, Vjosa Osmani, dissolveu o Parlamento e convocou elei\u00e7\u00f5es legislativas antecipadas, ap\u00f3s os deputados n\u00e3o terem conseguido eleger um Presidente. O parlamento tinha at\u00e9 \u00e0 meia-noite de quinta-feira para escolher um Presidente antes do fim do mandato de Osmani, marcado para abril. Os partidos da oposi\u00e7\u00e3o recusaram-se a participar na vota\u00e7\u00e3o, o que impediu a elei\u00e7\u00e3o do novo chefe de Estado. De acordo com a lei do Kosovo, a n\u00e3o elei\u00e7\u00e3o de um Presidente desencadeia automaticamente elei\u00e7\u00f5es legislativas antecipadas. As pr\u00f3ximas elei\u00e7\u00f5es ser\u00e3o as terceiras em pouco mais de um ano; Osmani afirmou que o Parlamento n\u00e3o pode continuar a arrastar o processo e ir\u00e1 reunir-se com os partidos para definir a data.","og_url":"https:\/\/portaltela.pt\/noticias\/2026\/03\/06\/presidente-do-kosovo-dissolve-o-parlamento-e-marca-eleicoes-antecipadas\/","og_site_name":"Portal Tela Portugal","article_published_time":"2026-03-06T09:43:00+00:00","author":"Telinha","twitter_card":"summary_large_image","twitter_misc":{"Escrito por":"Telinha","Tempo estimado de leitura":"1 minuto"},"schema":{"@context":"https:\/\/schema.org","@graph":[{"@type":"Article","@id":"https:\/\/portaltela.pt\/noticias\/2026\/03\/06\/presidente-do-kosovo-dissolve-o-parlamento-e-marca-eleicoes-antecipadas\/#article","isPartOf":{"@id":"https:\/\/portaltela.pt\/noticias\/2026\/03\/06\/presidente-do-kosovo-dissolve-o-parlamento-e-marca-eleicoes-antecipadas\/"},"author":{"name":"Telinha","@id":"https:\/\/portaltela.pt\/#\/schema\/person\/c4278d4a6028830caff9ee44b42d32ed"},"headline":"Presidente do Kosovo dissolve o Parlamento e marca elei\u00e7\u00f5es antecipadas","datePublished":"2026-03-06T09:43:00+00:00","mainEntityOfPage":{"@id":"https:\/\/portaltela.pt\/noticias\/2026\/03\/06\/presidente-do-kosovo-dissolve-o-parlamento-e-marca-eleicoes-antecipadas\/"},"wordCount":246,"image":{"@id":"https:\/\/portaltela.pt\/noticias\/2026\/03\/06\/presidente-do-kosovo-dissolve-o-parlamento-e-marca-eleicoes-antecipadas\/#primaryimage"},"thumbnailUrl":"https:\/\/portaltela.pt\/s.01k8rhncp4jt1\/2026\/03\/2072189.jpg","keywords":["elei\u00e7\u00f5es","Europa","governo","Kosovo","pol\u00edtica internacional","Uni\u00e3o Europeia"],"articleSection":["Internacional","Not\u00edcias"],"inLanguage":"pt-PT"},{"@type":"WebPage","@id":"https:\/\/portaltela.pt\/noticias\/2026\/03\/06\/presidente-do-kosovo-dissolve-o-parlamento-e-marca-eleicoes-antecipadas\/","url":"https:\/\/portaltela.pt\/noticias\/2026\/03\/06\/presidente-do-kosovo-dissolve-o-parlamento-e-marca-eleicoes-antecipadas\/","name":"Presidente do Kosovo dissolve o Parlamento e marca elei\u00e7\u00f5es antecipadas - Portal Tela Portugal","isPartOf":{"@id":"https:\/\/portaltela.pt\/#website"},"primaryImageOfPage":{"@id":"https:\/\/portaltela.pt\/noticias\/2026\/03\/06\/presidente-do-kosovo-dissolve-o-parlamento-e-marca-eleicoes-antecipadas\/#primaryimage"},"image":{"@id":"https:\/\/portaltela.pt\/noticias\/2026\/03\/06\/presidente-do-kosovo-dissolve-o-parlamento-e-marca-eleicoes-antecipadas\/#primaryimage"},"thumbnailUrl":"https:\/\/portaltela.pt\/s.01k8rhncp4jt1\/2026\/03\/2072189.jpg","datePublished":"2026-03-06T09:43:00+00:00","author":{"@id":"https:\/\/portaltela.pt\/#\/schema\/person\/c4278d4a6028830caff9ee44b42d32ed"},"breadcrumb":{"@id":"https:\/\/portaltela.pt\/noticias\/2026\/03\/06\/presidente-do-kosovo-dissolve-o-parlamento-e-marca-eleicoes-antecipadas\/#breadcrumb"},"inLanguage":"pt-PT","potentialAction":[{"@type":"ReadAction","target":["https:\/\/portaltela.pt\/noticias\/2026\/03\/06\/presidente-do-kosovo-dissolve-o-parlamento-e-marca-eleicoes-antecipadas\/"]}]},{"@type":"ImageObject","inLanguage":"pt-PT","@id":"https:\/\/portaltela.pt\/noticias\/2026\/03\/06\/presidente-do-kosovo-dissolve-o-parlamento-e-marca-eleicoes-antecipadas\/#primaryimage","url":"https:\/\/portaltela.pt\/s.01k8rhncp4jt1\/2026\/03\/2072189.jpg","contentUrl":"https:\/\/portaltela.pt\/s.01k8rhncp4jt1\/2026\/03\/2072189.jpg","width":796,"height":448,"caption":"Vjosa Osmani acusa o Parlamento de \"arrastar o processo\""},{"@type":"BreadcrumbList","@id":"https:\/\/portaltela.pt\/noticias\/2026\/03\/06\/presidente-do-kosovo-dissolve-o-parlamento-e-marca-eleicoes-antecipadas\/#breadcrumb","itemListElement":[{"@type":"ListItem","position":1,"name":"In\u00edcio","item":"https:\/\/portaltela.pt\/"},{"@type":"ListItem","position":2,"name":"Presidente do Kosovo dissolve o Parlamento e marca elei\u00e7\u00f5es antecipadas"}]},{"@type":"WebSite","@id":"https:\/\/portaltela.pt\/#website","url":"https:\/\/portaltela.pt\/","name":"Portal Tela Portugal","description":"","potentialAction":[{"@type":"SearchAction","target":{"@type":"EntryPoint","urlTemplate":"https:\/\/portaltela.pt\/?s={search_term_string}"},"query-input":{"@type":"PropertyValueSpecification","valueRequired":true,"valueName":"search_term_string"}}],"inLanguage":"pt-PT"},{"@type":"Person","@id":"https:\/\/portaltela.pt\/#\/schema\/person\/c4278d4a6028830caff9ee44b42d32ed","name":"Telinha","image":{"@type":"ImageObject","inLanguage":"pt-PT","@id":"https:\/\/portaltela.pt\/s.01k8rhncp4jt1\/2025\/11\/talking-bot-125x125.png","url":"https:\/\/portaltela.pt\/s.01k8rhncp4jt1\/2025\/11\/talking-bot-125x125.png","contentUrl":"https:\/\/portaltela.pt\/s.01k8rhncp4jt1\/2025\/11\/talking-bot-125x125.png","caption":"Telinha"},"sameAs":["https:\/\/portaltela.pt\/"],"url":"https:\/\/portaltela.pt\/por\/367410592786\/"}]}},"_links":{"self":[{"href":"https:\/\/portaltela.pt\/api\/wp\/v2\/posts\/399729","targetHints":{"allow":["GET"]}}],"collection":[{"href":"https:\/\/portaltela.pt\/api\/wp\/v2\/posts"}],"about":[{"href":"https:\/\/portaltela.pt\/api\/wp\/v2\/types\/post"}],"author":[{"embeddable":true,"href":"https:\/\/portaltela.pt\/api\/wp\/v2\/users\/2"}],"replies":[{"embeddable":true,"href":"https:\/\/portaltela.pt\/api\/wp\/v2\/comments?post=399729"}],"version-history":[{"count":0,"href":"https:\/\/portaltela.pt\/api\/wp\/v2\/posts\/399729\/revisions"}],"wp:featuredmedia":[{"embeddable":true,"href":"https:\/\/portaltela.pt\/api\/wp\/v2\/media\/399735"}],"wp:attachment":[{"href":"https:\/\/portaltela.pt\/api\/wp\/v2\/media?parent=399729"}],"wp:term":[{"taxonomy":"category","embeddable":true,"href":"https:\/\/portaltela.pt\/api\/wp\/v2\/categories?post=399729"},{"taxonomy":"post_tag","embeddable":true,"href":"https:\/\/portaltela.pt\/api\/wp\/v2\/tags?post=399729"}],"curies":[{"name":"wp","href":"https:\/\/api.w.org\/{rel}","templated":true}]}}