{"id":399719,"date":"2026-03-06T07:01:53","date_gmt":"2026-03-06T10:01:53","guid":{"rendered":"https:\/\/portaltela.pt\/noticias\/2026\/03\/06\/apoios-insuficientes-para-kristin-familias-pedem-mais-ajuda\/"},"modified":"2026-03-06T07:01:53","modified_gmt":"2026-03-06T10:01:53","slug":"apoios-insuficientes-para-kristin-familias-pedem-mais-ajuda","status":"publish","type":"post","link":"https:\/\/portaltela.pt\/noticias\/economia\/2026\/03\/06\/apoios-insuficientes-para-kristin-familias-pedem-mais-ajuda\/","title":{"rendered":"Apoios insuficientes para Kristin; fam\u00edlias pedem mais ajuda"},"content":{"rendered":"<p>Os pedidos de ajuda chegam \u00e0 Deco com cada vez mais frequ\u00eancia. Fam\u00edlias afetadas pela depress\u00e3o Kristin lutam para financiar a reabilita\u00e7\u00e3o das suas casas, especialmente agregados com baixos rendimentos e reformados.<\/p>\n<p>A associa\u00e7\u00e3o diz que os apoios atuais n\u00e3o s\u00e3o suficientes para cobrir os custos de reconstru\u00e7\u00e3o. H\u00e1 um aumento de pedidos de morat\u00f3rias e de alargamento das medidas de apoio a cr\u00e9ditos pessoais.<\/p>\n<p>A Deco aponta que a situa\u00e7\u00e3o est\u00e1 particularmente agravada pela subida dos custos de materiais e de m\u00e3o de obra, o que eleva o or\u00e7amento necess\u00e1rio para a reabilita\u00e7\u00e3o.<\/p>\n<p>A organiza\u00e7\u00e3o refor\u00e7a a necessidade de refor\u00e7ar apoios p\u00fablicos e privados e de estender as morat\u00f3rias para evitar que fam\u00edlias entrem em incumprimento financeiro.<\/p>\n<h3>Contexto financeiro e necessidades<\/h3>\n<p>Segundo a Deco, a janela de apoio atual n\u00e3o cobre a totalidade dos encargos, deixando muitas fam\u00edlias em situa\u00e7\u00e3o cr\u00edtica. O aumento de pedidos indica uma procura crescente por prote\u00e7\u00e3o de cr\u00e9dito.<\/p>\n<p>A associa\u00e7\u00e3o mant\u00e9m o apelo \u00e0s entidades competentes para atualizar e ampliar as medidas de apoio, de forma a permitir a reconstru\u00e7\u00e3o das casas e a retomada da vida quotidiana.<\/p>\n<p>Reformados sem acesso a apoios continuam entre os mais vulner\u00e1veis, segundo a Deco, que n\u00e3o aponta novas solu\u00e7\u00f5es al\u00e9m do refor\u00e7o de apoios j\u00e1 existentes.<\/p>\n","protected":false},"excerpt":{"rendered":"<ul>\n<li>A Deco afirma que os agregados com baixos rendimentos e reformados est\u00e3o numa situa\u00e7\u00e3o muito aflitiva face aos custos de reabilita\u00e7\u00e3o das casas.<\/li>\n<li>Os apoios existentes n\u00e3o chegam para cobrir as obras de reconstru\u00e7\u00e3o, levando a mais pedidos de ajuda.<\/li>\n<li>H\u00e1 um aumento dos pedidos de morat\u00f3rias e de alargamento das medidas de apoio aos cr\u00e9ditos pessoais.<\/li>\n<li>O aumento dos custos de materiais e m\u00e3o de obra agrava a recupera\u00e7\u00e3o das casas afetadas pela depress\u00e3o Kristin.<\/li>\n<li>A Deco solicita refor\u00e7os p\u00fablicos e privados, bem como extens\u00e3o das morat\u00f3rias, para que as fam\u00edlias possam reconstruir e retomar a vida.<\/li>\n<\/ul>\n","protected":false},"author":2,"featured_media":399721,"comment_status":"closed","ping_status":"closed","sticky":false,"template":"","format":"standard","meta":{"footnotes":""},"categories":[2,1],"tags":[1211,1960,150,1167,5238],"class_list":["post-399719","post","type-post","status-publish","format-standard","has-post-thumbnail","hentry","category-economia","category-noticias","tag-apoio-social","tag-credito","tag-habitacao","tag-habitacao-social","tag-moratorias"],"yoast_head":"<!-- This site is optimized with the Yoast SEO plugin v27.2 - https:\/\/yoast.com\/product\/yoast-seo-wordpress\/ -->\n<title>Apoios insuficientes para Kristin; fam\u00edlias pedem mais ajuda - Portal Tela Portugal<\/title>\n<meta name=\"robots\" content=\"index, follow, max-snippet:-1, max-image-preview:large, max-video-preview:-1\" \/>\n<meta property=\"og:locale\" content=\"pt_PT\" \/>\n<meta property=\"og:type\" content=\"article\" \/>\n<meta property=\"og:title\" content=\"Apoios insuficientes para Kristin; fam\u00edlias pedem mais ajuda - Portal Tela Portugal\" \/>\n<meta property=\"og:description\" content=\"A Deco afirma que os agregados com baixos rendimentos e reformados est\u00e3o numa situa\u00e7\u00e3o muito aflitiva face aos custos de reabilita\u00e7\u00e3o das casas. Os apoios existentes n\u00e3o chegam para cobrir as obras de reconstru\u00e7\u00e3o, levando a mais pedidos de ajuda. H\u00e1 um aumento dos pedidos de morat\u00f3rias e de alargamento das medidas de apoio aos cr\u00e9ditos pessoais. O aumento dos custos de materiais e m\u00e3o de obra agrava a recupera\u00e7\u00e3o das casas afetadas pela depress\u00e3o Kristin. A Deco solicita refor\u00e7os p\u00fablicos e privados, bem como extens\u00e3o das morat\u00f3rias, para que as fam\u00edlias possam reconstruir e retomar a vida.\" \/>\n<meta property=\"og:url\" content=\"https:\/\/portaltela.pt\/noticias\/2026\/03\/06\/apoios-insuficientes-para-kristin-familias-pedem-mais-ajuda\/\" \/>\n<meta property=\"og:site_name\" content=\"Portal Tela Portugal\" \/>\n<meta property=\"article:published_time\" content=\"2026-03-06T10:01:53+00:00\" \/>\n<meta name=\"author\" content=\"Telinha\" \/>\n<meta name=\"twitter:card\" content=\"summary_large_image\" \/>\n<meta name=\"twitter:label1\" content=\"Escrito por\" \/>\n\t<meta name=\"twitter:data1\" content=\"Telinha\" \/>\n\t<meta name=\"twitter:label2\" content=\"Tempo estimado de leitura\" \/>\n\t<meta name=\"twitter:data2\" content=\"1 minuto\" \/>\n<script type=\"application\/ld+json\" class=\"yoast-schema-graph\">{\"@context\":\"https:\/\/schema.org\",\"@graph\":[{\"@type\":\"Article\",\"@id\":\"https:\/\/portaltela.pt\/noticias\/2026\/03\/06\/apoios-insuficientes-para-kristin-familias-pedem-mais-ajuda\/#article\",\"isPartOf\":{\"@id\":\"https:\/\/portaltela.pt\/noticias\/2026\/03\/06\/apoios-insuficientes-para-kristin-familias-pedem-mais-ajuda\/\"},\"author\":{\"name\":\"Telinha\",\"@id\":\"https:\/\/portaltela.pt\/#\/schema\/person\/c4278d4a6028830caff9ee44b42d32ed\"},\"headline\":\"Apoios insuficientes para Kristin; fam\u00edlias pedem mais ajuda\",\"datePublished\":\"2026-03-06T10:01:53+00:00\",\"mainEntityOfPage\":{\"@id\":\"https:\/\/portaltela.pt\/noticias\/2026\/03\/06\/apoios-insuficientes-para-kristin-familias-pedem-mais-ajuda\/\"},\"wordCount\":252,\"image\":{\"@id\":\"https:\/\/portaltela.pt\/noticias\/2026\/03\/06\/apoios-insuficientes-para-kristin-familias-pedem-mais-ajuda\/#primaryimage\"},\"thumbnailUrl\":\"https:\/\/portaltela.pt\/s.01k8rhncp4jt1\/2026\/03\/dn2F2026-02-102Fdmoj6lb62Fmau-tempo-2.jpg\",\"keywords\":[\"Apoio Social\",\"cr\u00e9dito\",\"habita\u00e7\u00e3o\",\"habita\u00e7\u00e3o social\",\"morat\u00f3rias\"],\"articleSection\":[\"Economia\",\"Not\u00edcias\"],\"inLanguage\":\"pt-PT\"},{\"@type\":\"WebPage\",\"@id\":\"https:\/\/portaltela.pt\/noticias\/2026\/03\/06\/apoios-insuficientes-para-kristin-familias-pedem-mais-ajuda\/\",\"url\":\"https:\/\/portaltela.pt\/noticias\/2026\/03\/06\/apoios-insuficientes-para-kristin-familias-pedem-mais-ajuda\/\",\"name\":\"Apoios insuficientes para Kristin; fam\u00edlias pedem mais ajuda - Portal Tela Portugal\",\"isPartOf\":{\"@id\":\"https:\/\/portaltela.pt\/#website\"},\"primaryImageOfPage\":{\"@id\":\"https:\/\/portaltela.pt\/noticias\/2026\/03\/06\/apoios-insuficientes-para-kristin-familias-pedem-mais-ajuda\/#primaryimage\"},\"image\":{\"@id\":\"https:\/\/portaltela.pt\/noticias\/2026\/03\/06\/apoios-insuficientes-para-kristin-familias-pedem-mais-ajuda\/#primaryimage\"},\"thumbnailUrl\":\"https:\/\/portaltela.pt\/s.01k8rhncp4jt1\/2026\/03\/dn2F2026-02-102Fdmoj6lb62Fmau-tempo-2.jpg\",\"datePublished\":\"2026-03-06T10:01:53+00:00\",\"author\":{\"@id\":\"https:\/\/portaltela.pt\/#\/schema\/person\/c4278d4a6028830caff9ee44b42d32ed\"},\"breadcrumb\":{\"@id\":\"https:\/\/portaltela.pt\/noticias\/2026\/03\/06\/apoios-insuficientes-para-kristin-familias-pedem-mais-ajuda\/#breadcrumb\"},\"inLanguage\":\"pt-PT\",\"potentialAction\":[{\"@type\":\"ReadAction\",\"target\":[\"https:\/\/portaltela.pt\/noticias\/2026\/03\/06\/apoios-insuficientes-para-kristin-familias-pedem-mais-ajuda\/\"]}]},{\"@type\":\"ImageObject\",\"inLanguage\":\"pt-PT\",\"@id\":\"https:\/\/portaltela.pt\/noticias\/2026\/03\/06\/apoios-insuficientes-para-kristin-familias-pedem-mais-ajuda\/#primaryimage\",\"url\":\"https:\/\/portaltela.pt\/s.01k8rhncp4jt1\/2026\/03\/dn2F2026-02-102Fdmoj6lb62Fmau-tempo-2.jpg\",\"contentUrl\":\"https:\/\/portaltela.pt\/s.01k8rhncp4jt1\/2026\/03\/dn2F2026-02-102Fdmoj6lb62Fmau-tempo-2.jpg\",\"width\":1200,\"height\":630,\"caption\":\"Reinaldo Rodrigues\"},{\"@type\":\"BreadcrumbList\",\"@id\":\"https:\/\/portaltela.pt\/noticias\/2026\/03\/06\/apoios-insuficientes-para-kristin-familias-pedem-mais-ajuda\/#breadcrumb\",\"itemListElement\":[{\"@type\":\"ListItem\",\"position\":1,\"name\":\"In\u00edcio\",\"item\":\"https:\/\/portaltela.pt\/\"},{\"@type\":\"ListItem\",\"position\":2,\"name\":\"Apoios insuficientes para Kristin; fam\u00edlias pedem mais ajuda\"}]},{\"@type\":\"WebSite\",\"@id\":\"https:\/\/portaltela.pt\/#website\",\"url\":\"https:\/\/portaltela.pt\/\",\"name\":\"Portal Tela Portugal\",\"description\":\"\",\"potentialAction\":[{\"@type\":\"SearchAction\",\"target\":{\"@type\":\"EntryPoint\",\"urlTemplate\":\"https:\/\/portaltela.pt\/?s={search_term_string}\"},\"query-input\":{\"@type\":\"PropertyValueSpecification\",\"valueRequired\":true,\"valueName\":\"search_term_string\"}}],\"inLanguage\":\"pt-PT\"},{\"@type\":\"Person\",\"@id\":\"https:\/\/portaltela.pt\/#\/schema\/person\/c4278d4a6028830caff9ee44b42d32ed\",\"name\":\"Telinha\",\"image\":{\"@type\":\"ImageObject\",\"inLanguage\":\"pt-PT\",\"@id\":\"https:\/\/portaltela.pt\/s.01k8rhncp4jt1\/2025\/11\/talking-bot-125x125.png\",\"url\":\"https:\/\/portaltela.pt\/s.01k8rhncp4jt1\/2025\/11\/talking-bot-125x125.png\",\"contentUrl\":\"https:\/\/portaltela.pt\/s.01k8rhncp4jt1\/2025\/11\/talking-bot-125x125.png\",\"caption\":\"Telinha\"},\"sameAs\":[\"https:\/\/portaltela.pt\/\"],\"url\":\"https:\/\/portaltela.pt\/por\/367410592786\/\"}]}<\/script>\n<!-- \/ Yoast SEO plugin. -->","yoast_head_json":{"title":"Apoios insuficientes para Kristin; fam\u00edlias pedem mais ajuda - Portal Tela Portugal","robots":{"index":"index","follow":"follow","max-snippet":"max-snippet:-1","max-image-preview":"max-image-preview:large","max-video-preview":"max-video-preview:-1"},"og_locale":"pt_PT","og_type":"article","og_title":"Apoios insuficientes para Kristin; fam\u00edlias pedem mais ajuda - Portal Tela Portugal","og_description":"A Deco afirma que os agregados com baixos rendimentos e reformados est\u00e3o numa situa\u00e7\u00e3o muito aflitiva face aos custos de reabilita\u00e7\u00e3o das casas. Os apoios existentes n\u00e3o chegam para cobrir as obras de reconstru\u00e7\u00e3o, levando a mais pedidos de ajuda. H\u00e1 um aumento dos pedidos de morat\u00f3rias e de alargamento das medidas de apoio aos cr\u00e9ditos pessoais. O aumento dos custos de materiais e m\u00e3o de obra agrava a recupera\u00e7\u00e3o das casas afetadas pela depress\u00e3o Kristin. A Deco solicita refor\u00e7os p\u00fablicos e privados, bem como extens\u00e3o das morat\u00f3rias, para que as fam\u00edlias possam reconstruir e retomar a vida.","og_url":"https:\/\/portaltela.pt\/noticias\/2026\/03\/06\/apoios-insuficientes-para-kristin-familias-pedem-mais-ajuda\/","og_site_name":"Portal Tela Portugal","article_published_time":"2026-03-06T10:01:53+00:00","author":"Telinha","twitter_card":"summary_large_image","twitter_misc":{"Escrito por":"Telinha","Tempo estimado de leitura":"1 minuto"},"schema":{"@context":"https:\/\/schema.org","@graph":[{"@type":"Article","@id":"https:\/\/portaltela.pt\/noticias\/2026\/03\/06\/apoios-insuficientes-para-kristin-familias-pedem-mais-ajuda\/#article","isPartOf":{"@id":"https:\/\/portaltela.pt\/noticias\/2026\/03\/06\/apoios-insuficientes-para-kristin-familias-pedem-mais-ajuda\/"},"author":{"name":"Telinha","@id":"https:\/\/portaltela.pt\/#\/schema\/person\/c4278d4a6028830caff9ee44b42d32ed"},"headline":"Apoios insuficientes para Kristin; fam\u00edlias pedem mais ajuda","datePublished":"2026-03-06T10:01:53+00:00","mainEntityOfPage":{"@id":"https:\/\/portaltela.pt\/noticias\/2026\/03\/06\/apoios-insuficientes-para-kristin-familias-pedem-mais-ajuda\/"},"wordCount":252,"image":{"@id":"https:\/\/portaltela.pt\/noticias\/2026\/03\/06\/apoios-insuficientes-para-kristin-familias-pedem-mais-ajuda\/#primaryimage"},"thumbnailUrl":"https:\/\/portaltela.pt\/s.01k8rhncp4jt1\/2026\/03\/dn2F2026-02-102Fdmoj6lb62Fmau-tempo-2.jpg","keywords":["Apoio Social","cr\u00e9dito","habita\u00e7\u00e3o","habita\u00e7\u00e3o social","morat\u00f3rias"],"articleSection":["Economia","Not\u00edcias"],"inLanguage":"pt-PT"},{"@type":"WebPage","@id":"https:\/\/portaltela.pt\/noticias\/2026\/03\/06\/apoios-insuficientes-para-kristin-familias-pedem-mais-ajuda\/","url":"https:\/\/portaltela.pt\/noticias\/2026\/03\/06\/apoios-insuficientes-para-kristin-familias-pedem-mais-ajuda\/","name":"Apoios insuficientes para Kristin; fam\u00edlias pedem mais ajuda - Portal Tela Portugal","isPartOf":{"@id":"https:\/\/portaltela.pt\/#website"},"primaryImageOfPage":{"@id":"https:\/\/portaltela.pt\/noticias\/2026\/03\/06\/apoios-insuficientes-para-kristin-familias-pedem-mais-ajuda\/#primaryimage"},"image":{"@id":"https:\/\/portaltela.pt\/noticias\/2026\/03\/06\/apoios-insuficientes-para-kristin-familias-pedem-mais-ajuda\/#primaryimage"},"thumbnailUrl":"https:\/\/portaltela.pt\/s.01k8rhncp4jt1\/2026\/03\/dn2F2026-02-102Fdmoj6lb62Fmau-tempo-2.jpg","datePublished":"2026-03-06T10:01:53+00:00","author":{"@id":"https:\/\/portaltela.pt\/#\/schema\/person\/c4278d4a6028830caff9ee44b42d32ed"},"breadcrumb":{"@id":"https:\/\/portaltela.pt\/noticias\/2026\/03\/06\/apoios-insuficientes-para-kristin-familias-pedem-mais-ajuda\/#breadcrumb"},"inLanguage":"pt-PT","potentialAction":[{"@type":"ReadAction","target":["https:\/\/portaltela.pt\/noticias\/2026\/03\/06\/apoios-insuficientes-para-kristin-familias-pedem-mais-ajuda\/"]}]},{"@type":"ImageObject","inLanguage":"pt-PT","@id":"https:\/\/portaltela.pt\/noticias\/2026\/03\/06\/apoios-insuficientes-para-kristin-familias-pedem-mais-ajuda\/#primaryimage","url":"https:\/\/portaltela.pt\/s.01k8rhncp4jt1\/2026\/03\/dn2F2026-02-102Fdmoj6lb62Fmau-tempo-2.jpg","contentUrl":"https:\/\/portaltela.pt\/s.01k8rhncp4jt1\/2026\/03\/dn2F2026-02-102Fdmoj6lb62Fmau-tempo-2.jpg","width":1200,"height":630,"caption":"Reinaldo Rodrigues"},{"@type":"BreadcrumbList","@id":"https:\/\/portaltela.pt\/noticias\/2026\/03\/06\/apoios-insuficientes-para-kristin-familias-pedem-mais-ajuda\/#breadcrumb","itemListElement":[{"@type":"ListItem","position":1,"name":"In\u00edcio","item":"https:\/\/portaltela.pt\/"},{"@type":"ListItem","position":2,"name":"Apoios insuficientes para Kristin; fam\u00edlias pedem mais ajuda"}]},{"@type":"WebSite","@id":"https:\/\/portaltela.pt\/#website","url":"https:\/\/portaltela.pt\/","name":"Portal Tela Portugal","description":"","potentialAction":[{"@type":"SearchAction","target":{"@type":"EntryPoint","urlTemplate":"https:\/\/portaltela.pt\/?s={search_term_string}"},"query-input":{"@type":"PropertyValueSpecification","valueRequired":true,"valueName":"search_term_string"}}],"inLanguage":"pt-PT"},{"@type":"Person","@id":"https:\/\/portaltela.pt\/#\/schema\/person\/c4278d4a6028830caff9ee44b42d32ed","name":"Telinha","image":{"@type":"ImageObject","inLanguage":"pt-PT","@id":"https:\/\/portaltela.pt\/s.01k8rhncp4jt1\/2025\/11\/talking-bot-125x125.png","url":"https:\/\/portaltela.pt\/s.01k8rhncp4jt1\/2025\/11\/talking-bot-125x125.png","contentUrl":"https:\/\/portaltela.pt\/s.01k8rhncp4jt1\/2025\/11\/talking-bot-125x125.png","caption":"Telinha"},"sameAs":["https:\/\/portaltela.pt\/"],"url":"https:\/\/portaltela.pt\/por\/367410592786\/"}]}},"_links":{"self":[{"href":"https:\/\/portaltela.pt\/api\/wp\/v2\/posts\/399719","targetHints":{"allow":["GET"]}}],"collection":[{"href":"https:\/\/portaltela.pt\/api\/wp\/v2\/posts"}],"about":[{"href":"https:\/\/portaltela.pt\/api\/wp\/v2\/types\/post"}],"author":[{"embeddable":true,"href":"https:\/\/portaltela.pt\/api\/wp\/v2\/users\/2"}],"replies":[{"embeddable":true,"href":"https:\/\/portaltela.pt\/api\/wp\/v2\/comments?post=399719"}],"version-history":[{"count":0,"href":"https:\/\/portaltela.pt\/api\/wp\/v2\/posts\/399719\/revisions"}],"wp:featuredmedia":[{"embeddable":true,"href":"https:\/\/portaltela.pt\/api\/wp\/v2\/media\/399721"}],"wp:attachment":[{"href":"https:\/\/portaltela.pt\/api\/wp\/v2\/media?parent=399719"}],"wp:term":[{"taxonomy":"category","embeddable":true,"href":"https:\/\/portaltela.pt\/api\/wp\/v2\/categories?post=399719"},{"taxonomy":"post_tag","embeddable":true,"href":"https:\/\/portaltela.pt\/api\/wp\/v2\/tags?post=399719"}],"curies":[{"name":"wp","href":"https:\/\/api.w.org\/{rel}","templated":true}]}}