{"id":399693,"date":"2026-03-06T06:31:58","date_gmt":"2026-03-06T09:31:58","guid":{"rendered":"https:\/\/portaltela.pt\/noticias\/2026\/03\/06\/presidente-colombiano-eua-nao-precisam-agir-sozinhos-para-combater-carteis\/"},"modified":"2026-03-06T06:31:58","modified_gmt":"2026-03-06T09:31:58","slug":"presidente-colombiano-eua-nao-precisam-agir-sozinhos-para-combater-carteis","status":"publish","type":"post","link":"https:\/\/portaltela.pt\/noticias\/internacional\/2026\/03\/06\/presidente-colombiano-eua-nao-precisam-agir-sozinhos-para-combater-carteis\/","title":{"rendered":"Presidente colombiano: EUA n\u00e3o precisam agir sozinhos para combater cart\u00e9is"},"content":{"rendered":"<p>O presidente da Col\u00f4mbia, Gustavo Petro, reagiu \u00e0s declara\u00e7\u00f5es do secret\u00e1rio da Defesa dos EUA, Pete Hegseth, que avisou que Washington pode atuar sozinha contra cart\u00e9is de droga se a regi\u00e3o n\u00e3o intensificar o combate. A entrevista\/fala ocorreu na sequ\u00eancia de um discurso em que se discutiu a atua\u00e7\u00e3o unilateral.<\/p>\n<p>Petro afirmou publicamente que os Estados Unidos n\u00e3o precisam de ir sozinhos para enfrentar os cart\u00e9is, defendendo a coopera\u00e7\u00e3o regional como estrat\u00e9gia mais eficaz. O chefe de Estado colombian destacou que a luta contra o tr\u00e1fico deve ser conduzida em conjunto com os pa\u00edses vizinhos.<\/p>\n<p>O l\u00edder colombiano refor\u00e7ou que a Am\u00e9rica Latina tem interesse direto em erradicar estas redes criminosas e que a Col\u00f4mbia, junto com a regi\u00e3o, \u00e9 quem mais se envolve neste combate. A mensagem foi publicada numa rede social oficial.<\/p>\n<p>A postura do Presidente surge ap\u00f3s Hegseth ter dito, numa confer\u00eancia regional em Miami, que EUA est\u00e3o dispostos a avan\u00e7ar com a\u00e7\u00f5es mais fortes se os parceiros n\u00e3o contribu\u00edrem. O discurso refletiu um endurecimento da posi\u00e7\u00e3o norte-americana.<\/p>\n<p>Na mesma linha temporal, o Equador informou que as For\u00e7as Armadas dos EUA realizaram opera\u00e7\u00f5es no terreno contra organiza\u00e7\u00f5es ligadas ao narcotr\u00e1fico, em coordena\u00e7\u00e3o com autoridades locais. A a\u00e7\u00e3o integra uma ofensiva mais ampla contra o chamado narcoterrorismo.<\/p>\n<p>At\u00e9 ao momento da publica\u00e7\u00e3o, a rea\u00e7\u00e3o de Petro representou uma das primeiras respostas p\u00fablicas de um l\u00edder latino-americano \u00e0s falas do Pent\u00e1gono. N\u00e3o foram reportadas outras rea\u00e7\u00f5es oficiais de chefes de Estado da regi\u00e3o.<\/p>\n<h3>Rea\u00e7\u00e3o regional e contexto<\/h3>\n<p>Analistas apontam para uma mudan\u00e7a no tom de Washington, que sinaliza maior disponibilidade para a\u00e7\u00f5es diretas. A coopera\u00e7\u00e3o entre pa\u00edses da regi\u00e3o continua a ser apresentada como eixo estrat\u00e9gico de combate ao tr\u00e1fico de droga.<\/p>\n<p>A not\u00edcia destaca que, apesar das tens\u00f5es, a coopera\u00e7\u00e3o institucional permanece como via preferencial para enfrentar as redes criminosas sem recorrer a interven\u00e7\u00f5es isoladas. O tema ganha relev\u00e2ncia em termos de seguran\u00e7a regional.<\/p>\n","protected":false},"excerpt":{"rendered":"<ul>\n<li>O presidente Gustavo Petro reagiu \u00e0s declara\u00e7\u00f5es de Pete Hegseth, que disse que os EUA poderiam agir sozinhos contra cart\u00e9is se os pa\u00edses da regi\u00e3o n\u00e3o intensificarem a luta.<\/li>\n<li>Petro rejeitou a interven\u00e7\u00e3o unilateral e pediu coopera\u00e7\u00e3o regional para enfrentar o tr\u00e1fico de droga.<\/li>\n<li>O presidente colombiano afirmou que, para destruir os cart\u00e9is mafiosos, \u00e9 preciso agir juntos na regi\u00e3o.<\/li>\n<li>Petro disse que a Am\u00e9rica Latina tem interesse direto em acabar com estas redes, destacando que a Col\u00f4mbia est\u00e1 entre os interessados.<\/li>\n<li>A posi\u00e7\u00e3o de Petro surge ap\u00f3s o aviso de Washington em Miami e no contexto de opera\u00e7\u00f5es americanas no Equador contra organiza\u00e7\u00f5es ligadas ao narcotr\u00e1fico, enquadradas numa ofensiva mais ampla.<\/li>\n<\/ul>\n","protected":false},"author":2,"featured_media":399696,"comment_status":"closed","ping_status":"closed","sticky":false,"template":"","format":"standard","meta":{"footnotes":""},"categories":[4,1],"tags":[2469,256,1600,2455,5698,96],"class_list":["post-399693","post","type-post","status-publish","format-standard","has-post-thumbnail","hentry","category-internacional","category-noticias","tag-colombia","tag-cooperacao-internacional","tag-estados-unidos","tag-narco-terrorismo","tag-politica-internacional","tag-trafico-de-droga"],"yoast_head":"<!-- This site is optimized with the Yoast SEO plugin v27.2 - https:\/\/yoast.com\/product\/yoast-seo-wordpress\/ -->\n<title>Presidente colombiano: EUA n\u00e3o precisam agir sozinhos para combater cart\u00e9is - Portal Tela Portugal<\/title>\n<meta name=\"robots\" content=\"index, follow, max-snippet:-1, max-image-preview:large, max-video-preview:-1\" \/>\n<meta property=\"og:locale\" content=\"pt_PT\" \/>\n<meta property=\"og:type\" content=\"article\" \/>\n<meta property=\"og:title\" content=\"Presidente colombiano: EUA n\u00e3o precisam agir sozinhos para combater cart\u00e9is - Portal Tela Portugal\" \/>\n<meta property=\"og:description\" content=\"O presidente Gustavo Petro reagiu \u00e0s declara\u00e7\u00f5es de Pete Hegseth, que disse que os EUA poderiam agir sozinhos contra cart\u00e9is se os pa\u00edses da regi\u00e3o n\u00e3o intensificarem a luta. Petro rejeitou a interven\u00e7\u00e3o unilateral e pediu coopera\u00e7\u00e3o regional para enfrentar o tr\u00e1fico de droga. O presidente colombiano afirmou que, para destruir os cart\u00e9is mafiosos, \u00e9 preciso agir juntos na regi\u00e3o. Petro disse que a Am\u00e9rica Latina tem interesse direto em acabar com estas redes, destacando que a Col\u00f4mbia est\u00e1 entre os interessados. A posi\u00e7\u00e3o de Petro surge ap\u00f3s o aviso de Washington em Miami e no contexto de opera\u00e7\u00f5es americanas no Equador contra organiza\u00e7\u00f5es ligadas ao narcotr\u00e1fico, enquadradas numa ofensiva mais ampla.\" \/>\n<meta property=\"og:url\" content=\"https:\/\/portaltela.pt\/noticias\/2026\/03\/06\/presidente-colombiano-eua-nao-precisam-agir-sozinhos-para-combater-carteis\/\" \/>\n<meta property=\"og:site_name\" content=\"Portal Tela Portugal\" \/>\n<meta property=\"article:published_time\" content=\"2026-03-06T09:31:58+00:00\" \/>\n<meta name=\"author\" content=\"Telinha\" \/>\n<meta name=\"twitter:card\" content=\"summary_large_image\" \/>\n<meta name=\"twitter:label1\" content=\"Escrito por\" \/>\n\t<meta name=\"twitter:data1\" content=\"Telinha\" \/>\n\t<meta name=\"twitter:label2\" content=\"Tempo estimado de leitura\" \/>\n\t<meta name=\"twitter:data2\" content=\"2 minutos\" \/>\n<script type=\"application\/ld+json\" class=\"yoast-schema-graph\">{\"@context\":\"https:\/\/schema.org\",\"@graph\":[{\"@type\":\"Article\",\"@id\":\"https:\/\/portaltela.pt\/noticias\/2026\/03\/06\/presidente-colombiano-eua-nao-precisam-agir-sozinhos-para-combater-carteis\/#article\",\"isPartOf\":{\"@id\":\"https:\/\/portaltela.pt\/noticias\/2026\/03\/06\/presidente-colombiano-eua-nao-precisam-agir-sozinhos-para-combater-carteis\/\"},\"author\":{\"name\":\"Telinha\",\"@id\":\"https:\/\/portaltela.pt\/#\/schema\/person\/c4278d4a6028830caff9ee44b42d32ed\"},\"headline\":\"Presidente colombiano: EUA n\u00e3o precisam agir sozinhos para combater cart\u00e9is\",\"datePublished\":\"2026-03-06T09:31:58+00:00\",\"mainEntityOfPage\":{\"@id\":\"https:\/\/portaltela.pt\/noticias\/2026\/03\/06\/presidente-colombiano-eua-nao-precisam-agir-sozinhos-para-combater-carteis\/\"},\"wordCount\":383,\"image\":{\"@id\":\"https:\/\/portaltela.pt\/noticias\/2026\/03\/06\/presidente-colombiano-eua-nao-precisam-agir-sozinhos-para-combater-carteis\/#primaryimage\"},\"thumbnailUrl\":\"https:\/\/portaltela.pt\/s.01k8rhncp4jt1\/2026\/03\/1536x864_cmsv2_35c84286-e8db-5dfe-8e92-1fb15455dea2-9675810.jpg\",\"keywords\":[\"Col\u00f4mbia\",\"coopera\u00e7\u00e3o internacional\",\"Estados Unidos\",\"narco-terrorismo\",\"pol\u00edtica internacional\",\"tr\u00e1fico de droga\"],\"articleSection\":[\"Internacional\",\"Not\u00edcias\"],\"inLanguage\":\"pt-PT\"},{\"@type\":\"WebPage\",\"@id\":\"https:\/\/portaltela.pt\/noticias\/2026\/03\/06\/presidente-colombiano-eua-nao-precisam-agir-sozinhos-para-combater-carteis\/\",\"url\":\"https:\/\/portaltela.pt\/noticias\/2026\/03\/06\/presidente-colombiano-eua-nao-precisam-agir-sozinhos-para-combater-carteis\/\",\"name\":\"Presidente colombiano: EUA n\u00e3o precisam agir sozinhos para combater cart\u00e9is - Portal Tela Portugal\",\"isPartOf\":{\"@id\":\"https:\/\/portaltela.pt\/#website\"},\"primaryImageOfPage\":{\"@id\":\"https:\/\/portaltela.pt\/noticias\/2026\/03\/06\/presidente-colombiano-eua-nao-precisam-agir-sozinhos-para-combater-carteis\/#primaryimage\"},\"image\":{\"@id\":\"https:\/\/portaltela.pt\/noticias\/2026\/03\/06\/presidente-colombiano-eua-nao-precisam-agir-sozinhos-para-combater-carteis\/#primaryimage\"},\"thumbnailUrl\":\"https:\/\/portaltela.pt\/s.01k8rhncp4jt1\/2026\/03\/1536x864_cmsv2_35c84286-e8db-5dfe-8e92-1fb15455dea2-9675810.jpg\",\"datePublished\":\"2026-03-06T09:31:58+00:00\",\"author\":{\"@id\":\"https:\/\/portaltela.pt\/#\/schema\/person\/c4278d4a6028830caff9ee44b42d32ed\"},\"breadcrumb\":{\"@id\":\"https:\/\/portaltela.pt\/noticias\/2026\/03\/06\/presidente-colombiano-eua-nao-precisam-agir-sozinhos-para-combater-carteis\/#breadcrumb\"},\"inLanguage\":\"pt-PT\",\"potentialAction\":[{\"@type\":\"ReadAction\",\"target\":[\"https:\/\/portaltela.pt\/noticias\/2026\/03\/06\/presidente-colombiano-eua-nao-precisam-agir-sozinhos-para-combater-carteis\/\"]}]},{\"@type\":\"ImageObject\",\"inLanguage\":\"pt-PT\",\"@id\":\"https:\/\/portaltela.pt\/noticias\/2026\/03\/06\/presidente-colombiano-eua-nao-precisam-agir-sozinhos-para-combater-carteis\/#primaryimage\",\"url\":\"https:\/\/portaltela.pt\/s.01k8rhncp4jt1\/2026\/03\/1536x864_cmsv2_35c84286-e8db-5dfe-8e92-1fb15455dea2-9675810.jpg\",\"contentUrl\":\"https:\/\/portaltela.pt\/s.01k8rhncp4jt1\/2026\/03\/1536x864_cmsv2_35c84286-e8db-5dfe-8e92-1fb15455dea2-9675810.jpg\",\"width\":796,\"height\":448,\"caption\":\"ARQUIVO: Gustavo Petro e Pete Hegseth, em imagens diferentes tiradas em mar\u00e7o de 2026.\"},{\"@type\":\"BreadcrumbList\",\"@id\":\"https:\/\/portaltela.pt\/noticias\/2026\/03\/06\/presidente-colombiano-eua-nao-precisam-agir-sozinhos-para-combater-carteis\/#breadcrumb\",\"itemListElement\":[{\"@type\":\"ListItem\",\"position\":1,\"name\":\"In\u00edcio\",\"item\":\"https:\/\/portaltela.pt\/\"},{\"@type\":\"ListItem\",\"position\":2,\"name\":\"Presidente colombiano: EUA n\u00e3o precisam agir sozinhos para combater cart\u00e9is\"}]},{\"@type\":\"WebSite\",\"@id\":\"https:\/\/portaltela.pt\/#website\",\"url\":\"https:\/\/portaltela.pt\/\",\"name\":\"Portal Tela Portugal\",\"description\":\"\",\"potentialAction\":[{\"@type\":\"SearchAction\",\"target\":{\"@type\":\"EntryPoint\",\"urlTemplate\":\"https:\/\/portaltela.pt\/?s={search_term_string}\"},\"query-input\":{\"@type\":\"PropertyValueSpecification\",\"valueRequired\":true,\"valueName\":\"search_term_string\"}}],\"inLanguage\":\"pt-PT\"},{\"@type\":\"Person\",\"@id\":\"https:\/\/portaltela.pt\/#\/schema\/person\/c4278d4a6028830caff9ee44b42d32ed\",\"name\":\"Telinha\",\"image\":{\"@type\":\"ImageObject\",\"inLanguage\":\"pt-PT\",\"@id\":\"https:\/\/portaltela.pt\/s.01k8rhncp4jt1\/2025\/11\/talking-bot-125x125.png\",\"url\":\"https:\/\/portaltela.pt\/s.01k8rhncp4jt1\/2025\/11\/talking-bot-125x125.png\",\"contentUrl\":\"https:\/\/portaltela.pt\/s.01k8rhncp4jt1\/2025\/11\/talking-bot-125x125.png\",\"caption\":\"Telinha\"},\"sameAs\":[\"https:\/\/portaltela.pt\/\"],\"url\":\"https:\/\/portaltela.pt\/por\/367410592786\/\"}]}<\/script>\n<!-- \/ Yoast SEO plugin. -->","yoast_head_json":{"title":"Presidente colombiano: EUA n\u00e3o precisam agir sozinhos para combater cart\u00e9is - Portal Tela Portugal","robots":{"index":"index","follow":"follow","max-snippet":"max-snippet:-1","max-image-preview":"max-image-preview:large","max-video-preview":"max-video-preview:-1"},"og_locale":"pt_PT","og_type":"article","og_title":"Presidente colombiano: EUA n\u00e3o precisam agir sozinhos para combater cart\u00e9is - Portal Tela Portugal","og_description":"O presidente Gustavo Petro reagiu \u00e0s declara\u00e7\u00f5es de Pete Hegseth, que disse que os EUA poderiam agir sozinhos contra cart\u00e9is se os pa\u00edses da regi\u00e3o n\u00e3o intensificarem a luta. Petro rejeitou a interven\u00e7\u00e3o unilateral e pediu coopera\u00e7\u00e3o regional para enfrentar o tr\u00e1fico de droga. O presidente colombiano afirmou que, para destruir os cart\u00e9is mafiosos, \u00e9 preciso agir juntos na regi\u00e3o. Petro disse que a Am\u00e9rica Latina tem interesse direto em acabar com estas redes, destacando que a Col\u00f4mbia est\u00e1 entre os interessados. A posi\u00e7\u00e3o de Petro surge ap\u00f3s o aviso de Washington em Miami e no contexto de opera\u00e7\u00f5es americanas no Equador contra organiza\u00e7\u00f5es ligadas ao narcotr\u00e1fico, enquadradas numa ofensiva mais ampla.","og_url":"https:\/\/portaltela.pt\/noticias\/2026\/03\/06\/presidente-colombiano-eua-nao-precisam-agir-sozinhos-para-combater-carteis\/","og_site_name":"Portal Tela Portugal","article_published_time":"2026-03-06T09:31:58+00:00","author":"Telinha","twitter_card":"summary_large_image","twitter_misc":{"Escrito por":"Telinha","Tempo estimado de leitura":"2 minutos"},"schema":{"@context":"https:\/\/schema.org","@graph":[{"@type":"Article","@id":"https:\/\/portaltela.pt\/noticias\/2026\/03\/06\/presidente-colombiano-eua-nao-precisam-agir-sozinhos-para-combater-carteis\/#article","isPartOf":{"@id":"https:\/\/portaltela.pt\/noticias\/2026\/03\/06\/presidente-colombiano-eua-nao-precisam-agir-sozinhos-para-combater-carteis\/"},"author":{"name":"Telinha","@id":"https:\/\/portaltela.pt\/#\/schema\/person\/c4278d4a6028830caff9ee44b42d32ed"},"headline":"Presidente colombiano: EUA n\u00e3o precisam agir sozinhos para combater cart\u00e9is","datePublished":"2026-03-06T09:31:58+00:00","mainEntityOfPage":{"@id":"https:\/\/portaltela.pt\/noticias\/2026\/03\/06\/presidente-colombiano-eua-nao-precisam-agir-sozinhos-para-combater-carteis\/"},"wordCount":383,"image":{"@id":"https:\/\/portaltela.pt\/noticias\/2026\/03\/06\/presidente-colombiano-eua-nao-precisam-agir-sozinhos-para-combater-carteis\/#primaryimage"},"thumbnailUrl":"https:\/\/portaltela.pt\/s.01k8rhncp4jt1\/2026\/03\/1536x864_cmsv2_35c84286-e8db-5dfe-8e92-1fb15455dea2-9675810.jpg","keywords":["Col\u00f4mbia","coopera\u00e7\u00e3o internacional","Estados Unidos","narco-terrorismo","pol\u00edtica internacional","tr\u00e1fico de droga"],"articleSection":["Internacional","Not\u00edcias"],"inLanguage":"pt-PT"},{"@type":"WebPage","@id":"https:\/\/portaltela.pt\/noticias\/2026\/03\/06\/presidente-colombiano-eua-nao-precisam-agir-sozinhos-para-combater-carteis\/","url":"https:\/\/portaltela.pt\/noticias\/2026\/03\/06\/presidente-colombiano-eua-nao-precisam-agir-sozinhos-para-combater-carteis\/","name":"Presidente colombiano: EUA n\u00e3o precisam agir sozinhos para combater cart\u00e9is - Portal Tela Portugal","isPartOf":{"@id":"https:\/\/portaltela.pt\/#website"},"primaryImageOfPage":{"@id":"https:\/\/portaltela.pt\/noticias\/2026\/03\/06\/presidente-colombiano-eua-nao-precisam-agir-sozinhos-para-combater-carteis\/#primaryimage"},"image":{"@id":"https:\/\/portaltela.pt\/noticias\/2026\/03\/06\/presidente-colombiano-eua-nao-precisam-agir-sozinhos-para-combater-carteis\/#primaryimage"},"thumbnailUrl":"https:\/\/portaltela.pt\/s.01k8rhncp4jt1\/2026\/03\/1536x864_cmsv2_35c84286-e8db-5dfe-8e92-1fb15455dea2-9675810.jpg","datePublished":"2026-03-06T09:31:58+00:00","author":{"@id":"https:\/\/portaltela.pt\/#\/schema\/person\/c4278d4a6028830caff9ee44b42d32ed"},"breadcrumb":{"@id":"https:\/\/portaltela.pt\/noticias\/2026\/03\/06\/presidente-colombiano-eua-nao-precisam-agir-sozinhos-para-combater-carteis\/#breadcrumb"},"inLanguage":"pt-PT","potentialAction":[{"@type":"ReadAction","target":["https:\/\/portaltela.pt\/noticias\/2026\/03\/06\/presidente-colombiano-eua-nao-precisam-agir-sozinhos-para-combater-carteis\/"]}]},{"@type":"ImageObject","inLanguage":"pt-PT","@id":"https:\/\/portaltela.pt\/noticias\/2026\/03\/06\/presidente-colombiano-eua-nao-precisam-agir-sozinhos-para-combater-carteis\/#primaryimage","url":"https:\/\/portaltela.pt\/s.01k8rhncp4jt1\/2026\/03\/1536x864_cmsv2_35c84286-e8db-5dfe-8e92-1fb15455dea2-9675810.jpg","contentUrl":"https:\/\/portaltela.pt\/s.01k8rhncp4jt1\/2026\/03\/1536x864_cmsv2_35c84286-e8db-5dfe-8e92-1fb15455dea2-9675810.jpg","width":796,"height":448,"caption":"ARQUIVO: Gustavo Petro e Pete Hegseth, em imagens diferentes tiradas em mar\u00e7o de 2026."},{"@type":"BreadcrumbList","@id":"https:\/\/portaltela.pt\/noticias\/2026\/03\/06\/presidente-colombiano-eua-nao-precisam-agir-sozinhos-para-combater-carteis\/#breadcrumb","itemListElement":[{"@type":"ListItem","position":1,"name":"In\u00edcio","item":"https:\/\/portaltela.pt\/"},{"@type":"ListItem","position":2,"name":"Presidente colombiano: EUA n\u00e3o precisam agir sozinhos para combater cart\u00e9is"}]},{"@type":"WebSite","@id":"https:\/\/portaltela.pt\/#website","url":"https:\/\/portaltela.pt\/","name":"Portal Tela Portugal","description":"","potentialAction":[{"@type":"SearchAction","target":{"@type":"EntryPoint","urlTemplate":"https:\/\/portaltela.pt\/?s={search_term_string}"},"query-input":{"@type":"PropertyValueSpecification","valueRequired":true,"valueName":"search_term_string"}}],"inLanguage":"pt-PT"},{"@type":"Person","@id":"https:\/\/portaltela.pt\/#\/schema\/person\/c4278d4a6028830caff9ee44b42d32ed","name":"Telinha","image":{"@type":"ImageObject","inLanguage":"pt-PT","@id":"https:\/\/portaltela.pt\/s.01k8rhncp4jt1\/2025\/11\/talking-bot-125x125.png","url":"https:\/\/portaltela.pt\/s.01k8rhncp4jt1\/2025\/11\/talking-bot-125x125.png","contentUrl":"https:\/\/portaltela.pt\/s.01k8rhncp4jt1\/2025\/11\/talking-bot-125x125.png","caption":"Telinha"},"sameAs":["https:\/\/portaltela.pt\/"],"url":"https:\/\/portaltela.pt\/por\/367410592786\/"}]}},"_links":{"self":[{"href":"https:\/\/portaltela.pt\/api\/wp\/v2\/posts\/399693","targetHints":{"allow":["GET"]}}],"collection":[{"href":"https:\/\/portaltela.pt\/api\/wp\/v2\/posts"}],"about":[{"href":"https:\/\/portaltela.pt\/api\/wp\/v2\/types\/post"}],"author":[{"embeddable":true,"href":"https:\/\/portaltela.pt\/api\/wp\/v2\/users\/2"}],"replies":[{"embeddable":true,"href":"https:\/\/portaltela.pt\/api\/wp\/v2\/comments?post=399693"}],"version-history":[{"count":0,"href":"https:\/\/portaltela.pt\/api\/wp\/v2\/posts\/399693\/revisions"}],"wp:featuredmedia":[{"embeddable":true,"href":"https:\/\/portaltela.pt\/api\/wp\/v2\/media\/399696"}],"wp:attachment":[{"href":"https:\/\/portaltela.pt\/api\/wp\/v2\/media?parent=399693"}],"wp:term":[{"taxonomy":"category","embeddable":true,"href":"https:\/\/portaltela.pt\/api\/wp\/v2\/categories?post=399693"},{"taxonomy":"post_tag","embeddable":true,"href":"https:\/\/portaltela.pt\/api\/wp\/v2\/tags?post=399693"}],"curies":[{"name":"wp","href":"https:\/\/api.w.org\/{rel}","templated":true}]}}