{"id":399672,"date":"2026-03-06T06:11:00","date_gmt":"2026-03-06T09:11:00","guid":{"rendered":"https:\/\/portaltela.pt\/noticias\/2026\/03\/06\/macau-propoe-proibicao-de-posse-e-consumo-de-cigarros-eletronicos\/"},"modified":"2026-03-06T06:11:00","modified_gmt":"2026-03-06T09:11:00","slug":"macau-propoe-proibicao-de-posse-e-consumo-de-cigarros-eletronicos","status":"publish","type":"post","link":"https:\/\/portaltela.pt\/noticias\/internacional\/2026\/03\/06\/macau-propoe-proibicao-de-posse-e-consumo-de-cigarros-eletronicos\/","title":{"rendered":"Macau prop\u00f5e proibi\u00e7\u00e3o de posse e consumo de cigarros eletr\u00f3nicos"},"content":{"rendered":"<p>O Governo de Macau apresentou hoje uma proposta de lei que prev\u00ea a proibi\u00e7\u00e3o da posse e do consumo de cigarros eletr\u00f3nicos, face aos riscos associados \u00e0 sa\u00fade p\u00fablica.<\/p>\n<p>A medida envolve a institui\u00e7\u00e3o legislativa de Macau como destinat\u00e1ria da futura regulamenta\u00e7\u00e3o, com o objetivo de restringir o uso destes dispositivos no territ\u00f3rio.<\/p>\n<p>A iniciativa surge no contexto da pol\u00edtica de sa\u00fade p\u00fablica, que visa reduzir fatores de risco relacionados com o tabagismo e produtos de nicotina.<\/p>\n<p>Segundo os dados divulgados pela Administra\u00e7\u00e3o, a proposta estabelece san\u00e7\u00f5es para quem desrespeitar a proibi\u00e7\u00e3o, incluindo penalidades a definir pela futura legisla\u00e7\u00e3o.<\/p>\n","protected":false},"excerpt":{"rendered":"<ul>\n<li>Macau apresentou hoje uma proposta de lei que pro\u00edbe a posse e o consumo de cigarros eletr\u00f3nicos.<\/li>\n<li>A medida justifica-se pelos riscos para a sa\u00fade p\u00fablica.<\/li>\n<li>A proposta abrange o territ\u00f3rio de Macau.<\/li>\n<li>O conte\u00fado completo est\u00e1 dispon\u00edvel apenas para subscritores.<\/li>\n<\/ul>\n","protected":false},"author":2,"featured_media":399676,"comment_status":"closed","ping_status":"closed","sticky":false,"template":"","format":"standard","meta":{"footnotes":""},"categories":[4,1],"tags":[5386,2832,6371,172,271,4630],"class_list":["post-399672","post","type-post","status-publish","format-standard","has-post-thumbnail","hentry","category-internacional","category-noticias","tag-macau","tag-politica","tag-sancoes","tag-saude","tag-saude-publica","tag-tabagismo"],"yoast_head":"<!-- This site is optimized with the Yoast SEO plugin v27.2 - https:\/\/yoast.com\/product\/yoast-seo-wordpress\/ -->\n<title>Macau prop\u00f5e proibi\u00e7\u00e3o de posse e consumo de cigarros eletr\u00f3nicos - Portal Tela Portugal<\/title>\n<meta name=\"robots\" content=\"index, follow, max-snippet:-1, max-image-preview:large, max-video-preview:-1\" \/>\n<meta property=\"og:locale\" content=\"pt_PT\" \/>\n<meta property=\"og:type\" content=\"article\" \/>\n<meta property=\"og:title\" content=\"Macau prop\u00f5e proibi\u00e7\u00e3o de posse e consumo de cigarros eletr\u00f3nicos - Portal Tela Portugal\" \/>\n<meta property=\"og:description\" content=\"Macau apresentou hoje uma proposta de lei que pro\u00edbe a posse e o consumo de cigarros eletr\u00f3nicos. A medida justifica-se pelos riscos para a sa\u00fade p\u00fablica. A proposta abrange o territ\u00f3rio de Macau. O conte\u00fado completo est\u00e1 dispon\u00edvel apenas para subscritores.\" \/>\n<meta property=\"og:url\" content=\"https:\/\/portaltela.pt\/noticias\/2026\/03\/06\/macau-propoe-proibicao-de-posse-e-consumo-de-cigarros-eletronicos\/\" \/>\n<meta property=\"og:site_name\" content=\"Portal Tela Portugal\" \/>\n<meta property=\"article:published_time\" content=\"2026-03-06T09:11:00+00:00\" \/>\n<meta name=\"author\" content=\"Telinha\" \/>\n<meta name=\"twitter:card\" content=\"summary_large_image\" \/>\n<meta name=\"twitter:label1\" content=\"Escrito por\" \/>\n\t<meta name=\"twitter:data1\" content=\"Telinha\" \/>\n\t<meta name=\"twitter:label2\" content=\"Tempo estimado de leitura\" \/>\n\t<meta name=\"twitter:data2\" content=\"1 minuto\" \/>\n<script type=\"application\/ld+json\" class=\"yoast-schema-graph\">{\"@context\":\"https:\/\/schema.org\",\"@graph\":[{\"@type\":\"Article\",\"@id\":\"https:\/\/portaltela.pt\/noticias\/2026\/03\/06\/macau-propoe-proibicao-de-posse-e-consumo-de-cigarros-eletronicos\/#article\",\"isPartOf\":{\"@id\":\"https:\/\/portaltela.pt\/noticias\/2026\/03\/06\/macau-propoe-proibicao-de-posse-e-consumo-de-cigarros-eletronicos\/\"},\"author\":{\"name\":\"Telinha\",\"@id\":\"https:\/\/portaltela.pt\/#\/schema\/person\/c4278d4a6028830caff9ee44b42d32ed\"},\"headline\":\"Macau prop\u00f5e proibi\u00e7\u00e3o de posse e consumo de cigarros eletr\u00f3nicos\",\"datePublished\":\"2026-03-06T09:11:00+00:00\",\"mainEntityOfPage\":{\"@id\":\"https:\/\/portaltela.pt\/noticias\/2026\/03\/06\/macau-propoe-proibicao-de-posse-e-consumo-de-cigarros-eletronicos\/\"},\"wordCount\":126,\"image\":{\"@id\":\"https:\/\/portaltela.pt\/noticias\/2026\/03\/06\/macau-propoe-proibicao-de-posse-e-consumo-de-cigarros-eletronicos\/#primaryimage\"},\"thumbnailUrl\":\"https:\/\/portaltela.pt\/s.01k8rhncp4jt1\/2026\/03\/CACHE_780X1200_ANALOG_WATERMARKED_41148103_181534216665077.jpg\",\"keywords\":[\"Macau\",\"pol\u00edtica\",\"san\u00e7\u00f5es\",\"sa\u00fade\",\"sa\u00fade p\u00fablica\",\"tabagismo\"],\"articleSection\":[\"Internacional\",\"Not\u00edcias\"],\"inLanguage\":\"pt-PT\"},{\"@type\":\"WebPage\",\"@id\":\"https:\/\/portaltela.pt\/noticias\/2026\/03\/06\/macau-propoe-proibicao-de-posse-e-consumo-de-cigarros-eletronicos\/\",\"url\":\"https:\/\/portaltela.pt\/noticias\/2026\/03\/06\/macau-propoe-proibicao-de-posse-e-consumo-de-cigarros-eletronicos\/\",\"name\":\"Macau prop\u00f5e proibi\u00e7\u00e3o de posse e consumo de cigarros eletr\u00f3nicos - Portal Tela Portugal\",\"isPartOf\":{\"@id\":\"https:\/\/portaltela.pt\/#website\"},\"primaryImageOfPage\":{\"@id\":\"https:\/\/portaltela.pt\/noticias\/2026\/03\/06\/macau-propoe-proibicao-de-posse-e-consumo-de-cigarros-eletronicos\/#primaryimage\"},\"image\":{\"@id\":\"https:\/\/portaltela.pt\/noticias\/2026\/03\/06\/macau-propoe-proibicao-de-posse-e-consumo-de-cigarros-eletronicos\/#primaryimage\"},\"thumbnailUrl\":\"https:\/\/portaltela.pt\/s.01k8rhncp4jt1\/2026\/03\/CACHE_780X1200_ANALOG_WATERMARKED_41148103_181534216665077.jpg\",\"datePublished\":\"2026-03-06T09:11:00+00:00\",\"author\":{\"@id\":\"https:\/\/portaltela.pt\/#\/schema\/person\/c4278d4a6028830caff9ee44b42d32ed\"},\"breadcrumb\":{\"@id\":\"https:\/\/portaltela.pt\/noticias\/2026\/03\/06\/macau-propoe-proibicao-de-posse-e-consumo-de-cigarros-eletronicos\/#breadcrumb\"},\"inLanguage\":\"pt-PT\",\"potentialAction\":[{\"@type\":\"ReadAction\",\"target\":[\"https:\/\/portaltela.pt\/noticias\/2026\/03\/06\/macau-propoe-proibicao-de-posse-e-consumo-de-cigarros-eletronicos\/\"]}]},{\"@type\":\"ImageObject\",\"inLanguage\":\"pt-PT\",\"@id\":\"https:\/\/portaltela.pt\/noticias\/2026\/03\/06\/macau-propoe-proibicao-de-posse-e-consumo-de-cigarros-eletronicos\/#primaryimage\",\"url\":\"https:\/\/portaltela.pt\/s.01k8rhncp4jt1\/2026\/03\/CACHE_780X1200_ANALOG_WATERMARKED_41148103_181534216665077.jpg\",\"contentUrl\":\"https:\/\/portaltela.pt\/s.01k8rhncp4jt1\/2026\/03\/CACHE_780X1200_ANALOG_WATERMARKED_41148103_181534216665077.jpg\",\"width\":796,\"height\":448,\"caption\":\"Macau quer proibir posse e consumo de cigarros eletr\u00f3nicos\"},{\"@type\":\"BreadcrumbList\",\"@id\":\"https:\/\/portaltela.pt\/noticias\/2026\/03\/06\/macau-propoe-proibicao-de-posse-e-consumo-de-cigarros-eletronicos\/#breadcrumb\",\"itemListElement\":[{\"@type\":\"ListItem\",\"position\":1,\"name\":\"In\u00edcio\",\"item\":\"https:\/\/portaltela.pt\/\"},{\"@type\":\"ListItem\",\"position\":2,\"name\":\"Macau prop\u00f5e proibi\u00e7\u00e3o de posse e consumo de cigarros eletr\u00f3nicos\"}]},{\"@type\":\"WebSite\",\"@id\":\"https:\/\/portaltela.pt\/#website\",\"url\":\"https:\/\/portaltela.pt\/\",\"name\":\"Portal Tela Portugal\",\"description\":\"\",\"potentialAction\":[{\"@type\":\"SearchAction\",\"target\":{\"@type\":\"EntryPoint\",\"urlTemplate\":\"https:\/\/portaltela.pt\/?s={search_term_string}\"},\"query-input\":{\"@type\":\"PropertyValueSpecification\",\"valueRequired\":true,\"valueName\":\"search_term_string\"}}],\"inLanguage\":\"pt-PT\"},{\"@type\":\"Person\",\"@id\":\"https:\/\/portaltela.pt\/#\/schema\/person\/c4278d4a6028830caff9ee44b42d32ed\",\"name\":\"Telinha\",\"image\":{\"@type\":\"ImageObject\",\"inLanguage\":\"pt-PT\",\"@id\":\"https:\/\/portaltela.pt\/s.01k8rhncp4jt1\/2025\/11\/talking-bot-125x125.png\",\"url\":\"https:\/\/portaltela.pt\/s.01k8rhncp4jt1\/2025\/11\/talking-bot-125x125.png\",\"contentUrl\":\"https:\/\/portaltela.pt\/s.01k8rhncp4jt1\/2025\/11\/talking-bot-125x125.png\",\"caption\":\"Telinha\"},\"sameAs\":[\"https:\/\/portaltela.pt\/\"],\"url\":\"https:\/\/portaltela.pt\/por\/367410592786\/\"}]}<\/script>\n<!-- \/ Yoast SEO plugin. -->","yoast_head_json":{"title":"Macau prop\u00f5e proibi\u00e7\u00e3o de posse e consumo de cigarros eletr\u00f3nicos - Portal Tela Portugal","robots":{"index":"index","follow":"follow","max-snippet":"max-snippet:-1","max-image-preview":"max-image-preview:large","max-video-preview":"max-video-preview:-1"},"og_locale":"pt_PT","og_type":"article","og_title":"Macau prop\u00f5e proibi\u00e7\u00e3o de posse e consumo de cigarros eletr\u00f3nicos - Portal Tela Portugal","og_description":"Macau apresentou hoje uma proposta de lei que pro\u00edbe a posse e o consumo de cigarros eletr\u00f3nicos. A medida justifica-se pelos riscos para a sa\u00fade p\u00fablica. A proposta abrange o territ\u00f3rio de Macau. O conte\u00fado completo est\u00e1 dispon\u00edvel apenas para subscritores.","og_url":"https:\/\/portaltela.pt\/noticias\/2026\/03\/06\/macau-propoe-proibicao-de-posse-e-consumo-de-cigarros-eletronicos\/","og_site_name":"Portal Tela Portugal","article_published_time":"2026-03-06T09:11:00+00:00","author":"Telinha","twitter_card":"summary_large_image","twitter_misc":{"Escrito por":"Telinha","Tempo estimado de leitura":"1 minuto"},"schema":{"@context":"https:\/\/schema.org","@graph":[{"@type":"Article","@id":"https:\/\/portaltela.pt\/noticias\/2026\/03\/06\/macau-propoe-proibicao-de-posse-e-consumo-de-cigarros-eletronicos\/#article","isPartOf":{"@id":"https:\/\/portaltela.pt\/noticias\/2026\/03\/06\/macau-propoe-proibicao-de-posse-e-consumo-de-cigarros-eletronicos\/"},"author":{"name":"Telinha","@id":"https:\/\/portaltela.pt\/#\/schema\/person\/c4278d4a6028830caff9ee44b42d32ed"},"headline":"Macau prop\u00f5e proibi\u00e7\u00e3o de posse e consumo de cigarros eletr\u00f3nicos","datePublished":"2026-03-06T09:11:00+00:00","mainEntityOfPage":{"@id":"https:\/\/portaltela.pt\/noticias\/2026\/03\/06\/macau-propoe-proibicao-de-posse-e-consumo-de-cigarros-eletronicos\/"},"wordCount":126,"image":{"@id":"https:\/\/portaltela.pt\/noticias\/2026\/03\/06\/macau-propoe-proibicao-de-posse-e-consumo-de-cigarros-eletronicos\/#primaryimage"},"thumbnailUrl":"https:\/\/portaltela.pt\/s.01k8rhncp4jt1\/2026\/03\/CACHE_780X1200_ANALOG_WATERMARKED_41148103_181534216665077.jpg","keywords":["Macau","pol\u00edtica","san\u00e7\u00f5es","sa\u00fade","sa\u00fade p\u00fablica","tabagismo"],"articleSection":["Internacional","Not\u00edcias"],"inLanguage":"pt-PT"},{"@type":"WebPage","@id":"https:\/\/portaltela.pt\/noticias\/2026\/03\/06\/macau-propoe-proibicao-de-posse-e-consumo-de-cigarros-eletronicos\/","url":"https:\/\/portaltela.pt\/noticias\/2026\/03\/06\/macau-propoe-proibicao-de-posse-e-consumo-de-cigarros-eletronicos\/","name":"Macau prop\u00f5e proibi\u00e7\u00e3o de posse e consumo de cigarros eletr\u00f3nicos - Portal Tela Portugal","isPartOf":{"@id":"https:\/\/portaltela.pt\/#website"},"primaryImageOfPage":{"@id":"https:\/\/portaltela.pt\/noticias\/2026\/03\/06\/macau-propoe-proibicao-de-posse-e-consumo-de-cigarros-eletronicos\/#primaryimage"},"image":{"@id":"https:\/\/portaltela.pt\/noticias\/2026\/03\/06\/macau-propoe-proibicao-de-posse-e-consumo-de-cigarros-eletronicos\/#primaryimage"},"thumbnailUrl":"https:\/\/portaltela.pt\/s.01k8rhncp4jt1\/2026\/03\/CACHE_780X1200_ANALOG_WATERMARKED_41148103_181534216665077.jpg","datePublished":"2026-03-06T09:11:00+00:00","author":{"@id":"https:\/\/portaltela.pt\/#\/schema\/person\/c4278d4a6028830caff9ee44b42d32ed"},"breadcrumb":{"@id":"https:\/\/portaltela.pt\/noticias\/2026\/03\/06\/macau-propoe-proibicao-de-posse-e-consumo-de-cigarros-eletronicos\/#breadcrumb"},"inLanguage":"pt-PT","potentialAction":[{"@type":"ReadAction","target":["https:\/\/portaltela.pt\/noticias\/2026\/03\/06\/macau-propoe-proibicao-de-posse-e-consumo-de-cigarros-eletronicos\/"]}]},{"@type":"ImageObject","inLanguage":"pt-PT","@id":"https:\/\/portaltela.pt\/noticias\/2026\/03\/06\/macau-propoe-proibicao-de-posse-e-consumo-de-cigarros-eletronicos\/#primaryimage","url":"https:\/\/portaltela.pt\/s.01k8rhncp4jt1\/2026\/03\/CACHE_780X1200_ANALOG_WATERMARKED_41148103_181534216665077.jpg","contentUrl":"https:\/\/portaltela.pt\/s.01k8rhncp4jt1\/2026\/03\/CACHE_780X1200_ANALOG_WATERMARKED_41148103_181534216665077.jpg","width":796,"height":448,"caption":"Macau quer proibir posse e consumo de cigarros eletr\u00f3nicos"},{"@type":"BreadcrumbList","@id":"https:\/\/portaltela.pt\/noticias\/2026\/03\/06\/macau-propoe-proibicao-de-posse-e-consumo-de-cigarros-eletronicos\/#breadcrumb","itemListElement":[{"@type":"ListItem","position":1,"name":"In\u00edcio","item":"https:\/\/portaltela.pt\/"},{"@type":"ListItem","position":2,"name":"Macau prop\u00f5e proibi\u00e7\u00e3o de posse e consumo de cigarros eletr\u00f3nicos"}]},{"@type":"WebSite","@id":"https:\/\/portaltela.pt\/#website","url":"https:\/\/portaltela.pt\/","name":"Portal Tela Portugal","description":"","potentialAction":[{"@type":"SearchAction","target":{"@type":"EntryPoint","urlTemplate":"https:\/\/portaltela.pt\/?s={search_term_string}"},"query-input":{"@type":"PropertyValueSpecification","valueRequired":true,"valueName":"search_term_string"}}],"inLanguage":"pt-PT"},{"@type":"Person","@id":"https:\/\/portaltela.pt\/#\/schema\/person\/c4278d4a6028830caff9ee44b42d32ed","name":"Telinha","image":{"@type":"ImageObject","inLanguage":"pt-PT","@id":"https:\/\/portaltela.pt\/s.01k8rhncp4jt1\/2025\/11\/talking-bot-125x125.png","url":"https:\/\/portaltela.pt\/s.01k8rhncp4jt1\/2025\/11\/talking-bot-125x125.png","contentUrl":"https:\/\/portaltela.pt\/s.01k8rhncp4jt1\/2025\/11\/talking-bot-125x125.png","caption":"Telinha"},"sameAs":["https:\/\/portaltela.pt\/"],"url":"https:\/\/portaltela.pt\/por\/367410592786\/"}]}},"_links":{"self":[{"href":"https:\/\/portaltela.pt\/api\/wp\/v2\/posts\/399672","targetHints":{"allow":["GET"]}}],"collection":[{"href":"https:\/\/portaltela.pt\/api\/wp\/v2\/posts"}],"about":[{"href":"https:\/\/portaltela.pt\/api\/wp\/v2\/types\/post"}],"author":[{"embeddable":true,"href":"https:\/\/portaltela.pt\/api\/wp\/v2\/users\/2"}],"replies":[{"embeddable":true,"href":"https:\/\/portaltela.pt\/api\/wp\/v2\/comments?post=399672"}],"version-history":[{"count":0,"href":"https:\/\/portaltela.pt\/api\/wp\/v2\/posts\/399672\/revisions"}],"wp:featuredmedia":[{"embeddable":true,"href":"https:\/\/portaltela.pt\/api\/wp\/v2\/media\/399676"}],"wp:attachment":[{"href":"https:\/\/portaltela.pt\/api\/wp\/v2\/media?parent=399672"}],"wp:term":[{"taxonomy":"category","embeddable":true,"href":"https:\/\/portaltela.pt\/api\/wp\/v2\/categories?post=399672"},{"taxonomy":"post_tag","embeddable":true,"href":"https:\/\/portaltela.pt\/api\/wp\/v2\/tags?post=399672"}],"curies":[{"name":"wp","href":"https:\/\/api.w.org\/{rel}","templated":true}]}}