{"id":399670,"date":"2026-03-06T06:09:00","date_gmt":"2026-03-06T09:09:00","guid":{"rendered":"https:\/\/portaltela.pt\/noticias\/2026\/03\/06\/dgartes-financia-19-projectos-da-rede-de-arte-contemporanea-com-2-milhoes\/"},"modified":"2026-03-06T06:09:00","modified_gmt":"2026-03-06T09:09:00","slug":"dgartes-financia-19-projectos-da-rede-de-arte-contemporanea-com-2-milhoes","status":"publish","type":"post","link":"https:\/\/portaltela.pt\/noticias\/economia\/2026\/03\/06\/dgartes-financia-19-projectos-da-rede-de-arte-contemporanea-com-2-milhoes\/","title":{"rendered":"DGArtes financia 19 projectos da Rede de Arte Contempor\u00e2nea com 2 milh\u00f5es"},"content":{"rendered":"<p>A Dire\u00e7\u00e3o-Geral das Artes (DGArtes) anunciou, esta quinta-feira, o segundo programa de apoio da Rede Portuguesa de Arte Contempor\u00e2nea (RPAC), com uma dota\u00e7\u00e3o de 2 milh\u00f5es de euros. Ser\u00e3o financiados 19 projectos, envolvendo 63 parcerias e 36 entidades, em \u00e1reas como artes pl\u00e1sticas, arquitetura, cruzamento disciplinar, fotografia e novos media.<\/p>\n<p>Os resultados provis\u00f3rios foram comunicados aos candidatos e o concurso entra, agora, na fase de audi\u00eancia de interessados. As 19 propostas abrangem parcerias entre entidades p\u00fablicas e privadas, ampliando o alcance, a visibilidade e o impacto no territ\u00f3rio nacional.<\/p>\n<p>Os projectos ir\u00e3o decorrer entre 1 de abril deste ano e 31 de mar\u00e7o de 2028, em todo o pa\u00eds. O objetivo \u00e9 promover a descentraliza\u00e7\u00e3o territorial e manter uma a\u00e7\u00e3o pr\u00f3xima das comunidades ligadas \u00e0 arte contempor\u00e2nea.<\/p>\n<h3>RPAC na ARCOmadrid<\/h3>\n<p>A RPAC participa pela primeira vez na feira ARCOmadrid, em Madrid, at\u00e9 ao pr\u00f3ximo domingo. O espa\u00e7o expositivo visa apresentar a Rede, a distribui\u00e7\u00e3o territorial e os valores da DGArtes para dinamizar a arte contempor\u00e2nea portuguesa. Al\u00e9m do stand, o director-geral Am\u00e9rico Rodrigues far\u00e1, na sexta-feira, a primeira apresenta\u00e7\u00e3o internacional da RPAC.<\/p>\n","protected":false},"excerpt":{"rendered":"<ul>\n<li>O segundo programa de apoio da Rede Portuguesa de Arte Contempor\u00e2nea (RPAC) vai financiar 19 projectos, envolvendo 36 entidades e 63 parcerias, com uma dota\u00e7\u00e3o de dois milh\u00f5es de euros.<\/li>\n<li>Os projetos, nas \u00e1reas de artes pl\u00e1sticas, arquitectura, cruzamento disciplinar, fotografia e novos media, v\u00e3o decorrer entre 1 de abril deste ano e 31 de mar\u00e7o de 2028 em todo o pa\u00eds.<\/li>\n<li>O objetivo \u00e9 promover a descentraliza\u00e7\u00e3o territorial e aproximar a arte das comunidades, mantendo o apoio a espa\u00e7os p\u00fablicos e privados integrados na RPAC.<\/li>\n<li>A RPAC, que j\u00e1 agregava 98 entidades em 82 espa\u00e7os, est\u00e1 pela primeira vez presente na feira ARCOmadrid, com um espa\u00e7o expositivo e a apresenta\u00e7\u00e3o internacional da rede pelo diretor-geral das Artes, Am\u00e9rico Rodrigues.<\/li>\n<li>Em rela\u00e7\u00e3o \u00e0 edi\u00e7\u00e3o anterior, manteve-se a dota\u00e7\u00e3o de dois milh\u00f5es de euros, com algumas candidaturas a n\u00e3o serem apoiadas na primeira edi\u00e7\u00e3o, realizada no final de 2023.<\/li>\n<\/ul>\n","protected":false},"author":2,"featured_media":399675,"comment_status":"closed","ping_status":"closed","sticky":false,"template":"","format":"standard","meta":{"footnotes":""},"categories":[2,1],"tags":[70,4653,1275,247,141,1014],"class_list":["post-399670","post","type-post","status-publish","format-standard","has-post-thumbnail","hentry","category-economia","category-noticias","tag-arte","tag-artes-plasticas","tag-descentralizacao-territorial","tag-fotografia","tag-novos-media","tag-portugal"],"yoast_head":"<!-- This site is optimized with the Yoast SEO plugin v27.2 - https:\/\/yoast.com\/product\/yoast-seo-wordpress\/ -->\n<title>DGArtes financia 19 projectos da Rede de Arte Contempor\u00e2nea com 2 milh\u00f5es - Portal Tela Portugal<\/title>\n<meta name=\"robots\" content=\"index, follow, max-snippet:-1, max-image-preview:large, max-video-preview:-1\" \/>\n<meta property=\"og:locale\" content=\"pt_PT\" \/>\n<meta property=\"og:type\" content=\"article\" \/>\n<meta property=\"og:title\" content=\"DGArtes financia 19 projectos da Rede de Arte Contempor\u00e2nea com 2 milh\u00f5es - Portal Tela Portugal\" \/>\n<meta property=\"og:description\" content=\"O segundo programa de apoio da Rede Portuguesa de Arte Contempor\u00e2nea (RPAC) vai financiar 19 projectos, envolvendo 36 entidades e 63 parcerias, com uma dota\u00e7\u00e3o de dois milh\u00f5es de euros. Os projetos, nas \u00e1reas de artes pl\u00e1sticas, arquitectura, cruzamento disciplinar, fotografia e novos media, v\u00e3o decorrer entre 1 de abril deste ano e 31 de mar\u00e7o de 2028 em todo o pa\u00eds. O objetivo \u00e9 promover a descentraliza\u00e7\u00e3o territorial e aproximar a arte das comunidades, mantendo o apoio a espa\u00e7os p\u00fablicos e privados integrados na RPAC. A RPAC, que j\u00e1 agregava 98 entidades em 82 espa\u00e7os, est\u00e1 pela primeira vez presente na feira ARCOmadrid, com um espa\u00e7o expositivo e a apresenta\u00e7\u00e3o internacional da rede pelo diretor-geral das Artes, Am\u00e9rico Rodrigues. Em rela\u00e7\u00e3o \u00e0 edi\u00e7\u00e3o anterior, manteve-se a dota\u00e7\u00e3o de dois milh\u00f5es de euros, com algumas candidaturas a n\u00e3o serem apoiadas na primeira edi\u00e7\u00e3o, realizada no final de 2023.\" \/>\n<meta property=\"og:url\" content=\"https:\/\/portaltela.pt\/noticias\/2026\/03\/06\/dgartes-financia-19-projectos-da-rede-de-arte-contemporanea-com-2-milhoes\/\" \/>\n<meta property=\"og:site_name\" content=\"Portal Tela Portugal\" \/>\n<meta property=\"article:published_time\" content=\"2026-03-06T09:09:00+00:00\" \/>\n<meta name=\"author\" content=\"Telinha\" \/>\n<meta name=\"twitter:card\" content=\"summary_large_image\" \/>\n<meta name=\"twitter:label1\" content=\"Escrito por\" \/>\n\t<meta name=\"twitter:data1\" content=\"Telinha\" \/>\n\t<meta name=\"twitter:label2\" content=\"Tempo estimado de leitura\" \/>\n\t<meta name=\"twitter:data2\" content=\"1 minuto\" \/>\n<script type=\"application\/ld+json\" class=\"yoast-schema-graph\">{\"@context\":\"https:\/\/schema.org\",\"@graph\":[{\"@type\":\"Article\",\"@id\":\"https:\/\/portaltela.pt\/noticias\/2026\/03\/06\/dgartes-financia-19-projectos-da-rede-de-arte-contemporanea-com-2-milhoes\/#article\",\"isPartOf\":{\"@id\":\"https:\/\/portaltela.pt\/noticias\/2026\/03\/06\/dgartes-financia-19-projectos-da-rede-de-arte-contemporanea-com-2-milhoes\/\"},\"author\":{\"name\":\"Telinha\",\"@id\":\"https:\/\/portaltela.pt\/#\/schema\/person\/c4278d4a6028830caff9ee44b42d32ed\"},\"headline\":\"DGArtes financia 19 projectos da Rede de Arte Contempor\u00e2nea com 2 milh\u00f5es\",\"datePublished\":\"2026-03-06T09:09:00+00:00\",\"mainEntityOfPage\":{\"@id\":\"https:\/\/portaltela.pt\/noticias\/2026\/03\/06\/dgartes-financia-19-projectos-da-rede-de-arte-contemporanea-com-2-milhoes\/\"},\"wordCount\":208,\"image\":{\"@id\":\"https:\/\/portaltela.pt\/noticias\/2026\/03\/06\/dgartes-financia-19-projectos-da-rede-de-arte-contemporanea-com-2-milhoes\/#primaryimage\"},\"thumbnailUrl\":\"https:\/\/portaltela.pt\/s.01k8rhncp4jt1\/2026\/03\/2072185.jpg\",\"keywords\":[\"arte\",\"Artes Pl\u00e1sticas\",\"descentraliza\u00e7\u00e3o territorial\",\"fotografia\",\"novos media\",\"Portugal\"],\"articleSection\":[\"Economia\",\"Not\u00edcias\"],\"inLanguage\":\"pt-PT\"},{\"@type\":\"WebPage\",\"@id\":\"https:\/\/portaltela.pt\/noticias\/2026\/03\/06\/dgartes-financia-19-projectos-da-rede-de-arte-contemporanea-com-2-milhoes\/\",\"url\":\"https:\/\/portaltela.pt\/noticias\/2026\/03\/06\/dgartes-financia-19-projectos-da-rede-de-arte-contemporanea-com-2-milhoes\/\",\"name\":\"DGArtes financia 19 projectos da Rede de Arte Contempor\u00e2nea com 2 milh\u00f5es - Portal Tela Portugal\",\"isPartOf\":{\"@id\":\"https:\/\/portaltela.pt\/#website\"},\"primaryImageOfPage\":{\"@id\":\"https:\/\/portaltela.pt\/noticias\/2026\/03\/06\/dgartes-financia-19-projectos-da-rede-de-arte-contemporanea-com-2-milhoes\/#primaryimage\"},\"image\":{\"@id\":\"https:\/\/portaltela.pt\/noticias\/2026\/03\/06\/dgartes-financia-19-projectos-da-rede-de-arte-contemporanea-com-2-milhoes\/#primaryimage\"},\"thumbnailUrl\":\"https:\/\/portaltela.pt\/s.01k8rhncp4jt1\/2026\/03\/2072185.jpg\",\"datePublished\":\"2026-03-06T09:09:00+00:00\",\"author\":{\"@id\":\"https:\/\/portaltela.pt\/#\/schema\/person\/c4278d4a6028830caff9ee44b42d32ed\"},\"breadcrumb\":{\"@id\":\"https:\/\/portaltela.pt\/noticias\/2026\/03\/06\/dgartes-financia-19-projectos-da-rede-de-arte-contemporanea-com-2-milhoes\/#breadcrumb\"},\"inLanguage\":\"pt-PT\",\"potentialAction\":[{\"@type\":\"ReadAction\",\"target\":[\"https:\/\/portaltela.pt\/noticias\/2026\/03\/06\/dgartes-financia-19-projectos-da-rede-de-arte-contemporanea-com-2-milhoes\/\"]}]},{\"@type\":\"ImageObject\",\"inLanguage\":\"pt-PT\",\"@id\":\"https:\/\/portaltela.pt\/noticias\/2026\/03\/06\/dgartes-financia-19-projectos-da-rede-de-arte-contemporanea-com-2-milhoes\/#primaryimage\",\"url\":\"https:\/\/portaltela.pt\/s.01k8rhncp4jt1\/2026\/03\/2072185.jpg\",\"contentUrl\":\"https:\/\/portaltela.pt\/s.01k8rhncp4jt1\/2026\/03\/2072185.jpg\",\"width\":796,\"height\":448,\"caption\":\"Centro de Arte Oliva, em S\u00e3o Jo\u00e3o da Madeira, um dos espa\u00e7os que integram a RPAC\"},{\"@type\":\"BreadcrumbList\",\"@id\":\"https:\/\/portaltela.pt\/noticias\/2026\/03\/06\/dgartes-financia-19-projectos-da-rede-de-arte-contemporanea-com-2-milhoes\/#breadcrumb\",\"itemListElement\":[{\"@type\":\"ListItem\",\"position\":1,\"name\":\"In\u00edcio\",\"item\":\"https:\/\/portaltela.pt\/\"},{\"@type\":\"ListItem\",\"position\":2,\"name\":\"DGArtes financia 19 projectos da Rede de Arte Contempor\u00e2nea com 2 milh\u00f5es\"}]},{\"@type\":\"WebSite\",\"@id\":\"https:\/\/portaltela.pt\/#website\",\"url\":\"https:\/\/portaltela.pt\/\",\"name\":\"Portal Tela Portugal\",\"description\":\"\",\"potentialAction\":[{\"@type\":\"SearchAction\",\"target\":{\"@type\":\"EntryPoint\",\"urlTemplate\":\"https:\/\/portaltela.pt\/?s={search_term_string}\"},\"query-input\":{\"@type\":\"PropertyValueSpecification\",\"valueRequired\":true,\"valueName\":\"search_term_string\"}}],\"inLanguage\":\"pt-PT\"},{\"@type\":\"Person\",\"@id\":\"https:\/\/portaltela.pt\/#\/schema\/person\/c4278d4a6028830caff9ee44b42d32ed\",\"name\":\"Telinha\",\"image\":{\"@type\":\"ImageObject\",\"inLanguage\":\"pt-PT\",\"@id\":\"https:\/\/portaltela.pt\/s.01k8rhncp4jt1\/2025\/11\/talking-bot-125x125.png\",\"url\":\"https:\/\/portaltela.pt\/s.01k8rhncp4jt1\/2025\/11\/talking-bot-125x125.png\",\"contentUrl\":\"https:\/\/portaltela.pt\/s.01k8rhncp4jt1\/2025\/11\/talking-bot-125x125.png\",\"caption\":\"Telinha\"},\"sameAs\":[\"https:\/\/portaltela.pt\/\"],\"url\":\"https:\/\/portaltela.pt\/por\/367410592786\/\"}]}<\/script>\n<!-- \/ Yoast SEO plugin. -->","yoast_head_json":{"title":"DGArtes financia 19 projectos da Rede de Arte Contempor\u00e2nea com 2 milh\u00f5es - Portal Tela Portugal","robots":{"index":"index","follow":"follow","max-snippet":"max-snippet:-1","max-image-preview":"max-image-preview:large","max-video-preview":"max-video-preview:-1"},"og_locale":"pt_PT","og_type":"article","og_title":"DGArtes financia 19 projectos da Rede de Arte Contempor\u00e2nea com 2 milh\u00f5es - Portal Tela Portugal","og_description":"O segundo programa de apoio da Rede Portuguesa de Arte Contempor\u00e2nea (RPAC) vai financiar 19 projectos, envolvendo 36 entidades e 63 parcerias, com uma dota\u00e7\u00e3o de dois milh\u00f5es de euros. Os projetos, nas \u00e1reas de artes pl\u00e1sticas, arquitectura, cruzamento disciplinar, fotografia e novos media, v\u00e3o decorrer entre 1 de abril deste ano e 31 de mar\u00e7o de 2028 em todo o pa\u00eds. O objetivo \u00e9 promover a descentraliza\u00e7\u00e3o territorial e aproximar a arte das comunidades, mantendo o apoio a espa\u00e7os p\u00fablicos e privados integrados na RPAC. A RPAC, que j\u00e1 agregava 98 entidades em 82 espa\u00e7os, est\u00e1 pela primeira vez presente na feira ARCOmadrid, com um espa\u00e7o expositivo e a apresenta\u00e7\u00e3o internacional da rede pelo diretor-geral das Artes, Am\u00e9rico Rodrigues. Em rela\u00e7\u00e3o \u00e0 edi\u00e7\u00e3o anterior, manteve-se a dota\u00e7\u00e3o de dois milh\u00f5es de euros, com algumas candidaturas a n\u00e3o serem apoiadas na primeira edi\u00e7\u00e3o, realizada no final de 2023.","og_url":"https:\/\/portaltela.pt\/noticias\/2026\/03\/06\/dgartes-financia-19-projectos-da-rede-de-arte-contemporanea-com-2-milhoes\/","og_site_name":"Portal Tela Portugal","article_published_time":"2026-03-06T09:09:00+00:00","author":"Telinha","twitter_card":"summary_large_image","twitter_misc":{"Escrito por":"Telinha","Tempo estimado de leitura":"1 minuto"},"schema":{"@context":"https:\/\/schema.org","@graph":[{"@type":"Article","@id":"https:\/\/portaltela.pt\/noticias\/2026\/03\/06\/dgartes-financia-19-projectos-da-rede-de-arte-contemporanea-com-2-milhoes\/#article","isPartOf":{"@id":"https:\/\/portaltela.pt\/noticias\/2026\/03\/06\/dgartes-financia-19-projectos-da-rede-de-arte-contemporanea-com-2-milhoes\/"},"author":{"name":"Telinha","@id":"https:\/\/portaltela.pt\/#\/schema\/person\/c4278d4a6028830caff9ee44b42d32ed"},"headline":"DGArtes financia 19 projectos da Rede de Arte Contempor\u00e2nea com 2 milh\u00f5es","datePublished":"2026-03-06T09:09:00+00:00","mainEntityOfPage":{"@id":"https:\/\/portaltela.pt\/noticias\/2026\/03\/06\/dgartes-financia-19-projectos-da-rede-de-arte-contemporanea-com-2-milhoes\/"},"wordCount":208,"image":{"@id":"https:\/\/portaltela.pt\/noticias\/2026\/03\/06\/dgartes-financia-19-projectos-da-rede-de-arte-contemporanea-com-2-milhoes\/#primaryimage"},"thumbnailUrl":"https:\/\/portaltela.pt\/s.01k8rhncp4jt1\/2026\/03\/2072185.jpg","keywords":["arte","Artes Pl\u00e1sticas","descentraliza\u00e7\u00e3o territorial","fotografia","novos media","Portugal"],"articleSection":["Economia","Not\u00edcias"],"inLanguage":"pt-PT"},{"@type":"WebPage","@id":"https:\/\/portaltela.pt\/noticias\/2026\/03\/06\/dgartes-financia-19-projectos-da-rede-de-arte-contemporanea-com-2-milhoes\/","url":"https:\/\/portaltela.pt\/noticias\/2026\/03\/06\/dgartes-financia-19-projectos-da-rede-de-arte-contemporanea-com-2-milhoes\/","name":"DGArtes financia 19 projectos da Rede de Arte Contempor\u00e2nea com 2 milh\u00f5es - Portal Tela Portugal","isPartOf":{"@id":"https:\/\/portaltela.pt\/#website"},"primaryImageOfPage":{"@id":"https:\/\/portaltela.pt\/noticias\/2026\/03\/06\/dgartes-financia-19-projectos-da-rede-de-arte-contemporanea-com-2-milhoes\/#primaryimage"},"image":{"@id":"https:\/\/portaltela.pt\/noticias\/2026\/03\/06\/dgartes-financia-19-projectos-da-rede-de-arte-contemporanea-com-2-milhoes\/#primaryimage"},"thumbnailUrl":"https:\/\/portaltela.pt\/s.01k8rhncp4jt1\/2026\/03\/2072185.jpg","datePublished":"2026-03-06T09:09:00+00:00","author":{"@id":"https:\/\/portaltela.pt\/#\/schema\/person\/c4278d4a6028830caff9ee44b42d32ed"},"breadcrumb":{"@id":"https:\/\/portaltela.pt\/noticias\/2026\/03\/06\/dgartes-financia-19-projectos-da-rede-de-arte-contemporanea-com-2-milhoes\/#breadcrumb"},"inLanguage":"pt-PT","potentialAction":[{"@type":"ReadAction","target":["https:\/\/portaltela.pt\/noticias\/2026\/03\/06\/dgartes-financia-19-projectos-da-rede-de-arte-contemporanea-com-2-milhoes\/"]}]},{"@type":"ImageObject","inLanguage":"pt-PT","@id":"https:\/\/portaltela.pt\/noticias\/2026\/03\/06\/dgartes-financia-19-projectos-da-rede-de-arte-contemporanea-com-2-milhoes\/#primaryimage","url":"https:\/\/portaltela.pt\/s.01k8rhncp4jt1\/2026\/03\/2072185.jpg","contentUrl":"https:\/\/portaltela.pt\/s.01k8rhncp4jt1\/2026\/03\/2072185.jpg","width":796,"height":448,"caption":"Centro de Arte Oliva, em S\u00e3o Jo\u00e3o da Madeira, um dos espa\u00e7os que integram a RPAC"},{"@type":"BreadcrumbList","@id":"https:\/\/portaltela.pt\/noticias\/2026\/03\/06\/dgartes-financia-19-projectos-da-rede-de-arte-contemporanea-com-2-milhoes\/#breadcrumb","itemListElement":[{"@type":"ListItem","position":1,"name":"In\u00edcio","item":"https:\/\/portaltela.pt\/"},{"@type":"ListItem","position":2,"name":"DGArtes financia 19 projectos da Rede de Arte Contempor\u00e2nea com 2 milh\u00f5es"}]},{"@type":"WebSite","@id":"https:\/\/portaltela.pt\/#website","url":"https:\/\/portaltela.pt\/","name":"Portal Tela Portugal","description":"","potentialAction":[{"@type":"SearchAction","target":{"@type":"EntryPoint","urlTemplate":"https:\/\/portaltela.pt\/?s={search_term_string}"},"query-input":{"@type":"PropertyValueSpecification","valueRequired":true,"valueName":"search_term_string"}}],"inLanguage":"pt-PT"},{"@type":"Person","@id":"https:\/\/portaltela.pt\/#\/schema\/person\/c4278d4a6028830caff9ee44b42d32ed","name":"Telinha","image":{"@type":"ImageObject","inLanguage":"pt-PT","@id":"https:\/\/portaltela.pt\/s.01k8rhncp4jt1\/2025\/11\/talking-bot-125x125.png","url":"https:\/\/portaltela.pt\/s.01k8rhncp4jt1\/2025\/11\/talking-bot-125x125.png","contentUrl":"https:\/\/portaltela.pt\/s.01k8rhncp4jt1\/2025\/11\/talking-bot-125x125.png","caption":"Telinha"},"sameAs":["https:\/\/portaltela.pt\/"],"url":"https:\/\/portaltela.pt\/por\/367410592786\/"}]}},"_links":{"self":[{"href":"https:\/\/portaltela.pt\/api\/wp\/v2\/posts\/399670","targetHints":{"allow":["GET"]}}],"collection":[{"href":"https:\/\/portaltela.pt\/api\/wp\/v2\/posts"}],"about":[{"href":"https:\/\/portaltela.pt\/api\/wp\/v2\/types\/post"}],"author":[{"embeddable":true,"href":"https:\/\/portaltela.pt\/api\/wp\/v2\/users\/2"}],"replies":[{"embeddable":true,"href":"https:\/\/portaltela.pt\/api\/wp\/v2\/comments?post=399670"}],"version-history":[{"count":0,"href":"https:\/\/portaltela.pt\/api\/wp\/v2\/posts\/399670\/revisions"}],"wp:featuredmedia":[{"embeddable":true,"href":"https:\/\/portaltela.pt\/api\/wp\/v2\/media\/399675"}],"wp:attachment":[{"href":"https:\/\/portaltela.pt\/api\/wp\/v2\/media?parent=399670"}],"wp:term":[{"taxonomy":"category","embeddable":true,"href":"https:\/\/portaltela.pt\/api\/wp\/v2\/categories?post=399670"},{"taxonomy":"post_tag","embeddable":true,"href":"https:\/\/portaltela.pt\/api\/wp\/v2\/tags?post=399670"}],"curies":[{"name":"wp","href":"https:\/\/api.w.org\/{rel}","templated":true}]}}