{"id":399665,"date":"2026-03-06T06:06:36","date_gmt":"2026-03-06T09:06:36","guid":{"rendered":"https:\/\/portaltela.pt\/noticias\/2026\/03\/06\/benfica-e-porto-tentam-tri-que-foge-ha-mais-de-40-anos\/"},"modified":"2026-03-06T06:06:36","modified_gmt":"2026-03-06T09:06:36","slug":"benfica-e-porto-tentam-tri-que-foge-ha-mais-de-40-anos","status":"publish","type":"post","link":"https:\/\/portaltela.pt\/desporto\/futebol\/2026\/03\/06\/benfica-e-porto-tentam-tri-que-foge-ha-mais-de-40-anos\/","title":{"rendered":"Benfica e Porto tentam tri que foge h\u00e1 mais de 40 anos"},"content":{"rendered":"<p>O Benfica recebe o FC Porto no pr\u00f3ximo domingo, \u00e0s 18:00, no Est\u00e1dio da Luz, em Lisboa, pela 25.\u00aa jornada da I Liga 2025\/26. O objetivo \u00e9 conseguir um trio de vit\u00f3rias em casa frente aos azuis e brancos, algo que n\u00e3o ocorre h\u00e1 mais de 40 anos.<\/p>\n<p>Nas \u00faltimas duas \u00e9pocas, o Benfica ganhou os dois jogos em casa frente ao Porto, depois de uma fase com apenas quatro vit\u00f3rias em 22 encontros na casa encarnada. O registo atual aproxima-se de uma sequ\u00eancia que n\u00e3o era alcan\u00e7ada desde o in\u00edcio dos anos 80.<\/p>\n<h3>Hist\u00f3ria recente do confronto<\/h3>\n<p>O confronto entre Benfica e Porto em casa tem, ao longo dos anos, alternado favoritismos. O Porto realizou v\u00e1rias vit\u00f3rias importantes fora de portas, enquanto o Benfica manteve dom\u00ednio hist\u00f3rico no agregado de encontros na Luz, com vantagem expressiva ao longo de d\u00e9cadas.<\/p>\n<h3>Destaques da atual temporada<\/h3>\n<p>\u00c1ngel Di Mar\u00eda tem sido o rosto dos triunfos do Benfica nas duas \u00faltimas temporadas, marcando em momentos-chave. O argentino assinou dois dos cinco golos da equipa nas vit\u00f3rias recentes, incluindo golos decisivos em 2023\/24 e 2024\/25.<\/p>\n<h3>Registo hist\u00f3rico<\/h3>\n<p>Historicamente, o Benfica lidera o confronto, com mais vit\u00f3rias em casa e um saldo global favor\u00e1vel. Do total de encontros na casa dos encarnados desde 1935, o clube lisboeta soma mais vit\u00f3rias, com uma diferen\u00e7a que se mant\u00e9m relevante ao longo das d\u00e9cadas.<\/p>\n<h3>Dados do jogo<\/h3>\n<p>Esta \u00e9 a 92.\u00aa participa\u00e7\u00e3o do Benfica diante do Porto na Luz para o campeonato. A partida, marcada pela ronda 25 da I Liga, coloca frente a frente duas equipas com palmar\u00e9s contrastantes, num jogo de grande import\u00e2ncia no campeonato.<\/p>\n","protected":false},"excerpt":{"rendered":"<ul>\n<li>O Benfica pode chegar aos tr\u00eas triunfos consecutivos em casa frente ao FC Porto na I Liga, feito que n\u00e3o ocorria desde o in\u00edcio dos anos oitenta.<\/li>\n<li>Os encarnados venceram os dois \u00faltimos jogos em casa contra o Porto (2023\/24 e 2024\/25), ap\u00f3s longos per\u00edodos de dom\u00ednio portista.<\/li>\n<li>\u00c1ngel Di Mar\u00eda marcou tr\u00eas dos cinco golos do Benfica nos triunfos sobre o Porto nas duas \u00faltimas \u00e9pocas.<\/li>\n<li>O hist\u00f3rico em casa do Benfica aponta uma vantagem para os encarnados, com quarenta e cinco vit\u00f3rias em noventa e um encontros frente aos de azul e branco (menos vinte e nove empates).<\/li>\n<li>O 92.\u00ba jogo entre Benfica e FC Porto na Luz realiza-se no domingo, \u00e0s 18:00, no Est\u00e1dio da Luz, para a ronda 25 da I Liga 2025\/26.<\/li>\n<\/ul>\n","protected":false},"author":2,"featured_media":399668,"comment_status":"closed","ping_status":"closed","sticky":false,"template":"","format":"standard","meta":{"footnotes":""},"categories":[21,24],"tags":[4143,1946,2624,32,299,982],"class_list":["post-399665","post","type-post","status-publish","format-standard","has-post-thumbnail","hentry","category-desporto","category-futebol","tag-1-liga","tag-benfica","tag-di-maria","tag-futebol","tag-historia","tag-porto"],"yoast_head":"<!-- This site is optimized with the Yoast SEO plugin v27.2 - https:\/\/yoast.com\/product\/yoast-seo-wordpress\/ -->\n<title>Benfica e Porto tentam tri que foge h\u00e1 mais de 40 anos - Portal Tela Portugal<\/title>\n<meta name=\"robots\" content=\"index, follow, max-snippet:-1, max-image-preview:large, max-video-preview:-1\" \/>\n<meta property=\"og:locale\" content=\"pt_PT\" \/>\n<meta property=\"og:type\" content=\"article\" \/>\n<meta property=\"og:title\" content=\"Benfica e Porto tentam tri que foge h\u00e1 mais de 40 anos - Portal Tela Portugal\" \/>\n<meta property=\"og:description\" content=\"O Benfica pode chegar aos tr\u00eas triunfos consecutivos em casa frente ao FC Porto na I Liga, feito que n\u00e3o ocorria desde o in\u00edcio dos anos oitenta. Os encarnados venceram os dois \u00faltimos jogos em casa contra o Porto (2023\/24 e 2024\/25), ap\u00f3s longos per\u00edodos de dom\u00ednio portista. \u00c1ngel Di Mar\u00eda marcou tr\u00eas dos cinco golos do Benfica nos triunfos sobre o Porto nas duas \u00faltimas \u00e9pocas. O hist\u00f3rico em casa do Benfica aponta uma vantagem para os encarnados, com quarenta e cinco vit\u00f3rias em noventa e um encontros frente aos de azul e branco (menos vinte e nove empates). O 92.\u00ba jogo entre Benfica e FC Porto na Luz realiza-se no domingo, \u00e0s 18:00, no Est\u00e1dio da Luz, para a ronda 25 da I Liga 2025\/26.\" \/>\n<meta property=\"og:url\" content=\"https:\/\/portaltela.pt\/noticias\/2026\/03\/06\/benfica-e-porto-tentam-tri-que-foge-ha-mais-de-40-anos\/\" \/>\n<meta property=\"og:site_name\" content=\"Portal Tela Portugal\" \/>\n<meta property=\"article:published_time\" content=\"2026-03-06T09:06:36+00:00\" \/>\n<meta name=\"author\" content=\"Telinha\" \/>\n<meta name=\"twitter:card\" content=\"summary_large_image\" \/>\n<meta name=\"twitter:label1\" content=\"Escrito por\" \/>\n\t<meta name=\"twitter:data1\" content=\"Telinha\" \/>\n\t<meta name=\"twitter:label2\" content=\"Tempo estimado de leitura\" \/>\n\t<meta name=\"twitter:data2\" content=\"1 minuto\" \/>\n<script type=\"application\/ld+json\" class=\"yoast-schema-graph\">{\"@context\":\"https:\/\/schema.org\",\"@graph\":[{\"@type\":\"Article\",\"@id\":\"https:\/\/portaltela.pt\/noticias\/2026\/03\/06\/benfica-e-porto-tentam-tri-que-foge-ha-mais-de-40-anos\/#article\",\"isPartOf\":{\"@id\":\"https:\/\/portaltela.pt\/noticias\/2026\/03\/06\/benfica-e-porto-tentam-tri-que-foge-ha-mais-de-40-anos\/\"},\"author\":{\"name\":\"Telinha\",\"@id\":\"https:\/\/portaltela.pt\/#\/schema\/person\/c4278d4a6028830caff9ee44b42d32ed\"},\"headline\":\"Benfica e Porto tentam tri que foge h\u00e1 mais de 40 anos\",\"datePublished\":\"2026-03-06T09:06:36+00:00\",\"mainEntityOfPage\":{\"@id\":\"https:\/\/portaltela.pt\/noticias\/2026\/03\/06\/benfica-e-porto-tentam-tri-que-foge-ha-mais-de-40-anos\/\"},\"wordCount\":295,\"image\":{\"@id\":\"https:\/\/portaltela.pt\/noticias\/2026\/03\/06\/benfica-e-porto-tentam-tri-que-foge-ha-mais-de-40-anos\/#primaryimage\"},\"thumbnailUrl\":\"https:\/\/portaltela.pt\/s.01k8rhncp4jt1\/2026\/03\/img_1500x1000uu2026-02-27-21-41-46-2269489.jpg\",\"keywords\":[\"1. Liga\",\"Benfica\",\"Di Mar\u00eda\",\"futebol\",\"hist\u00f3ria\",\"Porto\"],\"articleSection\":[\"Desporto\",\"Futebol\"],\"inLanguage\":\"pt-PT\"},{\"@type\":\"WebPage\",\"@id\":\"https:\/\/portaltela.pt\/noticias\/2026\/03\/06\/benfica-e-porto-tentam-tri-que-foge-ha-mais-de-40-anos\/\",\"url\":\"https:\/\/portaltela.pt\/noticias\/2026\/03\/06\/benfica-e-porto-tentam-tri-que-foge-ha-mais-de-40-anos\/\",\"name\":\"Benfica e Porto tentam tri que foge h\u00e1 mais de 40 anos - Portal Tela Portugal\",\"isPartOf\":{\"@id\":\"https:\/\/portaltela.pt\/#website\"},\"primaryImageOfPage\":{\"@id\":\"https:\/\/portaltela.pt\/noticias\/2026\/03\/06\/benfica-e-porto-tentam-tri-que-foge-ha-mais-de-40-anos\/#primaryimage\"},\"image\":{\"@id\":\"https:\/\/portaltela.pt\/noticias\/2026\/03\/06\/benfica-e-porto-tentam-tri-que-foge-ha-mais-de-40-anos\/#primaryimage\"},\"thumbnailUrl\":\"https:\/\/portaltela.pt\/s.01k8rhncp4jt1\/2026\/03\/img_1500x1000uu2026-02-27-21-41-46-2269489.jpg\",\"datePublished\":\"2026-03-06T09:06:36+00:00\",\"author\":{\"@id\":\"https:\/\/portaltela.pt\/#\/schema\/person\/c4278d4a6028830caff9ee44b42d32ed\"},\"breadcrumb\":{\"@id\":\"https:\/\/portaltela.pt\/noticias\/2026\/03\/06\/benfica-e-porto-tentam-tri-que-foge-ha-mais-de-40-anos\/#breadcrumb\"},\"inLanguage\":\"pt-PT\",\"potentialAction\":[{\"@type\":\"ReadAction\",\"target\":[\"https:\/\/portaltela.pt\/noticias\/2026\/03\/06\/benfica-e-porto-tentam-tri-que-foge-ha-mais-de-40-anos\/\"]}]},{\"@type\":\"ImageObject\",\"inLanguage\":\"pt-PT\",\"@id\":\"https:\/\/portaltela.pt\/noticias\/2026\/03\/06\/benfica-e-porto-tentam-tri-que-foge-ha-mais-de-40-anos\/#primaryimage\",\"url\":\"https:\/\/portaltela.pt\/s.01k8rhncp4jt1\/2026\/03\/img_1500x1000uu2026-02-27-21-41-46-2269489.jpg\",\"contentUrl\":\"https:\/\/portaltela.pt\/s.01k8rhncp4jt1\/2026\/03\/img_1500x1000uu2026-02-27-21-41-46-2269489.jpg\",\"width\":796,\"height\":448,\"caption\":\"Benfica e Tondela defrontam-se na Luz na estreia das duas equipas na Allianz Cup\"},{\"@type\":\"BreadcrumbList\",\"@id\":\"https:\/\/portaltela.pt\/noticias\/2026\/03\/06\/benfica-e-porto-tentam-tri-que-foge-ha-mais-de-40-anos\/#breadcrumb\",\"itemListElement\":[{\"@type\":\"ListItem\",\"position\":1,\"name\":\"In\u00edcio\",\"item\":\"https:\/\/portaltela.pt\/\"},{\"@type\":\"ListItem\",\"position\":2,\"name\":\"Benfica e Porto tentam tri que foge h\u00e1 mais de 40 anos\"}]},{\"@type\":\"WebSite\",\"@id\":\"https:\/\/portaltela.pt\/#website\",\"url\":\"https:\/\/portaltela.pt\/\",\"name\":\"Portal Tela Portugal\",\"description\":\"\",\"potentialAction\":[{\"@type\":\"SearchAction\",\"target\":{\"@type\":\"EntryPoint\",\"urlTemplate\":\"https:\/\/portaltela.pt\/?s={search_term_string}\"},\"query-input\":{\"@type\":\"PropertyValueSpecification\",\"valueRequired\":true,\"valueName\":\"search_term_string\"}}],\"inLanguage\":\"pt-PT\"},{\"@type\":\"Person\",\"@id\":\"https:\/\/portaltela.pt\/#\/schema\/person\/c4278d4a6028830caff9ee44b42d32ed\",\"name\":\"Telinha\",\"image\":{\"@type\":\"ImageObject\",\"inLanguage\":\"pt-PT\",\"@id\":\"https:\/\/portaltela.pt\/s.01k8rhncp4jt1\/2025\/11\/talking-bot-125x125.png\",\"url\":\"https:\/\/portaltela.pt\/s.01k8rhncp4jt1\/2025\/11\/talking-bot-125x125.png\",\"contentUrl\":\"https:\/\/portaltela.pt\/s.01k8rhncp4jt1\/2025\/11\/talking-bot-125x125.png\",\"caption\":\"Telinha\"},\"sameAs\":[\"https:\/\/portaltela.pt\/\"],\"url\":\"https:\/\/portaltela.pt\/por\/367410592786\/\"}]}<\/script>\n<!-- \/ Yoast SEO plugin. -->","yoast_head_json":{"title":"Benfica e Porto tentam tri que foge h\u00e1 mais de 40 anos - Portal Tela Portugal","robots":{"index":"index","follow":"follow","max-snippet":"max-snippet:-1","max-image-preview":"max-image-preview:large","max-video-preview":"max-video-preview:-1"},"og_locale":"pt_PT","og_type":"article","og_title":"Benfica e Porto tentam tri que foge h\u00e1 mais de 40 anos - Portal Tela Portugal","og_description":"O Benfica pode chegar aos tr\u00eas triunfos consecutivos em casa frente ao FC Porto na I Liga, feito que n\u00e3o ocorria desde o in\u00edcio dos anos oitenta. Os encarnados venceram os dois \u00faltimos jogos em casa contra o Porto (2023\/24 e 2024\/25), ap\u00f3s longos per\u00edodos de dom\u00ednio portista. \u00c1ngel Di Mar\u00eda marcou tr\u00eas dos cinco golos do Benfica nos triunfos sobre o Porto nas duas \u00faltimas \u00e9pocas. O hist\u00f3rico em casa do Benfica aponta uma vantagem para os encarnados, com quarenta e cinco vit\u00f3rias em noventa e um encontros frente aos de azul e branco (menos vinte e nove empates). O 92.\u00ba jogo entre Benfica e FC Porto na Luz realiza-se no domingo, \u00e0s 18:00, no Est\u00e1dio da Luz, para a ronda 25 da I Liga 2025\/26.","og_url":"https:\/\/portaltela.pt\/noticias\/2026\/03\/06\/benfica-e-porto-tentam-tri-que-foge-ha-mais-de-40-anos\/","og_site_name":"Portal Tela Portugal","article_published_time":"2026-03-06T09:06:36+00:00","author":"Telinha","twitter_card":"summary_large_image","twitter_misc":{"Escrito por":"Telinha","Tempo estimado de leitura":"1 minuto"},"schema":{"@context":"https:\/\/schema.org","@graph":[{"@type":"Article","@id":"https:\/\/portaltela.pt\/noticias\/2026\/03\/06\/benfica-e-porto-tentam-tri-que-foge-ha-mais-de-40-anos\/#article","isPartOf":{"@id":"https:\/\/portaltela.pt\/noticias\/2026\/03\/06\/benfica-e-porto-tentam-tri-que-foge-ha-mais-de-40-anos\/"},"author":{"name":"Telinha","@id":"https:\/\/portaltela.pt\/#\/schema\/person\/c4278d4a6028830caff9ee44b42d32ed"},"headline":"Benfica e Porto tentam tri que foge h\u00e1 mais de 40 anos","datePublished":"2026-03-06T09:06:36+00:00","mainEntityOfPage":{"@id":"https:\/\/portaltela.pt\/noticias\/2026\/03\/06\/benfica-e-porto-tentam-tri-que-foge-ha-mais-de-40-anos\/"},"wordCount":295,"image":{"@id":"https:\/\/portaltela.pt\/noticias\/2026\/03\/06\/benfica-e-porto-tentam-tri-que-foge-ha-mais-de-40-anos\/#primaryimage"},"thumbnailUrl":"https:\/\/portaltela.pt\/s.01k8rhncp4jt1\/2026\/03\/img_1500x1000uu2026-02-27-21-41-46-2269489.jpg","keywords":["1. Liga","Benfica","Di Mar\u00eda","futebol","hist\u00f3ria","Porto"],"articleSection":["Desporto","Futebol"],"inLanguage":"pt-PT"},{"@type":"WebPage","@id":"https:\/\/portaltela.pt\/noticias\/2026\/03\/06\/benfica-e-porto-tentam-tri-que-foge-ha-mais-de-40-anos\/","url":"https:\/\/portaltela.pt\/noticias\/2026\/03\/06\/benfica-e-porto-tentam-tri-que-foge-ha-mais-de-40-anos\/","name":"Benfica e Porto tentam tri que foge h\u00e1 mais de 40 anos - Portal Tela Portugal","isPartOf":{"@id":"https:\/\/portaltela.pt\/#website"},"primaryImageOfPage":{"@id":"https:\/\/portaltela.pt\/noticias\/2026\/03\/06\/benfica-e-porto-tentam-tri-que-foge-ha-mais-de-40-anos\/#primaryimage"},"image":{"@id":"https:\/\/portaltela.pt\/noticias\/2026\/03\/06\/benfica-e-porto-tentam-tri-que-foge-ha-mais-de-40-anos\/#primaryimage"},"thumbnailUrl":"https:\/\/portaltela.pt\/s.01k8rhncp4jt1\/2026\/03\/img_1500x1000uu2026-02-27-21-41-46-2269489.jpg","datePublished":"2026-03-06T09:06:36+00:00","author":{"@id":"https:\/\/portaltela.pt\/#\/schema\/person\/c4278d4a6028830caff9ee44b42d32ed"},"breadcrumb":{"@id":"https:\/\/portaltela.pt\/noticias\/2026\/03\/06\/benfica-e-porto-tentam-tri-que-foge-ha-mais-de-40-anos\/#breadcrumb"},"inLanguage":"pt-PT","potentialAction":[{"@type":"ReadAction","target":["https:\/\/portaltela.pt\/noticias\/2026\/03\/06\/benfica-e-porto-tentam-tri-que-foge-ha-mais-de-40-anos\/"]}]},{"@type":"ImageObject","inLanguage":"pt-PT","@id":"https:\/\/portaltela.pt\/noticias\/2026\/03\/06\/benfica-e-porto-tentam-tri-que-foge-ha-mais-de-40-anos\/#primaryimage","url":"https:\/\/portaltela.pt\/s.01k8rhncp4jt1\/2026\/03\/img_1500x1000uu2026-02-27-21-41-46-2269489.jpg","contentUrl":"https:\/\/portaltela.pt\/s.01k8rhncp4jt1\/2026\/03\/img_1500x1000uu2026-02-27-21-41-46-2269489.jpg","width":796,"height":448,"caption":"Benfica e Tondela defrontam-se na Luz na estreia das duas equipas na Allianz Cup"},{"@type":"BreadcrumbList","@id":"https:\/\/portaltela.pt\/noticias\/2026\/03\/06\/benfica-e-porto-tentam-tri-que-foge-ha-mais-de-40-anos\/#breadcrumb","itemListElement":[{"@type":"ListItem","position":1,"name":"In\u00edcio","item":"https:\/\/portaltela.pt\/"},{"@type":"ListItem","position":2,"name":"Benfica e Porto tentam tri que foge h\u00e1 mais de 40 anos"}]},{"@type":"WebSite","@id":"https:\/\/portaltela.pt\/#website","url":"https:\/\/portaltela.pt\/","name":"Portal Tela Portugal","description":"","potentialAction":[{"@type":"SearchAction","target":{"@type":"EntryPoint","urlTemplate":"https:\/\/portaltela.pt\/?s={search_term_string}"},"query-input":{"@type":"PropertyValueSpecification","valueRequired":true,"valueName":"search_term_string"}}],"inLanguage":"pt-PT"},{"@type":"Person","@id":"https:\/\/portaltela.pt\/#\/schema\/person\/c4278d4a6028830caff9ee44b42d32ed","name":"Telinha","image":{"@type":"ImageObject","inLanguage":"pt-PT","@id":"https:\/\/portaltela.pt\/s.01k8rhncp4jt1\/2025\/11\/talking-bot-125x125.png","url":"https:\/\/portaltela.pt\/s.01k8rhncp4jt1\/2025\/11\/talking-bot-125x125.png","contentUrl":"https:\/\/portaltela.pt\/s.01k8rhncp4jt1\/2025\/11\/talking-bot-125x125.png","caption":"Telinha"},"sameAs":["https:\/\/portaltela.pt\/"],"url":"https:\/\/portaltela.pt\/por\/367410592786\/"}]}},"_links":{"self":[{"href":"https:\/\/portaltela.pt\/api\/wp\/v2\/posts\/399665","targetHints":{"allow":["GET"]}}],"collection":[{"href":"https:\/\/portaltela.pt\/api\/wp\/v2\/posts"}],"about":[{"href":"https:\/\/portaltela.pt\/api\/wp\/v2\/types\/post"}],"author":[{"embeddable":true,"href":"https:\/\/portaltela.pt\/api\/wp\/v2\/users\/2"}],"replies":[{"embeddable":true,"href":"https:\/\/portaltela.pt\/api\/wp\/v2\/comments?post=399665"}],"version-history":[{"count":0,"href":"https:\/\/portaltela.pt\/api\/wp\/v2\/posts\/399665\/revisions"}],"wp:featuredmedia":[{"embeddable":true,"href":"https:\/\/portaltela.pt\/api\/wp\/v2\/media\/399668"}],"wp:attachment":[{"href":"https:\/\/portaltela.pt\/api\/wp\/v2\/media?parent=399665"}],"wp:term":[{"taxonomy":"category","embeddable":true,"href":"https:\/\/portaltela.pt\/api\/wp\/v2\/categories?post=399665"},{"taxonomy":"post_tag","embeddable":true,"href":"https:\/\/portaltela.pt\/api\/wp\/v2\/tags?post=399665"}],"curies":[{"name":"wp","href":"https:\/\/api.w.org\/{rel}","templated":true}]}}