{"id":399605,"date":"2026-03-06T05:11:00","date_gmt":"2026-03-06T08:11:00","guid":{"rendered":"https:\/\/portaltela.pt\/noticias\/2026\/03\/06\/iraniano-em-portugal-afirma-que-trump-deu-passo-decisivo-para-revolucao-iraniana\/"},"modified":"2026-03-06T05:11:00","modified_gmt":"2026-03-06T08:11:00","slug":"iraniano-em-portugal-afirma-que-trump-deu-passo-decisivo-para-revolucao-iraniana","status":"publish","type":"post","link":"https:\/\/portaltela.pt\/noticias\/internacional\/2026\/03\/06\/iraniano-em-portugal-afirma-que-trump-deu-passo-decisivo-para-revolucao-iraniana\/","title":{"rendered":"Iraniano em Portugal afirma que Trump deu passo decisivo para revolu\u00e7\u00e3o iraniana"},"content":{"rendered":"<p>Kasra Hossein Mostofi, iraniano que vive em Portugal desde 2018 e que faz doutoramento na Universidade do Minho, comenta ao JN a sua perspetiva sobre a guerra entre Israel e os EUA contra o Ir\u00e3o. A entrevista aborda a campanha militar, a eventual transi\u00e7\u00e3o pol\u00edtica e o papel de Portugal, incluindo a Base das Lajes.<\/p>\n<p>Sobre a rea\u00e7\u00e3o \u00e0 morte de Ali Khamenei, Mostofi aponta que a perda de vidas \u00e9 tr\u00e1gica e que a guerra n\u00e3o deve ser celebrada. Contudo, v\u00ea-se um sentimento de al\u00edvio entre alguns iranianos, com a expectativa de avan\u00e7os para maior liberdade.<\/p>\n<p>Para o investigador, os EUA aproveitam o conflito para pressionar o Ir\u00e3o, n\u00e3o por apoio ao povo, mas por interesses estrat\u00e9gicos. Afirmou que o apoio de Washington pode facilitar uma viragem interna, embora reconhe\u00e7a que Trump atua segundo os seus pr\u00f3prios interesses.<\/p>\n<p>Ele afirma que as a\u00e7\u00f5es n\u00e3o atingem civis, mas visam alvos militares da Guarda Revolucion\u00e1ria Isl\u00e2mica. Acredita que a mudan\u00e7a pode ocorrer com interven\u00e7\u00e3o externa, sem indicar lideran\u00e7a espec\u00edfica para o Ir\u00e3o.<\/p>\n<p>Mostofi sustenta que Reza Pahlavi seria o futuro l\u00edder, mas que pretende voltar ao Ir\u00e3o apenas para um processo democr\u00e1tico. Afirmou que o povo escolher\u00e1 o presidente num regime democr\u00e1tico, comparando-o a Portugal.<\/p>\n<h3>Di\u00e1spora iraniana em Portugal<\/h3>\n<p>O iraniano residente em Portugal afirma que muitos imigrantes participam nas manifesta\u00e7\u00f5es, com apoio de comunidades no estrangeiro. Refere contactos com a embaixada do Ir\u00e3o, que tentou apoio financeiro, o que recusou, citando a viol\u00eancia contra jovens iranianos.<\/p>\n<p>Afirmou que, apesar da tens\u00e3o, h\u00e1 apoio m\u00fatuo entre iranianos em Portugal, com o objetivo de alcan\u00e7ar liberdade em breve. Alega que o regime est\u00e1 perto do fim, sugerindo esgotamento dos m\u00edsseis como sinal de mudan\u00e7a.<\/p>\n<h3>Base das Lajes e posi\u00e7\u00e3o do Governo portugu\u00eas<\/h3>\n<p>Mostofi agradece a permiss\u00e3o de utiliza\u00e7\u00e3o da Base das Lajes pelos EUA. Afirma que, no pr\u00f3ximo protesto, haver\u00e1 agradecimento p\u00fablico \u00e0 decis\u00e3o. Questiona outros governos da regi\u00e3o, especialmente o espanhol, sobre posi\u00e7\u00f5es humanas em rela\u00e7\u00e3o ao conflito.<\/p>\n","protected":false},"excerpt":{"rendered":"<ul>\n<li>Kasra Hossein Mostofi, iraniano em Portugal desde 2018 e doutorando na Universidade do Minho, comenta ao JN a rea\u00e7\u00e3o \u00e0 guerra entre Israel, EUA e Ir\u00e3o.<\/li>\n<li>O entrevistado defende a campanha militar israelo-americana e a eventual restaura\u00e7\u00e3o do x\u00e1 para liderar uma transi\u00e7\u00e3o, agradecendo \u00e0 Portugal pela permiss\u00e3o de uso da Base das Lajes pelos EUA.<\/li>\n<li>Sobre a morte do l\u00edder iraniano, afirma que, apesar de tr\u00e1gica, a situa\u00e7\u00e3o pode abrir caminho a mais liberdade e democracia; acredita que Trump facilita uma revolu\u00e7\u00e3o iraniana.<\/li>\n<li>Relata Internet internacional bloqueada no Ir\u00e3o, com alguns conseguir acesso via Starlink; descreve clima de otimismo entre amigos e fam\u00edlia, mesmo em meio ao conflito.<\/li>\n<li>Sobre a di\u00e1spora em Portugal, aponta que muitos iranianos participam nos protestos, observa apoio do Ir\u00e3o a algumas comunidades e elogia a decis\u00e3o portuguesa de permitir a Base das Lajes, atribuindo import\u00e2ncia na resposta internacional.<\/li>\n<\/ul>\n","protected":false},"author":2,"featured_media":399609,"comment_status":"closed","ping_status":"closed","sticky":false,"template":"","format":"standard","meta":{"footnotes":""},"categories":[4,1],"tags":[4953,1600,62,3153,6504,1014],"class_list":["post-399605","post","type-post","status-publish","format-standard","has-post-thumbnail","hentry","category-internacional","category-noticias","tag-donald-trump","tag-estados-unidos","tag-guerra","tag-ira","tag-lajes","tag-portugal"],"yoast_head":"<!-- This site is optimized with the Yoast SEO plugin v27.2 - https:\/\/yoast.com\/product\/yoast-seo-wordpress\/ -->\n<title>Iraniano em Portugal afirma que Trump deu passo decisivo para revolu\u00e7\u00e3o iraniana - Portal Tela Portugal<\/title>\n<meta name=\"robots\" content=\"index, follow, max-snippet:-1, max-image-preview:large, max-video-preview:-1\" \/>\n<meta property=\"og:locale\" content=\"pt_PT\" \/>\n<meta property=\"og:type\" content=\"article\" \/>\n<meta property=\"og:title\" content=\"Iraniano em Portugal afirma que Trump deu passo decisivo para revolu\u00e7\u00e3o iraniana - Portal Tela Portugal\" \/>\n<meta property=\"og:description\" content=\"Kasra Hossein Mostofi, iraniano em Portugal desde 2018 e doutorando na Universidade do Minho, comenta ao JN a rea\u00e7\u00e3o \u00e0 guerra entre Israel, EUA e Ir\u00e3o. O entrevistado defende a campanha militar israelo-americana e a eventual restaura\u00e7\u00e3o do x\u00e1 para liderar uma transi\u00e7\u00e3o, agradecendo \u00e0 Portugal pela permiss\u00e3o de uso da Base das Lajes pelos EUA. Sobre a morte do l\u00edder iraniano, afirma que, apesar de tr\u00e1gica, a situa\u00e7\u00e3o pode abrir caminho a mais liberdade e democracia; acredita que Trump facilita uma revolu\u00e7\u00e3o iraniana. Relata Internet internacional bloqueada no Ir\u00e3o, com alguns conseguir acesso via Starlink; descreve clima de otimismo entre amigos e fam\u00edlia, mesmo em meio ao conflito. Sobre a di\u00e1spora em Portugal, aponta que muitos iranianos participam nos protestos, observa apoio do Ir\u00e3o a algumas comunidades e elogia a decis\u00e3o portuguesa de permitir a Base das Lajes, atribuindo import\u00e2ncia na resposta internacional.\" \/>\n<meta property=\"og:url\" content=\"https:\/\/portaltela.pt\/noticias\/2026\/03\/06\/iraniano-em-portugal-afirma-que-trump-deu-passo-decisivo-para-revolucao-iraniana\/\" \/>\n<meta property=\"og:site_name\" content=\"Portal Tela Portugal\" \/>\n<meta property=\"article:published_time\" content=\"2026-03-06T08:11:00+00:00\" \/>\n<meta name=\"author\" content=\"Telinha\" \/>\n<meta name=\"twitter:card\" content=\"summary_large_image\" \/>\n<meta name=\"twitter:label1\" content=\"Escrito por\" \/>\n\t<meta name=\"twitter:data1\" content=\"Telinha\" \/>\n\t<meta name=\"twitter:label2\" content=\"Tempo estimado de leitura\" \/>\n\t<meta name=\"twitter:data2\" content=\"2 minutos\" \/>\n<script type=\"application\/ld+json\" class=\"yoast-schema-graph\">{\"@context\":\"https:\/\/schema.org\",\"@graph\":[{\"@type\":\"Article\",\"@id\":\"https:\/\/portaltela.pt\/noticias\/2026\/03\/06\/iraniano-em-portugal-afirma-que-trump-deu-passo-decisivo-para-revolucao-iraniana\/#article\",\"isPartOf\":{\"@id\":\"https:\/\/portaltela.pt\/noticias\/2026\/03\/06\/iraniano-em-portugal-afirma-que-trump-deu-passo-decisivo-para-revolucao-iraniana\/\"},\"author\":{\"name\":\"Telinha\",\"@id\":\"https:\/\/portaltela.pt\/#\/schema\/person\/c4278d4a6028830caff9ee44b42d32ed\"},\"headline\":\"Iraniano em Portugal afirma que Trump deu passo decisivo para revolu\u00e7\u00e3o iraniana\",\"datePublished\":\"2026-03-06T08:11:00+00:00\",\"mainEntityOfPage\":{\"@id\":\"https:\/\/portaltela.pt\/noticias\/2026\/03\/06\/iraniano-em-portugal-afirma-que-trump-deu-passo-decisivo-para-revolucao-iraniana\/\"},\"wordCount\":382,\"image\":{\"@id\":\"https:\/\/portaltela.pt\/noticias\/2026\/03\/06\/iraniano-em-portugal-afirma-que-trump-deu-passo-decisivo-para-revolucao-iraniana\/#primaryimage\"},\"thumbnailUrl\":\"https:\/\/portaltela.pt\/s.01k8rhncp4jt1\/2026\/03\/image-353.jpg\",\"keywords\":[\"Donald Trump\",\"Estados Unidos\",\"guerra\",\"Ir\u00e3\",\"Lajes\",\"Portugal\"],\"articleSection\":[\"Internacional\",\"Not\u00edcias\"],\"inLanguage\":\"pt-PT\"},{\"@type\":\"WebPage\",\"@id\":\"https:\/\/portaltela.pt\/noticias\/2026\/03\/06\/iraniano-em-portugal-afirma-que-trump-deu-passo-decisivo-para-revolucao-iraniana\/\",\"url\":\"https:\/\/portaltela.pt\/noticias\/2026\/03\/06\/iraniano-em-portugal-afirma-que-trump-deu-passo-decisivo-para-revolucao-iraniana\/\",\"name\":\"Iraniano em Portugal afirma que Trump deu passo decisivo para revolu\u00e7\u00e3o iraniana - Portal Tela Portugal\",\"isPartOf\":{\"@id\":\"https:\/\/portaltela.pt\/#website\"},\"primaryImageOfPage\":{\"@id\":\"https:\/\/portaltela.pt\/noticias\/2026\/03\/06\/iraniano-em-portugal-afirma-que-trump-deu-passo-decisivo-para-revolucao-iraniana\/#primaryimage\"},\"image\":{\"@id\":\"https:\/\/portaltela.pt\/noticias\/2026\/03\/06\/iraniano-em-portugal-afirma-que-trump-deu-passo-decisivo-para-revolucao-iraniana\/#primaryimage\"},\"thumbnailUrl\":\"https:\/\/portaltela.pt\/s.01k8rhncp4jt1\/2026\/03\/image-353.jpg\",\"datePublished\":\"2026-03-06T08:11:00+00:00\",\"author\":{\"@id\":\"https:\/\/portaltela.pt\/#\/schema\/person\/c4278d4a6028830caff9ee44b42d32ed\"},\"breadcrumb\":{\"@id\":\"https:\/\/portaltela.pt\/noticias\/2026\/03\/06\/iraniano-em-portugal-afirma-que-trump-deu-passo-decisivo-para-revolucao-iraniana\/#breadcrumb\"},\"inLanguage\":\"pt-PT\",\"potentialAction\":[{\"@type\":\"ReadAction\",\"target\":[\"https:\/\/portaltela.pt\/noticias\/2026\/03\/06\/iraniano-em-portugal-afirma-que-trump-deu-passo-decisivo-para-revolucao-iraniana\/\"]}]},{\"@type\":\"ImageObject\",\"inLanguage\":\"pt-PT\",\"@id\":\"https:\/\/portaltela.pt\/noticias\/2026\/03\/06\/iraniano-em-portugal-afirma-que-trump-deu-passo-decisivo-para-revolucao-iraniana\/#primaryimage\",\"url\":\"https:\/\/portaltela.pt\/s.01k8rhncp4jt1\/2026\/03\/image-353.jpg\",\"contentUrl\":\"https:\/\/portaltela.pt\/s.01k8rhncp4jt1\/2026\/03\/image-353.jpg\",\"width\":796,\"height\":448,\"caption\":\"Kasra Mostofi vive em Portugal desde 2018\"},{\"@type\":\"BreadcrumbList\",\"@id\":\"https:\/\/portaltela.pt\/noticias\/2026\/03\/06\/iraniano-em-portugal-afirma-que-trump-deu-passo-decisivo-para-revolucao-iraniana\/#breadcrumb\",\"itemListElement\":[{\"@type\":\"ListItem\",\"position\":1,\"name\":\"In\u00edcio\",\"item\":\"https:\/\/portaltela.pt\/\"},{\"@type\":\"ListItem\",\"position\":2,\"name\":\"Iraniano em Portugal afirma que Trump deu passo decisivo para revolu\u00e7\u00e3o iraniana\"}]},{\"@type\":\"WebSite\",\"@id\":\"https:\/\/portaltela.pt\/#website\",\"url\":\"https:\/\/portaltela.pt\/\",\"name\":\"Portal Tela Portugal\",\"description\":\"\",\"potentialAction\":[{\"@type\":\"SearchAction\",\"target\":{\"@type\":\"EntryPoint\",\"urlTemplate\":\"https:\/\/portaltela.pt\/?s={search_term_string}\"},\"query-input\":{\"@type\":\"PropertyValueSpecification\",\"valueRequired\":true,\"valueName\":\"search_term_string\"}}],\"inLanguage\":\"pt-PT\"},{\"@type\":\"Person\",\"@id\":\"https:\/\/portaltela.pt\/#\/schema\/person\/c4278d4a6028830caff9ee44b42d32ed\",\"name\":\"Telinha\",\"image\":{\"@type\":\"ImageObject\",\"inLanguage\":\"pt-PT\",\"@id\":\"https:\/\/portaltela.pt\/s.01k8rhncp4jt1\/2025\/11\/talking-bot-125x125.png\",\"url\":\"https:\/\/portaltela.pt\/s.01k8rhncp4jt1\/2025\/11\/talking-bot-125x125.png\",\"contentUrl\":\"https:\/\/portaltela.pt\/s.01k8rhncp4jt1\/2025\/11\/talking-bot-125x125.png\",\"caption\":\"Telinha\"},\"sameAs\":[\"https:\/\/portaltela.pt\/\"],\"url\":\"https:\/\/portaltela.pt\/por\/367410592786\/\"}]}<\/script>\n<!-- \/ Yoast SEO plugin. -->","yoast_head_json":{"title":"Iraniano em Portugal afirma que Trump deu passo decisivo para revolu\u00e7\u00e3o iraniana - Portal Tela Portugal","robots":{"index":"index","follow":"follow","max-snippet":"max-snippet:-1","max-image-preview":"max-image-preview:large","max-video-preview":"max-video-preview:-1"},"og_locale":"pt_PT","og_type":"article","og_title":"Iraniano em Portugal afirma que Trump deu passo decisivo para revolu\u00e7\u00e3o iraniana - Portal Tela Portugal","og_description":"Kasra Hossein Mostofi, iraniano em Portugal desde 2018 e doutorando na Universidade do Minho, comenta ao JN a rea\u00e7\u00e3o \u00e0 guerra entre Israel, EUA e Ir\u00e3o. O entrevistado defende a campanha militar israelo-americana e a eventual restaura\u00e7\u00e3o do x\u00e1 para liderar uma transi\u00e7\u00e3o, agradecendo \u00e0 Portugal pela permiss\u00e3o de uso da Base das Lajes pelos EUA. Sobre a morte do l\u00edder iraniano, afirma que, apesar de tr\u00e1gica, a situa\u00e7\u00e3o pode abrir caminho a mais liberdade e democracia; acredita que Trump facilita uma revolu\u00e7\u00e3o iraniana. Relata Internet internacional bloqueada no Ir\u00e3o, com alguns conseguir acesso via Starlink; descreve clima de otimismo entre amigos e fam\u00edlia, mesmo em meio ao conflito. Sobre a di\u00e1spora em Portugal, aponta que muitos iranianos participam nos protestos, observa apoio do Ir\u00e3o a algumas comunidades e elogia a decis\u00e3o portuguesa de permitir a Base das Lajes, atribuindo import\u00e2ncia na resposta internacional.","og_url":"https:\/\/portaltela.pt\/noticias\/2026\/03\/06\/iraniano-em-portugal-afirma-que-trump-deu-passo-decisivo-para-revolucao-iraniana\/","og_site_name":"Portal Tela Portugal","article_published_time":"2026-03-06T08:11:00+00:00","author":"Telinha","twitter_card":"summary_large_image","twitter_misc":{"Escrito por":"Telinha","Tempo estimado de leitura":"2 minutos"},"schema":{"@context":"https:\/\/schema.org","@graph":[{"@type":"Article","@id":"https:\/\/portaltela.pt\/noticias\/2026\/03\/06\/iraniano-em-portugal-afirma-que-trump-deu-passo-decisivo-para-revolucao-iraniana\/#article","isPartOf":{"@id":"https:\/\/portaltela.pt\/noticias\/2026\/03\/06\/iraniano-em-portugal-afirma-que-trump-deu-passo-decisivo-para-revolucao-iraniana\/"},"author":{"name":"Telinha","@id":"https:\/\/portaltela.pt\/#\/schema\/person\/c4278d4a6028830caff9ee44b42d32ed"},"headline":"Iraniano em Portugal afirma que Trump deu passo decisivo para revolu\u00e7\u00e3o iraniana","datePublished":"2026-03-06T08:11:00+00:00","mainEntityOfPage":{"@id":"https:\/\/portaltela.pt\/noticias\/2026\/03\/06\/iraniano-em-portugal-afirma-que-trump-deu-passo-decisivo-para-revolucao-iraniana\/"},"wordCount":382,"image":{"@id":"https:\/\/portaltela.pt\/noticias\/2026\/03\/06\/iraniano-em-portugal-afirma-que-trump-deu-passo-decisivo-para-revolucao-iraniana\/#primaryimage"},"thumbnailUrl":"https:\/\/portaltela.pt\/s.01k8rhncp4jt1\/2026\/03\/image-353.jpg","keywords":["Donald Trump","Estados Unidos","guerra","Ir\u00e3","Lajes","Portugal"],"articleSection":["Internacional","Not\u00edcias"],"inLanguage":"pt-PT"},{"@type":"WebPage","@id":"https:\/\/portaltela.pt\/noticias\/2026\/03\/06\/iraniano-em-portugal-afirma-que-trump-deu-passo-decisivo-para-revolucao-iraniana\/","url":"https:\/\/portaltela.pt\/noticias\/2026\/03\/06\/iraniano-em-portugal-afirma-que-trump-deu-passo-decisivo-para-revolucao-iraniana\/","name":"Iraniano em Portugal afirma que Trump deu passo decisivo para revolu\u00e7\u00e3o iraniana - Portal Tela Portugal","isPartOf":{"@id":"https:\/\/portaltela.pt\/#website"},"primaryImageOfPage":{"@id":"https:\/\/portaltela.pt\/noticias\/2026\/03\/06\/iraniano-em-portugal-afirma-que-trump-deu-passo-decisivo-para-revolucao-iraniana\/#primaryimage"},"image":{"@id":"https:\/\/portaltela.pt\/noticias\/2026\/03\/06\/iraniano-em-portugal-afirma-que-trump-deu-passo-decisivo-para-revolucao-iraniana\/#primaryimage"},"thumbnailUrl":"https:\/\/portaltela.pt\/s.01k8rhncp4jt1\/2026\/03\/image-353.jpg","datePublished":"2026-03-06T08:11:00+00:00","author":{"@id":"https:\/\/portaltela.pt\/#\/schema\/person\/c4278d4a6028830caff9ee44b42d32ed"},"breadcrumb":{"@id":"https:\/\/portaltela.pt\/noticias\/2026\/03\/06\/iraniano-em-portugal-afirma-que-trump-deu-passo-decisivo-para-revolucao-iraniana\/#breadcrumb"},"inLanguage":"pt-PT","potentialAction":[{"@type":"ReadAction","target":["https:\/\/portaltela.pt\/noticias\/2026\/03\/06\/iraniano-em-portugal-afirma-que-trump-deu-passo-decisivo-para-revolucao-iraniana\/"]}]},{"@type":"ImageObject","inLanguage":"pt-PT","@id":"https:\/\/portaltela.pt\/noticias\/2026\/03\/06\/iraniano-em-portugal-afirma-que-trump-deu-passo-decisivo-para-revolucao-iraniana\/#primaryimage","url":"https:\/\/portaltela.pt\/s.01k8rhncp4jt1\/2026\/03\/image-353.jpg","contentUrl":"https:\/\/portaltela.pt\/s.01k8rhncp4jt1\/2026\/03\/image-353.jpg","width":796,"height":448,"caption":"Kasra Mostofi vive em Portugal desde 2018"},{"@type":"BreadcrumbList","@id":"https:\/\/portaltela.pt\/noticias\/2026\/03\/06\/iraniano-em-portugal-afirma-que-trump-deu-passo-decisivo-para-revolucao-iraniana\/#breadcrumb","itemListElement":[{"@type":"ListItem","position":1,"name":"In\u00edcio","item":"https:\/\/portaltela.pt\/"},{"@type":"ListItem","position":2,"name":"Iraniano em Portugal afirma que Trump deu passo decisivo para revolu\u00e7\u00e3o iraniana"}]},{"@type":"WebSite","@id":"https:\/\/portaltela.pt\/#website","url":"https:\/\/portaltela.pt\/","name":"Portal Tela Portugal","description":"","potentialAction":[{"@type":"SearchAction","target":{"@type":"EntryPoint","urlTemplate":"https:\/\/portaltela.pt\/?s={search_term_string}"},"query-input":{"@type":"PropertyValueSpecification","valueRequired":true,"valueName":"search_term_string"}}],"inLanguage":"pt-PT"},{"@type":"Person","@id":"https:\/\/portaltela.pt\/#\/schema\/person\/c4278d4a6028830caff9ee44b42d32ed","name":"Telinha","image":{"@type":"ImageObject","inLanguage":"pt-PT","@id":"https:\/\/portaltela.pt\/s.01k8rhncp4jt1\/2025\/11\/talking-bot-125x125.png","url":"https:\/\/portaltela.pt\/s.01k8rhncp4jt1\/2025\/11\/talking-bot-125x125.png","contentUrl":"https:\/\/portaltela.pt\/s.01k8rhncp4jt1\/2025\/11\/talking-bot-125x125.png","caption":"Telinha"},"sameAs":["https:\/\/portaltela.pt\/"],"url":"https:\/\/portaltela.pt\/por\/367410592786\/"}]}},"_links":{"self":[{"href":"https:\/\/portaltela.pt\/api\/wp\/v2\/posts\/399605","targetHints":{"allow":["GET"]}}],"collection":[{"href":"https:\/\/portaltela.pt\/api\/wp\/v2\/posts"}],"about":[{"href":"https:\/\/portaltela.pt\/api\/wp\/v2\/types\/post"}],"author":[{"embeddable":true,"href":"https:\/\/portaltela.pt\/api\/wp\/v2\/users\/2"}],"replies":[{"embeddable":true,"href":"https:\/\/portaltela.pt\/api\/wp\/v2\/comments?post=399605"}],"version-history":[{"count":0,"href":"https:\/\/portaltela.pt\/api\/wp\/v2\/posts\/399605\/revisions"}],"wp:featuredmedia":[{"embeddable":true,"href":"https:\/\/portaltela.pt\/api\/wp\/v2\/media\/399609"}],"wp:attachment":[{"href":"https:\/\/portaltela.pt\/api\/wp\/v2\/media?parent=399605"}],"wp:term":[{"taxonomy":"category","embeddable":true,"href":"https:\/\/portaltela.pt\/api\/wp\/v2\/categories?post=399605"},{"taxonomy":"post_tag","embeddable":true,"href":"https:\/\/portaltela.pt\/api\/wp\/v2\/tags?post=399605"}],"curies":[{"name":"wp","href":"https:\/\/api.w.org\/{rel}","templated":true}]}}