{"id":399588,"date":"2026-03-06T04:55:00","date_gmt":"2026-03-06T07:55:00","guid":{"rendered":"https:\/\/portaltela.pt\/noticias\/2026\/03\/06\/guerra-e-orcamento-custos-que-cabem-no-bolso\/"},"modified":"2026-03-06T04:55:00","modified_gmt":"2026-03-06T07:55:00","slug":"guerra-e-orcamento-custos-que-cabem-no-bolso","status":"publish","type":"post","link":"https:\/\/portaltela.pt\/noticias\/internacional\/2026\/03\/06\/guerra-e-orcamento-custos-que-cabem-no-bolso\/","title":{"rendered":"Guerra e or\u00e7amento: custos que cabem no bolso"},"content":{"rendered":"<p>H\u00e1 outra guerra que se trava no espa\u00e7o digital. Cada mensagem enviada por smartphone ou cada fragmento partilhado numa rede social faz parte, sem aviso, do campo de batalha geopol\u00edtico atual.<\/p>\n<p>Nesta semana ficou marcada uma decis\u00e3o do TikTok: a rede n\u00e3o vai adotar a encripta\u00e7\u00e3o End-to-End (E2EE) nas mensagens diretas. Diferente de Instagram, WhatsApp e Facebook Messenger, o TikTok mant\u00e9m o conte\u00fado das mensagens acess\u00edvel \u00e0 pr\u00f3pria plataforma.<\/p>\n<p>A empresa justifica que, se n\u00e3o puder ler as mensagens, n\u00e3o poder\u00e1 entregar conte\u00fados \u00e0s autoridades durante investiga\u00e7\u00f5es. A explica\u00e7\u00e3o aponta para uma preocupa\u00e7\u00e3o de seguran\u00e7a p\u00fablica, segundo a empresa.<\/p>\n<p>A decis\u00e3o \u00e9 interpretada por alguns como sinal de que Pequim pode continuar a aceder a dados de utilizadores do TikTok, empresa que pertence \u00e0 ByteDance. Em 2024, a ByteDance foi multada em 530 milh\u00f5es de euros por enviar informa\u00e7\u00f5es para Pequim, um caso que alimenta o debate sobre o controlo de dados.<\/p>\n<h3>Perigos e implica\u00e7\u00f5es<\/h3>\n<p>O tema gera inquieta\u00e7\u00e3o no Ocidente, que teme a capacidade de Beijing de analisar comportamentos de milh\u00f5es de utilizadores atrav\u00e9s do maior algoritmo do grupo. A possibilidade de acesso a dados massivos sustenta preocupa\u00e7\u00f5es sobre privacidade e influ\u00eancia.<\/p>\n<p>Entre organiza\u00e7\u00f5es de prote\u00e7\u00e3o de menores, a posi\u00e7\u00e3o do TikTok \u00e9, no entanto, vista como um respaldo \u00e0 possibilidade de continuar a monitorizar conte\u00fados sens\u00edveis. A controv\u00e9rsia permanece, porque envolve seguran\u00e7a, privacidade e soberania de dados.<\/p>\n<p>Em resumo, a decis\u00e3o do TikTok refor\u00e7a a tens\u00e3o entre prote\u00e7\u00e3o de dados e investiga\u00e7\u00f5es criminais. O debate n\u00e3o se limita \u00e0 plataforma, abrangendo o controlo de dados no ecossistema digital global.<\/p>\n","protected":false},"excerpt":{"rendered":"<ul>\n<li>O TikTok confirmou que n\u00e3o adotar\u00e1 a encripta\u00e7\u00e3o de fim a fim nas mensagens diretas.<\/li>\n<li>Ao contr\u00e1rio de Instagram, WhatsApp e Facebook Messenger, o TikTok diz que esta medida dificultaria o acesso a mensagens pelas autoridades durante investiga\u00e7\u00f5es.<\/li>\n<li>A decis\u00e3o ocorre num contexto em que a ByteDance j\u00e1 foi multada em 530 milh\u00f5es de euros por ter enviado dados para Pequim.<\/li>\n<li>Organiza\u00e7\u00f5es de prote\u00e7\u00e3o de menores elogiam a posi\u00e7\u00e3o, mas o ocidente permanece desconfort\u00e1vel com eventual acesso chin\u00eas aos dados dos utilizadores.<\/li>\n<li>O caso ilustra a batalha global pelos dados, com o maior algoritmo da ByteDance a possibilitar analisar comportamentos de milh\u00f5es de pessoas.<\/li>\n<\/ul>\n","protected":false},"author":2,"featured_media":399589,"comment_status":"closed","ping_status":"closed","sticky":false,"template":"","format":"standard","meta":{"footnotes":""},"categories":[4,1],"tags":[3195,5547,3562,6641,2208,250],"class_list":["post-399588","post","type-post","status-publish","format-standard","has-post-thumbnail","hentry","category-internacional","category-noticias","tag-ciberseguranca","tag-informacao-internacional","tag-privacidade","tag-protecao-de-dados","tag-protecao-de-privacidade","tag-seguranca-publica"],"yoast_head":"<!-- This site is optimized with the Yoast SEO plugin v27.2 - https:\/\/yoast.com\/product\/yoast-seo-wordpress\/ -->\n<title>Guerra e or\u00e7amento: custos que cabem no bolso - Portal Tela Portugal<\/title>\n<meta name=\"robots\" content=\"index, follow, max-snippet:-1, max-image-preview:large, max-video-preview:-1\" \/>\n<meta property=\"og:locale\" content=\"pt_PT\" \/>\n<meta property=\"og:type\" content=\"article\" \/>\n<meta property=\"og:title\" content=\"Guerra e or\u00e7amento: custos que cabem no bolso - Portal Tela Portugal\" \/>\n<meta property=\"og:description\" content=\"O TikTok confirmou que n\u00e3o adotar\u00e1 a encripta\u00e7\u00e3o de fim a fim nas mensagens diretas. Ao contr\u00e1rio de Instagram, WhatsApp e Facebook Messenger, o TikTok diz que esta medida dificultaria o acesso a mensagens pelas autoridades durante investiga\u00e7\u00f5es. A decis\u00e3o ocorre num contexto em que a ByteDance j\u00e1 foi multada em 530 milh\u00f5es de euros por ter enviado dados para Pequim. Organiza\u00e7\u00f5es de prote\u00e7\u00e3o de menores elogiam a posi\u00e7\u00e3o, mas o ocidente permanece desconfort\u00e1vel com eventual acesso chin\u00eas aos dados dos utilizadores. O caso ilustra a batalha global pelos dados, com o maior algoritmo da ByteDance a possibilitar analisar comportamentos de milh\u00f5es de pessoas.\" \/>\n<meta property=\"og:url\" content=\"https:\/\/portaltela.pt\/noticias\/2026\/03\/06\/guerra-e-orcamento-custos-que-cabem-no-bolso\/\" \/>\n<meta property=\"og:site_name\" content=\"Portal Tela Portugal\" \/>\n<meta property=\"article:published_time\" content=\"2026-03-06T07:55:00+00:00\" \/>\n<meta name=\"author\" content=\"Telinha\" \/>\n<meta name=\"twitter:card\" content=\"summary_large_image\" \/>\n<meta name=\"twitter:label1\" content=\"Escrito por\" \/>\n\t<meta name=\"twitter:data1\" content=\"Telinha\" \/>\n\t<meta name=\"twitter:label2\" content=\"Tempo estimado de leitura\" \/>\n\t<meta name=\"twitter:data2\" content=\"1 minuto\" \/>\n<script type=\"application\/ld+json\" class=\"yoast-schema-graph\">{\"@context\":\"https:\/\/schema.org\",\"@graph\":[{\"@type\":\"Article\",\"@id\":\"https:\/\/portaltela.pt\/noticias\/2026\/03\/06\/guerra-e-orcamento-custos-que-cabem-no-bolso\/#article\",\"isPartOf\":{\"@id\":\"https:\/\/portaltela.pt\/noticias\/2026\/03\/06\/guerra-e-orcamento-custos-que-cabem-no-bolso\/\"},\"author\":{\"name\":\"Telinha\",\"@id\":\"https:\/\/portaltela.pt\/#\/schema\/person\/c4278d4a6028830caff9ee44b42d32ed\"},\"headline\":\"Guerra e or\u00e7amento: custos que cabem no bolso\",\"datePublished\":\"2026-03-06T07:55:00+00:00\",\"mainEntityOfPage\":{\"@id\":\"https:\/\/portaltela.pt\/noticias\/2026\/03\/06\/guerra-e-orcamento-custos-que-cabem-no-bolso\/\"},\"wordCount\":302,\"image\":{\"@id\":\"https:\/\/portaltela.pt\/noticias\/2026\/03\/06\/guerra-e-orcamento-custos-que-cabem-no-bolso\/#primaryimage\"},\"thumbnailUrl\":\"https:\/\/portaltela.pt\/s.01k8rhncp4jt1\/2026\/03\/2e593e81-8b47-40a3-b7ce-eee539ec9717_1200x675.jpg\",\"keywords\":[\"ciberseguran\u00e7a\",\"informa\u00e7\u00e3o internacional\",\"privacidade\",\"prote\u00e7\u00e3o de dados\",\"prote\u00e7\u00e3o de privacidade\",\"seguran\u00e7a p\u00fablica\"],\"articleSection\":[\"Internacional\",\"Not\u00edcias\"],\"inLanguage\":\"pt-PT\"},{\"@type\":\"WebPage\",\"@id\":\"https:\/\/portaltela.pt\/noticias\/2026\/03\/06\/guerra-e-orcamento-custos-que-cabem-no-bolso\/\",\"url\":\"https:\/\/portaltela.pt\/noticias\/2026\/03\/06\/guerra-e-orcamento-custos-que-cabem-no-bolso\/\",\"name\":\"Guerra e or\u00e7amento: custos que cabem no bolso - Portal Tela Portugal\",\"isPartOf\":{\"@id\":\"https:\/\/portaltela.pt\/#website\"},\"primaryImageOfPage\":{\"@id\":\"https:\/\/portaltela.pt\/noticias\/2026\/03\/06\/guerra-e-orcamento-custos-que-cabem-no-bolso\/#primaryimage\"},\"image\":{\"@id\":\"https:\/\/portaltela.pt\/noticias\/2026\/03\/06\/guerra-e-orcamento-custos-que-cabem-no-bolso\/#primaryimage\"},\"thumbnailUrl\":\"https:\/\/portaltela.pt\/s.01k8rhncp4jt1\/2026\/03\/2e593e81-8b47-40a3-b7ce-eee539ec9717_1200x675.jpg\",\"datePublished\":\"2026-03-06T07:55:00+00:00\",\"author\":{\"@id\":\"https:\/\/portaltela.pt\/#\/schema\/person\/c4278d4a6028830caff9ee44b42d32ed\"},\"breadcrumb\":{\"@id\":\"https:\/\/portaltela.pt\/noticias\/2026\/03\/06\/guerra-e-orcamento-custos-que-cabem-no-bolso\/#breadcrumb\"},\"inLanguage\":\"pt-PT\",\"potentialAction\":[{\"@type\":\"ReadAction\",\"target\":[\"https:\/\/portaltela.pt\/noticias\/2026\/03\/06\/guerra-e-orcamento-custos-que-cabem-no-bolso\/\"]}]},{\"@type\":\"ImageObject\",\"inLanguage\":\"pt-PT\",\"@id\":\"https:\/\/portaltela.pt\/noticias\/2026\/03\/06\/guerra-e-orcamento-custos-que-cabem-no-bolso\/#primaryimage\",\"url\":\"https:\/\/portaltela.pt\/s.01k8rhncp4jt1\/2026\/03\/2e593e81-8b47-40a3-b7ce-eee539ec9717_1200x675.jpg\",\"contentUrl\":\"https:\/\/portaltela.pt\/s.01k8rhncp4jt1\/2026\/03\/2e593e81-8b47-40a3-b7ce-eee539ec9717_1200x675.jpg\",\"width\":796,\"height\":448,\"caption\":\"Photo\"},{\"@type\":\"BreadcrumbList\",\"@id\":\"https:\/\/portaltela.pt\/noticias\/2026\/03\/06\/guerra-e-orcamento-custos-que-cabem-no-bolso\/#breadcrumb\",\"itemListElement\":[{\"@type\":\"ListItem\",\"position\":1,\"name\":\"In\u00edcio\",\"item\":\"https:\/\/portaltela.pt\/\"},{\"@type\":\"ListItem\",\"position\":2,\"name\":\"Guerra e or\u00e7amento: custos que cabem no bolso\"}]},{\"@type\":\"WebSite\",\"@id\":\"https:\/\/portaltela.pt\/#website\",\"url\":\"https:\/\/portaltela.pt\/\",\"name\":\"Portal Tela Portugal\",\"description\":\"\",\"potentialAction\":[{\"@type\":\"SearchAction\",\"target\":{\"@type\":\"EntryPoint\",\"urlTemplate\":\"https:\/\/portaltela.pt\/?s={search_term_string}\"},\"query-input\":{\"@type\":\"PropertyValueSpecification\",\"valueRequired\":true,\"valueName\":\"search_term_string\"}}],\"inLanguage\":\"pt-PT\"},{\"@type\":\"Person\",\"@id\":\"https:\/\/portaltela.pt\/#\/schema\/person\/c4278d4a6028830caff9ee44b42d32ed\",\"name\":\"Telinha\",\"image\":{\"@type\":\"ImageObject\",\"inLanguage\":\"pt-PT\",\"@id\":\"https:\/\/portaltela.pt\/s.01k8rhncp4jt1\/2025\/11\/talking-bot-125x125.png\",\"url\":\"https:\/\/portaltela.pt\/s.01k8rhncp4jt1\/2025\/11\/talking-bot-125x125.png\",\"contentUrl\":\"https:\/\/portaltela.pt\/s.01k8rhncp4jt1\/2025\/11\/talking-bot-125x125.png\",\"caption\":\"Telinha\"},\"sameAs\":[\"https:\/\/portaltela.pt\/\"],\"url\":\"https:\/\/portaltela.pt\/por\/367410592786\/\"}]}<\/script>\n<!-- \/ Yoast SEO plugin. -->","yoast_head_json":{"title":"Guerra e or\u00e7amento: custos que cabem no bolso - Portal Tela Portugal","robots":{"index":"index","follow":"follow","max-snippet":"max-snippet:-1","max-image-preview":"max-image-preview:large","max-video-preview":"max-video-preview:-1"},"og_locale":"pt_PT","og_type":"article","og_title":"Guerra e or\u00e7amento: custos que cabem no bolso - Portal Tela Portugal","og_description":"O TikTok confirmou que n\u00e3o adotar\u00e1 a encripta\u00e7\u00e3o de fim a fim nas mensagens diretas. Ao contr\u00e1rio de Instagram, WhatsApp e Facebook Messenger, o TikTok diz que esta medida dificultaria o acesso a mensagens pelas autoridades durante investiga\u00e7\u00f5es. A decis\u00e3o ocorre num contexto em que a ByteDance j\u00e1 foi multada em 530 milh\u00f5es de euros por ter enviado dados para Pequim. Organiza\u00e7\u00f5es de prote\u00e7\u00e3o de menores elogiam a posi\u00e7\u00e3o, mas o ocidente permanece desconfort\u00e1vel com eventual acesso chin\u00eas aos dados dos utilizadores. O caso ilustra a batalha global pelos dados, com o maior algoritmo da ByteDance a possibilitar analisar comportamentos de milh\u00f5es de pessoas.","og_url":"https:\/\/portaltela.pt\/noticias\/2026\/03\/06\/guerra-e-orcamento-custos-que-cabem-no-bolso\/","og_site_name":"Portal Tela Portugal","article_published_time":"2026-03-06T07:55:00+00:00","author":"Telinha","twitter_card":"summary_large_image","twitter_misc":{"Escrito por":"Telinha","Tempo estimado de leitura":"1 minuto"},"schema":{"@context":"https:\/\/schema.org","@graph":[{"@type":"Article","@id":"https:\/\/portaltela.pt\/noticias\/2026\/03\/06\/guerra-e-orcamento-custos-que-cabem-no-bolso\/#article","isPartOf":{"@id":"https:\/\/portaltela.pt\/noticias\/2026\/03\/06\/guerra-e-orcamento-custos-que-cabem-no-bolso\/"},"author":{"name":"Telinha","@id":"https:\/\/portaltela.pt\/#\/schema\/person\/c4278d4a6028830caff9ee44b42d32ed"},"headline":"Guerra e or\u00e7amento: custos que cabem no bolso","datePublished":"2026-03-06T07:55:00+00:00","mainEntityOfPage":{"@id":"https:\/\/portaltela.pt\/noticias\/2026\/03\/06\/guerra-e-orcamento-custos-que-cabem-no-bolso\/"},"wordCount":302,"image":{"@id":"https:\/\/portaltela.pt\/noticias\/2026\/03\/06\/guerra-e-orcamento-custos-que-cabem-no-bolso\/#primaryimage"},"thumbnailUrl":"https:\/\/portaltela.pt\/s.01k8rhncp4jt1\/2026\/03\/2e593e81-8b47-40a3-b7ce-eee539ec9717_1200x675.jpg","keywords":["ciberseguran\u00e7a","informa\u00e7\u00e3o internacional","privacidade","prote\u00e7\u00e3o de dados","prote\u00e7\u00e3o de privacidade","seguran\u00e7a p\u00fablica"],"articleSection":["Internacional","Not\u00edcias"],"inLanguage":"pt-PT"},{"@type":"WebPage","@id":"https:\/\/portaltela.pt\/noticias\/2026\/03\/06\/guerra-e-orcamento-custos-que-cabem-no-bolso\/","url":"https:\/\/portaltela.pt\/noticias\/2026\/03\/06\/guerra-e-orcamento-custos-que-cabem-no-bolso\/","name":"Guerra e or\u00e7amento: custos que cabem no bolso - Portal Tela Portugal","isPartOf":{"@id":"https:\/\/portaltela.pt\/#website"},"primaryImageOfPage":{"@id":"https:\/\/portaltela.pt\/noticias\/2026\/03\/06\/guerra-e-orcamento-custos-que-cabem-no-bolso\/#primaryimage"},"image":{"@id":"https:\/\/portaltela.pt\/noticias\/2026\/03\/06\/guerra-e-orcamento-custos-que-cabem-no-bolso\/#primaryimage"},"thumbnailUrl":"https:\/\/portaltela.pt\/s.01k8rhncp4jt1\/2026\/03\/2e593e81-8b47-40a3-b7ce-eee539ec9717_1200x675.jpg","datePublished":"2026-03-06T07:55:00+00:00","author":{"@id":"https:\/\/portaltela.pt\/#\/schema\/person\/c4278d4a6028830caff9ee44b42d32ed"},"breadcrumb":{"@id":"https:\/\/portaltela.pt\/noticias\/2026\/03\/06\/guerra-e-orcamento-custos-que-cabem-no-bolso\/#breadcrumb"},"inLanguage":"pt-PT","potentialAction":[{"@type":"ReadAction","target":["https:\/\/portaltela.pt\/noticias\/2026\/03\/06\/guerra-e-orcamento-custos-que-cabem-no-bolso\/"]}]},{"@type":"ImageObject","inLanguage":"pt-PT","@id":"https:\/\/portaltela.pt\/noticias\/2026\/03\/06\/guerra-e-orcamento-custos-que-cabem-no-bolso\/#primaryimage","url":"https:\/\/portaltela.pt\/s.01k8rhncp4jt1\/2026\/03\/2e593e81-8b47-40a3-b7ce-eee539ec9717_1200x675.jpg","contentUrl":"https:\/\/portaltela.pt\/s.01k8rhncp4jt1\/2026\/03\/2e593e81-8b47-40a3-b7ce-eee539ec9717_1200x675.jpg","width":796,"height":448,"caption":"Photo"},{"@type":"BreadcrumbList","@id":"https:\/\/portaltela.pt\/noticias\/2026\/03\/06\/guerra-e-orcamento-custos-que-cabem-no-bolso\/#breadcrumb","itemListElement":[{"@type":"ListItem","position":1,"name":"In\u00edcio","item":"https:\/\/portaltela.pt\/"},{"@type":"ListItem","position":2,"name":"Guerra e or\u00e7amento: custos que cabem no bolso"}]},{"@type":"WebSite","@id":"https:\/\/portaltela.pt\/#website","url":"https:\/\/portaltela.pt\/","name":"Portal Tela Portugal","description":"","potentialAction":[{"@type":"SearchAction","target":{"@type":"EntryPoint","urlTemplate":"https:\/\/portaltela.pt\/?s={search_term_string}"},"query-input":{"@type":"PropertyValueSpecification","valueRequired":true,"valueName":"search_term_string"}}],"inLanguage":"pt-PT"},{"@type":"Person","@id":"https:\/\/portaltela.pt\/#\/schema\/person\/c4278d4a6028830caff9ee44b42d32ed","name":"Telinha","image":{"@type":"ImageObject","inLanguage":"pt-PT","@id":"https:\/\/portaltela.pt\/s.01k8rhncp4jt1\/2025\/11\/talking-bot-125x125.png","url":"https:\/\/portaltela.pt\/s.01k8rhncp4jt1\/2025\/11\/talking-bot-125x125.png","contentUrl":"https:\/\/portaltela.pt\/s.01k8rhncp4jt1\/2025\/11\/talking-bot-125x125.png","caption":"Telinha"},"sameAs":["https:\/\/portaltela.pt\/"],"url":"https:\/\/portaltela.pt\/por\/367410592786\/"}]}},"_links":{"self":[{"href":"https:\/\/portaltela.pt\/api\/wp\/v2\/posts\/399588","targetHints":{"allow":["GET"]}}],"collection":[{"href":"https:\/\/portaltela.pt\/api\/wp\/v2\/posts"}],"about":[{"href":"https:\/\/portaltela.pt\/api\/wp\/v2\/types\/post"}],"author":[{"embeddable":true,"href":"https:\/\/portaltela.pt\/api\/wp\/v2\/users\/2"}],"replies":[{"embeddable":true,"href":"https:\/\/portaltela.pt\/api\/wp\/v2\/comments?post=399588"}],"version-history":[{"count":0,"href":"https:\/\/portaltela.pt\/api\/wp\/v2\/posts\/399588\/revisions"}],"wp:featuredmedia":[{"embeddable":true,"href":"https:\/\/portaltela.pt\/api\/wp\/v2\/media\/399589"}],"wp:attachment":[{"href":"https:\/\/portaltela.pt\/api\/wp\/v2\/media?parent=399588"}],"wp:term":[{"taxonomy":"category","embeddable":true,"href":"https:\/\/portaltela.pt\/api\/wp\/v2\/categories?post=399588"},{"taxonomy":"post_tag","embeddable":true,"href":"https:\/\/portaltela.pt\/api\/wp\/v2\/tags?post=399588"}],"curies":[{"name":"wp","href":"https:\/\/api.w.org\/{rel}","templated":true}]}}