{"id":399568,"date":"2026-03-06T04:03:00","date_gmt":"2026-03-06T07:03:00","guid":{"rendered":"https:\/\/portaltela.pt\/noticias\/2026\/03\/06\/casa-arrombada-trancas-a-porta-caso-envolve-suplementos-alimentares\/"},"modified":"2026-03-06T04:03:00","modified_gmt":"2026-03-06T07:03:00","slug":"casa-arrombada-trancas-a-porta-caso-envolve-suplementos-alimentares","status":"publish","type":"post","link":"https:\/\/portaltela.pt\/noticias\/politica\/2026\/03\/06\/casa-arrombada-trancas-a-porta-caso-envolve-suplementos-alimentares\/","title":{"rendered":"Casa arrombada, trancas \u00e0 porta: caso envolve suplementos alimentares"},"content":{"rendered":"<p>O tema dos suplementos alimentares volta a levantar quest\u00f5es sobre seguran\u00e7a e efic\u00e1cia. O artigo analisa at\u00e9 que ponto estes produtos, vendidos como promotores de bem\u2011estar, sofrem o escrut\u00ednio regulat\u00f3rio semelhante ao dos medicamentos.<\/p>\n<p>Num enquadramento hist\u00f3rico, apresenta-se o contraste entre suplementos, que n\u00e3o precisam de aprova\u00e7\u00e3o pr\u00e9via de efic\u00e1cia, e f\u00e1rmacos, que exigem testes rigorosos. A quest\u00e3o central \u00e9 como evitar riscos para os consumidores sem sufocar o acesso a produtos leg\u00edtimos.<\/p>\n<p>A Plante Ashwagandha \u00e9 destacada como exemplo recente. Em din\u00e2mara, os extractos desta planta foram proibidos desde 2023 por potenciais efeitos adversos. A UE n\u00e3o autorizou alega\u00e7\u00f5es de sa\u00fade porque n\u00e3o houve avalia\u00e7\u00e3o pela EFSA.<\/p>\n<p>Ao longo dos \u00faltimos cinco anos, o Sistema de Alerta R\u00e1pido para Alimentos e Ra\u00e7\u00f5es da UE registou 27 notifica\u00e7\u00f5es ligadas a ash\u00adwagandha, levando v\u00e1rios pa\u00edses a reavaliarem os riscos associados \u00e0 planta. Este dado alerta para lacunas de supervis\u00e3o.<\/p>\n<p>Outro caso hist\u00f3rico envolve comprimidos para emagrecer, da d\u00e9cada de 1990, comercializados em Bruxelas. Ficou provado que a f\u00f3rmula continha aristol\u00f3quias com \u00e1cido aristol\u00f3quico, t\u00f3xico para os rins e cancer\u00edgeno. Cerca de 1800 mulheres foram affectadas.<\/p>\n<p>Cerca de uma centena desenvolveu fal\u00eancia renal, e o uso das plantas foi proibido na Europa e nos EUA no in\u00edcio do s\u00e9culo. Os casos ilustram a diferen\u00e7a entre regulamenta\u00e7\u00e3o de suplementos e de medicamentos.<\/p>\n<h3>Contexto em Portugal<\/h3>\n<p>Em Portugal, os suplementos s\u00e3o considerados g\u00e9neros aliment\u00edcios. Em regra, apenas \u00e9 necess\u00e1ria uma notifica\u00e7\u00e3o \u00e0 DGAV para irem ao mercado, sem avalia\u00e7\u00e3o pr\u00e9via de efic\u00e1cia ou seguran\u00e7a. A responsabilidade recai sobre o operador econ\u00f3mico.<\/p>\n<p>As autoridades podem atuar a posteriori, por meio de inspec\u00e7\u00f5es e an\u00e1lises da DGAV e da ASAE. J\u00e1 os medicamentos exigem autoriza\u00e7\u00e3o de introdu\u00e7\u00e3o no mercado, com avalia\u00e7\u00e3o pr\u00e9via de qualidade, seguran\u00e7a e efic\u00e1cia.<\/p>\n<p>A vigil\u00e2ncia segue vias distintas: retiradas no caso de suplementos decorrem de alertas de seguran\u00e7a ou recolhas volunt\u00e1rias; nos medicamentos, h\u00e1 farmacovigil\u00e2ncia estruturada que pode suspender ou revogar a autoriza\u00e7\u00e3o.<\/p>\n<p>O texto termina sublinhando que os suplementos seguem normas de seguran\u00e7a alimentar com controlo pr\u00e9vio menos rigoroso que os medicamentos, cuja produ\u00e7\u00e3o exige boas pr\u00e1ticas de fabrico e inspe\u00e7\u00f5es regulares.<\/p>\n<p>Este enquadramento leva \u00e0 pergunta sobre a exist\u00eancia de um equil\u00edbrio entre inova\u00e7\u00e3o, acesso e prote\u00e7\u00e3o do consumidor, mantendo a confian\u00e7a no sistema regulat\u00f3rio.<\/p>\n","protected":false},"excerpt":{"rendered":"<ul>\n<li>Os suplementos alimentares s\u00e3o regulados de forma diferente dos medicamentos, com menos exig\u00eancias de avalia\u00e7\u00e3o pr\u00e9via de efic\u00e1cia e seguran\u00e7a.<\/li>\n<li>Casos hist\u00f3ricos mostram riscos: a ashwangha teve controv\u00e9rsias na UE e foi proibida na Dinamarca desde 2023, com v\u00e1rias notifica\u00e7\u00f5es ao longo de cinco anos.<\/li>\n<li>Em meados de 1990, comprimidos para emagrecer usados em Bruxelas levaram a fal\u00eancia renal em mil e oitocentas mulheres, devido a uma f\u00f3rmula com aristol\u00f3quias.<\/li>\n<li>Em Portugal, os suplementos s\u00e3o considerados g\u00e9neros aliment\u00edcios e entram no mercado ap\u00f3s notifica\u00e7\u00e3o \u00e0 Dire\u00e7\u00e3o-Geral de Alimenta\u00e7\u00e3o e Veterin\u00e1ria, sem avalia\u00e7\u00e3o pr\u00e9via obrigat\u00f3ria.<\/li>\n<li>A compara\u00e7\u00e3o com os medicamentos destaca a diferen\u00e7a de fiscaliza\u00e7\u00e3o, farmacovigil\u00e2ncia e padr\u00f5es de fabrico, sugerindo que a regula\u00e7\u00e3o dos suplementos necessita de altera\u00e7\u00f5es para evitar riscos \u00e0 sa\u00fade p\u00fablica.<\/li>\n<\/ul>\n","protected":false},"author":2,"featured_media":399573,"comment_status":"closed","ping_status":"closed","sticky":false,"template":"","format":"standard","meta":{"footnotes":""},"categories":[1,5],"tags":[3289,5382,195,271,2867],"class_list":["post-399568","post","type-post","status-publish","format-standard","has-post-thumbnail","hentry","category-noticias","category-politica","tag-alimentos","tag-asae","tag-informacao","tag-saude-publica","tag-seguranca-alimentar"],"yoast_head":"<!-- This site is optimized with the Yoast SEO plugin v27.2 - https:\/\/yoast.com\/product\/yoast-seo-wordpress\/ -->\n<title>Casa arrombada, trancas \u00e0 porta: caso envolve suplementos alimentares - Portal Tela Portugal<\/title>\n<meta name=\"robots\" content=\"index, follow, max-snippet:-1, max-image-preview:large, max-video-preview:-1\" \/>\n<meta property=\"og:locale\" content=\"pt_PT\" \/>\n<meta property=\"og:type\" content=\"article\" \/>\n<meta property=\"og:title\" content=\"Casa arrombada, trancas \u00e0 porta: caso envolve suplementos alimentares - Portal Tela Portugal\" \/>\n<meta property=\"og:description\" content=\"Os suplementos alimentares s\u00e3o regulados de forma diferente dos medicamentos, com menos exig\u00eancias de avalia\u00e7\u00e3o pr\u00e9via de efic\u00e1cia e seguran\u00e7a. Casos hist\u00f3ricos mostram riscos: a ashwangha teve controv\u00e9rsias na UE e foi proibida na Dinamarca desde 2023, com v\u00e1rias notifica\u00e7\u00f5es ao longo de cinco anos. Em meados de 1990, comprimidos para emagrecer usados em Bruxelas levaram a fal\u00eancia renal em mil e oitocentas mulheres, devido a uma f\u00f3rmula com aristol\u00f3quias. Em Portugal, os suplementos s\u00e3o considerados g\u00e9neros aliment\u00edcios e entram no mercado ap\u00f3s notifica\u00e7\u00e3o \u00e0 Dire\u00e7\u00e3o-Geral de Alimenta\u00e7\u00e3o e Veterin\u00e1ria, sem avalia\u00e7\u00e3o pr\u00e9via obrigat\u00f3ria. A compara\u00e7\u00e3o com os medicamentos destaca a diferen\u00e7a de fiscaliza\u00e7\u00e3o, farmacovigil\u00e2ncia e padr\u00f5es de fabrico, sugerindo que a regula\u00e7\u00e3o dos suplementos necessita de altera\u00e7\u00f5es para evitar riscos \u00e0 sa\u00fade p\u00fablica.\" \/>\n<meta property=\"og:url\" content=\"https:\/\/portaltela.pt\/noticias\/2026\/03\/06\/casa-arrombada-trancas-a-porta-caso-envolve-suplementos-alimentares\/\" \/>\n<meta property=\"og:site_name\" content=\"Portal Tela Portugal\" \/>\n<meta property=\"article:published_time\" content=\"2026-03-06T07:03:00+00:00\" \/>\n<meta name=\"author\" content=\"Telinha\" \/>\n<meta name=\"twitter:card\" content=\"summary_large_image\" \/>\n<meta name=\"twitter:label1\" content=\"Escrito por\" \/>\n\t<meta name=\"twitter:data1\" content=\"Telinha\" \/>\n\t<meta name=\"twitter:label2\" content=\"Tempo estimado de leitura\" \/>\n\t<meta name=\"twitter:data2\" content=\"2 minutos\" \/>\n<script type=\"application\/ld+json\" class=\"yoast-schema-graph\">{\"@context\":\"https:\/\/schema.org\",\"@graph\":[{\"@type\":\"Article\",\"@id\":\"https:\/\/portaltela.pt\/noticias\/2026\/03\/06\/casa-arrombada-trancas-a-porta-caso-envolve-suplementos-alimentares\/#article\",\"isPartOf\":{\"@id\":\"https:\/\/portaltela.pt\/noticias\/2026\/03\/06\/casa-arrombada-trancas-a-porta-caso-envolve-suplementos-alimentares\/\"},\"author\":{\"name\":\"Telinha\",\"@id\":\"https:\/\/portaltela.pt\/#\/schema\/person\/c4278d4a6028830caff9ee44b42d32ed\"},\"headline\":\"Casa arrombada, trancas \u00e0 porta: caso envolve suplementos alimentares\",\"datePublished\":\"2026-03-06T07:03:00+00:00\",\"mainEntityOfPage\":{\"@id\":\"https:\/\/portaltela.pt\/noticias\/2026\/03\/06\/casa-arrombada-trancas-a-porta-caso-envolve-suplementos-alimentares\/\"},\"wordCount\":446,\"image\":{\"@id\":\"https:\/\/portaltela.pt\/noticias\/2026\/03\/06\/casa-arrombada-trancas-a-porta-caso-envolve-suplementos-alimentares\/#primaryimage\"},\"thumbnailUrl\":\"https:\/\/portaltela.pt\/s.01k8rhncp4jt1\/2026\/03\/2071905.jpg\",\"keywords\":[\"alimentos\",\"ASAE\",\"informa\u00e7\u00e3o\",\"sa\u00fade p\u00fablica\",\"Seguran\u00e7a Alimentar\"],\"articleSection\":[\"Not\u00edcias\",\"Pol\u00edtica\"],\"inLanguage\":\"pt-PT\"},{\"@type\":\"WebPage\",\"@id\":\"https:\/\/portaltela.pt\/noticias\/2026\/03\/06\/casa-arrombada-trancas-a-porta-caso-envolve-suplementos-alimentares\/\",\"url\":\"https:\/\/portaltela.pt\/noticias\/2026\/03\/06\/casa-arrombada-trancas-a-porta-caso-envolve-suplementos-alimentares\/\",\"name\":\"Casa arrombada, trancas \u00e0 porta: caso envolve suplementos alimentares - Portal Tela Portugal\",\"isPartOf\":{\"@id\":\"https:\/\/portaltela.pt\/#website\"},\"primaryImageOfPage\":{\"@id\":\"https:\/\/portaltela.pt\/noticias\/2026\/03\/06\/casa-arrombada-trancas-a-porta-caso-envolve-suplementos-alimentares\/#primaryimage\"},\"image\":{\"@id\":\"https:\/\/portaltela.pt\/noticias\/2026\/03\/06\/casa-arrombada-trancas-a-porta-caso-envolve-suplementos-alimentares\/#primaryimage\"},\"thumbnailUrl\":\"https:\/\/portaltela.pt\/s.01k8rhncp4jt1\/2026\/03\/2071905.jpg\",\"datePublished\":\"2026-03-06T07:03:00+00:00\",\"author\":{\"@id\":\"https:\/\/portaltela.pt\/#\/schema\/person\/c4278d4a6028830caff9ee44b42d32ed\"},\"breadcrumb\":{\"@id\":\"https:\/\/portaltela.pt\/noticias\/2026\/03\/06\/casa-arrombada-trancas-a-porta-caso-envolve-suplementos-alimentares\/#breadcrumb\"},\"inLanguage\":\"pt-PT\",\"potentialAction\":[{\"@type\":\"ReadAction\",\"target\":[\"https:\/\/portaltela.pt\/noticias\/2026\/03\/06\/casa-arrombada-trancas-a-porta-caso-envolve-suplementos-alimentares\/\"]}]},{\"@type\":\"ImageObject\",\"inLanguage\":\"pt-PT\",\"@id\":\"https:\/\/portaltela.pt\/noticias\/2026\/03\/06\/casa-arrombada-trancas-a-porta-caso-envolve-suplementos-alimentares\/#primaryimage\",\"url\":\"https:\/\/portaltela.pt\/s.01k8rhncp4jt1\/2026\/03\/2071905.jpg\",\"contentUrl\":\"https:\/\/portaltela.pt\/s.01k8rhncp4jt1\/2026\/03\/2071905.jpg\",\"width\":796,\"height\":448,\"caption\":\"Planta *Aristolochia manshuriensis*\"},{\"@type\":\"BreadcrumbList\",\"@id\":\"https:\/\/portaltela.pt\/noticias\/2026\/03\/06\/casa-arrombada-trancas-a-porta-caso-envolve-suplementos-alimentares\/#breadcrumb\",\"itemListElement\":[{\"@type\":\"ListItem\",\"position\":1,\"name\":\"In\u00edcio\",\"item\":\"https:\/\/portaltela.pt\/\"},{\"@type\":\"ListItem\",\"position\":2,\"name\":\"Casa arrombada, trancas \u00e0 porta: caso envolve suplementos alimentares\"}]},{\"@type\":\"WebSite\",\"@id\":\"https:\/\/portaltela.pt\/#website\",\"url\":\"https:\/\/portaltela.pt\/\",\"name\":\"Portal Tela Portugal\",\"description\":\"\",\"potentialAction\":[{\"@type\":\"SearchAction\",\"target\":{\"@type\":\"EntryPoint\",\"urlTemplate\":\"https:\/\/portaltela.pt\/?s={search_term_string}\"},\"query-input\":{\"@type\":\"PropertyValueSpecification\",\"valueRequired\":true,\"valueName\":\"search_term_string\"}}],\"inLanguage\":\"pt-PT\"},{\"@type\":\"Person\",\"@id\":\"https:\/\/portaltela.pt\/#\/schema\/person\/c4278d4a6028830caff9ee44b42d32ed\",\"name\":\"Telinha\",\"image\":{\"@type\":\"ImageObject\",\"inLanguage\":\"pt-PT\",\"@id\":\"https:\/\/portaltela.pt\/s.01k8rhncp4jt1\/2025\/11\/talking-bot-125x125.png\",\"url\":\"https:\/\/portaltela.pt\/s.01k8rhncp4jt1\/2025\/11\/talking-bot-125x125.png\",\"contentUrl\":\"https:\/\/portaltela.pt\/s.01k8rhncp4jt1\/2025\/11\/talking-bot-125x125.png\",\"caption\":\"Telinha\"},\"sameAs\":[\"https:\/\/portaltela.pt\/\"],\"url\":\"https:\/\/portaltela.pt\/por\/367410592786\/\"}]}<\/script>\n<!-- \/ Yoast SEO plugin. -->","yoast_head_json":{"title":"Casa arrombada, trancas \u00e0 porta: caso envolve suplementos alimentares - Portal Tela Portugal","robots":{"index":"index","follow":"follow","max-snippet":"max-snippet:-1","max-image-preview":"max-image-preview:large","max-video-preview":"max-video-preview:-1"},"og_locale":"pt_PT","og_type":"article","og_title":"Casa arrombada, trancas \u00e0 porta: caso envolve suplementos alimentares - Portal Tela Portugal","og_description":"Os suplementos alimentares s\u00e3o regulados de forma diferente dos medicamentos, com menos exig\u00eancias de avalia\u00e7\u00e3o pr\u00e9via de efic\u00e1cia e seguran\u00e7a. Casos hist\u00f3ricos mostram riscos: a ashwangha teve controv\u00e9rsias na UE e foi proibida na Dinamarca desde 2023, com v\u00e1rias notifica\u00e7\u00f5es ao longo de cinco anos. Em meados de 1990, comprimidos para emagrecer usados em Bruxelas levaram a fal\u00eancia renal em mil e oitocentas mulheres, devido a uma f\u00f3rmula com aristol\u00f3quias. Em Portugal, os suplementos s\u00e3o considerados g\u00e9neros aliment\u00edcios e entram no mercado ap\u00f3s notifica\u00e7\u00e3o \u00e0 Dire\u00e7\u00e3o-Geral de Alimenta\u00e7\u00e3o e Veterin\u00e1ria, sem avalia\u00e7\u00e3o pr\u00e9via obrigat\u00f3ria. A compara\u00e7\u00e3o com os medicamentos destaca a diferen\u00e7a de fiscaliza\u00e7\u00e3o, farmacovigil\u00e2ncia e padr\u00f5es de fabrico, sugerindo que a regula\u00e7\u00e3o dos suplementos necessita de altera\u00e7\u00f5es para evitar riscos \u00e0 sa\u00fade p\u00fablica.","og_url":"https:\/\/portaltela.pt\/noticias\/2026\/03\/06\/casa-arrombada-trancas-a-porta-caso-envolve-suplementos-alimentares\/","og_site_name":"Portal Tela Portugal","article_published_time":"2026-03-06T07:03:00+00:00","author":"Telinha","twitter_card":"summary_large_image","twitter_misc":{"Escrito por":"Telinha","Tempo estimado de leitura":"2 minutos"},"schema":{"@context":"https:\/\/schema.org","@graph":[{"@type":"Article","@id":"https:\/\/portaltela.pt\/noticias\/2026\/03\/06\/casa-arrombada-trancas-a-porta-caso-envolve-suplementos-alimentares\/#article","isPartOf":{"@id":"https:\/\/portaltela.pt\/noticias\/2026\/03\/06\/casa-arrombada-trancas-a-porta-caso-envolve-suplementos-alimentares\/"},"author":{"name":"Telinha","@id":"https:\/\/portaltela.pt\/#\/schema\/person\/c4278d4a6028830caff9ee44b42d32ed"},"headline":"Casa arrombada, trancas \u00e0 porta: caso envolve suplementos alimentares","datePublished":"2026-03-06T07:03:00+00:00","mainEntityOfPage":{"@id":"https:\/\/portaltela.pt\/noticias\/2026\/03\/06\/casa-arrombada-trancas-a-porta-caso-envolve-suplementos-alimentares\/"},"wordCount":446,"image":{"@id":"https:\/\/portaltela.pt\/noticias\/2026\/03\/06\/casa-arrombada-trancas-a-porta-caso-envolve-suplementos-alimentares\/#primaryimage"},"thumbnailUrl":"https:\/\/portaltela.pt\/s.01k8rhncp4jt1\/2026\/03\/2071905.jpg","keywords":["alimentos","ASAE","informa\u00e7\u00e3o","sa\u00fade p\u00fablica","Seguran\u00e7a Alimentar"],"articleSection":["Not\u00edcias","Pol\u00edtica"],"inLanguage":"pt-PT"},{"@type":"WebPage","@id":"https:\/\/portaltela.pt\/noticias\/2026\/03\/06\/casa-arrombada-trancas-a-porta-caso-envolve-suplementos-alimentares\/","url":"https:\/\/portaltela.pt\/noticias\/2026\/03\/06\/casa-arrombada-trancas-a-porta-caso-envolve-suplementos-alimentares\/","name":"Casa arrombada, trancas \u00e0 porta: caso envolve suplementos alimentares - Portal Tela Portugal","isPartOf":{"@id":"https:\/\/portaltela.pt\/#website"},"primaryImageOfPage":{"@id":"https:\/\/portaltela.pt\/noticias\/2026\/03\/06\/casa-arrombada-trancas-a-porta-caso-envolve-suplementos-alimentares\/#primaryimage"},"image":{"@id":"https:\/\/portaltela.pt\/noticias\/2026\/03\/06\/casa-arrombada-trancas-a-porta-caso-envolve-suplementos-alimentares\/#primaryimage"},"thumbnailUrl":"https:\/\/portaltela.pt\/s.01k8rhncp4jt1\/2026\/03\/2071905.jpg","datePublished":"2026-03-06T07:03:00+00:00","author":{"@id":"https:\/\/portaltela.pt\/#\/schema\/person\/c4278d4a6028830caff9ee44b42d32ed"},"breadcrumb":{"@id":"https:\/\/portaltela.pt\/noticias\/2026\/03\/06\/casa-arrombada-trancas-a-porta-caso-envolve-suplementos-alimentares\/#breadcrumb"},"inLanguage":"pt-PT","potentialAction":[{"@type":"ReadAction","target":["https:\/\/portaltela.pt\/noticias\/2026\/03\/06\/casa-arrombada-trancas-a-porta-caso-envolve-suplementos-alimentares\/"]}]},{"@type":"ImageObject","inLanguage":"pt-PT","@id":"https:\/\/portaltela.pt\/noticias\/2026\/03\/06\/casa-arrombada-trancas-a-porta-caso-envolve-suplementos-alimentares\/#primaryimage","url":"https:\/\/portaltela.pt\/s.01k8rhncp4jt1\/2026\/03\/2071905.jpg","contentUrl":"https:\/\/portaltela.pt\/s.01k8rhncp4jt1\/2026\/03\/2071905.jpg","width":796,"height":448,"caption":"Planta *Aristolochia manshuriensis*"},{"@type":"BreadcrumbList","@id":"https:\/\/portaltela.pt\/noticias\/2026\/03\/06\/casa-arrombada-trancas-a-porta-caso-envolve-suplementos-alimentares\/#breadcrumb","itemListElement":[{"@type":"ListItem","position":1,"name":"In\u00edcio","item":"https:\/\/portaltela.pt\/"},{"@type":"ListItem","position":2,"name":"Casa arrombada, trancas \u00e0 porta: caso envolve suplementos alimentares"}]},{"@type":"WebSite","@id":"https:\/\/portaltela.pt\/#website","url":"https:\/\/portaltela.pt\/","name":"Portal Tela Portugal","description":"","potentialAction":[{"@type":"SearchAction","target":{"@type":"EntryPoint","urlTemplate":"https:\/\/portaltela.pt\/?s={search_term_string}"},"query-input":{"@type":"PropertyValueSpecification","valueRequired":true,"valueName":"search_term_string"}}],"inLanguage":"pt-PT"},{"@type":"Person","@id":"https:\/\/portaltela.pt\/#\/schema\/person\/c4278d4a6028830caff9ee44b42d32ed","name":"Telinha","image":{"@type":"ImageObject","inLanguage":"pt-PT","@id":"https:\/\/portaltela.pt\/s.01k8rhncp4jt1\/2025\/11\/talking-bot-125x125.png","url":"https:\/\/portaltela.pt\/s.01k8rhncp4jt1\/2025\/11\/talking-bot-125x125.png","contentUrl":"https:\/\/portaltela.pt\/s.01k8rhncp4jt1\/2025\/11\/talking-bot-125x125.png","caption":"Telinha"},"sameAs":["https:\/\/portaltela.pt\/"],"url":"https:\/\/portaltela.pt\/por\/367410592786\/"}]}},"_links":{"self":[{"href":"https:\/\/portaltela.pt\/api\/wp\/v2\/posts\/399568","targetHints":{"allow":["GET"]}}],"collection":[{"href":"https:\/\/portaltela.pt\/api\/wp\/v2\/posts"}],"about":[{"href":"https:\/\/portaltela.pt\/api\/wp\/v2\/types\/post"}],"author":[{"embeddable":true,"href":"https:\/\/portaltela.pt\/api\/wp\/v2\/users\/2"}],"replies":[{"embeddable":true,"href":"https:\/\/portaltela.pt\/api\/wp\/v2\/comments?post=399568"}],"version-history":[{"count":0,"href":"https:\/\/portaltela.pt\/api\/wp\/v2\/posts\/399568\/revisions"}],"wp:featuredmedia":[{"embeddable":true,"href":"https:\/\/portaltela.pt\/api\/wp\/v2\/media\/399573"}],"wp:attachment":[{"href":"https:\/\/portaltela.pt\/api\/wp\/v2\/media?parent=399568"}],"wp:term":[{"taxonomy":"category","embeddable":true,"href":"https:\/\/portaltela.pt\/api\/wp\/v2\/categories?post=399568"},{"taxonomy":"post_tag","embeddable":true,"href":"https:\/\/portaltela.pt\/api\/wp\/v2\/tags?post=399568"}],"curies":[{"name":"wp","href":"https:\/\/api.w.org\/{rel}","templated":true}]}}