{"id":399534,"date":"2026-03-06T04:08:00","date_gmt":"2026-03-06T07:08:00","guid":{"rendered":"https:\/\/portaltela.pt\/noticias\/2026\/03\/06\/porto-investiga-60-alojamentos-ilegais-apos-20-pessoas-em-cave-sem-janela\/"},"modified":"2026-03-06T04:08:00","modified_gmt":"2026-03-06T07:08:00","slug":"porto-investiga-60-alojamentos-ilegais-apos-20-pessoas-em-cave-sem-janela","status":"publish","type":"post","link":"https:\/\/portaltela.pt\/noticias\/politica\/2026\/03\/06\/porto-investiga-60-alojamentos-ilegais-apos-20-pessoas-em-cave-sem-janela\/","title":{"rendered":"Porto investiga 60 alojamentos ilegais ap\u00f3s 20 pessoas em cave sem janela"},"content":{"rendered":"<p>A C\u00e2mara do Porto efetuou mais uma a\u00e7\u00e3o de fiscaliza\u00e7\u00e3o para localizar alojamentos ilegais e encerrou uma cave de loja que abrigava mais de 20 moradores. O incidente ocorreu ontem na Rua do Breiner, Cedofeita, no Porto, em espa\u00e7o sem janelas e com uma \u00fanica casa de banho.<\/p>\n<p>A cave, situada nos fundos da loja de conveni\u00eancia, tinha quartos divididos por paredes de pladur. No local, ainda restavam colch\u00f5es empilhados e res\u00edduos de materiais de constru\u00e7\u00e3o usados para erguer os dormit\u00f3rios.<\/p>\n<p>A opera\u00e7\u00e3o foi supervisionada por Pedro Duarte, da C\u00e2mara do Porto, que deixou claro que a autarquia n\u00e3o tolera situa\u00e7\u00f5es deste tipo em qualquer parte da cidade. A fiscaliza\u00e7\u00e3o dever\u00e1 mapear cerca de 60 espa\u00e7os de alojamento ilegal.<\/p>\n<h3>Opera\u00e7\u00e3o e pr\u00f3ximos passos<\/h3>\n<p>A autarquia explica que o encerramento do espa\u00e7o se enquadra numa a\u00e7\u00e3o cont\u00ednua de combate a alojamentos informais. A investiga\u00e7\u00e3o visa confirmar irregularidades t\u00e9cnicas, de seguran\u00e7a ou legais nesses locais.<\/p>\n<p>Esclarece ainda que a equipa pretende refor\u00e7ar a vigil\u00e2ncia, com a\u00e7\u00f5es secteur por secteur, para identificar outros espa\u00e7os que violem normas de habita\u00e7\u00e3o, sa\u00fade p\u00fablica e seguran\u00e7a.<\/p>\n","protected":false},"excerpt":{"rendered":"<ul>\n<li>Uma cave sem janelas, com uma \u00fanica casa de banho, abrigava ilegalmente 20 pessoas em quartos divididos por pladur, nas traseiras de uma loja de conveni\u00eancia na Rua do Breiner, em Cedofeita, Porto.<\/li>\n<li>A C\u00e2mara do Porto selou o espa\u00e7o, que j\u00e1 n\u00e3o tinha ocupantes vivos, restando apenas colch\u00f5es empilhados e restos de materiais de constru\u00e7\u00e3o.<\/li>\n<li>A a\u00e7\u00e3o faz parte de uma opera\u00e7\u00e3o que j\u00e1 envolve a fiscaliza\u00e7\u00e3o de cerca de 60 espa\u00e7os de alojamento ilegal na cidade.<\/li>\n<li>O supervisor da opera\u00e7\u00e3o, Pedro Duarte, disse que a autarquia n\u00e3o vai tolerar estas circunst\u00e2ncias em nenhuma zona da cidade.<\/li>\n<li>A cave foi encerrada pela equipa de fiscaliza\u00e7\u00e3o da C\u00e2mara do Porto.<\/li>\n<\/ul>\n","protected":false},"author":2,"featured_media":399536,"comment_status":"closed","ping_status":"closed","sticky":false,"template":"","format":"standard","meta":{"footnotes":""},"categories":[1,5],"tags":[5887,150,2817,982,271,4536],"class_list":["post-399534","post","type-post","status-publish","format-standard","has-post-thumbnail","hentry","category-noticias","category-politica","tag-alojamentos","tag-habitacao","tag-habitacoes","tag-porto","tag-saude-publica","tag-seguranca"],"yoast_head":"<!-- This site is optimized with the Yoast SEO plugin v27.2 - https:\/\/yoast.com\/product\/yoast-seo-wordpress\/ -->\n<title>Porto investiga 60 alojamentos ilegais ap\u00f3s 20 pessoas em cave sem janela - Portal Tela Portugal<\/title>\n<meta name=\"robots\" content=\"index, follow, max-snippet:-1, max-image-preview:large, max-video-preview:-1\" \/>\n<meta property=\"og:locale\" content=\"pt_PT\" \/>\n<meta property=\"og:type\" content=\"article\" \/>\n<meta property=\"og:title\" content=\"Porto investiga 60 alojamentos ilegais ap\u00f3s 20 pessoas em cave sem janela - Portal Tela Portugal\" \/>\n<meta property=\"og:description\" content=\"Uma cave sem janelas, com uma \u00fanica casa de banho, abrigava ilegalmente 20 pessoas em quartos divididos por pladur, nas traseiras de uma loja de conveni\u00eancia na Rua do Breiner, em Cedofeita, Porto. A C\u00e2mara do Porto selou o espa\u00e7o, que j\u00e1 n\u00e3o tinha ocupantes vivos, restando apenas colch\u00f5es empilhados e restos de materiais de constru\u00e7\u00e3o. A a\u00e7\u00e3o faz parte de uma opera\u00e7\u00e3o que j\u00e1 envolve a fiscaliza\u00e7\u00e3o de cerca de 60 espa\u00e7os de alojamento ilegal na cidade. O supervisor da opera\u00e7\u00e3o, Pedro Duarte, disse que a autarquia n\u00e3o vai tolerar estas circunst\u00e2ncias em nenhuma zona da cidade. A cave foi encerrada pela equipa de fiscaliza\u00e7\u00e3o da C\u00e2mara do Porto.\" \/>\n<meta property=\"og:url\" content=\"https:\/\/portaltela.pt\/noticias\/2026\/03\/06\/porto-investiga-60-alojamentos-ilegais-apos-20-pessoas-em-cave-sem-janela\/\" \/>\n<meta property=\"og:site_name\" content=\"Portal Tela Portugal\" \/>\n<meta property=\"article:published_time\" content=\"2026-03-06T07:08:00+00:00\" \/>\n<meta name=\"author\" content=\"Telinha\" \/>\n<meta name=\"twitter:card\" content=\"summary_large_image\" \/>\n<meta name=\"twitter:label1\" content=\"Escrito por\" \/>\n\t<meta name=\"twitter:data1\" content=\"Telinha\" \/>\n\t<meta name=\"twitter:label2\" content=\"Tempo estimado de leitura\" \/>\n\t<meta name=\"twitter:data2\" content=\"1 minuto\" \/>\n<script type=\"application\/ld+json\" class=\"yoast-schema-graph\">{\"@context\":\"https:\/\/schema.org\",\"@graph\":[{\"@type\":\"Article\",\"@id\":\"https:\/\/portaltela.pt\/noticias\/2026\/03\/06\/porto-investiga-60-alojamentos-ilegais-apos-20-pessoas-em-cave-sem-janela\/#article\",\"isPartOf\":{\"@id\":\"https:\/\/portaltela.pt\/noticias\/2026\/03\/06\/porto-investiga-60-alojamentos-ilegais-apos-20-pessoas-em-cave-sem-janela\/\"},\"author\":{\"name\":\"Telinha\",\"@id\":\"https:\/\/portaltela.pt\/#\/schema\/person\/c4278d4a6028830caff9ee44b42d32ed\"},\"headline\":\"Porto investiga 60 alojamentos ilegais ap\u00f3s 20 pessoas em cave sem janela\",\"datePublished\":\"2026-03-06T07:08:00+00:00\",\"mainEntityOfPage\":{\"@id\":\"https:\/\/portaltela.pt\/noticias\/2026\/03\/06\/porto-investiga-60-alojamentos-ilegais-apos-20-pessoas-em-cave-sem-janela\/\"},\"wordCount\":220,\"image\":{\"@id\":\"https:\/\/portaltela.pt\/noticias\/2026\/03\/06\/porto-investiga-60-alojamentos-ilegais-apos-20-pessoas-em-cave-sem-janela\/#primaryimage\"},\"thumbnailUrl\":\"https:\/\/portaltela.pt\/s.01k8rhncp4jt1\/2026\/03\/image-348.jpg\",\"keywords\":[\"alojamentos\",\"habita\u00e7\u00e3o\",\"habita\u00e7\u00f5es\",\"Porto\",\"sa\u00fade p\u00fablica\",\"seguran\u00e7a\"],\"articleSection\":[\"Not\u00edcias\",\"Pol\u00edtica\"],\"inLanguage\":\"pt-PT\"},{\"@type\":\"WebPage\",\"@id\":\"https:\/\/portaltela.pt\/noticias\/2026\/03\/06\/porto-investiga-60-alojamentos-ilegais-apos-20-pessoas-em-cave-sem-janela\/\",\"url\":\"https:\/\/portaltela.pt\/noticias\/2026\/03\/06\/porto-investiga-60-alojamentos-ilegais-apos-20-pessoas-em-cave-sem-janela\/\",\"name\":\"Porto investiga 60 alojamentos ilegais ap\u00f3s 20 pessoas em cave sem janela - Portal Tela Portugal\",\"isPartOf\":{\"@id\":\"https:\/\/portaltela.pt\/#website\"},\"primaryImageOfPage\":{\"@id\":\"https:\/\/portaltela.pt\/noticias\/2026\/03\/06\/porto-investiga-60-alojamentos-ilegais-apos-20-pessoas-em-cave-sem-janela\/#primaryimage\"},\"image\":{\"@id\":\"https:\/\/portaltela.pt\/noticias\/2026\/03\/06\/porto-investiga-60-alojamentos-ilegais-apos-20-pessoas-em-cave-sem-janela\/#primaryimage\"},\"thumbnailUrl\":\"https:\/\/portaltela.pt\/s.01k8rhncp4jt1\/2026\/03\/image-348.jpg\",\"datePublished\":\"2026-03-06T07:08:00+00:00\",\"author\":{\"@id\":\"https:\/\/portaltela.pt\/#\/schema\/person\/c4278d4a6028830caff9ee44b42d32ed\"},\"breadcrumb\":{\"@id\":\"https:\/\/portaltela.pt\/noticias\/2026\/03\/06\/porto-investiga-60-alojamentos-ilegais-apos-20-pessoas-em-cave-sem-janela\/#breadcrumb\"},\"inLanguage\":\"pt-PT\",\"potentialAction\":[{\"@type\":\"ReadAction\",\"target\":[\"https:\/\/portaltela.pt\/noticias\/2026\/03\/06\/porto-investiga-60-alojamentos-ilegais-apos-20-pessoas-em-cave-sem-janela\/\"]}]},{\"@type\":\"ImageObject\",\"inLanguage\":\"pt-PT\",\"@id\":\"https:\/\/portaltela.pt\/noticias\/2026\/03\/06\/porto-investiga-60-alojamentos-ilegais-apos-20-pessoas-em-cave-sem-janela\/#primaryimage\",\"url\":\"https:\/\/portaltela.pt\/s.01k8rhncp4jt1\/2026\/03\/image-348.jpg\",\"contentUrl\":\"https:\/\/portaltela.pt\/s.01k8rhncp4jt1\/2026\/03\/image-348.jpg\",\"width\":796,\"height\":448,\"caption\":\"C\u00e2mara do Porto fechou habita\u00e7\u00e3o ilegal com mais de 20 moradores\"},{\"@type\":\"BreadcrumbList\",\"@id\":\"https:\/\/portaltela.pt\/noticias\/2026\/03\/06\/porto-investiga-60-alojamentos-ilegais-apos-20-pessoas-em-cave-sem-janela\/#breadcrumb\",\"itemListElement\":[{\"@type\":\"ListItem\",\"position\":1,\"name\":\"In\u00edcio\",\"item\":\"https:\/\/portaltela.pt\/\"},{\"@type\":\"ListItem\",\"position\":2,\"name\":\"Porto investiga 60 alojamentos ilegais ap\u00f3s 20 pessoas em cave sem janela\"}]},{\"@type\":\"WebSite\",\"@id\":\"https:\/\/portaltela.pt\/#website\",\"url\":\"https:\/\/portaltela.pt\/\",\"name\":\"Portal Tela Portugal\",\"description\":\"\",\"potentialAction\":[{\"@type\":\"SearchAction\",\"target\":{\"@type\":\"EntryPoint\",\"urlTemplate\":\"https:\/\/portaltela.pt\/?s={search_term_string}\"},\"query-input\":{\"@type\":\"PropertyValueSpecification\",\"valueRequired\":true,\"valueName\":\"search_term_string\"}}],\"inLanguage\":\"pt-PT\"},{\"@type\":\"Person\",\"@id\":\"https:\/\/portaltela.pt\/#\/schema\/person\/c4278d4a6028830caff9ee44b42d32ed\",\"name\":\"Telinha\",\"image\":{\"@type\":\"ImageObject\",\"inLanguage\":\"pt-PT\",\"@id\":\"https:\/\/portaltela.pt\/s.01k8rhncp4jt1\/2025\/11\/talking-bot-125x125.png\",\"url\":\"https:\/\/portaltela.pt\/s.01k8rhncp4jt1\/2025\/11\/talking-bot-125x125.png\",\"contentUrl\":\"https:\/\/portaltela.pt\/s.01k8rhncp4jt1\/2025\/11\/talking-bot-125x125.png\",\"caption\":\"Telinha\"},\"sameAs\":[\"https:\/\/portaltela.pt\/\"],\"url\":\"https:\/\/portaltela.pt\/por\/367410592786\/\"}]}<\/script>\n<!-- \/ Yoast SEO plugin. -->","yoast_head_json":{"title":"Porto investiga 60 alojamentos ilegais ap\u00f3s 20 pessoas em cave sem janela - Portal Tela Portugal","robots":{"index":"index","follow":"follow","max-snippet":"max-snippet:-1","max-image-preview":"max-image-preview:large","max-video-preview":"max-video-preview:-1"},"og_locale":"pt_PT","og_type":"article","og_title":"Porto investiga 60 alojamentos ilegais ap\u00f3s 20 pessoas em cave sem janela - Portal Tela Portugal","og_description":"Uma cave sem janelas, com uma \u00fanica casa de banho, abrigava ilegalmente 20 pessoas em quartos divididos por pladur, nas traseiras de uma loja de conveni\u00eancia na Rua do Breiner, em Cedofeita, Porto. A C\u00e2mara do Porto selou o espa\u00e7o, que j\u00e1 n\u00e3o tinha ocupantes vivos, restando apenas colch\u00f5es empilhados e restos de materiais de constru\u00e7\u00e3o. A a\u00e7\u00e3o faz parte de uma opera\u00e7\u00e3o que j\u00e1 envolve a fiscaliza\u00e7\u00e3o de cerca de 60 espa\u00e7os de alojamento ilegal na cidade. O supervisor da opera\u00e7\u00e3o, Pedro Duarte, disse que a autarquia n\u00e3o vai tolerar estas circunst\u00e2ncias em nenhuma zona da cidade. A cave foi encerrada pela equipa de fiscaliza\u00e7\u00e3o da C\u00e2mara do Porto.","og_url":"https:\/\/portaltela.pt\/noticias\/2026\/03\/06\/porto-investiga-60-alojamentos-ilegais-apos-20-pessoas-em-cave-sem-janela\/","og_site_name":"Portal Tela Portugal","article_published_time":"2026-03-06T07:08:00+00:00","author":"Telinha","twitter_card":"summary_large_image","twitter_misc":{"Escrito por":"Telinha","Tempo estimado de leitura":"1 minuto"},"schema":{"@context":"https:\/\/schema.org","@graph":[{"@type":"Article","@id":"https:\/\/portaltela.pt\/noticias\/2026\/03\/06\/porto-investiga-60-alojamentos-ilegais-apos-20-pessoas-em-cave-sem-janela\/#article","isPartOf":{"@id":"https:\/\/portaltela.pt\/noticias\/2026\/03\/06\/porto-investiga-60-alojamentos-ilegais-apos-20-pessoas-em-cave-sem-janela\/"},"author":{"name":"Telinha","@id":"https:\/\/portaltela.pt\/#\/schema\/person\/c4278d4a6028830caff9ee44b42d32ed"},"headline":"Porto investiga 60 alojamentos ilegais ap\u00f3s 20 pessoas em cave sem janela","datePublished":"2026-03-06T07:08:00+00:00","mainEntityOfPage":{"@id":"https:\/\/portaltela.pt\/noticias\/2026\/03\/06\/porto-investiga-60-alojamentos-ilegais-apos-20-pessoas-em-cave-sem-janela\/"},"wordCount":220,"image":{"@id":"https:\/\/portaltela.pt\/noticias\/2026\/03\/06\/porto-investiga-60-alojamentos-ilegais-apos-20-pessoas-em-cave-sem-janela\/#primaryimage"},"thumbnailUrl":"https:\/\/portaltela.pt\/s.01k8rhncp4jt1\/2026\/03\/image-348.jpg","keywords":["alojamentos","habita\u00e7\u00e3o","habita\u00e7\u00f5es","Porto","sa\u00fade p\u00fablica","seguran\u00e7a"],"articleSection":["Not\u00edcias","Pol\u00edtica"],"inLanguage":"pt-PT"},{"@type":"WebPage","@id":"https:\/\/portaltela.pt\/noticias\/2026\/03\/06\/porto-investiga-60-alojamentos-ilegais-apos-20-pessoas-em-cave-sem-janela\/","url":"https:\/\/portaltela.pt\/noticias\/2026\/03\/06\/porto-investiga-60-alojamentos-ilegais-apos-20-pessoas-em-cave-sem-janela\/","name":"Porto investiga 60 alojamentos ilegais ap\u00f3s 20 pessoas em cave sem janela - Portal Tela Portugal","isPartOf":{"@id":"https:\/\/portaltela.pt\/#website"},"primaryImageOfPage":{"@id":"https:\/\/portaltela.pt\/noticias\/2026\/03\/06\/porto-investiga-60-alojamentos-ilegais-apos-20-pessoas-em-cave-sem-janela\/#primaryimage"},"image":{"@id":"https:\/\/portaltela.pt\/noticias\/2026\/03\/06\/porto-investiga-60-alojamentos-ilegais-apos-20-pessoas-em-cave-sem-janela\/#primaryimage"},"thumbnailUrl":"https:\/\/portaltela.pt\/s.01k8rhncp4jt1\/2026\/03\/image-348.jpg","datePublished":"2026-03-06T07:08:00+00:00","author":{"@id":"https:\/\/portaltela.pt\/#\/schema\/person\/c4278d4a6028830caff9ee44b42d32ed"},"breadcrumb":{"@id":"https:\/\/portaltela.pt\/noticias\/2026\/03\/06\/porto-investiga-60-alojamentos-ilegais-apos-20-pessoas-em-cave-sem-janela\/#breadcrumb"},"inLanguage":"pt-PT","potentialAction":[{"@type":"ReadAction","target":["https:\/\/portaltela.pt\/noticias\/2026\/03\/06\/porto-investiga-60-alojamentos-ilegais-apos-20-pessoas-em-cave-sem-janela\/"]}]},{"@type":"ImageObject","inLanguage":"pt-PT","@id":"https:\/\/portaltela.pt\/noticias\/2026\/03\/06\/porto-investiga-60-alojamentos-ilegais-apos-20-pessoas-em-cave-sem-janela\/#primaryimage","url":"https:\/\/portaltela.pt\/s.01k8rhncp4jt1\/2026\/03\/image-348.jpg","contentUrl":"https:\/\/portaltela.pt\/s.01k8rhncp4jt1\/2026\/03\/image-348.jpg","width":796,"height":448,"caption":"C\u00e2mara do Porto fechou habita\u00e7\u00e3o ilegal com mais de 20 moradores"},{"@type":"BreadcrumbList","@id":"https:\/\/portaltela.pt\/noticias\/2026\/03\/06\/porto-investiga-60-alojamentos-ilegais-apos-20-pessoas-em-cave-sem-janela\/#breadcrumb","itemListElement":[{"@type":"ListItem","position":1,"name":"In\u00edcio","item":"https:\/\/portaltela.pt\/"},{"@type":"ListItem","position":2,"name":"Porto investiga 60 alojamentos ilegais ap\u00f3s 20 pessoas em cave sem janela"}]},{"@type":"WebSite","@id":"https:\/\/portaltela.pt\/#website","url":"https:\/\/portaltela.pt\/","name":"Portal Tela Portugal","description":"","potentialAction":[{"@type":"SearchAction","target":{"@type":"EntryPoint","urlTemplate":"https:\/\/portaltela.pt\/?s={search_term_string}"},"query-input":{"@type":"PropertyValueSpecification","valueRequired":true,"valueName":"search_term_string"}}],"inLanguage":"pt-PT"},{"@type":"Person","@id":"https:\/\/portaltela.pt\/#\/schema\/person\/c4278d4a6028830caff9ee44b42d32ed","name":"Telinha","image":{"@type":"ImageObject","inLanguage":"pt-PT","@id":"https:\/\/portaltela.pt\/s.01k8rhncp4jt1\/2025\/11\/talking-bot-125x125.png","url":"https:\/\/portaltela.pt\/s.01k8rhncp4jt1\/2025\/11\/talking-bot-125x125.png","contentUrl":"https:\/\/portaltela.pt\/s.01k8rhncp4jt1\/2025\/11\/talking-bot-125x125.png","caption":"Telinha"},"sameAs":["https:\/\/portaltela.pt\/"],"url":"https:\/\/portaltela.pt\/por\/367410592786\/"}]}},"_links":{"self":[{"href":"https:\/\/portaltela.pt\/api\/wp\/v2\/posts\/399534","targetHints":{"allow":["GET"]}}],"collection":[{"href":"https:\/\/portaltela.pt\/api\/wp\/v2\/posts"}],"about":[{"href":"https:\/\/portaltela.pt\/api\/wp\/v2\/types\/post"}],"author":[{"embeddable":true,"href":"https:\/\/portaltela.pt\/api\/wp\/v2\/users\/2"}],"replies":[{"embeddable":true,"href":"https:\/\/portaltela.pt\/api\/wp\/v2\/comments?post=399534"}],"version-history":[{"count":0,"href":"https:\/\/portaltela.pt\/api\/wp\/v2\/posts\/399534\/revisions"}],"wp:featuredmedia":[{"embeddable":true,"href":"https:\/\/portaltela.pt\/api\/wp\/v2\/media\/399536"}],"wp:attachment":[{"href":"https:\/\/portaltela.pt\/api\/wp\/v2\/media?parent=399534"}],"wp:term":[{"taxonomy":"category","embeddable":true,"href":"https:\/\/portaltela.pt\/api\/wp\/v2\/categories?post=399534"},{"taxonomy":"post_tag","embeddable":true,"href":"https:\/\/portaltela.pt\/api\/wp\/v2\/tags?post=399534"}],"curies":[{"name":"wp","href":"https:\/\/api.w.org\/{rel}","templated":true}]}}