{"id":399514,"date":"2026-03-06T03:14:00","date_gmt":"2026-03-06T06:14:00","guid":{"rendered":"https:\/\/portaltela.pt\/noticias\/2026\/03\/06\/mourinho-nao-faz-surpresas-na-preparacao-do-classico\/"},"modified":"2026-03-06T03:14:00","modified_gmt":"2026-03-06T06:14:00","slug":"mourinho-nao-faz-surpresas-na-preparacao-do-classico","status":"publish","type":"post","link":"https:\/\/portaltela.pt\/desporto\/futebol\/2026\/03\/06\/mourinho-nao-faz-surpresas-na-preparacao-do-classico\/","title":{"rendered":"Mourinho n\u00e3o faz surpresas na prepara\u00e7\u00e3o do cl\u00e1ssico"},"content":{"rendered":"<p>O Benfica recebe o FC Porto num cl\u00e1ssico decisivo para o t\u00edtulo, com as \u00e1guias obrigadas a vencer para permanecerem na luta pelo campeonato. A prepara\u00e7\u00e3o n\u00e3o aponta para surpresas no onze inicial, segundo o que se sabe at\u00e9 ao momento. Mourinho prepara a equipa de forma pragm\u00e1tica, mantendo a consist\u00eancia habitual.<\/p>\n<p>Dois aspetos-chave da convocat\u00f3ria indicam mudan\u00e7as no meio-campo, relativamente ao \u00faltimo jogo frente ao Gil Vicente. Aursnes n\u00e3o est\u00e1 dispon\u00edvel, abrindo espa\u00e7o a Enzo Barrenechea para ocupar a posi\u00e7\u00e3o ao lado de Leandro Barreiro.<\/p>\n<p>Na defesa, nova rota\u00e7\u00e3o \u00e9 antecipada: Ant\u00f3nio Silva sai e d\u00e1 lugar a Tom\u00e1s Ara\u00fajo, mantendo-se o padr\u00e3o de altera\u00e7\u00f5es recorrentes sob o comando de Mourinho. Caso n\u00e3o ocorram imprevistos, o eixo defensivo dever\u00e1 ser ajustado conforme este alternar de op\u00e7\u00f5es.<\/p>\n","protected":false},"excerpt":{"rendered":"<ul>\n<li>Benfica prepara a rece\u00e7\u00e3o ao FC Porto, num jogo em que precisa de vencer para reentrar na luta pelo t\u00edtulo.<\/li>\n<li>Jos\u00e9 Mourinho n\u00e3o dever\u00e1 apresentar surpresas no onze titular.<\/li>\n<li>Do \u00faltimo encontro com Gil Vicente, n\u00e3o pode contar com Aursnes; Enzo Barrenechea dever\u00e1 ocupar o lugar no meio-campo.<\/li>\n<li>Barrenechea deve formar dupla com Leandro Barreiro.<\/li>\n<li>Na defesa, Ant\u00f3nio Silva sai para dar lugar a Tom\u00e1s Ara\u00fajo, mudan\u00e7a que tem sido recorrente sob Mourinho.<\/li>\n<\/ul>\n","protected":false},"author":2,"featured_media":399515,"comment_status":"closed","ping_status":"closed","sticky":false,"template":"","format":"standard","meta":{"footnotes":""},"categories":[21,24],"tags":[4059,1946,4554,152,2028,32],"class_list":["post-399514","post","type-post","status-publish","format-standard","has-post-thumbnail","hentry","category-desporto","category-futebol","tag-1-a-liga","tag-benfica","tag-convocatorias","tag-desporto","tag-fc-porto","tag-futebol"],"yoast_head":"<!-- This site is optimized with the Yoast SEO plugin v27.2 - https:\/\/yoast.com\/product\/yoast-seo-wordpress\/ -->\n<title>Mourinho n\u00e3o faz surpresas na prepara\u00e7\u00e3o do cl\u00e1ssico - Portal Tela Portugal<\/title>\n<meta name=\"robots\" content=\"index, follow, max-snippet:-1, max-image-preview:large, max-video-preview:-1\" \/>\n<meta property=\"og:locale\" content=\"pt_PT\" \/>\n<meta property=\"og:type\" content=\"article\" \/>\n<meta property=\"og:title\" content=\"Mourinho n\u00e3o faz surpresas na prepara\u00e7\u00e3o do cl\u00e1ssico - Portal Tela Portugal\" \/>\n<meta property=\"og:description\" content=\"Benfica prepara a rece\u00e7\u00e3o ao FC Porto, num jogo em que precisa de vencer para reentrar na luta pelo t\u00edtulo. Jos\u00e9 Mourinho n\u00e3o dever\u00e1 apresentar surpresas no onze titular. Do \u00faltimo encontro com Gil Vicente, n\u00e3o pode contar com Aursnes; Enzo Barrenechea dever\u00e1 ocupar o lugar no meio-campo. Barrenechea deve formar dupla com Leandro Barreiro. Na defesa, Ant\u00f3nio Silva sai para dar lugar a Tom\u00e1s Ara\u00fajo, mudan\u00e7a que tem sido recorrente sob Mourinho.\" \/>\n<meta property=\"og:url\" content=\"https:\/\/portaltela.pt\/noticias\/2026\/03\/06\/mourinho-nao-faz-surpresas-na-preparacao-do-classico\/\" \/>\n<meta property=\"og:site_name\" content=\"Portal Tela Portugal\" \/>\n<meta property=\"article:published_time\" content=\"2026-03-06T06:14:00+00:00\" \/>\n<meta name=\"author\" content=\"Telinha\" \/>\n<meta name=\"twitter:card\" content=\"summary_large_image\" \/>\n<meta name=\"twitter:label1\" content=\"Escrito por\" \/>\n\t<meta name=\"twitter:data1\" content=\"Telinha\" \/>\n\t<meta name=\"twitter:label2\" content=\"Tempo estimado de leitura\" \/>\n\t<meta name=\"twitter:data2\" content=\"1 minuto\" \/>\n<script type=\"application\/ld+json\" class=\"yoast-schema-graph\">{\"@context\":\"https:\/\/schema.org\",\"@graph\":[{\"@type\":\"Article\",\"@id\":\"https:\/\/portaltela.pt\/noticias\/2026\/03\/06\/mourinho-nao-faz-surpresas-na-preparacao-do-classico\/#article\",\"isPartOf\":{\"@id\":\"https:\/\/portaltela.pt\/noticias\/2026\/03\/06\/mourinho-nao-faz-surpresas-na-preparacao-do-classico\/\"},\"author\":{\"name\":\"Telinha\",\"@id\":\"https:\/\/portaltela.pt\/#\/schema\/person\/c4278d4a6028830caff9ee44b42d32ed\"},\"headline\":\"Mourinho n\u00e3o faz surpresas na prepara\u00e7\u00e3o do cl\u00e1ssico\",\"datePublished\":\"2026-03-06T06:14:00+00:00\",\"mainEntityOfPage\":{\"@id\":\"https:\/\/portaltela.pt\/noticias\/2026\/03\/06\/mourinho-nao-faz-surpresas-na-preparacao-do-classico\/\"},\"wordCount\":157,\"image\":{\"@id\":\"https:\/\/portaltela.pt\/noticias\/2026\/03\/06\/mourinho-nao-faz-surpresas-na-preparacao-do-classico\/#primaryimage\"},\"thumbnailUrl\":\"https:\/\/portaltela.pt\/s.01k8rhncp4jt1\/2026\/03\/img_920x518uu2026-02-22-11-17-51-2423044.jpg\",\"keywords\":[\"1.\u00aa Liga\",\"Benfica\",\"convocat\u00f3rias\",\"desporto\",\"FC Porto\",\"futebol\"],\"articleSection\":[\"Desporto\",\"Futebol\"],\"inLanguage\":\"pt-PT\"},{\"@type\":\"WebPage\",\"@id\":\"https:\/\/portaltela.pt\/noticias\/2026\/03\/06\/mourinho-nao-faz-surpresas-na-preparacao-do-classico\/\",\"url\":\"https:\/\/portaltela.pt\/noticias\/2026\/03\/06\/mourinho-nao-faz-surpresas-na-preparacao-do-classico\/\",\"name\":\"Mourinho n\u00e3o faz surpresas na prepara\u00e7\u00e3o do cl\u00e1ssico - Portal Tela Portugal\",\"isPartOf\":{\"@id\":\"https:\/\/portaltela.pt\/#website\"},\"primaryImageOfPage\":{\"@id\":\"https:\/\/portaltela.pt\/noticias\/2026\/03\/06\/mourinho-nao-faz-surpresas-na-preparacao-do-classico\/#primaryimage\"},\"image\":{\"@id\":\"https:\/\/portaltela.pt\/noticias\/2026\/03\/06\/mourinho-nao-faz-surpresas-na-preparacao-do-classico\/#primaryimage\"},\"thumbnailUrl\":\"https:\/\/portaltela.pt\/s.01k8rhncp4jt1\/2026\/03\/img_920x518uu2026-02-22-11-17-51-2423044.jpg\",\"datePublished\":\"2026-03-06T06:14:00+00:00\",\"author\":{\"@id\":\"https:\/\/portaltela.pt\/#\/schema\/person\/c4278d4a6028830caff9ee44b42d32ed\"},\"breadcrumb\":{\"@id\":\"https:\/\/portaltela.pt\/noticias\/2026\/03\/06\/mourinho-nao-faz-surpresas-na-preparacao-do-classico\/#breadcrumb\"},\"inLanguage\":\"pt-PT\",\"potentialAction\":[{\"@type\":\"ReadAction\",\"target\":[\"https:\/\/portaltela.pt\/noticias\/2026\/03\/06\/mourinho-nao-faz-surpresas-na-preparacao-do-classico\/\"]}]},{\"@type\":\"ImageObject\",\"inLanguage\":\"pt-PT\",\"@id\":\"https:\/\/portaltela.pt\/noticias\/2026\/03\/06\/mourinho-nao-faz-surpresas-na-preparacao-do-classico\/#primaryimage\",\"url\":\"https:\/\/portaltela.pt\/s.01k8rhncp4jt1\/2026\/03\/img_920x518uu2026-02-22-11-17-51-2423044.jpg\",\"contentUrl\":\"https:\/\/portaltela.pt\/s.01k8rhncp4jt1\/2026\/03\/img_920x518uu2026-02-22-11-17-51-2423044.jpg\",\"width\":796,\"height\":448,\"caption\":\"Enzo Barrenechea festeja golo frente ao AVS SAD\"},{\"@type\":\"BreadcrumbList\",\"@id\":\"https:\/\/portaltela.pt\/noticias\/2026\/03\/06\/mourinho-nao-faz-surpresas-na-preparacao-do-classico\/#breadcrumb\",\"itemListElement\":[{\"@type\":\"ListItem\",\"position\":1,\"name\":\"In\u00edcio\",\"item\":\"https:\/\/portaltela.pt\/\"},{\"@type\":\"ListItem\",\"position\":2,\"name\":\"Mourinho n\u00e3o faz surpresas na prepara\u00e7\u00e3o do cl\u00e1ssico\"}]},{\"@type\":\"WebSite\",\"@id\":\"https:\/\/portaltela.pt\/#website\",\"url\":\"https:\/\/portaltela.pt\/\",\"name\":\"Portal Tela Portugal\",\"description\":\"\",\"potentialAction\":[{\"@type\":\"SearchAction\",\"target\":{\"@type\":\"EntryPoint\",\"urlTemplate\":\"https:\/\/portaltela.pt\/?s={search_term_string}\"},\"query-input\":{\"@type\":\"PropertyValueSpecification\",\"valueRequired\":true,\"valueName\":\"search_term_string\"}}],\"inLanguage\":\"pt-PT\"},{\"@type\":\"Person\",\"@id\":\"https:\/\/portaltela.pt\/#\/schema\/person\/c4278d4a6028830caff9ee44b42d32ed\",\"name\":\"Telinha\",\"image\":{\"@type\":\"ImageObject\",\"inLanguage\":\"pt-PT\",\"@id\":\"https:\/\/portaltela.pt\/s.01k8rhncp4jt1\/2025\/11\/talking-bot-125x125.png\",\"url\":\"https:\/\/portaltela.pt\/s.01k8rhncp4jt1\/2025\/11\/talking-bot-125x125.png\",\"contentUrl\":\"https:\/\/portaltela.pt\/s.01k8rhncp4jt1\/2025\/11\/talking-bot-125x125.png\",\"caption\":\"Telinha\"},\"sameAs\":[\"https:\/\/portaltela.pt\/\"],\"url\":\"https:\/\/portaltela.pt\/por\/367410592786\/\"}]}<\/script>\n<!-- \/ Yoast SEO plugin. -->","yoast_head_json":{"title":"Mourinho n\u00e3o faz surpresas na prepara\u00e7\u00e3o do cl\u00e1ssico - Portal Tela Portugal","robots":{"index":"index","follow":"follow","max-snippet":"max-snippet:-1","max-image-preview":"max-image-preview:large","max-video-preview":"max-video-preview:-1"},"og_locale":"pt_PT","og_type":"article","og_title":"Mourinho n\u00e3o faz surpresas na prepara\u00e7\u00e3o do cl\u00e1ssico - Portal Tela Portugal","og_description":"Benfica prepara a rece\u00e7\u00e3o ao FC Porto, num jogo em que precisa de vencer para reentrar na luta pelo t\u00edtulo. Jos\u00e9 Mourinho n\u00e3o dever\u00e1 apresentar surpresas no onze titular. Do \u00faltimo encontro com Gil Vicente, n\u00e3o pode contar com Aursnes; Enzo Barrenechea dever\u00e1 ocupar o lugar no meio-campo. Barrenechea deve formar dupla com Leandro Barreiro. Na defesa, Ant\u00f3nio Silva sai para dar lugar a Tom\u00e1s Ara\u00fajo, mudan\u00e7a que tem sido recorrente sob Mourinho.","og_url":"https:\/\/portaltela.pt\/noticias\/2026\/03\/06\/mourinho-nao-faz-surpresas-na-preparacao-do-classico\/","og_site_name":"Portal Tela Portugal","article_published_time":"2026-03-06T06:14:00+00:00","author":"Telinha","twitter_card":"summary_large_image","twitter_misc":{"Escrito por":"Telinha","Tempo estimado de leitura":"1 minuto"},"schema":{"@context":"https:\/\/schema.org","@graph":[{"@type":"Article","@id":"https:\/\/portaltela.pt\/noticias\/2026\/03\/06\/mourinho-nao-faz-surpresas-na-preparacao-do-classico\/#article","isPartOf":{"@id":"https:\/\/portaltela.pt\/noticias\/2026\/03\/06\/mourinho-nao-faz-surpresas-na-preparacao-do-classico\/"},"author":{"name":"Telinha","@id":"https:\/\/portaltela.pt\/#\/schema\/person\/c4278d4a6028830caff9ee44b42d32ed"},"headline":"Mourinho n\u00e3o faz surpresas na prepara\u00e7\u00e3o do cl\u00e1ssico","datePublished":"2026-03-06T06:14:00+00:00","mainEntityOfPage":{"@id":"https:\/\/portaltela.pt\/noticias\/2026\/03\/06\/mourinho-nao-faz-surpresas-na-preparacao-do-classico\/"},"wordCount":157,"image":{"@id":"https:\/\/portaltela.pt\/noticias\/2026\/03\/06\/mourinho-nao-faz-surpresas-na-preparacao-do-classico\/#primaryimage"},"thumbnailUrl":"https:\/\/portaltela.pt\/s.01k8rhncp4jt1\/2026\/03\/img_920x518uu2026-02-22-11-17-51-2423044.jpg","keywords":["1.\u00aa Liga","Benfica","convocat\u00f3rias","desporto","FC Porto","futebol"],"articleSection":["Desporto","Futebol"],"inLanguage":"pt-PT"},{"@type":"WebPage","@id":"https:\/\/portaltela.pt\/noticias\/2026\/03\/06\/mourinho-nao-faz-surpresas-na-preparacao-do-classico\/","url":"https:\/\/portaltela.pt\/noticias\/2026\/03\/06\/mourinho-nao-faz-surpresas-na-preparacao-do-classico\/","name":"Mourinho n\u00e3o faz surpresas na prepara\u00e7\u00e3o do cl\u00e1ssico - Portal Tela Portugal","isPartOf":{"@id":"https:\/\/portaltela.pt\/#website"},"primaryImageOfPage":{"@id":"https:\/\/portaltela.pt\/noticias\/2026\/03\/06\/mourinho-nao-faz-surpresas-na-preparacao-do-classico\/#primaryimage"},"image":{"@id":"https:\/\/portaltela.pt\/noticias\/2026\/03\/06\/mourinho-nao-faz-surpresas-na-preparacao-do-classico\/#primaryimage"},"thumbnailUrl":"https:\/\/portaltela.pt\/s.01k8rhncp4jt1\/2026\/03\/img_920x518uu2026-02-22-11-17-51-2423044.jpg","datePublished":"2026-03-06T06:14:00+00:00","author":{"@id":"https:\/\/portaltela.pt\/#\/schema\/person\/c4278d4a6028830caff9ee44b42d32ed"},"breadcrumb":{"@id":"https:\/\/portaltela.pt\/noticias\/2026\/03\/06\/mourinho-nao-faz-surpresas-na-preparacao-do-classico\/#breadcrumb"},"inLanguage":"pt-PT","potentialAction":[{"@type":"ReadAction","target":["https:\/\/portaltela.pt\/noticias\/2026\/03\/06\/mourinho-nao-faz-surpresas-na-preparacao-do-classico\/"]}]},{"@type":"ImageObject","inLanguage":"pt-PT","@id":"https:\/\/portaltela.pt\/noticias\/2026\/03\/06\/mourinho-nao-faz-surpresas-na-preparacao-do-classico\/#primaryimage","url":"https:\/\/portaltela.pt\/s.01k8rhncp4jt1\/2026\/03\/img_920x518uu2026-02-22-11-17-51-2423044.jpg","contentUrl":"https:\/\/portaltela.pt\/s.01k8rhncp4jt1\/2026\/03\/img_920x518uu2026-02-22-11-17-51-2423044.jpg","width":796,"height":448,"caption":"Enzo Barrenechea festeja golo frente ao AVS SAD"},{"@type":"BreadcrumbList","@id":"https:\/\/portaltela.pt\/noticias\/2026\/03\/06\/mourinho-nao-faz-surpresas-na-preparacao-do-classico\/#breadcrumb","itemListElement":[{"@type":"ListItem","position":1,"name":"In\u00edcio","item":"https:\/\/portaltela.pt\/"},{"@type":"ListItem","position":2,"name":"Mourinho n\u00e3o faz surpresas na prepara\u00e7\u00e3o do cl\u00e1ssico"}]},{"@type":"WebSite","@id":"https:\/\/portaltela.pt\/#website","url":"https:\/\/portaltela.pt\/","name":"Portal Tela Portugal","description":"","potentialAction":[{"@type":"SearchAction","target":{"@type":"EntryPoint","urlTemplate":"https:\/\/portaltela.pt\/?s={search_term_string}"},"query-input":{"@type":"PropertyValueSpecification","valueRequired":true,"valueName":"search_term_string"}}],"inLanguage":"pt-PT"},{"@type":"Person","@id":"https:\/\/portaltela.pt\/#\/schema\/person\/c4278d4a6028830caff9ee44b42d32ed","name":"Telinha","image":{"@type":"ImageObject","inLanguage":"pt-PT","@id":"https:\/\/portaltela.pt\/s.01k8rhncp4jt1\/2025\/11\/talking-bot-125x125.png","url":"https:\/\/portaltela.pt\/s.01k8rhncp4jt1\/2025\/11\/talking-bot-125x125.png","contentUrl":"https:\/\/portaltela.pt\/s.01k8rhncp4jt1\/2025\/11\/talking-bot-125x125.png","caption":"Telinha"},"sameAs":["https:\/\/portaltela.pt\/"],"url":"https:\/\/portaltela.pt\/por\/367410592786\/"}]}},"_links":{"self":[{"href":"https:\/\/portaltela.pt\/api\/wp\/v2\/posts\/399514","targetHints":{"allow":["GET"]}}],"collection":[{"href":"https:\/\/portaltela.pt\/api\/wp\/v2\/posts"}],"about":[{"href":"https:\/\/portaltela.pt\/api\/wp\/v2\/types\/post"}],"author":[{"embeddable":true,"href":"https:\/\/portaltela.pt\/api\/wp\/v2\/users\/2"}],"replies":[{"embeddable":true,"href":"https:\/\/portaltela.pt\/api\/wp\/v2\/comments?post=399514"}],"version-history":[{"count":0,"href":"https:\/\/portaltela.pt\/api\/wp\/v2\/posts\/399514\/revisions"}],"wp:featuredmedia":[{"embeddable":true,"href":"https:\/\/portaltela.pt\/api\/wp\/v2\/media\/399515"}],"wp:attachment":[{"href":"https:\/\/portaltela.pt\/api\/wp\/v2\/media?parent=399514"}],"wp:term":[{"taxonomy":"category","embeddable":true,"href":"https:\/\/portaltela.pt\/api\/wp\/v2\/categories?post=399514"},{"taxonomy":"post_tag","embeddable":true,"href":"https:\/\/portaltela.pt\/api\/wp\/v2\/tags?post=399514"}],"curies":[{"name":"wp","href":"https:\/\/api.w.org\/{rel}","templated":true}]}}