{"id":399504,"date":"2026-03-05T23:46:00","date_gmt":"2026-03-06T02:46:00","guid":{"rendered":"https:\/\/portaltela.pt\/noticias\/2026\/03\/05\/diogo-clemente-celebra-momento-do-caldas-admite-estranho-nao-ter-jose-vala\/"},"modified":"2026-03-05T23:46:00","modified_gmt":"2026-03-06T02:46:00","slug":"diogo-clemente-celebra-momento-do-caldas-admite-estranho-nao-ter-jose-vala","status":"publish","type":"post","link":"https:\/\/portaltela.pt\/desporto\/futebol\/2026\/03\/05\/diogo-clemente-celebra-momento-do-caldas-admite-estranho-nao-ter-jose-vala\/","title":{"rendered":"Diogo Clemente celebra momento do Caldas, admite estranho n\u00e3o ter Jos\u00e9 Vala"},"content":{"rendered":"<p>Os maus tempos no Caldas j\u00e1 ficaram para tr\u00e1s. Sob o comando de Jo\u00e3o Aguiar, a equipa acumula tr\u00eas vit\u00f3rias consecutivas em casa: 1-0 frente \u00e0 Acad\u00e9mica, para fechar a 1.\u00aa fase da Liga 3, e 2-1 frente a 1.\u00ba Dezembro e Amora, na fase de perman\u00eancia\/descida.<\/p>\n<p>Al\u00e9m do registo positivo, o clube viveu uma mudan\u00e7a de ciclo: Jos\u00e9 Vala, treinador que orientou o Caldas durante quase uma d\u00e9cada, pediu sa\u00edda em janeiro. O capit\u00e3o Diogo Clemente, porta-voz do grupo, elogia o trabalho do novo t\u00e9cnico, mas n\u00e3o deixa de referir o passado.<\/p>\n<p>O impacto do novo professor tem sido apontado pela equipa como determinante para o momento atual, com o plantel a mostrar consist\u00eancia ofensiva e defensiva nas partidas em casa. A dire\u00e7\u00e3o n\u00e3o revelou planos para al\u00e9m da recupera\u00e7\u00e3o desportiva em curso.<\/p>\n<h3>Situa\u00e7\u00e3o atual do Caldas<\/h3>\n<p>Diogo Clemente refor\u00e7a a afirma\u00e7\u00e3o de que o grupo tem vindo a trabalhar de forma mais est\u00e1vel desde a chegada de Jo\u00e3o Aguiar, destacando a import\u00e2ncia da coordena\u00e7\u00e3o entre jogadores e corpo t\u00e9cnico. A equipa segue concentrada no pr\u00f3ximo desafio da competi\u00e7\u00e3o.<\/p>\n","protected":false},"excerpt":{"rendered":"<ul>\n<li>O Caldas soma tr\u00eas vit\u00f3rias seguidas em casa sob o comando de Jo\u00e3o Aguiar, ap\u00f3s uma fase dif\u00edcil de 11 jogos sem vencer.<\/li>\n<li>As vit\u00f3rias em casa foram frente \u00e0 Acad\u00e9mica (1-0), a fechar a primeira fase da Liga 3, e frente a 1.\u00ba Dezembro (2-1) e Amora (2-1) na fase de perman\u00eancia\/descida.<\/li>\n<li>Jos\u00e9 Vala, treinador que dirigiu a equipa quase 10 anos, pediu a sa\u00edda em janeiro, marcando uma \u201cnova era\u201d para o clube.<\/li>\n<li>O capit\u00e3o Diogo Clemente elogia o trabalho do novo t\u00e9cnico, sem deixar de reconhecer o passado sob Vala.<\/li>\n<\/ul>\n","protected":false},"author":2,"featured_media":399505,"comment_status":"closed","ping_status":"closed","sticky":false,"template":"","format":"standard","meta":{"footnotes":""},"categories":[21,24],"tags":[3193,3354,152,32],"class_list":["post-399504","post","type-post","status-publish","format-standard","has-post-thumbnail","hentry","category-desporto","category-futebol","tag-academica","tag-amora","tag-desporto","tag-futebol"],"yoast_head":"<!-- This site is optimized with the Yoast SEO plugin v27.2 - https:\/\/yoast.com\/product\/yoast-seo-wordpress\/ -->\n<title>Diogo Clemente celebra momento do Caldas, admite estranho n\u00e3o ter Jos\u00e9 Vala - Portal Tela Portugal<\/title>\n<meta name=\"robots\" content=\"index, follow, max-snippet:-1, max-image-preview:large, max-video-preview:-1\" \/>\n<meta property=\"og:locale\" content=\"pt_PT\" \/>\n<meta property=\"og:type\" content=\"article\" \/>\n<meta property=\"og:title\" content=\"Diogo Clemente celebra momento do Caldas, admite estranho n\u00e3o ter Jos\u00e9 Vala - Portal Tela Portugal\" \/>\n<meta property=\"og:description\" content=\"O Caldas soma tr\u00eas vit\u00f3rias seguidas em casa sob o comando de Jo\u00e3o Aguiar, ap\u00f3s uma fase dif\u00edcil de 11 jogos sem vencer. As vit\u00f3rias em casa foram frente \u00e0 Acad\u00e9mica (1-0), a fechar a primeira fase da Liga 3, e frente a 1.\u00ba Dezembro (2-1) e Amora (2-1) na fase de perman\u00eancia\/descida. Jos\u00e9 Vala, treinador que dirigiu a equipa quase 10 anos, pediu a sa\u00edda em janeiro, marcando uma \u201cnova era\u201d para o clube. O capit\u00e3o Diogo Clemente elogia o trabalho do novo t\u00e9cnico, sem deixar de reconhecer o passado sob Vala.\" \/>\n<meta property=\"og:url\" content=\"https:\/\/portaltela.pt\/noticias\/2026\/03\/05\/diogo-clemente-celebra-momento-do-caldas-admite-estranho-nao-ter-jose-vala\/\" \/>\n<meta property=\"og:site_name\" content=\"Portal Tela Portugal\" \/>\n<meta property=\"article:published_time\" content=\"2026-03-06T02:46:00+00:00\" \/>\n<meta name=\"author\" content=\"Telinha\" \/>\n<meta name=\"twitter:card\" content=\"summary_large_image\" \/>\n<meta name=\"twitter:label1\" content=\"Escrito por\" \/>\n\t<meta name=\"twitter:data1\" content=\"Telinha\" \/>\n\t<meta name=\"twitter:label2\" content=\"Tempo estimado de leitura\" \/>\n\t<meta name=\"twitter:data2\" content=\"1 minuto\" \/>\n<script type=\"application\/ld+json\" class=\"yoast-schema-graph\">{\"@context\":\"https:\/\/schema.org\",\"@graph\":[{\"@type\":\"Article\",\"@id\":\"https:\/\/portaltela.pt\/noticias\/2026\/03\/05\/diogo-clemente-celebra-momento-do-caldas-admite-estranho-nao-ter-jose-vala\/#article\",\"isPartOf\":{\"@id\":\"https:\/\/portaltela.pt\/noticias\/2026\/03\/05\/diogo-clemente-celebra-momento-do-caldas-admite-estranho-nao-ter-jose-vala\/\"},\"author\":{\"name\":\"Telinha\",\"@id\":\"https:\/\/portaltela.pt\/#\/schema\/person\/c4278d4a6028830caff9ee44b42d32ed\"},\"headline\":\"Diogo Clemente celebra momento do Caldas, admite estranho n\u00e3o ter Jos\u00e9 Vala\",\"datePublished\":\"2026-03-06T02:46:00+00:00\",\"mainEntityOfPage\":{\"@id\":\"https:\/\/portaltela.pt\/noticias\/2026\/03\/05\/diogo-clemente-celebra-momento-do-caldas-admite-estranho-nao-ter-jose-vala\/\"},\"wordCount\":218,\"image\":{\"@id\":\"https:\/\/portaltela.pt\/noticias\/2026\/03\/05\/diogo-clemente-celebra-momento-do-caldas-admite-estranho-nao-ter-jose-vala\/#primaryimage\"},\"thumbnailUrl\":\"https:\/\/portaltela.pt\/s.01k8rhncp4jt1\/2026\/03\/img_920x518uu2026-03-05-23-03-05-2425176-im-639083486145842158.jpg\",\"keywords\":[\"Acad\u00e9mica\",\"Amora\",\"desporto\",\"futebol\"],\"articleSection\":[\"Desporto\",\"Futebol\"],\"inLanguage\":\"pt-PT\"},{\"@type\":\"WebPage\",\"@id\":\"https:\/\/portaltela.pt\/noticias\/2026\/03\/05\/diogo-clemente-celebra-momento-do-caldas-admite-estranho-nao-ter-jose-vala\/\",\"url\":\"https:\/\/portaltela.pt\/noticias\/2026\/03\/05\/diogo-clemente-celebra-momento-do-caldas-admite-estranho-nao-ter-jose-vala\/\",\"name\":\"Diogo Clemente celebra momento do Caldas, admite estranho n\u00e3o ter Jos\u00e9 Vala - Portal Tela Portugal\",\"isPartOf\":{\"@id\":\"https:\/\/portaltela.pt\/#website\"},\"primaryImageOfPage\":{\"@id\":\"https:\/\/portaltela.pt\/noticias\/2026\/03\/05\/diogo-clemente-celebra-momento-do-caldas-admite-estranho-nao-ter-jose-vala\/#primaryimage\"},\"image\":{\"@id\":\"https:\/\/portaltela.pt\/noticias\/2026\/03\/05\/diogo-clemente-celebra-momento-do-caldas-admite-estranho-nao-ter-jose-vala\/#primaryimage\"},\"thumbnailUrl\":\"https:\/\/portaltela.pt\/s.01k8rhncp4jt1\/2026\/03\/img_920x518uu2026-03-05-23-03-05-2425176-im-639083486145842158.jpg\",\"datePublished\":\"2026-03-06T02:46:00+00:00\",\"author\":{\"@id\":\"https:\/\/portaltela.pt\/#\/schema\/person\/c4278d4a6028830caff9ee44b42d32ed\"},\"breadcrumb\":{\"@id\":\"https:\/\/portaltela.pt\/noticias\/2026\/03\/05\/diogo-clemente-celebra-momento-do-caldas-admite-estranho-nao-ter-jose-vala\/#breadcrumb\"},\"inLanguage\":\"pt-PT\",\"potentialAction\":[{\"@type\":\"ReadAction\",\"target\":[\"https:\/\/portaltela.pt\/noticias\/2026\/03\/05\/diogo-clemente-celebra-momento-do-caldas-admite-estranho-nao-ter-jose-vala\/\"]}]},{\"@type\":\"ImageObject\",\"inLanguage\":\"pt-PT\",\"@id\":\"https:\/\/portaltela.pt\/noticias\/2026\/03\/05\/diogo-clemente-celebra-momento-do-caldas-admite-estranho-nao-ter-jose-vala\/#primaryimage\",\"url\":\"https:\/\/portaltela.pt\/s.01k8rhncp4jt1\/2026\/03\/img_920x518uu2026-03-05-23-03-05-2425176-im-639083486145842158.jpg\",\"contentUrl\":\"https:\/\/portaltela.pt\/s.01k8rhncp4jt1\/2026\/03\/img_920x518uu2026-03-05-23-03-05-2425176-im-639083486145842158.jpg\",\"width\":796,\"height\":448,\"caption\":\"Diogo Clemente \u00e9 o capit\u00e3o do Caldas\"},{\"@type\":\"BreadcrumbList\",\"@id\":\"https:\/\/portaltela.pt\/noticias\/2026\/03\/05\/diogo-clemente-celebra-momento-do-caldas-admite-estranho-nao-ter-jose-vala\/#breadcrumb\",\"itemListElement\":[{\"@type\":\"ListItem\",\"position\":1,\"name\":\"In\u00edcio\",\"item\":\"https:\/\/portaltela.pt\/\"},{\"@type\":\"ListItem\",\"position\":2,\"name\":\"Diogo Clemente celebra momento do Caldas, admite estranho n\u00e3o ter Jos\u00e9 Vala\"}]},{\"@type\":\"WebSite\",\"@id\":\"https:\/\/portaltela.pt\/#website\",\"url\":\"https:\/\/portaltela.pt\/\",\"name\":\"Portal Tela Portugal\",\"description\":\"\",\"potentialAction\":[{\"@type\":\"SearchAction\",\"target\":{\"@type\":\"EntryPoint\",\"urlTemplate\":\"https:\/\/portaltela.pt\/?s={search_term_string}\"},\"query-input\":{\"@type\":\"PropertyValueSpecification\",\"valueRequired\":true,\"valueName\":\"search_term_string\"}}],\"inLanguage\":\"pt-PT\"},{\"@type\":\"Person\",\"@id\":\"https:\/\/portaltela.pt\/#\/schema\/person\/c4278d4a6028830caff9ee44b42d32ed\",\"name\":\"Telinha\",\"image\":{\"@type\":\"ImageObject\",\"inLanguage\":\"pt-PT\",\"@id\":\"https:\/\/portaltela.pt\/s.01k8rhncp4jt1\/2025\/11\/talking-bot-125x125.png\",\"url\":\"https:\/\/portaltela.pt\/s.01k8rhncp4jt1\/2025\/11\/talking-bot-125x125.png\",\"contentUrl\":\"https:\/\/portaltela.pt\/s.01k8rhncp4jt1\/2025\/11\/talking-bot-125x125.png\",\"caption\":\"Telinha\"},\"sameAs\":[\"https:\/\/portaltela.pt\/\"],\"url\":\"https:\/\/portaltela.pt\/por\/367410592786\/\"}]}<\/script>\n<!-- \/ Yoast SEO plugin. -->","yoast_head_json":{"title":"Diogo Clemente celebra momento do Caldas, admite estranho n\u00e3o ter Jos\u00e9 Vala - Portal Tela Portugal","robots":{"index":"index","follow":"follow","max-snippet":"max-snippet:-1","max-image-preview":"max-image-preview:large","max-video-preview":"max-video-preview:-1"},"og_locale":"pt_PT","og_type":"article","og_title":"Diogo Clemente celebra momento do Caldas, admite estranho n\u00e3o ter Jos\u00e9 Vala - Portal Tela Portugal","og_description":"O Caldas soma tr\u00eas vit\u00f3rias seguidas em casa sob o comando de Jo\u00e3o Aguiar, ap\u00f3s uma fase dif\u00edcil de 11 jogos sem vencer. As vit\u00f3rias em casa foram frente \u00e0 Acad\u00e9mica (1-0), a fechar a primeira fase da Liga 3, e frente a 1.\u00ba Dezembro (2-1) e Amora (2-1) na fase de perman\u00eancia\/descida. Jos\u00e9 Vala, treinador que dirigiu a equipa quase 10 anos, pediu a sa\u00edda em janeiro, marcando uma \u201cnova era\u201d para o clube. O capit\u00e3o Diogo Clemente elogia o trabalho do novo t\u00e9cnico, sem deixar de reconhecer o passado sob Vala.","og_url":"https:\/\/portaltela.pt\/noticias\/2026\/03\/05\/diogo-clemente-celebra-momento-do-caldas-admite-estranho-nao-ter-jose-vala\/","og_site_name":"Portal Tela Portugal","article_published_time":"2026-03-06T02:46:00+00:00","author":"Telinha","twitter_card":"summary_large_image","twitter_misc":{"Escrito por":"Telinha","Tempo estimado de leitura":"1 minuto"},"schema":{"@context":"https:\/\/schema.org","@graph":[{"@type":"Article","@id":"https:\/\/portaltela.pt\/noticias\/2026\/03\/05\/diogo-clemente-celebra-momento-do-caldas-admite-estranho-nao-ter-jose-vala\/#article","isPartOf":{"@id":"https:\/\/portaltela.pt\/noticias\/2026\/03\/05\/diogo-clemente-celebra-momento-do-caldas-admite-estranho-nao-ter-jose-vala\/"},"author":{"name":"Telinha","@id":"https:\/\/portaltela.pt\/#\/schema\/person\/c4278d4a6028830caff9ee44b42d32ed"},"headline":"Diogo Clemente celebra momento do Caldas, admite estranho n\u00e3o ter Jos\u00e9 Vala","datePublished":"2026-03-06T02:46:00+00:00","mainEntityOfPage":{"@id":"https:\/\/portaltela.pt\/noticias\/2026\/03\/05\/diogo-clemente-celebra-momento-do-caldas-admite-estranho-nao-ter-jose-vala\/"},"wordCount":218,"image":{"@id":"https:\/\/portaltela.pt\/noticias\/2026\/03\/05\/diogo-clemente-celebra-momento-do-caldas-admite-estranho-nao-ter-jose-vala\/#primaryimage"},"thumbnailUrl":"https:\/\/portaltela.pt\/s.01k8rhncp4jt1\/2026\/03\/img_920x518uu2026-03-05-23-03-05-2425176-im-639083486145842158.jpg","keywords":["Acad\u00e9mica","Amora","desporto","futebol"],"articleSection":["Desporto","Futebol"],"inLanguage":"pt-PT"},{"@type":"WebPage","@id":"https:\/\/portaltela.pt\/noticias\/2026\/03\/05\/diogo-clemente-celebra-momento-do-caldas-admite-estranho-nao-ter-jose-vala\/","url":"https:\/\/portaltela.pt\/noticias\/2026\/03\/05\/diogo-clemente-celebra-momento-do-caldas-admite-estranho-nao-ter-jose-vala\/","name":"Diogo Clemente celebra momento do Caldas, admite estranho n\u00e3o ter Jos\u00e9 Vala - Portal Tela Portugal","isPartOf":{"@id":"https:\/\/portaltela.pt\/#website"},"primaryImageOfPage":{"@id":"https:\/\/portaltela.pt\/noticias\/2026\/03\/05\/diogo-clemente-celebra-momento-do-caldas-admite-estranho-nao-ter-jose-vala\/#primaryimage"},"image":{"@id":"https:\/\/portaltela.pt\/noticias\/2026\/03\/05\/diogo-clemente-celebra-momento-do-caldas-admite-estranho-nao-ter-jose-vala\/#primaryimage"},"thumbnailUrl":"https:\/\/portaltela.pt\/s.01k8rhncp4jt1\/2026\/03\/img_920x518uu2026-03-05-23-03-05-2425176-im-639083486145842158.jpg","datePublished":"2026-03-06T02:46:00+00:00","author":{"@id":"https:\/\/portaltela.pt\/#\/schema\/person\/c4278d4a6028830caff9ee44b42d32ed"},"breadcrumb":{"@id":"https:\/\/portaltela.pt\/noticias\/2026\/03\/05\/diogo-clemente-celebra-momento-do-caldas-admite-estranho-nao-ter-jose-vala\/#breadcrumb"},"inLanguage":"pt-PT","potentialAction":[{"@type":"ReadAction","target":["https:\/\/portaltela.pt\/noticias\/2026\/03\/05\/diogo-clemente-celebra-momento-do-caldas-admite-estranho-nao-ter-jose-vala\/"]}]},{"@type":"ImageObject","inLanguage":"pt-PT","@id":"https:\/\/portaltela.pt\/noticias\/2026\/03\/05\/diogo-clemente-celebra-momento-do-caldas-admite-estranho-nao-ter-jose-vala\/#primaryimage","url":"https:\/\/portaltela.pt\/s.01k8rhncp4jt1\/2026\/03\/img_920x518uu2026-03-05-23-03-05-2425176-im-639083486145842158.jpg","contentUrl":"https:\/\/portaltela.pt\/s.01k8rhncp4jt1\/2026\/03\/img_920x518uu2026-03-05-23-03-05-2425176-im-639083486145842158.jpg","width":796,"height":448,"caption":"Diogo Clemente \u00e9 o capit\u00e3o do Caldas"},{"@type":"BreadcrumbList","@id":"https:\/\/portaltela.pt\/noticias\/2026\/03\/05\/diogo-clemente-celebra-momento-do-caldas-admite-estranho-nao-ter-jose-vala\/#breadcrumb","itemListElement":[{"@type":"ListItem","position":1,"name":"In\u00edcio","item":"https:\/\/portaltela.pt\/"},{"@type":"ListItem","position":2,"name":"Diogo Clemente celebra momento do Caldas, admite estranho n\u00e3o ter Jos\u00e9 Vala"}]},{"@type":"WebSite","@id":"https:\/\/portaltela.pt\/#website","url":"https:\/\/portaltela.pt\/","name":"Portal Tela Portugal","description":"","potentialAction":[{"@type":"SearchAction","target":{"@type":"EntryPoint","urlTemplate":"https:\/\/portaltela.pt\/?s={search_term_string}"},"query-input":{"@type":"PropertyValueSpecification","valueRequired":true,"valueName":"search_term_string"}}],"inLanguage":"pt-PT"},{"@type":"Person","@id":"https:\/\/portaltela.pt\/#\/schema\/person\/c4278d4a6028830caff9ee44b42d32ed","name":"Telinha","image":{"@type":"ImageObject","inLanguage":"pt-PT","@id":"https:\/\/portaltela.pt\/s.01k8rhncp4jt1\/2025\/11\/talking-bot-125x125.png","url":"https:\/\/portaltela.pt\/s.01k8rhncp4jt1\/2025\/11\/talking-bot-125x125.png","contentUrl":"https:\/\/portaltela.pt\/s.01k8rhncp4jt1\/2025\/11\/talking-bot-125x125.png","caption":"Telinha"},"sameAs":["https:\/\/portaltela.pt\/"],"url":"https:\/\/portaltela.pt\/por\/367410592786\/"}]}},"_links":{"self":[{"href":"https:\/\/portaltela.pt\/api\/wp\/v2\/posts\/399504","targetHints":{"allow":["GET"]}}],"collection":[{"href":"https:\/\/portaltela.pt\/api\/wp\/v2\/posts"}],"about":[{"href":"https:\/\/portaltela.pt\/api\/wp\/v2\/types\/post"}],"author":[{"embeddable":true,"href":"https:\/\/portaltela.pt\/api\/wp\/v2\/users\/2"}],"replies":[{"embeddable":true,"href":"https:\/\/portaltela.pt\/api\/wp\/v2\/comments?post=399504"}],"version-history":[{"count":0,"href":"https:\/\/portaltela.pt\/api\/wp\/v2\/posts\/399504\/revisions"}],"wp:featuredmedia":[{"embeddable":true,"href":"https:\/\/portaltela.pt\/api\/wp\/v2\/media\/399505"}],"wp:attachment":[{"href":"https:\/\/portaltela.pt\/api\/wp\/v2\/media?parent=399504"}],"wp:term":[{"taxonomy":"category","embeddable":true,"href":"https:\/\/portaltela.pt\/api\/wp\/v2\/categories?post=399504"},{"taxonomy":"post_tag","embeddable":true,"href":"https:\/\/portaltela.pt\/api\/wp\/v2\/tags?post=399504"}],"curies":[{"name":"wp","href":"https:\/\/api.w.org\/{rel}","templated":true}]}}