{"id":399475,"date":"2026-03-05T22:30:00","date_gmt":"2026-03-06T01:30:00","guid":{"rendered":"https:\/\/portaltela.pt\/noticias\/2026\/03\/05\/alojamento-ilegal-em-cedofeita-encerra-apos-ocupacao-de-22-pessoas-em-11-quartos\/"},"modified":"2026-03-05T22:30:00","modified_gmt":"2026-03-06T01:30:00","slug":"alojamento-ilegal-em-cedofeita-encerra-apos-ocupacao-de-22-pessoas-em-11-quartos","status":"publish","type":"post","link":"https:\/\/portaltela.pt\/noticias\/politica\/2026\/03\/05\/alojamento-ilegal-em-cedofeita-encerra-apos-ocupacao-de-22-pessoas-em-11-quartos\/","title":{"rendered":"Alojamento ilegal em Cedofeita encerra ap\u00f3s ocupa\u00e7\u00e3o de 22 pessoas em 11 quartos"},"content":{"rendered":"<p>O Conselho Municipal do Porto encerrou, nesta quinta-feira, uma habita\u00e7\u00e3o ilegal na cave de uma loja em Cedofeita. O espa\u00e7o abrigava 22 pessoas em 11 quartos, sem janelas nem ventila\u00e7\u00e3o. Cada pessoa pagava 150 euros mensais.<\/p>\n<p>O presidente da C\u00e2mara do Porto, Pedro Duarte, acompanhou a opera\u00e7\u00e3o. A autarquia declarou que o local apresentava condi\u00e7\u00f5es m\u00ednimas de higiene, sa\u00fade e dignidade, justificando o fecho do alojamento.<\/p>\n<p>\u00c9 a terceira a\u00e7\u00e3o de fiscaliza\u00e7\u00e3o de habita\u00e7\u00f5es ilegais e superlotadas no munic\u00edpio. N\u00e3o se sabe quantas pessoas ficaram sem alojamento, mas o munic\u00edpio garante apoio a quem procure ajuda para evitar deixar algu\u00e9m sem teto.<\/p>\n<h3>Fecho do espa\u00e7o e responsabilidades<\/h3>\n<p>O espa\u00e7o ficou vazio ap\u00f3s a interven\u00e7\u00e3o. As camas e as estruturas improvisadas foram removidas, e duas portas de acesso foram seladas pela Pol\u00edcia Municipal. O propriet\u00e1rio estrangeiro foi identificado e o caso foi remetido ao Minist\u00e9rio P\u00fablico.<\/p>\n","protected":false},"excerpt":{"rendered":"<ul>\n<li>Alojamento ilegal na cave de uma loja, em Cedofeita, Porto, albergava 22 pessoas em 11 quartos, sem janelas nem ventila\u00e7\u00e3o.<\/li>\n<li>Cada pessoa pagava 150 euros por m\u00eas pelo espa\u00e7o.<\/li>\n<li>A Pol\u00edcia Municipal do Porto encerrou o espa\u00e7o na quinta-feira; camas e paredes improvisadas foram removidas e duas portas foram seladas.<\/li>\n<li>O propriet\u00e1rio estrangeiro foi identificado e o caso passou para o Minist\u00e9rio P\u00fablico; trata-se da terceira a\u00e7\u00e3o de fiscaliza\u00e7\u00e3o em habita\u00e7\u00f5es ilegais.<\/li>\n<li>O presidente da C\u00e2mara do Porto afirmou que o munic\u00edpio est\u00e1 dispon\u00edvel para ajudar quem procure apoio e que espera reduzir estas situa\u00e7\u00f5es na cidade.<\/li>\n<\/ul>\n","protected":false},"author":2,"featured_media":399477,"comment_status":"closed","ping_status":"closed","sticky":false,"template":"","format":"standard","meta":{"footnotes":""},"categories":[1,5],"tags":[5887,3004,150,2817,982,250],"class_list":["post-399475","post","type-post","status-publish","format-standard","has-post-thumbnail","hentry","category-noticias","category-politica","tag-alojamentos","tag-desalojados","tag-habitacao","tag-habitacoes","tag-porto","tag-seguranca-publica"],"yoast_head":"<!-- This site is optimized with the Yoast SEO plugin v27.2 - https:\/\/yoast.com\/product\/yoast-seo-wordpress\/ -->\n<title>Alojamento ilegal em Cedofeita encerra ap\u00f3s ocupa\u00e7\u00e3o de 22 pessoas em 11 quartos - Portal Tela Portugal<\/title>\n<meta name=\"robots\" content=\"index, follow, max-snippet:-1, max-image-preview:large, max-video-preview:-1\" \/>\n<meta property=\"og:locale\" content=\"pt_PT\" \/>\n<meta property=\"og:type\" content=\"article\" \/>\n<meta property=\"og:title\" content=\"Alojamento ilegal em Cedofeita encerra ap\u00f3s ocupa\u00e7\u00e3o de 22 pessoas em 11 quartos - Portal Tela Portugal\" \/>\n<meta property=\"og:description\" content=\"Alojamento ilegal na cave de uma loja, em Cedofeita, Porto, albergava 22 pessoas em 11 quartos, sem janelas nem ventila\u00e7\u00e3o. Cada pessoa pagava 150 euros por m\u00eas pelo espa\u00e7o. A Pol\u00edcia Municipal do Porto encerrou o espa\u00e7o na quinta-feira; camas e paredes improvisadas foram removidas e duas portas foram seladas. O propriet\u00e1rio estrangeiro foi identificado e o caso passou para o Minist\u00e9rio P\u00fablico; trata-se da terceira a\u00e7\u00e3o de fiscaliza\u00e7\u00e3o em habita\u00e7\u00f5es ilegais. O presidente da C\u00e2mara do Porto afirmou que o munic\u00edpio est\u00e1 dispon\u00edvel para ajudar quem procure apoio e que espera reduzir estas situa\u00e7\u00f5es na cidade.\" \/>\n<meta property=\"og:url\" content=\"https:\/\/portaltela.pt\/noticias\/2026\/03\/05\/alojamento-ilegal-em-cedofeita-encerra-apos-ocupacao-de-22-pessoas-em-11-quartos\/\" \/>\n<meta property=\"og:site_name\" content=\"Portal Tela Portugal\" \/>\n<meta property=\"article:published_time\" content=\"2026-03-06T01:30:00+00:00\" \/>\n<meta name=\"author\" content=\"Telinha\" \/>\n<meta name=\"twitter:card\" content=\"summary_large_image\" \/>\n<meta name=\"twitter:label1\" content=\"Escrito por\" \/>\n\t<meta name=\"twitter:data1\" content=\"Telinha\" \/>\n\t<meta name=\"twitter:label2\" content=\"Tempo estimado de leitura\" \/>\n\t<meta name=\"twitter:data2\" content=\"1 minuto\" \/>\n<script type=\"application\/ld+json\" class=\"yoast-schema-graph\">{\"@context\":\"https:\/\/schema.org\",\"@graph\":[{\"@type\":\"Article\",\"@id\":\"https:\/\/portaltela.pt\/noticias\/2026\/03\/05\/alojamento-ilegal-em-cedofeita-encerra-apos-ocupacao-de-22-pessoas-em-11-quartos\/#article\",\"isPartOf\":{\"@id\":\"https:\/\/portaltela.pt\/noticias\/2026\/03\/05\/alojamento-ilegal-em-cedofeita-encerra-apos-ocupacao-de-22-pessoas-em-11-quartos\/\"},\"author\":{\"name\":\"Telinha\",\"@id\":\"https:\/\/portaltela.pt\/#\/schema\/person\/c4278d4a6028830caff9ee44b42d32ed\"},\"headline\":\"Alojamento ilegal em Cedofeita encerra ap\u00f3s ocupa\u00e7\u00e3o de 22 pessoas em 11 quartos\",\"datePublished\":\"2026-03-06T01:30:00+00:00\",\"mainEntityOfPage\":{\"@id\":\"https:\/\/portaltela.pt\/noticias\/2026\/03\/05\/alojamento-ilegal-em-cedofeita-encerra-apos-ocupacao-de-22-pessoas-em-11-quartos\/\"},\"wordCount\":177,\"image\":{\"@id\":\"https:\/\/portaltela.pt\/noticias\/2026\/03\/05\/alojamento-ilegal-em-cedofeita-encerra-apos-ocupacao-de-22-pessoas-em-11-quartos\/#primaryimage\"},\"thumbnailUrl\":\"https:\/\/portaltela.pt\/s.01k8rhncp4jt1\/2026\/03\/img_1280x721uu2026-03-05-16-14-53-2270558.jpg\",\"keywords\":[\"alojamentos\",\"desalojados\",\"habita\u00e7\u00e3o\",\"habita\u00e7\u00f5es\",\"Porto\",\"seguran\u00e7a p\u00fablica\"],\"articleSection\":[\"Not\u00edcias\",\"Pol\u00edtica\"],\"inLanguage\":\"pt-PT\"},{\"@type\":\"WebPage\",\"@id\":\"https:\/\/portaltela.pt\/noticias\/2026\/03\/05\/alojamento-ilegal-em-cedofeita-encerra-apos-ocupacao-de-22-pessoas-em-11-quartos\/\",\"url\":\"https:\/\/portaltela.pt\/noticias\/2026\/03\/05\/alojamento-ilegal-em-cedofeita-encerra-apos-ocupacao-de-22-pessoas-em-11-quartos\/\",\"name\":\"Alojamento ilegal em Cedofeita encerra ap\u00f3s ocupa\u00e7\u00e3o de 22 pessoas em 11 quartos - Portal Tela Portugal\",\"isPartOf\":{\"@id\":\"https:\/\/portaltela.pt\/#website\"},\"primaryImageOfPage\":{\"@id\":\"https:\/\/portaltela.pt\/noticias\/2026\/03\/05\/alojamento-ilegal-em-cedofeita-encerra-apos-ocupacao-de-22-pessoas-em-11-quartos\/#primaryimage\"},\"image\":{\"@id\":\"https:\/\/portaltela.pt\/noticias\/2026\/03\/05\/alojamento-ilegal-em-cedofeita-encerra-apos-ocupacao-de-22-pessoas-em-11-quartos\/#primaryimage\"},\"thumbnailUrl\":\"https:\/\/portaltela.pt\/s.01k8rhncp4jt1\/2026\/03\/img_1280x721uu2026-03-05-16-14-53-2270558.jpg\",\"datePublished\":\"2026-03-06T01:30:00+00:00\",\"author\":{\"@id\":\"https:\/\/portaltela.pt\/#\/schema\/person\/c4278d4a6028830caff9ee44b42d32ed\"},\"breadcrumb\":{\"@id\":\"https:\/\/portaltela.pt\/noticias\/2026\/03\/05\/alojamento-ilegal-em-cedofeita-encerra-apos-ocupacao-de-22-pessoas-em-11-quartos\/#breadcrumb\"},\"inLanguage\":\"pt-PT\",\"potentialAction\":[{\"@type\":\"ReadAction\",\"target\":[\"https:\/\/portaltela.pt\/noticias\/2026\/03\/05\/alojamento-ilegal-em-cedofeita-encerra-apos-ocupacao-de-22-pessoas-em-11-quartos\/\"]}]},{\"@type\":\"ImageObject\",\"inLanguage\":\"pt-PT\",\"@id\":\"https:\/\/portaltela.pt\/noticias\/2026\/03\/05\/alojamento-ilegal-em-cedofeita-encerra-apos-ocupacao-de-22-pessoas-em-11-quartos\/#primaryimage\",\"url\":\"https:\/\/portaltela.pt\/s.01k8rhncp4jt1\/2026\/03\/img_1280x721uu2026-03-05-16-14-53-2270558.jpg\",\"contentUrl\":\"https:\/\/portaltela.pt\/s.01k8rhncp4jt1\/2026\/03\/img_1280x721uu2026-03-05-16-14-53-2270558.jpg\",\"width\":796,\"height\":448,\"caption\":\"Photo\"},{\"@type\":\"BreadcrumbList\",\"@id\":\"https:\/\/portaltela.pt\/noticias\/2026\/03\/05\/alojamento-ilegal-em-cedofeita-encerra-apos-ocupacao-de-22-pessoas-em-11-quartos\/#breadcrumb\",\"itemListElement\":[{\"@type\":\"ListItem\",\"position\":1,\"name\":\"In\u00edcio\",\"item\":\"https:\/\/portaltela.pt\/\"},{\"@type\":\"ListItem\",\"position\":2,\"name\":\"Alojamento ilegal em Cedofeita encerra ap\u00f3s ocupa\u00e7\u00e3o de 22 pessoas em 11 quartos\"}]},{\"@type\":\"WebSite\",\"@id\":\"https:\/\/portaltela.pt\/#website\",\"url\":\"https:\/\/portaltela.pt\/\",\"name\":\"Portal Tela Portugal\",\"description\":\"\",\"potentialAction\":[{\"@type\":\"SearchAction\",\"target\":{\"@type\":\"EntryPoint\",\"urlTemplate\":\"https:\/\/portaltela.pt\/?s={search_term_string}\"},\"query-input\":{\"@type\":\"PropertyValueSpecification\",\"valueRequired\":true,\"valueName\":\"search_term_string\"}}],\"inLanguage\":\"pt-PT\"},{\"@type\":\"Person\",\"@id\":\"https:\/\/portaltela.pt\/#\/schema\/person\/c4278d4a6028830caff9ee44b42d32ed\",\"name\":\"Telinha\",\"image\":{\"@type\":\"ImageObject\",\"inLanguage\":\"pt-PT\",\"@id\":\"https:\/\/portaltela.pt\/s.01k8rhncp4jt1\/2025\/11\/talking-bot-125x125.png\",\"url\":\"https:\/\/portaltela.pt\/s.01k8rhncp4jt1\/2025\/11\/talking-bot-125x125.png\",\"contentUrl\":\"https:\/\/portaltela.pt\/s.01k8rhncp4jt1\/2025\/11\/talking-bot-125x125.png\",\"caption\":\"Telinha\"},\"sameAs\":[\"https:\/\/portaltela.pt\/\"],\"url\":\"https:\/\/portaltela.pt\/por\/367410592786\/\"}]}<\/script>\n<!-- \/ Yoast SEO plugin. -->","yoast_head_json":{"title":"Alojamento ilegal em Cedofeita encerra ap\u00f3s ocupa\u00e7\u00e3o de 22 pessoas em 11 quartos - Portal Tela Portugal","robots":{"index":"index","follow":"follow","max-snippet":"max-snippet:-1","max-image-preview":"max-image-preview:large","max-video-preview":"max-video-preview:-1"},"og_locale":"pt_PT","og_type":"article","og_title":"Alojamento ilegal em Cedofeita encerra ap\u00f3s ocupa\u00e7\u00e3o de 22 pessoas em 11 quartos - Portal Tela Portugal","og_description":"Alojamento ilegal na cave de uma loja, em Cedofeita, Porto, albergava 22 pessoas em 11 quartos, sem janelas nem ventila\u00e7\u00e3o. Cada pessoa pagava 150 euros por m\u00eas pelo espa\u00e7o. A Pol\u00edcia Municipal do Porto encerrou o espa\u00e7o na quinta-feira; camas e paredes improvisadas foram removidas e duas portas foram seladas. O propriet\u00e1rio estrangeiro foi identificado e o caso passou para o Minist\u00e9rio P\u00fablico; trata-se da terceira a\u00e7\u00e3o de fiscaliza\u00e7\u00e3o em habita\u00e7\u00f5es ilegais. O presidente da C\u00e2mara do Porto afirmou que o munic\u00edpio est\u00e1 dispon\u00edvel para ajudar quem procure apoio e que espera reduzir estas situa\u00e7\u00f5es na cidade.","og_url":"https:\/\/portaltela.pt\/noticias\/2026\/03\/05\/alojamento-ilegal-em-cedofeita-encerra-apos-ocupacao-de-22-pessoas-em-11-quartos\/","og_site_name":"Portal Tela Portugal","article_published_time":"2026-03-06T01:30:00+00:00","author":"Telinha","twitter_card":"summary_large_image","twitter_misc":{"Escrito por":"Telinha","Tempo estimado de leitura":"1 minuto"},"schema":{"@context":"https:\/\/schema.org","@graph":[{"@type":"Article","@id":"https:\/\/portaltela.pt\/noticias\/2026\/03\/05\/alojamento-ilegal-em-cedofeita-encerra-apos-ocupacao-de-22-pessoas-em-11-quartos\/#article","isPartOf":{"@id":"https:\/\/portaltela.pt\/noticias\/2026\/03\/05\/alojamento-ilegal-em-cedofeita-encerra-apos-ocupacao-de-22-pessoas-em-11-quartos\/"},"author":{"name":"Telinha","@id":"https:\/\/portaltela.pt\/#\/schema\/person\/c4278d4a6028830caff9ee44b42d32ed"},"headline":"Alojamento ilegal em Cedofeita encerra ap\u00f3s ocupa\u00e7\u00e3o de 22 pessoas em 11 quartos","datePublished":"2026-03-06T01:30:00+00:00","mainEntityOfPage":{"@id":"https:\/\/portaltela.pt\/noticias\/2026\/03\/05\/alojamento-ilegal-em-cedofeita-encerra-apos-ocupacao-de-22-pessoas-em-11-quartos\/"},"wordCount":177,"image":{"@id":"https:\/\/portaltela.pt\/noticias\/2026\/03\/05\/alojamento-ilegal-em-cedofeita-encerra-apos-ocupacao-de-22-pessoas-em-11-quartos\/#primaryimage"},"thumbnailUrl":"https:\/\/portaltela.pt\/s.01k8rhncp4jt1\/2026\/03\/img_1280x721uu2026-03-05-16-14-53-2270558.jpg","keywords":["alojamentos","desalojados","habita\u00e7\u00e3o","habita\u00e7\u00f5es","Porto","seguran\u00e7a p\u00fablica"],"articleSection":["Not\u00edcias","Pol\u00edtica"],"inLanguage":"pt-PT"},{"@type":"WebPage","@id":"https:\/\/portaltela.pt\/noticias\/2026\/03\/05\/alojamento-ilegal-em-cedofeita-encerra-apos-ocupacao-de-22-pessoas-em-11-quartos\/","url":"https:\/\/portaltela.pt\/noticias\/2026\/03\/05\/alojamento-ilegal-em-cedofeita-encerra-apos-ocupacao-de-22-pessoas-em-11-quartos\/","name":"Alojamento ilegal em Cedofeita encerra ap\u00f3s ocupa\u00e7\u00e3o de 22 pessoas em 11 quartos - Portal Tela Portugal","isPartOf":{"@id":"https:\/\/portaltela.pt\/#website"},"primaryImageOfPage":{"@id":"https:\/\/portaltela.pt\/noticias\/2026\/03\/05\/alojamento-ilegal-em-cedofeita-encerra-apos-ocupacao-de-22-pessoas-em-11-quartos\/#primaryimage"},"image":{"@id":"https:\/\/portaltela.pt\/noticias\/2026\/03\/05\/alojamento-ilegal-em-cedofeita-encerra-apos-ocupacao-de-22-pessoas-em-11-quartos\/#primaryimage"},"thumbnailUrl":"https:\/\/portaltela.pt\/s.01k8rhncp4jt1\/2026\/03\/img_1280x721uu2026-03-05-16-14-53-2270558.jpg","datePublished":"2026-03-06T01:30:00+00:00","author":{"@id":"https:\/\/portaltela.pt\/#\/schema\/person\/c4278d4a6028830caff9ee44b42d32ed"},"breadcrumb":{"@id":"https:\/\/portaltela.pt\/noticias\/2026\/03\/05\/alojamento-ilegal-em-cedofeita-encerra-apos-ocupacao-de-22-pessoas-em-11-quartos\/#breadcrumb"},"inLanguage":"pt-PT","potentialAction":[{"@type":"ReadAction","target":["https:\/\/portaltela.pt\/noticias\/2026\/03\/05\/alojamento-ilegal-em-cedofeita-encerra-apos-ocupacao-de-22-pessoas-em-11-quartos\/"]}]},{"@type":"ImageObject","inLanguage":"pt-PT","@id":"https:\/\/portaltela.pt\/noticias\/2026\/03\/05\/alojamento-ilegal-em-cedofeita-encerra-apos-ocupacao-de-22-pessoas-em-11-quartos\/#primaryimage","url":"https:\/\/portaltela.pt\/s.01k8rhncp4jt1\/2026\/03\/img_1280x721uu2026-03-05-16-14-53-2270558.jpg","contentUrl":"https:\/\/portaltela.pt\/s.01k8rhncp4jt1\/2026\/03\/img_1280x721uu2026-03-05-16-14-53-2270558.jpg","width":796,"height":448,"caption":"Photo"},{"@type":"BreadcrumbList","@id":"https:\/\/portaltela.pt\/noticias\/2026\/03\/05\/alojamento-ilegal-em-cedofeita-encerra-apos-ocupacao-de-22-pessoas-em-11-quartos\/#breadcrumb","itemListElement":[{"@type":"ListItem","position":1,"name":"In\u00edcio","item":"https:\/\/portaltela.pt\/"},{"@type":"ListItem","position":2,"name":"Alojamento ilegal em Cedofeita encerra ap\u00f3s ocupa\u00e7\u00e3o de 22 pessoas em 11 quartos"}]},{"@type":"WebSite","@id":"https:\/\/portaltela.pt\/#website","url":"https:\/\/portaltela.pt\/","name":"Portal Tela Portugal","description":"","potentialAction":[{"@type":"SearchAction","target":{"@type":"EntryPoint","urlTemplate":"https:\/\/portaltela.pt\/?s={search_term_string}"},"query-input":{"@type":"PropertyValueSpecification","valueRequired":true,"valueName":"search_term_string"}}],"inLanguage":"pt-PT"},{"@type":"Person","@id":"https:\/\/portaltela.pt\/#\/schema\/person\/c4278d4a6028830caff9ee44b42d32ed","name":"Telinha","image":{"@type":"ImageObject","inLanguage":"pt-PT","@id":"https:\/\/portaltela.pt\/s.01k8rhncp4jt1\/2025\/11\/talking-bot-125x125.png","url":"https:\/\/portaltela.pt\/s.01k8rhncp4jt1\/2025\/11\/talking-bot-125x125.png","contentUrl":"https:\/\/portaltela.pt\/s.01k8rhncp4jt1\/2025\/11\/talking-bot-125x125.png","caption":"Telinha"},"sameAs":["https:\/\/portaltela.pt\/"],"url":"https:\/\/portaltela.pt\/por\/367410592786\/"}]}},"_links":{"self":[{"href":"https:\/\/portaltela.pt\/api\/wp\/v2\/posts\/399475","targetHints":{"allow":["GET"]}}],"collection":[{"href":"https:\/\/portaltela.pt\/api\/wp\/v2\/posts"}],"about":[{"href":"https:\/\/portaltela.pt\/api\/wp\/v2\/types\/post"}],"author":[{"embeddable":true,"href":"https:\/\/portaltela.pt\/api\/wp\/v2\/users\/2"}],"replies":[{"embeddable":true,"href":"https:\/\/portaltela.pt\/api\/wp\/v2\/comments?post=399475"}],"version-history":[{"count":0,"href":"https:\/\/portaltela.pt\/api\/wp\/v2\/posts\/399475\/revisions"}],"wp:featuredmedia":[{"embeddable":true,"href":"https:\/\/portaltela.pt\/api\/wp\/v2\/media\/399477"}],"wp:attachment":[{"href":"https:\/\/portaltela.pt\/api\/wp\/v2\/media?parent=399475"}],"wp:term":[{"taxonomy":"category","embeddable":true,"href":"https:\/\/portaltela.pt\/api\/wp\/v2\/categories?post=399475"},{"taxonomy":"post_tag","embeddable":true,"href":"https:\/\/portaltela.pt\/api\/wp\/v2\/tags?post=399475"}],"curies":[{"name":"wp","href":"https:\/\/api.w.org\/{rel}","templated":true}]}}