{"id":399420,"date":"2026-03-05T19:28:00","date_gmt":"2026-03-05T22:28:00","guid":{"rendered":"https:\/\/portaltela.pt\/noticias\/2026\/03\/05\/curiosidade-em-foco-com-as-maos-de-ver\/"},"modified":"2026-03-05T19:28:00","modified_gmt":"2026-03-05T22:28:00","slug":"curiosidade-em-foco-com-as-maos-de-ver","status":"publish","type":"post","link":"https:\/\/portaltela.pt\/noticias\/2026\/03\/05\/curiosidade-em-foco-com-as-maos-de-ver\/","title":{"rendered":"Curiosidade em foco com as m\u00e3os de ver"},"content":{"rendered":"<p>O Palheta &#8211; Festival de Robertos e Marionetas regressa \u00e0 Gafanha da Nazar\u00e9, em \u00cdlhavo, entre sexta-feira e domingo. O objetivo \u00e9 olhar para a curiosidade com \u201cm\u00e3os de ver\u201d, usando as m\u00e3os que criam e manipulam as marionetas para dar vida aos espet\u00e1culos.<\/p>\n<p>No programa, Cl\u00e1udia Pascoal atua este s\u00e1bado, \u00e0s 21h30, na F\u00e1brica das Ideias. Participam ainda dez marionetas criadas pelos alunos do 11.\u00ba ano de Artes da Escola Secund\u00e1ria local, com o apoio da artista pl\u00e1stica Rita Reis. O n\u00famero inclui a interven\u00e7\u00e3o da associa\u00e7\u00e3o Quinto Palco e do marionetista Rui Queiroz de Matos.<\/p>\n<h3>Locais e espet\u00e1culos<\/h3>\n<p>Os palcos incluem o Navio-Museu Santo Andr\u00e9 e o Cais Criativo da Costa Nova, pela primeira vez no festival. No primeiro espa\u00e7o, est\u00e3o marcados Papamundos, pela VumTeatro, e O rapaz que morava \u00e0 beira-mar, da Teatro e Marionetas de Mandr\u00e1gora. No segundo, destaca-se Tripula, da Farr\u00e9s Brothers i Cia., com uma travessia est\u00e1tica em bal\u00e3o aerost\u00e1tico.<\/p>\n<h3>Programa e bilheteira<\/h3>\n<p>O festival oferece espet\u00e1culos de marionetas, sess\u00f5es gratuitas de Teatro Dom Roberto &#8211; Patrim\u00f3nio Cultural Imaterial e pe\u00e7as para beb\u00e9s a partir dos tr\u00eas meses. O conjunto de cerca de 20 iniciativas destina-se a v\u00e1rias idades, com pre\u00e7os entre 3 e 8 euros. Bilhetes dispon\u00edveis online e nas bilheteiras locais.<\/p>\n<h3>Organiza\u00e7\u00e3o e objetivo<\/h3>\n<p>A organiza\u00e7\u00e3o \u00e9 assegurada pela 23 Milhas, projeto cultural do munic\u00edpio de \u00cdlhavo. A vig\u00e9sima edi\u00e7\u00e3o mant\u00e9m o foco na curiosidade como motor criativo, reunindo artistas locais, estudantes e companhias convidadas.<\/p>\n","protected":false},"excerpt":{"rendered":"<ul>\n<li>O Palheta \u2013 Festival de Robertos e Marionetas regressa \u00e0 Gafanha da Nazar\u00e9, em \u00cdlhavo, entre sexta-feira e domingo.<\/li>\n<li>O mote \u00e9 olhar para a curiosidade com \u201cm\u00e3os de ver\u201d, com as m\u00e3os que criam e manipulam as marionetas no palco.<\/li>\n<li>Cl\u00e1udia Pascoal atua no s\u00e1bado, \u00e0s 21h30, na F\u00e1brica das Ideias, com participa\u00e7\u00e3o de dez marionetas feitas por alunos do 11\u00ba ano de Artes da Escola Secund\u00e1ria local, com Rita Reis e a associa\u00e7\u00e3o Quinto Palco.<\/li>\n<li>O festival estende-se a novos espa\u00e7os do concelho, incluindo Navio-Museu Santo Andr\u00e9 e Cais Criativo da Costa Nova, com espet\u00e1culos como Papamundos, O rapaz que morava \u00e0 beira-mar e Tripula.<\/li>\n<li>O cartaz inclui cerca de 20 iniciativas, com espet\u00e1culos de marionetas, sess\u00f5es gratuitas e teatro para beb\u00e9s, com bilhetes entre tr\u00eas e oito euros.<\/li>\n<\/ul>\n","protected":false},"author":2,"featured_media":399422,"comment_status":"closed","ping_status":"closed","sticky":false,"template":"","format":"standard","meta":{"footnotes":""},"categories":[12,1],"tags":[145,101,3674,1080,6704,119],"class_list":["post-399420","post","type-post","status-publish","format-standard","has-post-thumbnail","hentry","category-entretenimento","category-noticias","tag-cultura","tag-escolas","tag-festival","tag-ilhavo","tag-marionetas","tag-teatro"],"yoast_head":"<!-- This site is optimized with the Yoast SEO plugin v27.2 - https:\/\/yoast.com\/product\/yoast-seo-wordpress\/ -->\n<title>Curiosidade em foco com as m\u00e3os de ver - Portal Tela Portugal<\/title>\n<meta name=\"robots\" content=\"index, follow, max-snippet:-1, max-image-preview:large, max-video-preview:-1\" \/>\n<meta property=\"og:locale\" content=\"pt_PT\" \/>\n<meta property=\"og:type\" content=\"article\" \/>\n<meta property=\"og:title\" content=\"Curiosidade em foco com as m\u00e3os de ver - Portal Tela Portugal\" \/>\n<meta property=\"og:description\" content=\"O Palheta \u2013 Festival de Robertos e Marionetas regressa \u00e0 Gafanha da Nazar\u00e9, em \u00cdlhavo, entre sexta-feira e domingo. O mote \u00e9 olhar para a curiosidade com \u201cm\u00e3os de ver\u201d, com as m\u00e3os que criam e manipulam as marionetas no palco. Cl\u00e1udia Pascoal atua no s\u00e1bado, \u00e0s 21h30, na F\u00e1brica das Ideias, com participa\u00e7\u00e3o de dez marionetas feitas por alunos do 11\u00ba ano de Artes da Escola Secund\u00e1ria local, com Rita Reis e a associa\u00e7\u00e3o Quinto Palco. O festival estende-se a novos espa\u00e7os do concelho, incluindo Navio-Museu Santo Andr\u00e9 e Cais Criativo da Costa Nova, com espet\u00e1culos como Papamundos, O rapaz que morava \u00e0 beira-mar e Tripula. O cartaz inclui cerca de 20 iniciativas, com espet\u00e1culos de marionetas, sess\u00f5es gratuitas e teatro para beb\u00e9s, com bilhetes entre tr\u00eas e oito euros.\" \/>\n<meta property=\"og:url\" content=\"https:\/\/portaltela.pt\/noticias\/2026\/03\/05\/curiosidade-em-foco-com-as-maos-de-ver\/\" \/>\n<meta property=\"og:site_name\" content=\"Portal Tela Portugal\" \/>\n<meta property=\"article:published_time\" content=\"2026-03-05T22:28:00+00:00\" \/>\n<meta name=\"author\" content=\"Telinha\" \/>\n<meta name=\"twitter:card\" content=\"summary_large_image\" \/>\n<meta name=\"twitter:label1\" content=\"Escrito por\" \/>\n\t<meta name=\"twitter:data1\" content=\"Telinha\" \/>\n\t<meta name=\"twitter:label2\" content=\"Tempo estimado de leitura\" \/>\n\t<meta name=\"twitter:data2\" content=\"1 minuto\" \/>\n<script type=\"application\/ld+json\" class=\"yoast-schema-graph\">{\"@context\":\"https:\/\/schema.org\",\"@graph\":[{\"@type\":\"Article\",\"@id\":\"https:\/\/portaltela.pt\/noticias\/2026\/03\/05\/curiosidade-em-foco-com-as-maos-de-ver\/#article\",\"isPartOf\":{\"@id\":\"https:\/\/portaltela.pt\/noticias\/2026\/03\/05\/curiosidade-em-foco-com-as-maos-de-ver\/\"},\"author\":{\"name\":\"Telinha\",\"@id\":\"https:\/\/portaltela.pt\/#\/schema\/person\/c4278d4a6028830caff9ee44b42d32ed\"},\"headline\":\"Curiosidade em foco com as m\u00e3os de ver\",\"datePublished\":\"2026-03-05T22:28:00+00:00\",\"mainEntityOfPage\":{\"@id\":\"https:\/\/portaltela.pt\/noticias\/2026\/03\/05\/curiosidade-em-foco-com-as-maos-de-ver\/\"},\"wordCount\":277,\"image\":{\"@id\":\"https:\/\/portaltela.pt\/noticias\/2026\/03\/05\/curiosidade-em-foco-com-as-maos-de-ver\/#primaryimage\"},\"thumbnailUrl\":\"https:\/\/portaltela.pt\/s.01k8rhncp4jt1\/2026\/03\/image-345.jpg\",\"keywords\":[\"cultura\",\"escolas\",\"festival\",\"\u00cdlhavo\",\"marionetas\",\"teatro\"],\"articleSection\":[\"Entretenimento\",\"Not\u00edcias\"],\"inLanguage\":\"pt-PT\"},{\"@type\":\"WebPage\",\"@id\":\"https:\/\/portaltela.pt\/noticias\/2026\/03\/05\/curiosidade-em-foco-com-as-maos-de-ver\/\",\"url\":\"https:\/\/portaltela.pt\/noticias\/2026\/03\/05\/curiosidade-em-foco-com-as-maos-de-ver\/\",\"name\":\"Curiosidade em foco com as m\u00e3os de ver - Portal Tela Portugal\",\"isPartOf\":{\"@id\":\"https:\/\/portaltela.pt\/#website\"},\"primaryImageOfPage\":{\"@id\":\"https:\/\/portaltela.pt\/noticias\/2026\/03\/05\/curiosidade-em-foco-com-as-maos-de-ver\/#primaryimage\"},\"image\":{\"@id\":\"https:\/\/portaltela.pt\/noticias\/2026\/03\/05\/curiosidade-em-foco-com-as-maos-de-ver\/#primaryimage\"},\"thumbnailUrl\":\"https:\/\/portaltela.pt\/s.01k8rhncp4jt1\/2026\/03\/image-345.jpg\",\"datePublished\":\"2026-03-05T22:28:00+00:00\",\"author\":{\"@id\":\"https:\/\/portaltela.pt\/#\/schema\/person\/c4278d4a6028830caff9ee44b42d32ed\"},\"breadcrumb\":{\"@id\":\"https:\/\/portaltela.pt\/noticias\/2026\/03\/05\/curiosidade-em-foco-com-as-maos-de-ver\/#breadcrumb\"},\"inLanguage\":\"pt-PT\",\"potentialAction\":[{\"@type\":\"ReadAction\",\"target\":[\"https:\/\/portaltela.pt\/noticias\/2026\/03\/05\/curiosidade-em-foco-com-as-maos-de-ver\/\"]}]},{\"@type\":\"ImageObject\",\"inLanguage\":\"pt-PT\",\"@id\":\"https:\/\/portaltela.pt\/noticias\/2026\/03\/05\/curiosidade-em-foco-com-as-maos-de-ver\/#primaryimage\",\"url\":\"https:\/\/portaltela.pt\/s.01k8rhncp4jt1\/2026\/03\/image-345.jpg\",\"contentUrl\":\"https:\/\/portaltela.pt\/s.01k8rhncp4jt1\/2026\/03\/image-345.jpg\",\"width\":796,\"height\":448,\"caption\":\"Sess\u00f5es de Teatro Dom Roberto gratuitas no festival\"},{\"@type\":\"BreadcrumbList\",\"@id\":\"https:\/\/portaltela.pt\/noticias\/2026\/03\/05\/curiosidade-em-foco-com-as-maos-de-ver\/#breadcrumb\",\"itemListElement\":[{\"@type\":\"ListItem\",\"position\":1,\"name\":\"In\u00edcio\",\"item\":\"https:\/\/portaltela.pt\/\"},{\"@type\":\"ListItem\",\"position\":2,\"name\":\"Curiosidade em foco com as m\u00e3os de ver\"}]},{\"@type\":\"WebSite\",\"@id\":\"https:\/\/portaltela.pt\/#website\",\"url\":\"https:\/\/portaltela.pt\/\",\"name\":\"Portal Tela Portugal\",\"description\":\"\",\"potentialAction\":[{\"@type\":\"SearchAction\",\"target\":{\"@type\":\"EntryPoint\",\"urlTemplate\":\"https:\/\/portaltela.pt\/?s={search_term_string}\"},\"query-input\":{\"@type\":\"PropertyValueSpecification\",\"valueRequired\":true,\"valueName\":\"search_term_string\"}}],\"inLanguage\":\"pt-PT\"},{\"@type\":\"Person\",\"@id\":\"https:\/\/portaltela.pt\/#\/schema\/person\/c4278d4a6028830caff9ee44b42d32ed\",\"name\":\"Telinha\",\"image\":{\"@type\":\"ImageObject\",\"inLanguage\":\"pt-PT\",\"@id\":\"https:\/\/portaltela.pt\/s.01k8rhncp4jt1\/2025\/11\/talking-bot-125x125.png\",\"url\":\"https:\/\/portaltela.pt\/s.01k8rhncp4jt1\/2025\/11\/talking-bot-125x125.png\",\"contentUrl\":\"https:\/\/portaltela.pt\/s.01k8rhncp4jt1\/2025\/11\/talking-bot-125x125.png\",\"caption\":\"Telinha\"},\"sameAs\":[\"https:\/\/portaltela.pt\/\"],\"url\":\"https:\/\/portaltela.pt\/por\/367410592786\/\"}]}<\/script>\n<!-- \/ Yoast SEO plugin. -->","yoast_head_json":{"title":"Curiosidade em foco com as m\u00e3os de ver - Portal Tela Portugal","robots":{"index":"index","follow":"follow","max-snippet":"max-snippet:-1","max-image-preview":"max-image-preview:large","max-video-preview":"max-video-preview:-1"},"og_locale":"pt_PT","og_type":"article","og_title":"Curiosidade em foco com as m\u00e3os de ver - Portal Tela Portugal","og_description":"O Palheta \u2013 Festival de Robertos e Marionetas regressa \u00e0 Gafanha da Nazar\u00e9, em \u00cdlhavo, entre sexta-feira e domingo. O mote \u00e9 olhar para a curiosidade com \u201cm\u00e3os de ver\u201d, com as m\u00e3os que criam e manipulam as marionetas no palco. Cl\u00e1udia Pascoal atua no s\u00e1bado, \u00e0s 21h30, na F\u00e1brica das Ideias, com participa\u00e7\u00e3o de dez marionetas feitas por alunos do 11\u00ba ano de Artes da Escola Secund\u00e1ria local, com Rita Reis e a associa\u00e7\u00e3o Quinto Palco. O festival estende-se a novos espa\u00e7os do concelho, incluindo Navio-Museu Santo Andr\u00e9 e Cais Criativo da Costa Nova, com espet\u00e1culos como Papamundos, O rapaz que morava \u00e0 beira-mar e Tripula. O cartaz inclui cerca de 20 iniciativas, com espet\u00e1culos de marionetas, sess\u00f5es gratuitas e teatro para beb\u00e9s, com bilhetes entre tr\u00eas e oito euros.","og_url":"https:\/\/portaltela.pt\/noticias\/2026\/03\/05\/curiosidade-em-foco-com-as-maos-de-ver\/","og_site_name":"Portal Tela Portugal","article_published_time":"2026-03-05T22:28:00+00:00","author":"Telinha","twitter_card":"summary_large_image","twitter_misc":{"Escrito por":"Telinha","Tempo estimado de leitura":"1 minuto"},"schema":{"@context":"https:\/\/schema.org","@graph":[{"@type":"Article","@id":"https:\/\/portaltela.pt\/noticias\/2026\/03\/05\/curiosidade-em-foco-com-as-maos-de-ver\/#article","isPartOf":{"@id":"https:\/\/portaltela.pt\/noticias\/2026\/03\/05\/curiosidade-em-foco-com-as-maos-de-ver\/"},"author":{"name":"Telinha","@id":"https:\/\/portaltela.pt\/#\/schema\/person\/c4278d4a6028830caff9ee44b42d32ed"},"headline":"Curiosidade em foco com as m\u00e3os de ver","datePublished":"2026-03-05T22:28:00+00:00","mainEntityOfPage":{"@id":"https:\/\/portaltela.pt\/noticias\/2026\/03\/05\/curiosidade-em-foco-com-as-maos-de-ver\/"},"wordCount":277,"image":{"@id":"https:\/\/portaltela.pt\/noticias\/2026\/03\/05\/curiosidade-em-foco-com-as-maos-de-ver\/#primaryimage"},"thumbnailUrl":"https:\/\/portaltela.pt\/s.01k8rhncp4jt1\/2026\/03\/image-345.jpg","keywords":["cultura","escolas","festival","\u00cdlhavo","marionetas","teatro"],"articleSection":["Entretenimento","Not\u00edcias"],"inLanguage":"pt-PT"},{"@type":"WebPage","@id":"https:\/\/portaltela.pt\/noticias\/2026\/03\/05\/curiosidade-em-foco-com-as-maos-de-ver\/","url":"https:\/\/portaltela.pt\/noticias\/2026\/03\/05\/curiosidade-em-foco-com-as-maos-de-ver\/","name":"Curiosidade em foco com as m\u00e3os de ver - Portal Tela Portugal","isPartOf":{"@id":"https:\/\/portaltela.pt\/#website"},"primaryImageOfPage":{"@id":"https:\/\/portaltela.pt\/noticias\/2026\/03\/05\/curiosidade-em-foco-com-as-maos-de-ver\/#primaryimage"},"image":{"@id":"https:\/\/portaltela.pt\/noticias\/2026\/03\/05\/curiosidade-em-foco-com-as-maos-de-ver\/#primaryimage"},"thumbnailUrl":"https:\/\/portaltela.pt\/s.01k8rhncp4jt1\/2026\/03\/image-345.jpg","datePublished":"2026-03-05T22:28:00+00:00","author":{"@id":"https:\/\/portaltela.pt\/#\/schema\/person\/c4278d4a6028830caff9ee44b42d32ed"},"breadcrumb":{"@id":"https:\/\/portaltela.pt\/noticias\/2026\/03\/05\/curiosidade-em-foco-com-as-maos-de-ver\/#breadcrumb"},"inLanguage":"pt-PT","potentialAction":[{"@type":"ReadAction","target":["https:\/\/portaltela.pt\/noticias\/2026\/03\/05\/curiosidade-em-foco-com-as-maos-de-ver\/"]}]},{"@type":"ImageObject","inLanguage":"pt-PT","@id":"https:\/\/portaltela.pt\/noticias\/2026\/03\/05\/curiosidade-em-foco-com-as-maos-de-ver\/#primaryimage","url":"https:\/\/portaltela.pt\/s.01k8rhncp4jt1\/2026\/03\/image-345.jpg","contentUrl":"https:\/\/portaltela.pt\/s.01k8rhncp4jt1\/2026\/03\/image-345.jpg","width":796,"height":448,"caption":"Sess\u00f5es de Teatro Dom Roberto gratuitas no festival"},{"@type":"BreadcrumbList","@id":"https:\/\/portaltela.pt\/noticias\/2026\/03\/05\/curiosidade-em-foco-com-as-maos-de-ver\/#breadcrumb","itemListElement":[{"@type":"ListItem","position":1,"name":"In\u00edcio","item":"https:\/\/portaltela.pt\/"},{"@type":"ListItem","position":2,"name":"Curiosidade em foco com as m\u00e3os de ver"}]},{"@type":"WebSite","@id":"https:\/\/portaltela.pt\/#website","url":"https:\/\/portaltela.pt\/","name":"Portal Tela Portugal","description":"","potentialAction":[{"@type":"SearchAction","target":{"@type":"EntryPoint","urlTemplate":"https:\/\/portaltela.pt\/?s={search_term_string}"},"query-input":{"@type":"PropertyValueSpecification","valueRequired":true,"valueName":"search_term_string"}}],"inLanguage":"pt-PT"},{"@type":"Person","@id":"https:\/\/portaltela.pt\/#\/schema\/person\/c4278d4a6028830caff9ee44b42d32ed","name":"Telinha","image":{"@type":"ImageObject","inLanguage":"pt-PT","@id":"https:\/\/portaltela.pt\/s.01k8rhncp4jt1\/2025\/11\/talking-bot-125x125.png","url":"https:\/\/portaltela.pt\/s.01k8rhncp4jt1\/2025\/11\/talking-bot-125x125.png","contentUrl":"https:\/\/portaltela.pt\/s.01k8rhncp4jt1\/2025\/11\/talking-bot-125x125.png","caption":"Telinha"},"sameAs":["https:\/\/portaltela.pt\/"],"url":"https:\/\/portaltela.pt\/por\/367410592786\/"}]}},"_links":{"self":[{"href":"https:\/\/portaltela.pt\/api\/wp\/v2\/posts\/399420","targetHints":{"allow":["GET"]}}],"collection":[{"href":"https:\/\/portaltela.pt\/api\/wp\/v2\/posts"}],"about":[{"href":"https:\/\/portaltela.pt\/api\/wp\/v2\/types\/post"}],"author":[{"embeddable":true,"href":"https:\/\/portaltela.pt\/api\/wp\/v2\/users\/2"}],"replies":[{"embeddable":true,"href":"https:\/\/portaltela.pt\/api\/wp\/v2\/comments?post=399420"}],"version-history":[{"count":0,"href":"https:\/\/portaltela.pt\/api\/wp\/v2\/posts\/399420\/revisions"}],"wp:featuredmedia":[{"embeddable":true,"href":"https:\/\/portaltela.pt\/api\/wp\/v2\/media\/399422"}],"wp:attachment":[{"href":"https:\/\/portaltela.pt\/api\/wp\/v2\/media?parent=399420"}],"wp:term":[{"taxonomy":"category","embeddable":true,"href":"https:\/\/portaltela.pt\/api\/wp\/v2\/categories?post=399420"},{"taxonomy":"post_tag","embeddable":true,"href":"https:\/\/portaltela.pt\/api\/wp\/v2\/tags?post=399420"}],"curies":[{"name":"wp","href":"https:\/\/api.w.org\/{rel}","templated":true}]}}