{"id":399414,"date":"2026-03-05T21:11:00","date_gmt":"2026-03-06T00:11:00","guid":{"rendered":"https:\/\/portaltela.pt\/noticias\/2026\/03\/05\/influenciadores-estudo-avalia-o-impacto-nas-redes-sociais\/"},"modified":"2026-03-05T21:11:00","modified_gmt":"2026-03-06T00:11:00","slug":"influenciadores-estudo-avalia-o-impacto-nas-redes-sociais","status":"publish","type":"post","link":"https:\/\/portaltela.pt\/noticias\/politica\/2026\/03\/05\/influenciadores-estudo-avalia-o-impacto-nas-redes-sociais\/","title":{"rendered":"Influenciadores? Estudo avalia o impacto nas redes sociais"},"content":{"rendered":"<p>Decorrreu esta semana a revela\u00e7\u00e3o de que dezenas de escolas em Portugal receberam influenciadores digitais cuja atua\u00e7\u00e3o envolve conte\u00fados sexualizados e fortemente mis\u00f3ginos. Sob o pretexto de entretenimento, campanhas para associa\u00e7\u00f5es de estudantes abriram espa\u00e7o a mensagens que minam a igualdade e o respeito.<\/p>\n<p>Docentes, dire\u00e7\u00f5es e fam\u00edlias j\u00e1 referem que as escolas devem ser locais de forma\u00e7\u00e3o c\u00edvica. O epis\u00f3dio, que n\u00e3o \u00e9 isolado segundo an\u00e1lises, aponta para uma necessidade urgente de refor\u00e7ar a literacia medi\u00e1tica e c\u00edvica entre os jovens, para al\u00e9m do papel pedag\u00f3gico tradicional.<\/p>\n<p>Este caso ressalta a responsabilidade das institui\u00e7\u00f5es de ensino na gest\u00e3o de quem entra nos seus espa\u00e7os. A atua\u00e7\u00e3o de estudantes que convidam figuras com conte\u00fados pol\u00e9micos revela fragilidades no associativismo estudantil e na promo\u00e7\u00e3o de valores democr\u00e1ticos.<\/p>\n<h3>Academia 360\u00ba como resposta educativa<\/h3>\n<p>A cidade do Porto acolhe, numa parceria entre a Federa\u00e7\u00e3o Acad\u00e9mica de Portugal (FAP) e a C\u00e2mara Municipal, o projeto Academia 360\u00ba. A iniciativa envolve dirigentes associativos e estudantes do ensino superior em visitas a escolas secund\u00e1rias.<\/p>\n<p>O objetivo \u00e9 promover participa\u00e7\u00e3o c\u00edvica informada e pensamento cr\u00edtico entre os alunos, fortalecendo a liga\u00e7\u00e3o entre vida acad\u00e9mica e p\u00fablica. A iniciativa demonstra uma linha de atua\u00e7\u00e3o que visa reduzir a superficialidade no envolvimento estudantil.<\/p>\n<p>Resta saber quais refer\u00eancias ir\u00e3o orientar as pr\u00f3ximas gera\u00e7\u00f5es. Sem um papel orientador claro das escolas, o espa\u00e7o p\u00fablico pode ser ocupado por propostas com diferentes inten\u00e7\u00f5es.<\/p>\n","protected":false},"excerpt":{"rendered":"<ul>\n<li>Dezenas de escolas, de norte a sul do pa\u00eds, abriram portas a influenciadores digitais conhecidos por conte\u00fados sexualizados e profundamente mis\u00f3ginos, sob a capa de entretenimento, em campanhas para associa\u00e7\u00f5es de estudantes.<\/li>\n<li>O epis\u00f3dio refor\u00e7a que a escola deve ser um espa\u00e7o de forma\u00e7\u00e3o, valores, respeito e dignidade humana, e \u00e9 um sinal de alerta para a necessidade de refor\u00e7ar a literacia medi\u00e1tica e c\u00edvica entre os jovens.<\/li>\n<li>O problema n\u00e3o \u00e9 isolado e tem repetido nos \u00faltimos dois anos, apontando para fragilidades no associativismo estudantil.<\/li>\n<li>O projeto Academia 360\u00ba, formalizado entre a Federa\u00e7\u00e3o Acad\u00e9mica de Portugal (FAP) e a C\u00e2mara Municipal do Porto, leva dirigentes associativos e estudantes do ensino superior \u00e0s escolas secund\u00e1rias para promover participa\u00e7\u00e3o informada e pensamento cr\u00edtico.<\/li>\n<li>Questiona-se que refer\u00eancias queremos para as pr\u00f3ximas gera\u00e7\u00f5es; sem orienta\u00e7\u00e3o, outros ocupantes poder\u00e3o surgir nas escolas, nem sempre com as melhores inten\u00e7\u00f5es.<\/li>\n<\/ul>\n","protected":false},"author":2,"featured_media":399415,"comment_status":"closed","ping_status":"closed","sticky":false,"template":"","format":"standard","meta":{"footnotes":""},"categories":[1,5],"tags":[2795,163,2443,2629,5169,1249],"class_list":["post-399414","post","type-post","status-publish","format-standard","has-post-thumbnail","hentry","category-noticias","category-politica","tag-democracia","tag-educacao","tag-educacao-publica","tag-literacia-digital","tag-literacia-mediatica","tag-participacao"],"yoast_head":"<!-- This site is optimized with the Yoast SEO plugin v27.2 - https:\/\/yoast.com\/product\/yoast-seo-wordpress\/ -->\n<title>Influenciadores? Estudo avalia o impacto nas redes sociais - Portal Tela Portugal<\/title>\n<meta name=\"robots\" content=\"index, follow, max-snippet:-1, max-image-preview:large, max-video-preview:-1\" \/>\n<meta property=\"og:locale\" content=\"pt_PT\" \/>\n<meta property=\"og:type\" content=\"article\" \/>\n<meta property=\"og:title\" content=\"Influenciadores? Estudo avalia o impacto nas redes sociais - Portal Tela Portugal\" \/>\n<meta property=\"og:description\" content=\"Dezenas de escolas, de norte a sul do pa\u00eds, abriram portas a influenciadores digitais conhecidos por conte\u00fados sexualizados e profundamente mis\u00f3ginos, sob a capa de entretenimento, em campanhas para associa\u00e7\u00f5es de estudantes. O epis\u00f3dio refor\u00e7a que a escola deve ser um espa\u00e7o de forma\u00e7\u00e3o, valores, respeito e dignidade humana, e \u00e9 um sinal de alerta para a necessidade de refor\u00e7ar a literacia medi\u00e1tica e c\u00edvica entre os jovens. O problema n\u00e3o \u00e9 isolado e tem repetido nos \u00faltimos dois anos, apontando para fragilidades no associativismo estudantil. O projeto Academia 360\u00ba, formalizado entre a Federa\u00e7\u00e3o Acad\u00e9mica de Portugal (FAP) e a C\u00e2mara Municipal do Porto, leva dirigentes associativos e estudantes do ensino superior \u00e0s escolas secund\u00e1rias para promover participa\u00e7\u00e3o informada e pensamento cr\u00edtico. Questiona-se que refer\u00eancias queremos para as pr\u00f3ximas gera\u00e7\u00f5es; sem orienta\u00e7\u00e3o, outros ocupantes poder\u00e3o surgir nas escolas, nem sempre com as melhores inten\u00e7\u00f5es.\" \/>\n<meta property=\"og:url\" content=\"https:\/\/portaltela.pt\/noticias\/2026\/03\/05\/influenciadores-estudo-avalia-o-impacto-nas-redes-sociais\/\" \/>\n<meta property=\"og:site_name\" content=\"Portal Tela Portugal\" \/>\n<meta property=\"article:published_time\" content=\"2026-03-06T00:11:00+00:00\" \/>\n<meta name=\"author\" content=\"Telinha\" \/>\n<meta name=\"twitter:card\" content=\"summary_large_image\" \/>\n<meta name=\"twitter:label1\" content=\"Escrito por\" \/>\n\t<meta name=\"twitter:data1\" content=\"Telinha\" \/>\n\t<meta name=\"twitter:label2\" content=\"Tempo estimado de leitura\" \/>\n\t<meta name=\"twitter:data2\" content=\"1 minuto\" \/>\n<script type=\"application\/ld+json\" class=\"yoast-schema-graph\">{\"@context\":\"https:\/\/schema.org\",\"@graph\":[{\"@type\":\"Article\",\"@id\":\"https:\/\/portaltela.pt\/noticias\/2026\/03\/05\/influenciadores-estudo-avalia-o-impacto-nas-redes-sociais\/#article\",\"isPartOf\":{\"@id\":\"https:\/\/portaltela.pt\/noticias\/2026\/03\/05\/influenciadores-estudo-avalia-o-impacto-nas-redes-sociais\/\"},\"author\":{\"name\":\"Telinha\",\"@id\":\"https:\/\/portaltela.pt\/#\/schema\/person\/c4278d4a6028830caff9ee44b42d32ed\"},\"headline\":\"Influenciadores? Estudo avalia o impacto nas redes sociais\",\"datePublished\":\"2026-03-06T00:11:00+00:00\",\"mainEntityOfPage\":{\"@id\":\"https:\/\/portaltela.pt\/noticias\/2026\/03\/05\/influenciadores-estudo-avalia-o-impacto-nas-redes-sociais\/\"},\"wordCount\":279,\"image\":{\"@id\":\"https:\/\/portaltela.pt\/noticias\/2026\/03\/05\/influenciadores-estudo-avalia-o-impacto-nas-redes-sociais\/#primaryimage\"},\"thumbnailUrl\":\"https:\/\/portaltela.pt\/s.01k8rhncp4jt1\/2026\/03\/ea826210-cd99-452b-9a60-22d3bf41a7f0_1200x675.jpg\",\"keywords\":[\"democracia\",\"educa\u00e7\u00e3o\",\"educa\u00e7\u00e3o p\u00fablica\",\"literacia digital\",\"literacia medi\u00e1tica\",\"participa\u00e7\u00e3o\"],\"articleSection\":[\"Not\u00edcias\",\"Pol\u00edtica\"],\"inLanguage\":\"pt-PT\"},{\"@type\":\"WebPage\",\"@id\":\"https:\/\/portaltela.pt\/noticias\/2026\/03\/05\/influenciadores-estudo-avalia-o-impacto-nas-redes-sociais\/\",\"url\":\"https:\/\/portaltela.pt\/noticias\/2026\/03\/05\/influenciadores-estudo-avalia-o-impacto-nas-redes-sociais\/\",\"name\":\"Influenciadores? Estudo avalia o impacto nas redes sociais - Portal Tela Portugal\",\"isPartOf\":{\"@id\":\"https:\/\/portaltela.pt\/#website\"},\"primaryImageOfPage\":{\"@id\":\"https:\/\/portaltela.pt\/noticias\/2026\/03\/05\/influenciadores-estudo-avalia-o-impacto-nas-redes-sociais\/#primaryimage\"},\"image\":{\"@id\":\"https:\/\/portaltela.pt\/noticias\/2026\/03\/05\/influenciadores-estudo-avalia-o-impacto-nas-redes-sociais\/#primaryimage\"},\"thumbnailUrl\":\"https:\/\/portaltela.pt\/s.01k8rhncp4jt1\/2026\/03\/ea826210-cd99-452b-9a60-22d3bf41a7f0_1200x675.jpg\",\"datePublished\":\"2026-03-06T00:11:00+00:00\",\"author\":{\"@id\":\"https:\/\/portaltela.pt\/#\/schema\/person\/c4278d4a6028830caff9ee44b42d32ed\"},\"breadcrumb\":{\"@id\":\"https:\/\/portaltela.pt\/noticias\/2026\/03\/05\/influenciadores-estudo-avalia-o-impacto-nas-redes-sociais\/#breadcrumb\"},\"inLanguage\":\"pt-PT\",\"potentialAction\":[{\"@type\":\"ReadAction\",\"target\":[\"https:\/\/portaltela.pt\/noticias\/2026\/03\/05\/influenciadores-estudo-avalia-o-impacto-nas-redes-sociais\/\"]}]},{\"@type\":\"ImageObject\",\"inLanguage\":\"pt-PT\",\"@id\":\"https:\/\/portaltela.pt\/noticias\/2026\/03\/05\/influenciadores-estudo-avalia-o-impacto-nas-redes-sociais\/#primaryimage\",\"url\":\"https:\/\/portaltela.pt\/s.01k8rhncp4jt1\/2026\/03\/ea826210-cd99-452b-9a60-22d3bf41a7f0_1200x675.jpg\",\"contentUrl\":\"https:\/\/portaltela.pt\/s.01k8rhncp4jt1\/2026\/03\/ea826210-cd99-452b-9a60-22d3bf41a7f0_1200x675.jpg\",\"width\":796,\"height\":448,\"caption\":\"Photo\"},{\"@type\":\"BreadcrumbList\",\"@id\":\"https:\/\/portaltela.pt\/noticias\/2026\/03\/05\/influenciadores-estudo-avalia-o-impacto-nas-redes-sociais\/#breadcrumb\",\"itemListElement\":[{\"@type\":\"ListItem\",\"position\":1,\"name\":\"In\u00edcio\",\"item\":\"https:\/\/portaltela.pt\/\"},{\"@type\":\"ListItem\",\"position\":2,\"name\":\"Influenciadores? Estudo avalia o impacto nas redes sociais\"}]},{\"@type\":\"WebSite\",\"@id\":\"https:\/\/portaltela.pt\/#website\",\"url\":\"https:\/\/portaltela.pt\/\",\"name\":\"Portal Tela Portugal\",\"description\":\"\",\"potentialAction\":[{\"@type\":\"SearchAction\",\"target\":{\"@type\":\"EntryPoint\",\"urlTemplate\":\"https:\/\/portaltela.pt\/?s={search_term_string}\"},\"query-input\":{\"@type\":\"PropertyValueSpecification\",\"valueRequired\":true,\"valueName\":\"search_term_string\"}}],\"inLanguage\":\"pt-PT\"},{\"@type\":\"Person\",\"@id\":\"https:\/\/portaltela.pt\/#\/schema\/person\/c4278d4a6028830caff9ee44b42d32ed\",\"name\":\"Telinha\",\"image\":{\"@type\":\"ImageObject\",\"inLanguage\":\"pt-PT\",\"@id\":\"https:\/\/portaltela.pt\/s.01k8rhncp4jt1\/2025\/11\/talking-bot-125x125.png\",\"url\":\"https:\/\/portaltela.pt\/s.01k8rhncp4jt1\/2025\/11\/talking-bot-125x125.png\",\"contentUrl\":\"https:\/\/portaltela.pt\/s.01k8rhncp4jt1\/2025\/11\/talking-bot-125x125.png\",\"caption\":\"Telinha\"},\"sameAs\":[\"https:\/\/portaltela.pt\/\"],\"url\":\"https:\/\/portaltela.pt\/por\/367410592786\/\"}]}<\/script>\n<!-- \/ Yoast SEO plugin. -->","yoast_head_json":{"title":"Influenciadores? Estudo avalia o impacto nas redes sociais - Portal Tela Portugal","robots":{"index":"index","follow":"follow","max-snippet":"max-snippet:-1","max-image-preview":"max-image-preview:large","max-video-preview":"max-video-preview:-1"},"og_locale":"pt_PT","og_type":"article","og_title":"Influenciadores? Estudo avalia o impacto nas redes sociais - Portal Tela Portugal","og_description":"Dezenas de escolas, de norte a sul do pa\u00eds, abriram portas a influenciadores digitais conhecidos por conte\u00fados sexualizados e profundamente mis\u00f3ginos, sob a capa de entretenimento, em campanhas para associa\u00e7\u00f5es de estudantes. O epis\u00f3dio refor\u00e7a que a escola deve ser um espa\u00e7o de forma\u00e7\u00e3o, valores, respeito e dignidade humana, e \u00e9 um sinal de alerta para a necessidade de refor\u00e7ar a literacia medi\u00e1tica e c\u00edvica entre os jovens. O problema n\u00e3o \u00e9 isolado e tem repetido nos \u00faltimos dois anos, apontando para fragilidades no associativismo estudantil. O projeto Academia 360\u00ba, formalizado entre a Federa\u00e7\u00e3o Acad\u00e9mica de Portugal (FAP) e a C\u00e2mara Municipal do Porto, leva dirigentes associativos e estudantes do ensino superior \u00e0s escolas secund\u00e1rias para promover participa\u00e7\u00e3o informada e pensamento cr\u00edtico. Questiona-se que refer\u00eancias queremos para as pr\u00f3ximas gera\u00e7\u00f5es; sem orienta\u00e7\u00e3o, outros ocupantes poder\u00e3o surgir nas escolas, nem sempre com as melhores inten\u00e7\u00f5es.","og_url":"https:\/\/portaltela.pt\/noticias\/2026\/03\/05\/influenciadores-estudo-avalia-o-impacto-nas-redes-sociais\/","og_site_name":"Portal Tela Portugal","article_published_time":"2026-03-06T00:11:00+00:00","author":"Telinha","twitter_card":"summary_large_image","twitter_misc":{"Escrito por":"Telinha","Tempo estimado de leitura":"1 minuto"},"schema":{"@context":"https:\/\/schema.org","@graph":[{"@type":"Article","@id":"https:\/\/portaltela.pt\/noticias\/2026\/03\/05\/influenciadores-estudo-avalia-o-impacto-nas-redes-sociais\/#article","isPartOf":{"@id":"https:\/\/portaltela.pt\/noticias\/2026\/03\/05\/influenciadores-estudo-avalia-o-impacto-nas-redes-sociais\/"},"author":{"name":"Telinha","@id":"https:\/\/portaltela.pt\/#\/schema\/person\/c4278d4a6028830caff9ee44b42d32ed"},"headline":"Influenciadores? Estudo avalia o impacto nas redes sociais","datePublished":"2026-03-06T00:11:00+00:00","mainEntityOfPage":{"@id":"https:\/\/portaltela.pt\/noticias\/2026\/03\/05\/influenciadores-estudo-avalia-o-impacto-nas-redes-sociais\/"},"wordCount":279,"image":{"@id":"https:\/\/portaltela.pt\/noticias\/2026\/03\/05\/influenciadores-estudo-avalia-o-impacto-nas-redes-sociais\/#primaryimage"},"thumbnailUrl":"https:\/\/portaltela.pt\/s.01k8rhncp4jt1\/2026\/03\/ea826210-cd99-452b-9a60-22d3bf41a7f0_1200x675.jpg","keywords":["democracia","educa\u00e7\u00e3o","educa\u00e7\u00e3o p\u00fablica","literacia digital","literacia medi\u00e1tica","participa\u00e7\u00e3o"],"articleSection":["Not\u00edcias","Pol\u00edtica"],"inLanguage":"pt-PT"},{"@type":"WebPage","@id":"https:\/\/portaltela.pt\/noticias\/2026\/03\/05\/influenciadores-estudo-avalia-o-impacto-nas-redes-sociais\/","url":"https:\/\/portaltela.pt\/noticias\/2026\/03\/05\/influenciadores-estudo-avalia-o-impacto-nas-redes-sociais\/","name":"Influenciadores? Estudo avalia o impacto nas redes sociais - Portal Tela Portugal","isPartOf":{"@id":"https:\/\/portaltela.pt\/#website"},"primaryImageOfPage":{"@id":"https:\/\/portaltela.pt\/noticias\/2026\/03\/05\/influenciadores-estudo-avalia-o-impacto-nas-redes-sociais\/#primaryimage"},"image":{"@id":"https:\/\/portaltela.pt\/noticias\/2026\/03\/05\/influenciadores-estudo-avalia-o-impacto-nas-redes-sociais\/#primaryimage"},"thumbnailUrl":"https:\/\/portaltela.pt\/s.01k8rhncp4jt1\/2026\/03\/ea826210-cd99-452b-9a60-22d3bf41a7f0_1200x675.jpg","datePublished":"2026-03-06T00:11:00+00:00","author":{"@id":"https:\/\/portaltela.pt\/#\/schema\/person\/c4278d4a6028830caff9ee44b42d32ed"},"breadcrumb":{"@id":"https:\/\/portaltela.pt\/noticias\/2026\/03\/05\/influenciadores-estudo-avalia-o-impacto-nas-redes-sociais\/#breadcrumb"},"inLanguage":"pt-PT","potentialAction":[{"@type":"ReadAction","target":["https:\/\/portaltela.pt\/noticias\/2026\/03\/05\/influenciadores-estudo-avalia-o-impacto-nas-redes-sociais\/"]}]},{"@type":"ImageObject","inLanguage":"pt-PT","@id":"https:\/\/portaltela.pt\/noticias\/2026\/03\/05\/influenciadores-estudo-avalia-o-impacto-nas-redes-sociais\/#primaryimage","url":"https:\/\/portaltela.pt\/s.01k8rhncp4jt1\/2026\/03\/ea826210-cd99-452b-9a60-22d3bf41a7f0_1200x675.jpg","contentUrl":"https:\/\/portaltela.pt\/s.01k8rhncp4jt1\/2026\/03\/ea826210-cd99-452b-9a60-22d3bf41a7f0_1200x675.jpg","width":796,"height":448,"caption":"Photo"},{"@type":"BreadcrumbList","@id":"https:\/\/portaltela.pt\/noticias\/2026\/03\/05\/influenciadores-estudo-avalia-o-impacto-nas-redes-sociais\/#breadcrumb","itemListElement":[{"@type":"ListItem","position":1,"name":"In\u00edcio","item":"https:\/\/portaltela.pt\/"},{"@type":"ListItem","position":2,"name":"Influenciadores? Estudo avalia o impacto nas redes sociais"}]},{"@type":"WebSite","@id":"https:\/\/portaltela.pt\/#website","url":"https:\/\/portaltela.pt\/","name":"Portal Tela Portugal","description":"","potentialAction":[{"@type":"SearchAction","target":{"@type":"EntryPoint","urlTemplate":"https:\/\/portaltela.pt\/?s={search_term_string}"},"query-input":{"@type":"PropertyValueSpecification","valueRequired":true,"valueName":"search_term_string"}}],"inLanguage":"pt-PT"},{"@type":"Person","@id":"https:\/\/portaltela.pt\/#\/schema\/person\/c4278d4a6028830caff9ee44b42d32ed","name":"Telinha","image":{"@type":"ImageObject","inLanguage":"pt-PT","@id":"https:\/\/portaltela.pt\/s.01k8rhncp4jt1\/2025\/11\/talking-bot-125x125.png","url":"https:\/\/portaltela.pt\/s.01k8rhncp4jt1\/2025\/11\/talking-bot-125x125.png","contentUrl":"https:\/\/portaltela.pt\/s.01k8rhncp4jt1\/2025\/11\/talking-bot-125x125.png","caption":"Telinha"},"sameAs":["https:\/\/portaltela.pt\/"],"url":"https:\/\/portaltela.pt\/por\/367410592786\/"}]}},"_links":{"self":[{"href":"https:\/\/portaltela.pt\/api\/wp\/v2\/posts\/399414","targetHints":{"allow":["GET"]}}],"collection":[{"href":"https:\/\/portaltela.pt\/api\/wp\/v2\/posts"}],"about":[{"href":"https:\/\/portaltela.pt\/api\/wp\/v2\/types\/post"}],"author":[{"embeddable":true,"href":"https:\/\/portaltela.pt\/api\/wp\/v2\/users\/2"}],"replies":[{"embeddable":true,"href":"https:\/\/portaltela.pt\/api\/wp\/v2\/comments?post=399414"}],"version-history":[{"count":0,"href":"https:\/\/portaltela.pt\/api\/wp\/v2\/posts\/399414\/revisions"}],"wp:featuredmedia":[{"embeddable":true,"href":"https:\/\/portaltela.pt\/api\/wp\/v2\/media\/399415"}],"wp:attachment":[{"href":"https:\/\/portaltela.pt\/api\/wp\/v2\/media?parent=399414"}],"wp:term":[{"taxonomy":"category","embeddable":true,"href":"https:\/\/portaltela.pt\/api\/wp\/v2\/categories?post=399414"},{"taxonomy":"post_tag","embeddable":true,"href":"https:\/\/portaltela.pt\/api\/wp\/v2\/tags?post=399414"}],"curies":[{"name":"wp","href":"https:\/\/api.w.org\/{rel}","templated":true}]}}