{"id":399388,"date":"2026-03-05T20:20:00","date_gmt":"2026-03-05T23:20:00","guid":{"rendered":"https:\/\/portaltela.pt\/noticias\/2026\/03\/05\/ciclismo-ano-repleto-de-corridas-para-reaproximar-fas\/"},"modified":"2026-03-05T20:20:00","modified_gmt":"2026-03-05T23:20:00","slug":"ciclismo-ano-repleto-de-corridas-para-reaproximar-fas","status":"publish","type":"post","link":"https:\/\/portaltela.pt\/desporto\/futebol\/2026\/03\/05\/ciclismo-ano-repleto-de-corridas-para-reaproximar-fas\/","title":{"rendered":"Ciclismo: Ano repleto de corridas para reaproximar f\u00e3s"},"content":{"rendered":"<p>Delmino Pereira, novo diretor das provas da Not\u00edcias Ilimitadas, anunciou um ano preenchido de ciclismo, entre abril e setembro, com quatro corridas e uma prova in\u00e9dita. O calend\u00e1rio encerra em setembro com o Grande Pr\u00e9mio TSF\/JN, o maior evento privado do pa\u00eds, que promete ligar o Norte ao Sul.<\/p>\n<p>As provas come\u00e7am em abril com o Grande Pr\u00e9mio O Jogo, de 23 a 26, seguidas pelo GP Jornal de Not\u00edcias, de 10 a 14 de junho, e pelo GP Douro Internacional, de 28 a 30 de agosto. O programa fecha com o Grande Pr\u00e9mio Internacional TSF\/JN, de 2 a 6 de setembro.<\/p>\n<p>A apresenta\u00e7\u00e3o, no Pal\u00e1cio da Bolsa, no Porto, reuniu diversas figuras, entre as quais Domingos de Andrade, presidente do CA da Not\u00edcias Ilimitadas, Lu\u00eds Pedro Martins, presidente do Turismo do Porto e Norte, e C\u00e2ndido Barbosa, presidente da Federa\u00e7\u00e3o Portuguesa de Ciclismo. O evento contou com autarcas e dirigentes de equipas.<\/p>\n<p>Delmino Pereira explicou que o objetivo \u00e9 aproximar os adeptos dos ciclistas, criando provas competitivas e com significado para o territ\u00f3rio. O calend\u00e1rio estendido contempla 16 dias de competi\u00e7\u00e3o distribu\u00eddos ao longo de quatro corridas.<\/p>\n<p>Domingos de Andrade destacou que o ADN do Jornal de Not\u00edcias \u00e9 estar junto das pessoas, destacando a natureza familiar do desporto. Lu\u00eds Pedro Martins valorizou o papel do ciclismo na promo\u00e7\u00e3o do territ\u00f3rio, mantendo o apoio institucional ao projeto.<\/p>\n<p>\u2014 O Jogo: 4.\u00ba Grande Pr\u00e9mio O Jogo<\/p>\n<p>De 23 a 26 de abril, ter\u00e1 partida em M\u00eada e passagem pelas Beiras, com final em Castanheira de Pera. A meta tradicional fica em Paredes.<\/p>\n<p>\u2014 Jornal de Not\u00edcias: 36.\u00ba Grande Pr\u00e9mio Jornal de Not\u00edcias<\/p>\n<p>De 10 a 14 de junho, com cinco etapas, Norte do Douro e final na Maia em contrarrel\u00f3gio, abrindo possibilidades para o triunfo de equipas nacionais.<\/p>\n<p>\u2014 Douro Internacional: 6.\u00ba Grande Pr\u00e9mio Douro Internacional<\/p>\n<p>De 28 a 30 de agosto, tr\u00eas etapas ao longo das margens do Douro, com d\u00favida sobre o tra\u00e7ado final.<\/p>\n<p>\u2014 O Grande Pr\u00e9mio Internacional TSF\/JN: 1.\u00ba Grande Pr\u00e9mio Internacional TSF\/JN<\/p>\n<p>De 2 a 6 de setembro, projeto de maior envergadura, com equipas estrangeiras e etapas a ligar o Norte ao Sul do pa\u00eds.<\/p>\n","protected":false},"excerpt":{"rendered":"<ul>\n<li>Delmino Pereira, novo director das provas da Not\u00edcias Ilimitadas, anunciou um ano intenso de ciclismo com quatro corridas e a estreia do Grande Pr\u00e9mio Internacional TSF\/JN, visando reaproximar os adeptos portugueses.<\/li>\n<li>Grande Pr\u00e9mio O Jogo: 23 a 26 de abril, com passagem pelas Beiras e final em Castanheira de Pera, mantendo a festa final em Paredes.<\/li>\n<li>Grande Pr\u00e9mio Jornal de Not\u00edcias: 10 a 14 de junho, com cinco etapas, norte do Douro e final na Maia, incluindo contrarrel\u00f3gio.<\/li>\n<li>Grande Pr\u00e9mio Douro Internacional: 28 a 30 de agosto, com tr\u00eas etapas junto \u00e0s margens do Douro, aproximando-se mais de Espanha.<\/li>\n<li>Grande Pr\u00e9mio Internacional TSF\/JN: 2 a 6 de setembro, estreia com equipas estrangeiras e etapas ainda por definir, ligando Norte a Sul do pa\u00eds.<\/li>\n<\/ul>\n","protected":false},"author":2,"featured_media":399389,"comment_status":"closed","ping_status":"closed","sticky":false,"template":"","format":"standard","meta":{"footnotes":""},"categories":[21,24],"tags":[2515,923,152,1743,982,1014],"class_list":["post-399388","post","type-post","status-publish","format-standard","has-post-thumbnail","hentry","category-desporto","category-futebol","tag-castanheira-de-pera","tag-ciclismo","tag-desporto","tag-maia","tag-porto","tag-portugal"],"yoast_head":"<!-- This site is optimized with the Yoast SEO plugin v27.2 - https:\/\/yoast.com\/product\/yoast-seo-wordpress\/ -->\n<title>Ciclismo: Ano repleto de corridas para reaproximar f\u00e3s - Portal Tela Portugal<\/title>\n<meta name=\"robots\" content=\"index, follow, max-snippet:-1, max-image-preview:large, max-video-preview:-1\" \/>\n<meta property=\"og:locale\" content=\"pt_PT\" \/>\n<meta property=\"og:type\" content=\"article\" \/>\n<meta property=\"og:title\" content=\"Ciclismo: Ano repleto de corridas para reaproximar f\u00e3s - Portal Tela Portugal\" \/>\n<meta property=\"og:description\" content=\"Delmino Pereira, novo director das provas da Not\u00edcias Ilimitadas, anunciou um ano intenso de ciclismo com quatro corridas e a estreia do Grande Pr\u00e9mio Internacional TSF\/JN, visando reaproximar os adeptos portugueses. Grande Pr\u00e9mio O Jogo: 23 a 26 de abril, com passagem pelas Beiras e final em Castanheira de Pera, mantendo a festa final em Paredes. Grande Pr\u00e9mio Jornal de Not\u00edcias: 10 a 14 de junho, com cinco etapas, norte do Douro e final na Maia, incluindo contrarrel\u00f3gio. Grande Pr\u00e9mio Douro Internacional: 28 a 30 de agosto, com tr\u00eas etapas junto \u00e0s margens do Douro, aproximando-se mais de Espanha. Grande Pr\u00e9mio Internacional TSF\/JN: 2 a 6 de setembro, estreia com equipas estrangeiras e etapas ainda por definir, ligando Norte a Sul do pa\u00eds.\" \/>\n<meta property=\"og:url\" content=\"https:\/\/portaltela.pt\/noticias\/2026\/03\/05\/ciclismo-ano-repleto-de-corridas-para-reaproximar-fas\/\" \/>\n<meta property=\"og:site_name\" content=\"Portal Tela Portugal\" \/>\n<meta property=\"article:published_time\" content=\"2026-03-05T23:20:00+00:00\" \/>\n<meta name=\"author\" content=\"Telinha\" \/>\n<meta name=\"twitter:card\" content=\"summary_large_image\" \/>\n<meta name=\"twitter:label1\" content=\"Escrito por\" \/>\n\t<meta name=\"twitter:data1\" content=\"Telinha\" \/>\n\t<meta name=\"twitter:label2\" content=\"Tempo estimado de leitura\" \/>\n\t<meta name=\"twitter:data2\" content=\"2 minutos\" \/>\n<script type=\"application\/ld+json\" class=\"yoast-schema-graph\">{\"@context\":\"https:\/\/schema.org\",\"@graph\":[{\"@type\":\"Article\",\"@id\":\"https:\/\/portaltela.pt\/noticias\/2026\/03\/05\/ciclismo-ano-repleto-de-corridas-para-reaproximar-fas\/#article\",\"isPartOf\":{\"@id\":\"https:\/\/portaltela.pt\/noticias\/2026\/03\/05\/ciclismo-ano-repleto-de-corridas-para-reaproximar-fas\/\"},\"author\":{\"name\":\"Telinha\",\"@id\":\"https:\/\/portaltela.pt\/#\/schema\/person\/c4278d4a6028830caff9ee44b42d32ed\"},\"headline\":\"Ciclismo: Ano repleto de corridas para reaproximar f\u00e3s\",\"datePublished\":\"2026-03-05T23:20:00+00:00\",\"mainEntityOfPage\":{\"@id\":\"https:\/\/portaltela.pt\/noticias\/2026\/03\/05\/ciclismo-ano-repleto-de-corridas-para-reaproximar-fas\/\"},\"wordCount\":382,\"image\":{\"@id\":\"https:\/\/portaltela.pt\/noticias\/2026\/03\/05\/ciclismo-ano-repleto-de-corridas-para-reaproximar-fas\/#primaryimage\"},\"thumbnailUrl\":\"https:\/\/portaltela.pt\/s.01k8rhncp4jt1\/2026\/03\/a1a5f174-f544-4f98-b724-34caf271826b_1200x675.jpg\",\"keywords\":[\"Castanheira de Per\u00e1\",\"ciclismo\",\"desporto\",\"Maia\",\"Porto\",\"Portugal\"],\"articleSection\":[\"Desporto\",\"Futebol\"],\"inLanguage\":\"pt-PT\"},{\"@type\":\"WebPage\",\"@id\":\"https:\/\/portaltela.pt\/noticias\/2026\/03\/05\/ciclismo-ano-repleto-de-corridas-para-reaproximar-fas\/\",\"url\":\"https:\/\/portaltela.pt\/noticias\/2026\/03\/05\/ciclismo-ano-repleto-de-corridas-para-reaproximar-fas\/\",\"name\":\"Ciclismo: Ano repleto de corridas para reaproximar f\u00e3s - Portal Tela Portugal\",\"isPartOf\":{\"@id\":\"https:\/\/portaltela.pt\/#website\"},\"primaryImageOfPage\":{\"@id\":\"https:\/\/portaltela.pt\/noticias\/2026\/03\/05\/ciclismo-ano-repleto-de-corridas-para-reaproximar-fas\/#primaryimage\"},\"image\":{\"@id\":\"https:\/\/portaltela.pt\/noticias\/2026\/03\/05\/ciclismo-ano-repleto-de-corridas-para-reaproximar-fas\/#primaryimage\"},\"thumbnailUrl\":\"https:\/\/portaltela.pt\/s.01k8rhncp4jt1\/2026\/03\/a1a5f174-f544-4f98-b724-34caf271826b_1200x675.jpg\",\"datePublished\":\"2026-03-05T23:20:00+00:00\",\"author\":{\"@id\":\"https:\/\/portaltela.pt\/#\/schema\/person\/c4278d4a6028830caff9ee44b42d32ed\"},\"breadcrumb\":{\"@id\":\"https:\/\/portaltela.pt\/noticias\/2026\/03\/05\/ciclismo-ano-repleto-de-corridas-para-reaproximar-fas\/#breadcrumb\"},\"inLanguage\":\"pt-PT\",\"potentialAction\":[{\"@type\":\"ReadAction\",\"target\":[\"https:\/\/portaltela.pt\/noticias\/2026\/03\/05\/ciclismo-ano-repleto-de-corridas-para-reaproximar-fas\/\"]}]},{\"@type\":\"ImageObject\",\"inLanguage\":\"pt-PT\",\"@id\":\"https:\/\/portaltela.pt\/noticias\/2026\/03\/05\/ciclismo-ano-repleto-de-corridas-para-reaproximar-fas\/#primaryimage\",\"url\":\"https:\/\/portaltela.pt\/s.01k8rhncp4jt1\/2026\/03\/a1a5f174-f544-4f98-b724-34caf271826b_1200x675.jpg\",\"contentUrl\":\"https:\/\/portaltela.pt\/s.01k8rhncp4jt1\/2026\/03\/a1a5f174-f544-4f98-b724-34caf271826b_1200x675.jpg\",\"width\":796,\"height\":448,\"caption\":\"Delmino Pereira apresenta as quatro provas organizadas pela Not\u00edcias Ilimitadas no Pal\u00e1cio da Bolsa, no Porto\"},{\"@type\":\"BreadcrumbList\",\"@id\":\"https:\/\/portaltela.pt\/noticias\/2026\/03\/05\/ciclismo-ano-repleto-de-corridas-para-reaproximar-fas\/#breadcrumb\",\"itemListElement\":[{\"@type\":\"ListItem\",\"position\":1,\"name\":\"In\u00edcio\",\"item\":\"https:\/\/portaltela.pt\/\"},{\"@type\":\"ListItem\",\"position\":2,\"name\":\"Ciclismo: Ano repleto de corridas para reaproximar f\u00e3s\"}]},{\"@type\":\"WebSite\",\"@id\":\"https:\/\/portaltela.pt\/#website\",\"url\":\"https:\/\/portaltela.pt\/\",\"name\":\"Portal Tela Portugal\",\"description\":\"\",\"potentialAction\":[{\"@type\":\"SearchAction\",\"target\":{\"@type\":\"EntryPoint\",\"urlTemplate\":\"https:\/\/portaltela.pt\/?s={search_term_string}\"},\"query-input\":{\"@type\":\"PropertyValueSpecification\",\"valueRequired\":true,\"valueName\":\"search_term_string\"}}],\"inLanguage\":\"pt-PT\"},{\"@type\":\"Person\",\"@id\":\"https:\/\/portaltela.pt\/#\/schema\/person\/c4278d4a6028830caff9ee44b42d32ed\",\"name\":\"Telinha\",\"image\":{\"@type\":\"ImageObject\",\"inLanguage\":\"pt-PT\",\"@id\":\"https:\/\/portaltela.pt\/s.01k8rhncp4jt1\/2025\/11\/talking-bot-125x125.png\",\"url\":\"https:\/\/portaltela.pt\/s.01k8rhncp4jt1\/2025\/11\/talking-bot-125x125.png\",\"contentUrl\":\"https:\/\/portaltela.pt\/s.01k8rhncp4jt1\/2025\/11\/talking-bot-125x125.png\",\"caption\":\"Telinha\"},\"sameAs\":[\"https:\/\/portaltela.pt\/\"],\"url\":\"https:\/\/portaltela.pt\/por\/367410592786\/\"}]}<\/script>\n<!-- \/ Yoast SEO plugin. -->","yoast_head_json":{"title":"Ciclismo: Ano repleto de corridas para reaproximar f\u00e3s - Portal Tela Portugal","robots":{"index":"index","follow":"follow","max-snippet":"max-snippet:-1","max-image-preview":"max-image-preview:large","max-video-preview":"max-video-preview:-1"},"og_locale":"pt_PT","og_type":"article","og_title":"Ciclismo: Ano repleto de corridas para reaproximar f\u00e3s - Portal Tela Portugal","og_description":"Delmino Pereira, novo director das provas da Not\u00edcias Ilimitadas, anunciou um ano intenso de ciclismo com quatro corridas e a estreia do Grande Pr\u00e9mio Internacional TSF\/JN, visando reaproximar os adeptos portugueses. Grande Pr\u00e9mio O Jogo: 23 a 26 de abril, com passagem pelas Beiras e final em Castanheira de Pera, mantendo a festa final em Paredes. Grande Pr\u00e9mio Jornal de Not\u00edcias: 10 a 14 de junho, com cinco etapas, norte do Douro e final na Maia, incluindo contrarrel\u00f3gio. Grande Pr\u00e9mio Douro Internacional: 28 a 30 de agosto, com tr\u00eas etapas junto \u00e0s margens do Douro, aproximando-se mais de Espanha. Grande Pr\u00e9mio Internacional TSF\/JN: 2 a 6 de setembro, estreia com equipas estrangeiras e etapas ainda por definir, ligando Norte a Sul do pa\u00eds.","og_url":"https:\/\/portaltela.pt\/noticias\/2026\/03\/05\/ciclismo-ano-repleto-de-corridas-para-reaproximar-fas\/","og_site_name":"Portal Tela Portugal","article_published_time":"2026-03-05T23:20:00+00:00","author":"Telinha","twitter_card":"summary_large_image","twitter_misc":{"Escrito por":"Telinha","Tempo estimado de leitura":"2 minutos"},"schema":{"@context":"https:\/\/schema.org","@graph":[{"@type":"Article","@id":"https:\/\/portaltela.pt\/noticias\/2026\/03\/05\/ciclismo-ano-repleto-de-corridas-para-reaproximar-fas\/#article","isPartOf":{"@id":"https:\/\/portaltela.pt\/noticias\/2026\/03\/05\/ciclismo-ano-repleto-de-corridas-para-reaproximar-fas\/"},"author":{"name":"Telinha","@id":"https:\/\/portaltela.pt\/#\/schema\/person\/c4278d4a6028830caff9ee44b42d32ed"},"headline":"Ciclismo: Ano repleto de corridas para reaproximar f\u00e3s","datePublished":"2026-03-05T23:20:00+00:00","mainEntityOfPage":{"@id":"https:\/\/portaltela.pt\/noticias\/2026\/03\/05\/ciclismo-ano-repleto-de-corridas-para-reaproximar-fas\/"},"wordCount":382,"image":{"@id":"https:\/\/portaltela.pt\/noticias\/2026\/03\/05\/ciclismo-ano-repleto-de-corridas-para-reaproximar-fas\/#primaryimage"},"thumbnailUrl":"https:\/\/portaltela.pt\/s.01k8rhncp4jt1\/2026\/03\/a1a5f174-f544-4f98-b724-34caf271826b_1200x675.jpg","keywords":["Castanheira de Per\u00e1","ciclismo","desporto","Maia","Porto","Portugal"],"articleSection":["Desporto","Futebol"],"inLanguage":"pt-PT"},{"@type":"WebPage","@id":"https:\/\/portaltela.pt\/noticias\/2026\/03\/05\/ciclismo-ano-repleto-de-corridas-para-reaproximar-fas\/","url":"https:\/\/portaltela.pt\/noticias\/2026\/03\/05\/ciclismo-ano-repleto-de-corridas-para-reaproximar-fas\/","name":"Ciclismo: Ano repleto de corridas para reaproximar f\u00e3s - Portal Tela Portugal","isPartOf":{"@id":"https:\/\/portaltela.pt\/#website"},"primaryImageOfPage":{"@id":"https:\/\/portaltela.pt\/noticias\/2026\/03\/05\/ciclismo-ano-repleto-de-corridas-para-reaproximar-fas\/#primaryimage"},"image":{"@id":"https:\/\/portaltela.pt\/noticias\/2026\/03\/05\/ciclismo-ano-repleto-de-corridas-para-reaproximar-fas\/#primaryimage"},"thumbnailUrl":"https:\/\/portaltela.pt\/s.01k8rhncp4jt1\/2026\/03\/a1a5f174-f544-4f98-b724-34caf271826b_1200x675.jpg","datePublished":"2026-03-05T23:20:00+00:00","author":{"@id":"https:\/\/portaltela.pt\/#\/schema\/person\/c4278d4a6028830caff9ee44b42d32ed"},"breadcrumb":{"@id":"https:\/\/portaltela.pt\/noticias\/2026\/03\/05\/ciclismo-ano-repleto-de-corridas-para-reaproximar-fas\/#breadcrumb"},"inLanguage":"pt-PT","potentialAction":[{"@type":"ReadAction","target":["https:\/\/portaltela.pt\/noticias\/2026\/03\/05\/ciclismo-ano-repleto-de-corridas-para-reaproximar-fas\/"]}]},{"@type":"ImageObject","inLanguage":"pt-PT","@id":"https:\/\/portaltela.pt\/noticias\/2026\/03\/05\/ciclismo-ano-repleto-de-corridas-para-reaproximar-fas\/#primaryimage","url":"https:\/\/portaltela.pt\/s.01k8rhncp4jt1\/2026\/03\/a1a5f174-f544-4f98-b724-34caf271826b_1200x675.jpg","contentUrl":"https:\/\/portaltela.pt\/s.01k8rhncp4jt1\/2026\/03\/a1a5f174-f544-4f98-b724-34caf271826b_1200x675.jpg","width":796,"height":448,"caption":"Delmino Pereira apresenta as quatro provas organizadas pela Not\u00edcias Ilimitadas no Pal\u00e1cio da Bolsa, no Porto"},{"@type":"BreadcrumbList","@id":"https:\/\/portaltela.pt\/noticias\/2026\/03\/05\/ciclismo-ano-repleto-de-corridas-para-reaproximar-fas\/#breadcrumb","itemListElement":[{"@type":"ListItem","position":1,"name":"In\u00edcio","item":"https:\/\/portaltela.pt\/"},{"@type":"ListItem","position":2,"name":"Ciclismo: Ano repleto de corridas para reaproximar f\u00e3s"}]},{"@type":"WebSite","@id":"https:\/\/portaltela.pt\/#website","url":"https:\/\/portaltela.pt\/","name":"Portal Tela Portugal","description":"","potentialAction":[{"@type":"SearchAction","target":{"@type":"EntryPoint","urlTemplate":"https:\/\/portaltela.pt\/?s={search_term_string}"},"query-input":{"@type":"PropertyValueSpecification","valueRequired":true,"valueName":"search_term_string"}}],"inLanguage":"pt-PT"},{"@type":"Person","@id":"https:\/\/portaltela.pt\/#\/schema\/person\/c4278d4a6028830caff9ee44b42d32ed","name":"Telinha","image":{"@type":"ImageObject","inLanguage":"pt-PT","@id":"https:\/\/portaltela.pt\/s.01k8rhncp4jt1\/2025\/11\/talking-bot-125x125.png","url":"https:\/\/portaltela.pt\/s.01k8rhncp4jt1\/2025\/11\/talking-bot-125x125.png","contentUrl":"https:\/\/portaltela.pt\/s.01k8rhncp4jt1\/2025\/11\/talking-bot-125x125.png","caption":"Telinha"},"sameAs":["https:\/\/portaltela.pt\/"],"url":"https:\/\/portaltela.pt\/por\/367410592786\/"}]}},"_links":{"self":[{"href":"https:\/\/portaltela.pt\/api\/wp\/v2\/posts\/399388","targetHints":{"allow":["GET"]}}],"collection":[{"href":"https:\/\/portaltela.pt\/api\/wp\/v2\/posts"}],"about":[{"href":"https:\/\/portaltela.pt\/api\/wp\/v2\/types\/post"}],"author":[{"embeddable":true,"href":"https:\/\/portaltela.pt\/api\/wp\/v2\/users\/2"}],"replies":[{"embeddable":true,"href":"https:\/\/portaltela.pt\/api\/wp\/v2\/comments?post=399388"}],"version-history":[{"count":0,"href":"https:\/\/portaltela.pt\/api\/wp\/v2\/posts\/399388\/revisions"}],"wp:featuredmedia":[{"embeddable":true,"href":"https:\/\/portaltela.pt\/api\/wp\/v2\/media\/399389"}],"wp:attachment":[{"href":"https:\/\/portaltela.pt\/api\/wp\/v2\/media?parent=399388"}],"wp:term":[{"taxonomy":"category","embeddable":true,"href":"https:\/\/portaltela.pt\/api\/wp\/v2\/categories?post=399388"},{"taxonomy":"post_tag","embeddable":true,"href":"https:\/\/portaltela.pt\/api\/wp\/v2\/tags?post=399388"}],"curies":[{"name":"wp","href":"https:\/\/api.w.org\/{rel}","templated":true}]}}