{"id":399368,"date":"2026-03-05T19:28:33","date_gmt":"2026-03-05T22:28:33","guid":{"rendered":"https:\/\/portaltela.pt\/noticias\/2026\/03\/05\/nascem-tres-leoes-num-zoologico-alemao\/"},"modified":"2026-03-05T19:28:33","modified_gmt":"2026-03-05T22:28:33","slug":"nascem-tres-leoes-num-zoologico-alemao","status":"publish","type":"post","link":"https:\/\/portaltela.pt\/noticias\/internacional\/2026\/03\/05\/nascem-tres-leoes-num-zoologico-alemao\/","title":{"rendered":"Nascem tr\u00eas le\u00f5es num zool\u00f3gico alem\u00e3o"},"content":{"rendered":"<p>Tr\u00eas le\u00f5es rec\u00e9m-nascidos foram vistos a explorar o seu recinto ao ar livre pela primeira vez esta quinta-feira, no zool\u00f3gico de Col\u00f3nia, na Alemanha.<\/p>\n<p>O zool\u00f3gico revela que os filhotes foram observados a aproveitar o espa\u00e7o exterior, marcando o primeiro contacto com o exterior desde o nascimento.<\/p>\n<p>A imagem associada (da visita de hoje) mostra os filhotes no recinto, captando o momento de curiosidade entre os le\u00f5es jovens.<\/p>\n","protected":false},"excerpt":{"rendered":"<ul>\n<li>Tr\u00eas le\u00f5es rec\u00e9m-nascidos foram vistos a explorar pela primeira vez o recinto ao ar livre do zool\u00f3gico de Col\u00f3nia, Alemanha.<\/li>\n<li>A observa\u00e7\u00e3o ocorreu nesta quinta-feira.<\/li>\n<\/ul>\n","protected":false},"author":2,"featured_media":399369,"comment_status":"closed","ping_status":"closed","sticky":false,"template":"","format":"standard","meta":{"footnotes":""},"categories":[4,1],"tags":[1603,3091,2500,45],"class_list":["post-399368","post","type-post","status-publish","format-standard","has-post-thumbnail","hentry","category-internacional","category-noticias","tag-alemanha","tag-animais","tag-colonia","tag-meio-ambiente"],"yoast_head":"<!-- This site is optimized with the Yoast SEO plugin v27.2 - https:\/\/yoast.com\/product\/yoast-seo-wordpress\/ -->\n<title>Nascem tr\u00eas le\u00f5es num zool\u00f3gico alem\u00e3o - Portal Tela Portugal<\/title>\n<meta name=\"robots\" content=\"index, follow, max-snippet:-1, max-image-preview:large, max-video-preview:-1\" \/>\n<meta property=\"og:locale\" content=\"pt_PT\" \/>\n<meta property=\"og:type\" content=\"article\" \/>\n<meta property=\"og:title\" content=\"Nascem tr\u00eas le\u00f5es num zool\u00f3gico alem\u00e3o - Portal Tela Portugal\" \/>\n<meta property=\"og:description\" content=\"Tr\u00eas le\u00f5es rec\u00e9m-nascidos foram vistos a explorar pela primeira vez o recinto ao ar livre do zool\u00f3gico de Col\u00f3nia, Alemanha. A observa\u00e7\u00e3o ocorreu nesta quinta-feira.\" \/>\n<meta property=\"og:url\" content=\"https:\/\/portaltela.pt\/noticias\/2026\/03\/05\/nascem-tres-leoes-num-zoologico-alemao\/\" \/>\n<meta property=\"og:site_name\" content=\"Portal Tela Portugal\" \/>\n<meta property=\"article:published_time\" content=\"2026-03-05T22:28:33+00:00\" \/>\n<meta name=\"author\" content=\"Telinha\" \/>\n<meta name=\"twitter:card\" content=\"summary_large_image\" \/>\n<meta name=\"twitter:label1\" content=\"Escrito por\" \/>\n\t<meta name=\"twitter:data1\" content=\"Telinha\" \/>\n<script type=\"application\/ld+json\" class=\"yoast-schema-graph\">{\"@context\":\"https:\/\/schema.org\",\"@graph\":[{\"@type\":\"Article\",\"@id\":\"https:\/\/portaltela.pt\/noticias\/2026\/03\/05\/nascem-tres-leoes-num-zoologico-alemao\/#article\",\"isPartOf\":{\"@id\":\"https:\/\/portaltela.pt\/noticias\/2026\/03\/05\/nascem-tres-leoes-num-zoologico-alemao\/\"},\"author\":{\"name\":\"Telinha\",\"@id\":\"https:\/\/portaltela.pt\/#\/schema\/person\/c4278d4a6028830caff9ee44b42d32ed\"},\"headline\":\"Nascem tr\u00eas le\u00f5es num zool\u00f3gico alem\u00e3o\",\"datePublished\":\"2026-03-05T22:28:33+00:00\",\"mainEntityOfPage\":{\"@id\":\"https:\/\/portaltela.pt\/noticias\/2026\/03\/05\/nascem-tres-leoes-num-zoologico-alemao\/\"},\"wordCount\":86,\"image\":{\"@id\":\"https:\/\/portaltela.pt\/noticias\/2026\/03\/05\/nascem-tres-leoes-num-zoologico-alemao\/#primaryimage\"},\"thumbnailUrl\":\"https:\/\/portaltela.pt\/s.01k8rhncp4jt1\/2026\/03\/img_1280x722uu2026-03-05-22-26-26-2270665.jpg\",\"keywords\":[\"Alemanha\",\"animais\",\"Col\u00f3nia\",\"meio-ambiente\"],\"articleSection\":[\"Internacional\",\"Not\u00edcias\"],\"inLanguage\":\"pt-PT\"},{\"@type\":\"WebPage\",\"@id\":\"https:\/\/portaltela.pt\/noticias\/2026\/03\/05\/nascem-tres-leoes-num-zoologico-alemao\/\",\"url\":\"https:\/\/portaltela.pt\/noticias\/2026\/03\/05\/nascem-tres-leoes-num-zoologico-alemao\/\",\"name\":\"Nascem tr\u00eas le\u00f5es num zool\u00f3gico alem\u00e3o - Portal Tela Portugal\",\"isPartOf\":{\"@id\":\"https:\/\/portaltela.pt\/#website\"},\"primaryImageOfPage\":{\"@id\":\"https:\/\/portaltela.pt\/noticias\/2026\/03\/05\/nascem-tres-leoes-num-zoologico-alemao\/#primaryimage\"},\"image\":{\"@id\":\"https:\/\/portaltela.pt\/noticias\/2026\/03\/05\/nascem-tres-leoes-num-zoologico-alemao\/#primaryimage\"},\"thumbnailUrl\":\"https:\/\/portaltela.pt\/s.01k8rhncp4jt1\/2026\/03\/img_1280x722uu2026-03-05-22-26-26-2270665.jpg\",\"datePublished\":\"2026-03-05T22:28:33+00:00\",\"author\":{\"@id\":\"https:\/\/portaltela.pt\/#\/schema\/person\/c4278d4a6028830caff9ee44b42d32ed\"},\"breadcrumb\":{\"@id\":\"https:\/\/portaltela.pt\/noticias\/2026\/03\/05\/nascem-tres-leoes-num-zoologico-alemao\/#breadcrumb\"},\"inLanguage\":\"pt-PT\",\"potentialAction\":[{\"@type\":\"ReadAction\",\"target\":[\"https:\/\/portaltela.pt\/noticias\/2026\/03\/05\/nascem-tres-leoes-num-zoologico-alemao\/\"]}]},{\"@type\":\"ImageObject\",\"inLanguage\":\"pt-PT\",\"@id\":\"https:\/\/portaltela.pt\/noticias\/2026\/03\/05\/nascem-tres-leoes-num-zoologico-alemao\/#primaryimage\",\"url\":\"https:\/\/portaltela.pt\/s.01k8rhncp4jt1\/2026\/03\/img_1280x722uu2026-03-05-22-26-26-2270665.jpg\",\"contentUrl\":\"https:\/\/portaltela.pt\/s.01k8rhncp4jt1\/2026\/03\/img_1280x722uu2026-03-05-22-26-26-2270665.jpg\",\"width\":796,\"height\":448,\"caption\":\"Alerta fofura: nasceram tr\u00eas le\u00f5es num zool\u00f3gico alem\u00e3o\"},{\"@type\":\"BreadcrumbList\",\"@id\":\"https:\/\/portaltela.pt\/noticias\/2026\/03\/05\/nascem-tres-leoes-num-zoologico-alemao\/#breadcrumb\",\"itemListElement\":[{\"@type\":\"ListItem\",\"position\":1,\"name\":\"In\u00edcio\",\"item\":\"https:\/\/portaltela.pt\/\"},{\"@type\":\"ListItem\",\"position\":2,\"name\":\"Nascem tr\u00eas le\u00f5es num zool\u00f3gico alem\u00e3o\"}]},{\"@type\":\"WebSite\",\"@id\":\"https:\/\/portaltela.pt\/#website\",\"url\":\"https:\/\/portaltela.pt\/\",\"name\":\"Portal Tela Portugal\",\"description\":\"\",\"potentialAction\":[{\"@type\":\"SearchAction\",\"target\":{\"@type\":\"EntryPoint\",\"urlTemplate\":\"https:\/\/portaltela.pt\/?s={search_term_string}\"},\"query-input\":{\"@type\":\"PropertyValueSpecification\",\"valueRequired\":true,\"valueName\":\"search_term_string\"}}],\"inLanguage\":\"pt-PT\"},{\"@type\":\"Person\",\"@id\":\"https:\/\/portaltela.pt\/#\/schema\/person\/c4278d4a6028830caff9ee44b42d32ed\",\"name\":\"Telinha\",\"image\":{\"@type\":\"ImageObject\",\"inLanguage\":\"pt-PT\",\"@id\":\"https:\/\/portaltela.pt\/s.01k8rhncp4jt1\/2025\/11\/talking-bot-125x125.png\",\"url\":\"https:\/\/portaltela.pt\/s.01k8rhncp4jt1\/2025\/11\/talking-bot-125x125.png\",\"contentUrl\":\"https:\/\/portaltela.pt\/s.01k8rhncp4jt1\/2025\/11\/talking-bot-125x125.png\",\"caption\":\"Telinha\"},\"sameAs\":[\"https:\/\/portaltela.pt\/\"],\"url\":\"https:\/\/portaltela.pt\/por\/367410592786\/\"}]}<\/script>\n<!-- \/ Yoast SEO plugin. -->","yoast_head_json":{"title":"Nascem tr\u00eas le\u00f5es num zool\u00f3gico alem\u00e3o - Portal Tela Portugal","robots":{"index":"index","follow":"follow","max-snippet":"max-snippet:-1","max-image-preview":"max-image-preview:large","max-video-preview":"max-video-preview:-1"},"og_locale":"pt_PT","og_type":"article","og_title":"Nascem tr\u00eas le\u00f5es num zool\u00f3gico alem\u00e3o - Portal Tela Portugal","og_description":"Tr\u00eas le\u00f5es rec\u00e9m-nascidos foram vistos a explorar pela primeira vez o recinto ao ar livre do zool\u00f3gico de Col\u00f3nia, Alemanha. A observa\u00e7\u00e3o ocorreu nesta quinta-feira.","og_url":"https:\/\/portaltela.pt\/noticias\/2026\/03\/05\/nascem-tres-leoes-num-zoologico-alemao\/","og_site_name":"Portal Tela Portugal","article_published_time":"2026-03-05T22:28:33+00:00","author":"Telinha","twitter_card":"summary_large_image","twitter_misc":{"Escrito por":"Telinha"},"schema":{"@context":"https:\/\/schema.org","@graph":[{"@type":"Article","@id":"https:\/\/portaltela.pt\/noticias\/2026\/03\/05\/nascem-tres-leoes-num-zoologico-alemao\/#article","isPartOf":{"@id":"https:\/\/portaltela.pt\/noticias\/2026\/03\/05\/nascem-tres-leoes-num-zoologico-alemao\/"},"author":{"name":"Telinha","@id":"https:\/\/portaltela.pt\/#\/schema\/person\/c4278d4a6028830caff9ee44b42d32ed"},"headline":"Nascem tr\u00eas le\u00f5es num zool\u00f3gico alem\u00e3o","datePublished":"2026-03-05T22:28:33+00:00","mainEntityOfPage":{"@id":"https:\/\/portaltela.pt\/noticias\/2026\/03\/05\/nascem-tres-leoes-num-zoologico-alemao\/"},"wordCount":86,"image":{"@id":"https:\/\/portaltela.pt\/noticias\/2026\/03\/05\/nascem-tres-leoes-num-zoologico-alemao\/#primaryimage"},"thumbnailUrl":"https:\/\/portaltela.pt\/s.01k8rhncp4jt1\/2026\/03\/img_1280x722uu2026-03-05-22-26-26-2270665.jpg","keywords":["Alemanha","animais","Col\u00f3nia","meio-ambiente"],"articleSection":["Internacional","Not\u00edcias"],"inLanguage":"pt-PT"},{"@type":"WebPage","@id":"https:\/\/portaltela.pt\/noticias\/2026\/03\/05\/nascem-tres-leoes-num-zoologico-alemao\/","url":"https:\/\/portaltela.pt\/noticias\/2026\/03\/05\/nascem-tres-leoes-num-zoologico-alemao\/","name":"Nascem tr\u00eas le\u00f5es num zool\u00f3gico alem\u00e3o - Portal Tela Portugal","isPartOf":{"@id":"https:\/\/portaltela.pt\/#website"},"primaryImageOfPage":{"@id":"https:\/\/portaltela.pt\/noticias\/2026\/03\/05\/nascem-tres-leoes-num-zoologico-alemao\/#primaryimage"},"image":{"@id":"https:\/\/portaltela.pt\/noticias\/2026\/03\/05\/nascem-tres-leoes-num-zoologico-alemao\/#primaryimage"},"thumbnailUrl":"https:\/\/portaltela.pt\/s.01k8rhncp4jt1\/2026\/03\/img_1280x722uu2026-03-05-22-26-26-2270665.jpg","datePublished":"2026-03-05T22:28:33+00:00","author":{"@id":"https:\/\/portaltela.pt\/#\/schema\/person\/c4278d4a6028830caff9ee44b42d32ed"},"breadcrumb":{"@id":"https:\/\/portaltela.pt\/noticias\/2026\/03\/05\/nascem-tres-leoes-num-zoologico-alemao\/#breadcrumb"},"inLanguage":"pt-PT","potentialAction":[{"@type":"ReadAction","target":["https:\/\/portaltela.pt\/noticias\/2026\/03\/05\/nascem-tres-leoes-num-zoologico-alemao\/"]}]},{"@type":"ImageObject","inLanguage":"pt-PT","@id":"https:\/\/portaltela.pt\/noticias\/2026\/03\/05\/nascem-tres-leoes-num-zoologico-alemao\/#primaryimage","url":"https:\/\/portaltela.pt\/s.01k8rhncp4jt1\/2026\/03\/img_1280x722uu2026-03-05-22-26-26-2270665.jpg","contentUrl":"https:\/\/portaltela.pt\/s.01k8rhncp4jt1\/2026\/03\/img_1280x722uu2026-03-05-22-26-26-2270665.jpg","width":796,"height":448,"caption":"Alerta fofura: nasceram tr\u00eas le\u00f5es num zool\u00f3gico alem\u00e3o"},{"@type":"BreadcrumbList","@id":"https:\/\/portaltela.pt\/noticias\/2026\/03\/05\/nascem-tres-leoes-num-zoologico-alemao\/#breadcrumb","itemListElement":[{"@type":"ListItem","position":1,"name":"In\u00edcio","item":"https:\/\/portaltela.pt\/"},{"@type":"ListItem","position":2,"name":"Nascem tr\u00eas le\u00f5es num zool\u00f3gico alem\u00e3o"}]},{"@type":"WebSite","@id":"https:\/\/portaltela.pt\/#website","url":"https:\/\/portaltela.pt\/","name":"Portal Tela Portugal","description":"","potentialAction":[{"@type":"SearchAction","target":{"@type":"EntryPoint","urlTemplate":"https:\/\/portaltela.pt\/?s={search_term_string}"},"query-input":{"@type":"PropertyValueSpecification","valueRequired":true,"valueName":"search_term_string"}}],"inLanguage":"pt-PT"},{"@type":"Person","@id":"https:\/\/portaltela.pt\/#\/schema\/person\/c4278d4a6028830caff9ee44b42d32ed","name":"Telinha","image":{"@type":"ImageObject","inLanguage":"pt-PT","@id":"https:\/\/portaltela.pt\/s.01k8rhncp4jt1\/2025\/11\/talking-bot-125x125.png","url":"https:\/\/portaltela.pt\/s.01k8rhncp4jt1\/2025\/11\/talking-bot-125x125.png","contentUrl":"https:\/\/portaltela.pt\/s.01k8rhncp4jt1\/2025\/11\/talking-bot-125x125.png","caption":"Telinha"},"sameAs":["https:\/\/portaltela.pt\/"],"url":"https:\/\/portaltela.pt\/por\/367410592786\/"}]}},"_links":{"self":[{"href":"https:\/\/portaltela.pt\/api\/wp\/v2\/posts\/399368","targetHints":{"allow":["GET"]}}],"collection":[{"href":"https:\/\/portaltela.pt\/api\/wp\/v2\/posts"}],"about":[{"href":"https:\/\/portaltela.pt\/api\/wp\/v2\/types\/post"}],"author":[{"embeddable":true,"href":"https:\/\/portaltela.pt\/api\/wp\/v2\/users\/2"}],"replies":[{"embeddable":true,"href":"https:\/\/portaltela.pt\/api\/wp\/v2\/comments?post=399368"}],"version-history":[{"count":0,"href":"https:\/\/portaltela.pt\/api\/wp\/v2\/posts\/399368\/revisions"}],"wp:featuredmedia":[{"embeddable":true,"href":"https:\/\/portaltela.pt\/api\/wp\/v2\/media\/399369"}],"wp:attachment":[{"href":"https:\/\/portaltela.pt\/api\/wp\/v2\/media?parent=399368"}],"wp:term":[{"taxonomy":"category","embeddable":true,"href":"https:\/\/portaltela.pt\/api\/wp\/v2\/categories?post=399368"},{"taxonomy":"post_tag","embeddable":true,"href":"https:\/\/portaltela.pt\/api\/wp\/v2\/tags?post=399368"}],"curies":[{"name":"wp","href":"https:\/\/api.w.org\/{rel}","templated":true}]}}