{"id":399365,"date":"2026-03-05T19:13:00","date_gmt":"2026-03-05T22:13:00","guid":{"rendered":"https:\/\/portaltela.pt\/noticias\/2026\/03\/05\/mulher-de-97-anos-morre-em-incendio-em-almeirim\/"},"modified":"2026-03-05T19:13:00","modified_gmt":"2026-03-05T22:13:00","slug":"mulher-de-97-anos-morre-em-incendio-em-almeirim","status":"publish","type":"post","link":"https:\/\/portaltela.pt\/noticias\/politica\/2026\/03\/05\/mulher-de-97-anos-morre-em-incendio-em-almeirim\/","title":{"rendered":"Mulher de 97 anos morre em inc\u00eandio em Almeirim"},"content":{"rendered":"<p>Dois ou tr\u00eas par\u00e1grafos introdut\u00f3rios antes de qualquer subt\u00edtulo:<\/p>\n<p>Uma habita\u00e7\u00e3o em Fazendas de Almeirim ficou totalmente tomada pelas chamas, resultando na morte de uma mulher de 97 anos. O alerta foi dado \u00e0s 19h39, na Rua dos Piricas. A v\u00edtima encontrava-se sozinha em casa e n\u00e3o resistiu aos ferimentos.<\/p>\n<p>Segundo informa\u00e7\u00f5es da fonte local, o fogo teve in\u00edcio numa \u00e1rea anexa da casa, conhecida como a &#8220;casinha do lume&#8221;, onde havia uma fogueira que se espalhou para o edif\u00edcio. Ningu\u00e9m mais ficou ferido.<\/p>\n<p>Ao chegar ao local, os bombeiros volunt\u00e1rios de Almeirim, apoiados pela GNR, encontraram a habita\u00e7\u00e3o j\u00e1 em combust\u00e3o total. Foram mobilizados 15 operacionais e seis viaturas para combate ao inc\u00eandio. A investiga\u00e7\u00e3o ficar\u00e1 a cargo do N\u00facleo de Investiga\u00e7\u00e3o Criminal da GNR.<\/p>\n<h3>Investiga\u00e7\u00e3o<\/h3>\n<p>As circunst\u00e2ncias do inc\u00eandio est\u00e3o a ser apuradas pela GNR, com foco na origem da fogueira e na poss\u00edvel rela\u00e7\u00e3o com a \u201ccasinha do lume\u201d. N\u00e3o h\u00e1 revela\u00e7\u00f5es sobre eventuais respons\u00e1veis ou fatores contributivos at\u00e9 ao momento.<\/p>\n<h3>Contexto adicional<\/h3>\n<p>As autoridades v\u00e3o analisar vest\u00edgios, recolher depoimentos e confirmar se houve falhas de seguran\u00e7a ou de manuten\u00e7\u00e3o. O caso est\u00e1 a ser tratado como uma ocorr\u00eancia de inc\u00eandio, com foco na prote\u00e7\u00e3o de residentes idosos.<\/p>\n","protected":false},"excerpt":{"rendered":"<ul>\n<li>O alerta de inc\u00eandio na Rua dos Piricas, Fazendas de Almeirim, foi dado \u00e0s 19h39.<\/li>\n<li>Ao chegar, a habita\u00e7\u00e3o j\u00e1 estava em chamas; a v\u00edtima, uma mulher de 97 anos, encontrava-se sozinha e n\u00e3o foi resgatada com vida.<\/li>\n<li>A idosa encontrava-se num anexo, conhecido como &#8220;casinha do lume&#8221;, onde estava acesa uma fogueira que se voltou a fogo.<\/li>\n<li>Participaram quinze operacionais, entre Bombeiros Volunt\u00e1rios de Almeirim e Guarda Nacional Republicana, apoiados por seis viaturas.<\/li>\n<li>O caso fica a cargo do N\u00facleo de Investiga\u00e7\u00e3o Criminal da Guarda Nacional Republicana.<\/li>\n<\/ul>\n","protected":false},"author":2,"featured_media":399367,"comment_status":"closed","ping_status":"closed","sticky":false,"template":"","format":"standard","meta":{"footnotes":""},"categories":[1,5],"tags":[1457,150,2736,1438,6429],"class_list":["post-399365","post","type-post","status-publish","format-standard","has-post-thumbnail","hentry","category-noticias","category-politica","tag-almeirim","tag-habitacao","tag-idosos","tag-incendio","tag-mortes"],"yoast_head":"<!-- This site is optimized with the Yoast SEO plugin v27.2 - https:\/\/yoast.com\/product\/yoast-seo-wordpress\/ -->\n<title>Mulher de 97 anos morre em inc\u00eandio em Almeirim - Portal Tela Portugal<\/title>\n<meta name=\"robots\" content=\"index, follow, max-snippet:-1, max-image-preview:large, max-video-preview:-1\" \/>\n<meta property=\"og:locale\" content=\"pt_PT\" \/>\n<meta property=\"og:type\" content=\"article\" \/>\n<meta property=\"og:title\" content=\"Mulher de 97 anos morre em inc\u00eandio em Almeirim - Portal Tela Portugal\" \/>\n<meta property=\"og:description\" content=\"O alerta de inc\u00eandio na Rua dos Piricas, Fazendas de Almeirim, foi dado \u00e0s 19h39. Ao chegar, a habita\u00e7\u00e3o j\u00e1 estava em chamas; a v\u00edtima, uma mulher de 97 anos, encontrava-se sozinha e n\u00e3o foi resgatada com vida. A idosa encontrava-se num anexo, conhecido como &quot;casinha do lume&quot;, onde estava acesa uma fogueira que se voltou a fogo. Participaram quinze operacionais, entre Bombeiros Volunt\u00e1rios de Almeirim e Guarda Nacional Republicana, apoiados por seis viaturas. O caso fica a cargo do N\u00facleo de Investiga\u00e7\u00e3o Criminal da Guarda Nacional Republicana.\" \/>\n<meta property=\"og:url\" content=\"https:\/\/portaltela.pt\/noticias\/2026\/03\/05\/mulher-de-97-anos-morre-em-incendio-em-almeirim\/\" \/>\n<meta property=\"og:site_name\" content=\"Portal Tela Portugal\" \/>\n<meta property=\"article:published_time\" content=\"2026-03-05T22:13:00+00:00\" \/>\n<meta name=\"author\" content=\"Telinha\" \/>\n<meta name=\"twitter:card\" content=\"summary_large_image\" \/>\n<meta name=\"twitter:label1\" content=\"Escrito por\" \/>\n\t<meta name=\"twitter:data1\" content=\"Telinha\" \/>\n\t<meta name=\"twitter:label2\" content=\"Tempo estimado de leitura\" \/>\n\t<meta name=\"twitter:data2\" content=\"1 minuto\" \/>\n<script type=\"application\/ld+json\" class=\"yoast-schema-graph\">{\"@context\":\"https:\/\/schema.org\",\"@graph\":[{\"@type\":\"Article\",\"@id\":\"https:\/\/portaltela.pt\/noticias\/2026\/03\/05\/mulher-de-97-anos-morre-em-incendio-em-almeirim\/#article\",\"isPartOf\":{\"@id\":\"https:\/\/portaltela.pt\/noticias\/2026\/03\/05\/mulher-de-97-anos-morre-em-incendio-em-almeirim\/\"},\"author\":{\"name\":\"Telinha\",\"@id\":\"https:\/\/portaltela.pt\/#\/schema\/person\/c4278d4a6028830caff9ee44b42d32ed\"},\"headline\":\"Mulher de 97 anos morre em inc\u00eandio em Almeirim\",\"datePublished\":\"2026-03-05T22:13:00+00:00\",\"mainEntityOfPage\":{\"@id\":\"https:\/\/portaltela.pt\/noticias\/2026\/03\/05\/mulher-de-97-anos-morre-em-incendio-em-almeirim\/\"},\"wordCount\":242,\"image\":{\"@id\":\"https:\/\/portaltela.pt\/noticias\/2026\/03\/05\/mulher-de-97-anos-morre-em-incendio-em-almeirim\/#primaryimage\"},\"thumbnailUrl\":\"https:\/\/portaltela.pt\/s.01k8rhncp4jt1\/2026\/03\/image-342.jpg\",\"keywords\":[\"Almeirim\",\"habita\u00e7\u00e3o\",\"idosos\",\"inc\u00eandio\",\"mortes\"],\"articleSection\":[\"Not\u00edcias\",\"Pol\u00edtica\"],\"inLanguage\":\"pt-PT\"},{\"@type\":\"WebPage\",\"@id\":\"https:\/\/portaltela.pt\/noticias\/2026\/03\/05\/mulher-de-97-anos-morre-em-incendio-em-almeirim\/\",\"url\":\"https:\/\/portaltela.pt\/noticias\/2026\/03\/05\/mulher-de-97-anos-morre-em-incendio-em-almeirim\/\",\"name\":\"Mulher de 97 anos morre em inc\u00eandio em Almeirim - Portal Tela Portugal\",\"isPartOf\":{\"@id\":\"https:\/\/portaltela.pt\/#website\"},\"primaryImageOfPage\":{\"@id\":\"https:\/\/portaltela.pt\/noticias\/2026\/03\/05\/mulher-de-97-anos-morre-em-incendio-em-almeirim\/#primaryimage\"},\"image\":{\"@id\":\"https:\/\/portaltela.pt\/noticias\/2026\/03\/05\/mulher-de-97-anos-morre-em-incendio-em-almeirim\/#primaryimage\"},\"thumbnailUrl\":\"https:\/\/portaltela.pt\/s.01k8rhncp4jt1\/2026\/03\/image-342.jpg\",\"datePublished\":\"2026-03-05T22:13:00+00:00\",\"author\":{\"@id\":\"https:\/\/portaltela.pt\/#\/schema\/person\/c4278d4a6028830caff9ee44b42d32ed\"},\"breadcrumb\":{\"@id\":\"https:\/\/portaltela.pt\/noticias\/2026\/03\/05\/mulher-de-97-anos-morre-em-incendio-em-almeirim\/#breadcrumb\"},\"inLanguage\":\"pt-PT\",\"potentialAction\":[{\"@type\":\"ReadAction\",\"target\":[\"https:\/\/portaltela.pt\/noticias\/2026\/03\/05\/mulher-de-97-anos-morre-em-incendio-em-almeirim\/\"]}]},{\"@type\":\"ImageObject\",\"inLanguage\":\"pt-PT\",\"@id\":\"https:\/\/portaltela.pt\/noticias\/2026\/03\/05\/mulher-de-97-anos-morre-em-incendio-em-almeirim\/#primaryimage\",\"url\":\"https:\/\/portaltela.pt\/s.01k8rhncp4jt1\/2026\/03\/image-342.jpg\",\"contentUrl\":\"https:\/\/portaltela.pt\/s.01k8rhncp4jt1\/2026\/03\/image-342.jpg\",\"width\":796,\"height\":448,\"caption\":\"Bombeiros de Almeirim acorreram ao local\"},{\"@type\":\"BreadcrumbList\",\"@id\":\"https:\/\/portaltela.pt\/noticias\/2026\/03\/05\/mulher-de-97-anos-morre-em-incendio-em-almeirim\/#breadcrumb\",\"itemListElement\":[{\"@type\":\"ListItem\",\"position\":1,\"name\":\"In\u00edcio\",\"item\":\"https:\/\/portaltela.pt\/\"},{\"@type\":\"ListItem\",\"position\":2,\"name\":\"Mulher de 97 anos morre em inc\u00eandio em Almeirim\"}]},{\"@type\":\"WebSite\",\"@id\":\"https:\/\/portaltela.pt\/#website\",\"url\":\"https:\/\/portaltela.pt\/\",\"name\":\"Portal Tela Portugal\",\"description\":\"\",\"potentialAction\":[{\"@type\":\"SearchAction\",\"target\":{\"@type\":\"EntryPoint\",\"urlTemplate\":\"https:\/\/portaltela.pt\/?s={search_term_string}\"},\"query-input\":{\"@type\":\"PropertyValueSpecification\",\"valueRequired\":true,\"valueName\":\"search_term_string\"}}],\"inLanguage\":\"pt-PT\"},{\"@type\":\"Person\",\"@id\":\"https:\/\/portaltela.pt\/#\/schema\/person\/c4278d4a6028830caff9ee44b42d32ed\",\"name\":\"Telinha\",\"image\":{\"@type\":\"ImageObject\",\"inLanguage\":\"pt-PT\",\"@id\":\"https:\/\/portaltela.pt\/s.01k8rhncp4jt1\/2025\/11\/talking-bot-125x125.png\",\"url\":\"https:\/\/portaltela.pt\/s.01k8rhncp4jt1\/2025\/11\/talking-bot-125x125.png\",\"contentUrl\":\"https:\/\/portaltela.pt\/s.01k8rhncp4jt1\/2025\/11\/talking-bot-125x125.png\",\"caption\":\"Telinha\"},\"sameAs\":[\"https:\/\/portaltela.pt\/\"],\"url\":\"https:\/\/portaltela.pt\/por\/367410592786\/\"}]}<\/script>\n<!-- \/ Yoast SEO plugin. -->","yoast_head_json":{"title":"Mulher de 97 anos morre em inc\u00eandio em Almeirim - Portal Tela Portugal","robots":{"index":"index","follow":"follow","max-snippet":"max-snippet:-1","max-image-preview":"max-image-preview:large","max-video-preview":"max-video-preview:-1"},"og_locale":"pt_PT","og_type":"article","og_title":"Mulher de 97 anos morre em inc\u00eandio em Almeirim - Portal Tela Portugal","og_description":"O alerta de inc\u00eandio na Rua dos Piricas, Fazendas de Almeirim, foi dado \u00e0s 19h39. Ao chegar, a habita\u00e7\u00e3o j\u00e1 estava em chamas; a v\u00edtima, uma mulher de 97 anos, encontrava-se sozinha e n\u00e3o foi resgatada com vida. A idosa encontrava-se num anexo, conhecido como \"casinha do lume\", onde estava acesa uma fogueira que se voltou a fogo. Participaram quinze operacionais, entre Bombeiros Volunt\u00e1rios de Almeirim e Guarda Nacional Republicana, apoiados por seis viaturas. O caso fica a cargo do N\u00facleo de Investiga\u00e7\u00e3o Criminal da Guarda Nacional Republicana.","og_url":"https:\/\/portaltela.pt\/noticias\/2026\/03\/05\/mulher-de-97-anos-morre-em-incendio-em-almeirim\/","og_site_name":"Portal Tela Portugal","article_published_time":"2026-03-05T22:13:00+00:00","author":"Telinha","twitter_card":"summary_large_image","twitter_misc":{"Escrito por":"Telinha","Tempo estimado de leitura":"1 minuto"},"schema":{"@context":"https:\/\/schema.org","@graph":[{"@type":"Article","@id":"https:\/\/portaltela.pt\/noticias\/2026\/03\/05\/mulher-de-97-anos-morre-em-incendio-em-almeirim\/#article","isPartOf":{"@id":"https:\/\/portaltela.pt\/noticias\/2026\/03\/05\/mulher-de-97-anos-morre-em-incendio-em-almeirim\/"},"author":{"name":"Telinha","@id":"https:\/\/portaltela.pt\/#\/schema\/person\/c4278d4a6028830caff9ee44b42d32ed"},"headline":"Mulher de 97 anos morre em inc\u00eandio em Almeirim","datePublished":"2026-03-05T22:13:00+00:00","mainEntityOfPage":{"@id":"https:\/\/portaltela.pt\/noticias\/2026\/03\/05\/mulher-de-97-anos-morre-em-incendio-em-almeirim\/"},"wordCount":242,"image":{"@id":"https:\/\/portaltela.pt\/noticias\/2026\/03\/05\/mulher-de-97-anos-morre-em-incendio-em-almeirim\/#primaryimage"},"thumbnailUrl":"https:\/\/portaltela.pt\/s.01k8rhncp4jt1\/2026\/03\/image-342.jpg","keywords":["Almeirim","habita\u00e7\u00e3o","idosos","inc\u00eandio","mortes"],"articleSection":["Not\u00edcias","Pol\u00edtica"],"inLanguage":"pt-PT"},{"@type":"WebPage","@id":"https:\/\/portaltela.pt\/noticias\/2026\/03\/05\/mulher-de-97-anos-morre-em-incendio-em-almeirim\/","url":"https:\/\/portaltela.pt\/noticias\/2026\/03\/05\/mulher-de-97-anos-morre-em-incendio-em-almeirim\/","name":"Mulher de 97 anos morre em inc\u00eandio em Almeirim - Portal Tela Portugal","isPartOf":{"@id":"https:\/\/portaltela.pt\/#website"},"primaryImageOfPage":{"@id":"https:\/\/portaltela.pt\/noticias\/2026\/03\/05\/mulher-de-97-anos-morre-em-incendio-em-almeirim\/#primaryimage"},"image":{"@id":"https:\/\/portaltela.pt\/noticias\/2026\/03\/05\/mulher-de-97-anos-morre-em-incendio-em-almeirim\/#primaryimage"},"thumbnailUrl":"https:\/\/portaltela.pt\/s.01k8rhncp4jt1\/2026\/03\/image-342.jpg","datePublished":"2026-03-05T22:13:00+00:00","author":{"@id":"https:\/\/portaltela.pt\/#\/schema\/person\/c4278d4a6028830caff9ee44b42d32ed"},"breadcrumb":{"@id":"https:\/\/portaltela.pt\/noticias\/2026\/03\/05\/mulher-de-97-anos-morre-em-incendio-em-almeirim\/#breadcrumb"},"inLanguage":"pt-PT","potentialAction":[{"@type":"ReadAction","target":["https:\/\/portaltela.pt\/noticias\/2026\/03\/05\/mulher-de-97-anos-morre-em-incendio-em-almeirim\/"]}]},{"@type":"ImageObject","inLanguage":"pt-PT","@id":"https:\/\/portaltela.pt\/noticias\/2026\/03\/05\/mulher-de-97-anos-morre-em-incendio-em-almeirim\/#primaryimage","url":"https:\/\/portaltela.pt\/s.01k8rhncp4jt1\/2026\/03\/image-342.jpg","contentUrl":"https:\/\/portaltela.pt\/s.01k8rhncp4jt1\/2026\/03\/image-342.jpg","width":796,"height":448,"caption":"Bombeiros de Almeirim acorreram ao local"},{"@type":"BreadcrumbList","@id":"https:\/\/portaltela.pt\/noticias\/2026\/03\/05\/mulher-de-97-anos-morre-em-incendio-em-almeirim\/#breadcrumb","itemListElement":[{"@type":"ListItem","position":1,"name":"In\u00edcio","item":"https:\/\/portaltela.pt\/"},{"@type":"ListItem","position":2,"name":"Mulher de 97 anos morre em inc\u00eandio em Almeirim"}]},{"@type":"WebSite","@id":"https:\/\/portaltela.pt\/#website","url":"https:\/\/portaltela.pt\/","name":"Portal Tela Portugal","description":"","potentialAction":[{"@type":"SearchAction","target":{"@type":"EntryPoint","urlTemplate":"https:\/\/portaltela.pt\/?s={search_term_string}"},"query-input":{"@type":"PropertyValueSpecification","valueRequired":true,"valueName":"search_term_string"}}],"inLanguage":"pt-PT"},{"@type":"Person","@id":"https:\/\/portaltela.pt\/#\/schema\/person\/c4278d4a6028830caff9ee44b42d32ed","name":"Telinha","image":{"@type":"ImageObject","inLanguage":"pt-PT","@id":"https:\/\/portaltela.pt\/s.01k8rhncp4jt1\/2025\/11\/talking-bot-125x125.png","url":"https:\/\/portaltela.pt\/s.01k8rhncp4jt1\/2025\/11\/talking-bot-125x125.png","contentUrl":"https:\/\/portaltela.pt\/s.01k8rhncp4jt1\/2025\/11\/talking-bot-125x125.png","caption":"Telinha"},"sameAs":["https:\/\/portaltela.pt\/"],"url":"https:\/\/portaltela.pt\/por\/367410592786\/"}]}},"_links":{"self":[{"href":"https:\/\/portaltela.pt\/api\/wp\/v2\/posts\/399365","targetHints":{"allow":["GET"]}}],"collection":[{"href":"https:\/\/portaltela.pt\/api\/wp\/v2\/posts"}],"about":[{"href":"https:\/\/portaltela.pt\/api\/wp\/v2\/types\/post"}],"author":[{"embeddable":true,"href":"https:\/\/portaltela.pt\/api\/wp\/v2\/users\/2"}],"replies":[{"embeddable":true,"href":"https:\/\/portaltela.pt\/api\/wp\/v2\/comments?post=399365"}],"version-history":[{"count":0,"href":"https:\/\/portaltela.pt\/api\/wp\/v2\/posts\/399365\/revisions"}],"wp:featuredmedia":[{"embeddable":true,"href":"https:\/\/portaltela.pt\/api\/wp\/v2\/media\/399367"}],"wp:attachment":[{"href":"https:\/\/portaltela.pt\/api\/wp\/v2\/media?parent=399365"}],"wp:term":[{"taxonomy":"category","embeddable":true,"href":"https:\/\/portaltela.pt\/api\/wp\/v2\/categories?post=399365"},{"taxonomy":"post_tag","embeddable":true,"href":"https:\/\/portaltela.pt\/api\/wp\/v2\/tags?post=399365"}],"curies":[{"name":"wp","href":"https:\/\/api.w.org\/{rel}","templated":true}]}}