{"id":399357,"date":"2026-03-05T19:02:00","date_gmt":"2026-03-05T22:02:00","guid":{"rendered":"https:\/\/portaltela.pt\/noticias\/2026\/03\/05\/ines-heredia-divorciada-de-gabriela-sobral-comenta-novo-relacionamento\/"},"modified":"2026-03-05T19:02:00","modified_gmt":"2026-03-05T22:02:00","slug":"ines-heredia-divorciada-de-gabriela-sobral-comenta-novo-relacionamento","status":"publish","type":"post","link":"https:\/\/portaltela.pt\/celebridades\/2026\/03\/05\/ines-heredia-divorciada-de-gabriela-sobral-comenta-novo-relacionamento\/","title":{"rendered":"In\u00eas Her\u00e9dia, divorciada de Gabriela Sobral, comenta novo relacionamento"},"content":{"rendered":"<p>A atriz In\u00eas Her\u00e9dia est\u00e1 divorciada de Gabriela Sobral h\u00e1 nove meses, ap\u00f3s sete anos de casamento. A confirma\u00e7\u00e3o chega num contexto em que a artista evita entrar em detalhes sobre a vida pessoal.<\/p>\n<p>O casal \u00e9 pai de g\u00e9meos, Lu\u00eds e Tom\u00e1s, de 7 anos. O processo de separa\u00e7\u00e3o foi anunciado publicamente no final do \u00faltimo ano, mantendo-se, at\u00e9 ao momento, sem novos pormenores sobre o desfecho.<\/p>\n<p>Questionada pela TV Guia, In\u00eas n\u00e3o negou estar envolvida, mas tamb\u00e9m n\u00e3o confirmou. A artista afirmou estar suficientemente bem para enfrentar o presente e progredir na vida pessoal.<\/p>\n<h3>Novo relacionamento<\/h3>\n<p>Amigos pr\u00f3ximos referiram \u00e0 mesma publica\u00e7\u00e3o que In\u00eas tem conhecido pessoas novas. N\u00e3o houve indica\u00e7\u00f5es p\u00fablicas de compromisso, apenas a leitura de que a atriz est\u00e1 aberta a novas experi\u00eancias afetivas.<\/p>\n<p>O contexto familiar permanece est\u00e1vel, com os g\u00e9meos a manterem-se no centro da vida de In\u00eas, enquanto a atriz cresce profissionalmente em novos projetos. A todo o momento, n\u00e3o foram divulgadas declara\u00e7\u00f5es adicionais.<\/p>\n","protected":false},"excerpt":{"rendered":"<ul>\n<li>In\u00eas Her\u00e9dia est\u00e1 divorciada de Gabriela Sobral h\u00e1 nove meses, ap\u00f3s sete anos de casamento.<\/li>\n<li>A atriz de 36 anos pode estar a viver uma nova paix\u00e3o, mas n\u00e3o confirmou detalhes sobre a vida amorosa.<\/li>\n<li>Em entrevista \u00e0 TV Guia, ela n\u00e3o negou ter um novo amor e disse: &#8220;Estou bem. Muito bem mesmo&#8221;, antes de cantar &#8220;o amor \u00e9 assim&#8230;&#8221;.<\/li>\n<li>Amigos disseram \u00e0 revista que ela tem conhecido pessoas.<\/li>\n<li>In\u00eas Her\u00e9dia e Gabriela Sobral s\u00e3o m\u00e3es de g\u00e9meos, Lu\u00eds e Tom\u00e1s, de 7 anos.<\/li>\n<\/ul>\n","protected":false},"author":2,"featured_media":399359,"comment_status":"closed","ping_status":"closed","sticky":false,"template":"","format":"standard","meta":{"footnotes":""},"categories":[6675],"tags":[76,64,132,40,5661],"class_list":["post-399357","post","type-post","status-publish","format-standard","has-post-thumbnail","hentry","category-celebridades","tag-celebridades","tag-familia","tag-filhos","tag-pessoas","tag-pessoas-publicas"],"yoast_head":"<!-- This site is optimized with the Yoast SEO plugin v27.2 - https:\/\/yoast.com\/product\/yoast-seo-wordpress\/ -->\n<title>In\u00eas Her\u00e9dia, divorciada de Gabriela Sobral, comenta novo relacionamento - Portal Tela Portugal<\/title>\n<meta name=\"robots\" content=\"index, follow, max-snippet:-1, max-image-preview:large, max-video-preview:-1\" \/>\n<meta property=\"og:locale\" content=\"pt_PT\" \/>\n<meta property=\"og:type\" content=\"article\" \/>\n<meta property=\"og:title\" content=\"In\u00eas Her\u00e9dia, divorciada de Gabriela Sobral, comenta novo relacionamento - Portal Tela Portugal\" \/>\n<meta property=\"og:description\" content=\"In\u00eas Her\u00e9dia est\u00e1 divorciada de Gabriela Sobral h\u00e1 nove meses, ap\u00f3s sete anos de casamento. A atriz de 36 anos pode estar a viver uma nova paix\u00e3o, mas n\u00e3o confirmou detalhes sobre a vida amorosa. Em entrevista \u00e0 TV Guia, ela n\u00e3o negou ter um novo amor e disse: &quot;Estou bem. Muito bem mesmo&quot;, antes de cantar &quot;o amor \u00e9 assim...&quot;. Amigos disseram \u00e0 revista que ela tem conhecido pessoas. In\u00eas Her\u00e9dia e Gabriela Sobral s\u00e3o m\u00e3es de g\u00e9meos, Lu\u00eds e Tom\u00e1s, de 7 anos.\" \/>\n<meta property=\"og:url\" content=\"https:\/\/portaltela.pt\/noticias\/2026\/03\/05\/ines-heredia-divorciada-de-gabriela-sobral-comenta-novo-relacionamento\/\" \/>\n<meta property=\"og:site_name\" content=\"Portal Tela Portugal\" \/>\n<meta property=\"article:published_time\" content=\"2026-03-05T22:02:00+00:00\" \/>\n<meta name=\"author\" content=\"Telinha\" \/>\n<meta name=\"twitter:card\" content=\"summary_large_image\" \/>\n<meta name=\"twitter:label1\" content=\"Escrito por\" \/>\n\t<meta name=\"twitter:data1\" content=\"Telinha\" \/>\n\t<meta name=\"twitter:label2\" content=\"Tempo estimado de leitura\" \/>\n\t<meta name=\"twitter:data2\" content=\"1 minuto\" \/>\n<script type=\"application\/ld+json\" class=\"yoast-schema-graph\">{\"@context\":\"https:\/\/schema.org\",\"@graph\":[{\"@type\":\"Article\",\"@id\":\"https:\/\/portaltela.pt\/noticias\/2026\/03\/05\/ines-heredia-divorciada-de-gabriela-sobral-comenta-novo-relacionamento\/#article\",\"isPartOf\":{\"@id\":\"https:\/\/portaltela.pt\/noticias\/2026\/03\/05\/ines-heredia-divorciada-de-gabriela-sobral-comenta-novo-relacionamento\/\"},\"author\":{\"name\":\"Telinha\",\"@id\":\"https:\/\/portaltela.pt\/#\/schema\/person\/c4278d4a6028830caff9ee44b42d32ed\"},\"headline\":\"In\u00eas Her\u00e9dia, divorciada de Gabriela Sobral, comenta novo relacionamento\",\"datePublished\":\"2026-03-05T22:02:00+00:00\",\"mainEntityOfPage\":{\"@id\":\"https:\/\/portaltela.pt\/noticias\/2026\/03\/05\/ines-heredia-divorciada-de-gabriela-sobral-comenta-novo-relacionamento\/\"},\"wordCount\":194,\"image\":{\"@id\":\"https:\/\/portaltela.pt\/noticias\/2026\/03\/05\/ines-heredia-divorciada-de-gabriela-sobral-comenta-novo-relacionamento\/#primaryimage\"},\"thumbnailUrl\":\"https:\/\/portaltela.pt\/s.01k8rhncp4jt1\/2026\/03\/img_1280x718uu2025-07-22-11-07-36-2224295-im-638887793174586474.jpg\",\"keywords\":[\"celebridades\",\"fam\u00edlia\",\"filhos\",\"pessoas\",\"pessoas p\u00fablicas\"],\"articleSection\":[\"Celebridades\"],\"inLanguage\":\"pt-PT\"},{\"@type\":\"WebPage\",\"@id\":\"https:\/\/portaltela.pt\/noticias\/2026\/03\/05\/ines-heredia-divorciada-de-gabriela-sobral-comenta-novo-relacionamento\/\",\"url\":\"https:\/\/portaltela.pt\/noticias\/2026\/03\/05\/ines-heredia-divorciada-de-gabriela-sobral-comenta-novo-relacionamento\/\",\"name\":\"In\u00eas Her\u00e9dia, divorciada de Gabriela Sobral, comenta novo relacionamento - Portal Tela Portugal\",\"isPartOf\":{\"@id\":\"https:\/\/portaltela.pt\/#website\"},\"primaryImageOfPage\":{\"@id\":\"https:\/\/portaltela.pt\/noticias\/2026\/03\/05\/ines-heredia-divorciada-de-gabriela-sobral-comenta-novo-relacionamento\/#primaryimage\"},\"image\":{\"@id\":\"https:\/\/portaltela.pt\/noticias\/2026\/03\/05\/ines-heredia-divorciada-de-gabriela-sobral-comenta-novo-relacionamento\/#primaryimage\"},\"thumbnailUrl\":\"https:\/\/portaltela.pt\/s.01k8rhncp4jt1\/2026\/03\/img_1280x718uu2025-07-22-11-07-36-2224295-im-638887793174586474.jpg\",\"datePublished\":\"2026-03-05T22:02:00+00:00\",\"author\":{\"@id\":\"https:\/\/portaltela.pt\/#\/schema\/person\/c4278d4a6028830caff9ee44b42d32ed\"},\"breadcrumb\":{\"@id\":\"https:\/\/portaltela.pt\/noticias\/2026\/03\/05\/ines-heredia-divorciada-de-gabriela-sobral-comenta-novo-relacionamento\/#breadcrumb\"},\"inLanguage\":\"pt-PT\",\"potentialAction\":[{\"@type\":\"ReadAction\",\"target\":[\"https:\/\/portaltela.pt\/noticias\/2026\/03\/05\/ines-heredia-divorciada-de-gabriela-sobral-comenta-novo-relacionamento\/\"]}]},{\"@type\":\"ImageObject\",\"inLanguage\":\"pt-PT\",\"@id\":\"https:\/\/portaltela.pt\/noticias\/2026\/03\/05\/ines-heredia-divorciada-de-gabriela-sobral-comenta-novo-relacionamento\/#primaryimage\",\"url\":\"https:\/\/portaltela.pt\/s.01k8rhncp4jt1\/2026\/03\/img_1280x718uu2025-07-22-11-07-36-2224295-im-638887793174586474.jpg\",\"contentUrl\":\"https:\/\/portaltela.pt\/s.01k8rhncp4jt1\/2026\/03\/img_1280x718uu2025-07-22-11-07-36-2224295-im-638887793174586474.jpg\",\"width\":1280,\"height\":718,\"caption\":\"Photo\"},{\"@type\":\"BreadcrumbList\",\"@id\":\"https:\/\/portaltela.pt\/noticias\/2026\/03\/05\/ines-heredia-divorciada-de-gabriela-sobral-comenta-novo-relacionamento\/#breadcrumb\",\"itemListElement\":[{\"@type\":\"ListItem\",\"position\":1,\"name\":\"In\u00edcio\",\"item\":\"https:\/\/portaltela.pt\/\"},{\"@type\":\"ListItem\",\"position\":2,\"name\":\"In\u00eas Her\u00e9dia, divorciada de Gabriela Sobral, comenta novo relacionamento\"}]},{\"@type\":\"WebSite\",\"@id\":\"https:\/\/portaltela.pt\/#website\",\"url\":\"https:\/\/portaltela.pt\/\",\"name\":\"Portal Tela Portugal\",\"description\":\"\",\"potentialAction\":[{\"@type\":\"SearchAction\",\"target\":{\"@type\":\"EntryPoint\",\"urlTemplate\":\"https:\/\/portaltela.pt\/?s={search_term_string}\"},\"query-input\":{\"@type\":\"PropertyValueSpecification\",\"valueRequired\":true,\"valueName\":\"search_term_string\"}}],\"inLanguage\":\"pt-PT\"},{\"@type\":\"Person\",\"@id\":\"https:\/\/portaltela.pt\/#\/schema\/person\/c4278d4a6028830caff9ee44b42d32ed\",\"name\":\"Telinha\",\"image\":{\"@type\":\"ImageObject\",\"inLanguage\":\"pt-PT\",\"@id\":\"https:\/\/portaltela.pt\/s.01k8rhncp4jt1\/2025\/11\/talking-bot-125x125.png\",\"url\":\"https:\/\/portaltela.pt\/s.01k8rhncp4jt1\/2025\/11\/talking-bot-125x125.png\",\"contentUrl\":\"https:\/\/portaltela.pt\/s.01k8rhncp4jt1\/2025\/11\/talking-bot-125x125.png\",\"caption\":\"Telinha\"},\"sameAs\":[\"https:\/\/portaltela.pt\/\"],\"url\":\"https:\/\/portaltela.pt\/por\/367410592786\/\"}]}<\/script>\n<!-- \/ Yoast SEO plugin. -->","yoast_head_json":{"title":"In\u00eas Her\u00e9dia, divorciada de Gabriela Sobral, comenta novo relacionamento - Portal Tela Portugal","robots":{"index":"index","follow":"follow","max-snippet":"max-snippet:-1","max-image-preview":"max-image-preview:large","max-video-preview":"max-video-preview:-1"},"og_locale":"pt_PT","og_type":"article","og_title":"In\u00eas Her\u00e9dia, divorciada de Gabriela Sobral, comenta novo relacionamento - Portal Tela Portugal","og_description":"In\u00eas Her\u00e9dia est\u00e1 divorciada de Gabriela Sobral h\u00e1 nove meses, ap\u00f3s sete anos de casamento. A atriz de 36 anos pode estar a viver uma nova paix\u00e3o, mas n\u00e3o confirmou detalhes sobre a vida amorosa. Em entrevista \u00e0 TV Guia, ela n\u00e3o negou ter um novo amor e disse: \"Estou bem. Muito bem mesmo\", antes de cantar \"o amor \u00e9 assim...\". Amigos disseram \u00e0 revista que ela tem conhecido pessoas. In\u00eas Her\u00e9dia e Gabriela Sobral s\u00e3o m\u00e3es de g\u00e9meos, Lu\u00eds e Tom\u00e1s, de 7 anos.","og_url":"https:\/\/portaltela.pt\/noticias\/2026\/03\/05\/ines-heredia-divorciada-de-gabriela-sobral-comenta-novo-relacionamento\/","og_site_name":"Portal Tela Portugal","article_published_time":"2026-03-05T22:02:00+00:00","author":"Telinha","twitter_card":"summary_large_image","twitter_misc":{"Escrito por":"Telinha","Tempo estimado de leitura":"1 minuto"},"schema":{"@context":"https:\/\/schema.org","@graph":[{"@type":"Article","@id":"https:\/\/portaltela.pt\/noticias\/2026\/03\/05\/ines-heredia-divorciada-de-gabriela-sobral-comenta-novo-relacionamento\/#article","isPartOf":{"@id":"https:\/\/portaltela.pt\/noticias\/2026\/03\/05\/ines-heredia-divorciada-de-gabriela-sobral-comenta-novo-relacionamento\/"},"author":{"name":"Telinha","@id":"https:\/\/portaltela.pt\/#\/schema\/person\/c4278d4a6028830caff9ee44b42d32ed"},"headline":"In\u00eas Her\u00e9dia, divorciada de Gabriela Sobral, comenta novo relacionamento","datePublished":"2026-03-05T22:02:00+00:00","mainEntityOfPage":{"@id":"https:\/\/portaltela.pt\/noticias\/2026\/03\/05\/ines-heredia-divorciada-de-gabriela-sobral-comenta-novo-relacionamento\/"},"wordCount":194,"image":{"@id":"https:\/\/portaltela.pt\/noticias\/2026\/03\/05\/ines-heredia-divorciada-de-gabriela-sobral-comenta-novo-relacionamento\/#primaryimage"},"thumbnailUrl":"https:\/\/portaltela.pt\/s.01k8rhncp4jt1\/2026\/03\/img_1280x718uu2025-07-22-11-07-36-2224295-im-638887793174586474.jpg","keywords":["celebridades","fam\u00edlia","filhos","pessoas","pessoas p\u00fablicas"],"articleSection":["Celebridades"],"inLanguage":"pt-PT"},{"@type":"WebPage","@id":"https:\/\/portaltela.pt\/noticias\/2026\/03\/05\/ines-heredia-divorciada-de-gabriela-sobral-comenta-novo-relacionamento\/","url":"https:\/\/portaltela.pt\/noticias\/2026\/03\/05\/ines-heredia-divorciada-de-gabriela-sobral-comenta-novo-relacionamento\/","name":"In\u00eas Her\u00e9dia, divorciada de Gabriela Sobral, comenta novo relacionamento - Portal Tela Portugal","isPartOf":{"@id":"https:\/\/portaltela.pt\/#website"},"primaryImageOfPage":{"@id":"https:\/\/portaltela.pt\/noticias\/2026\/03\/05\/ines-heredia-divorciada-de-gabriela-sobral-comenta-novo-relacionamento\/#primaryimage"},"image":{"@id":"https:\/\/portaltela.pt\/noticias\/2026\/03\/05\/ines-heredia-divorciada-de-gabriela-sobral-comenta-novo-relacionamento\/#primaryimage"},"thumbnailUrl":"https:\/\/portaltela.pt\/s.01k8rhncp4jt1\/2026\/03\/img_1280x718uu2025-07-22-11-07-36-2224295-im-638887793174586474.jpg","datePublished":"2026-03-05T22:02:00+00:00","author":{"@id":"https:\/\/portaltela.pt\/#\/schema\/person\/c4278d4a6028830caff9ee44b42d32ed"},"breadcrumb":{"@id":"https:\/\/portaltela.pt\/noticias\/2026\/03\/05\/ines-heredia-divorciada-de-gabriela-sobral-comenta-novo-relacionamento\/#breadcrumb"},"inLanguage":"pt-PT","potentialAction":[{"@type":"ReadAction","target":["https:\/\/portaltela.pt\/noticias\/2026\/03\/05\/ines-heredia-divorciada-de-gabriela-sobral-comenta-novo-relacionamento\/"]}]},{"@type":"ImageObject","inLanguage":"pt-PT","@id":"https:\/\/portaltela.pt\/noticias\/2026\/03\/05\/ines-heredia-divorciada-de-gabriela-sobral-comenta-novo-relacionamento\/#primaryimage","url":"https:\/\/portaltela.pt\/s.01k8rhncp4jt1\/2026\/03\/img_1280x718uu2025-07-22-11-07-36-2224295-im-638887793174586474.jpg","contentUrl":"https:\/\/portaltela.pt\/s.01k8rhncp4jt1\/2026\/03\/img_1280x718uu2025-07-22-11-07-36-2224295-im-638887793174586474.jpg","width":1280,"height":718,"caption":"Photo"},{"@type":"BreadcrumbList","@id":"https:\/\/portaltela.pt\/noticias\/2026\/03\/05\/ines-heredia-divorciada-de-gabriela-sobral-comenta-novo-relacionamento\/#breadcrumb","itemListElement":[{"@type":"ListItem","position":1,"name":"In\u00edcio","item":"https:\/\/portaltela.pt\/"},{"@type":"ListItem","position":2,"name":"In\u00eas Her\u00e9dia, divorciada de Gabriela Sobral, comenta novo relacionamento"}]},{"@type":"WebSite","@id":"https:\/\/portaltela.pt\/#website","url":"https:\/\/portaltela.pt\/","name":"Portal Tela Portugal","description":"","potentialAction":[{"@type":"SearchAction","target":{"@type":"EntryPoint","urlTemplate":"https:\/\/portaltela.pt\/?s={search_term_string}"},"query-input":{"@type":"PropertyValueSpecification","valueRequired":true,"valueName":"search_term_string"}}],"inLanguage":"pt-PT"},{"@type":"Person","@id":"https:\/\/portaltela.pt\/#\/schema\/person\/c4278d4a6028830caff9ee44b42d32ed","name":"Telinha","image":{"@type":"ImageObject","inLanguage":"pt-PT","@id":"https:\/\/portaltela.pt\/s.01k8rhncp4jt1\/2025\/11\/talking-bot-125x125.png","url":"https:\/\/portaltela.pt\/s.01k8rhncp4jt1\/2025\/11\/talking-bot-125x125.png","contentUrl":"https:\/\/portaltela.pt\/s.01k8rhncp4jt1\/2025\/11\/talking-bot-125x125.png","caption":"Telinha"},"sameAs":["https:\/\/portaltela.pt\/"],"url":"https:\/\/portaltela.pt\/por\/367410592786\/"}]}},"_links":{"self":[{"href":"https:\/\/portaltela.pt\/api\/wp\/v2\/posts\/399357","targetHints":{"allow":["GET"]}}],"collection":[{"href":"https:\/\/portaltela.pt\/api\/wp\/v2\/posts"}],"about":[{"href":"https:\/\/portaltela.pt\/api\/wp\/v2\/types\/post"}],"author":[{"embeddable":true,"href":"https:\/\/portaltela.pt\/api\/wp\/v2\/users\/2"}],"replies":[{"embeddable":true,"href":"https:\/\/portaltela.pt\/api\/wp\/v2\/comments?post=399357"}],"version-history":[{"count":0,"href":"https:\/\/portaltela.pt\/api\/wp\/v2\/posts\/399357\/revisions"}],"wp:featuredmedia":[{"embeddable":true,"href":"https:\/\/portaltela.pt\/api\/wp\/v2\/media\/399359"}],"wp:attachment":[{"href":"https:\/\/portaltela.pt\/api\/wp\/v2\/media?parent=399357"}],"wp:term":[{"taxonomy":"category","embeddable":true,"href":"https:\/\/portaltela.pt\/api\/wp\/v2\/categories?post=399357"},{"taxonomy":"post_tag","embeddable":true,"href":"https:\/\/portaltela.pt\/api\/wp\/v2\/tags?post=399357"}],"curies":[{"name":"wp","href":"https:\/\/api.w.org\/{rel}","templated":true}]}}