{"id":399353,"date":"2026-03-05T18:59:00","date_gmt":"2026-03-05T21:59:00","guid":{"rendered":"https:\/\/portaltela.pt\/noticias\/2026\/03\/05\/beira-mar-de-aveiro-tera-menos-espaco-para-carros\/"},"modified":"2026-03-05T18:59:00","modified_gmt":"2026-03-05T21:59:00","slug":"beira-mar-de-aveiro-tera-menos-espaco-para-carros","status":"publish","type":"post","link":"https:\/\/portaltela.pt\/noticias\/politica\/2026\/03\/05\/beira-mar-de-aveiro-tera-menos-espaco-para-carros\/","title":{"rendered":"Beira-Mar de Aveiro ter\u00e1 menos espa\u00e7o para carros"},"content":{"rendered":"<p>A C\u00e2mara de Aveiro vai avan\u00e7ar com a qualifica\u00e7\u00e3o do Bairro da Beira Mar, no centro da cidade. O projeto, apresentado esta quinta-feira \u00e0 popula\u00e7\u00e3o, tem um custo estimado entre 13 e 14 milh\u00f5es de euros. A ideia \u00e9 reduzir o espa\u00e7o para carros e privilegiar modos suaves e espa\u00e7os de lazer.<\/p>\n<p>O concurso para a primeira fase dever\u00e1 avan\u00e7ar at\u00e9 ao ver\u00e3o. O objetivo \u00e9 reordenar a circula\u00e7\u00e3o, ampliar zonas pedonais e criar \u00e1reas de convivialidade junto ao mercado da cidade. A iniciativa \u00e9 apresentada como parte de uma estrat\u00e9gia de revitaliza\u00e7\u00e3o do centro.<\/p>\n<h3>Plano de execu\u00e7\u00e3o<\/h3>\n<p>A implementa\u00e7\u00e3o ocorre em v\u00e1rias fases, come\u00e7ando pela Beira Mar. A autarquia n\u00e3o dever\u00e1 avan\u00e7ar com obras sem informa\u00e7\u00f5es detalhadas sobre prazos e impactos no tr\u00e2nsito local. Os detalhes sobre financiamento e supervis\u00e3o v\u00e3o depender de cada etapa do processo.<\/p>\n","protected":false},"excerpt":{"rendered":"<ul>\n<li>A C\u00e2mara de Aveiro vai qualificar o Bairro da Beira Mar, no centro da cidade.<\/li>\n<li>O projeto foi apresentado \u00e0 popula\u00e7\u00e3o na quinta-feira.<\/li>\n<li>O custo estimado fica entre 13 e 14 milh\u00f5es de euros.<\/li>\n<li>Vai reduzir o espa\u00e7o para autom\u00f3veis, privilegiando modos suaves e locais de lazer.<\/li>\n<li>O concurso para a primeira fase dever\u00e1 avan\u00e7ar at\u00e9 ao ver\u00e3o.<\/li>\n<\/ul>\n","protected":false},"author":2,"featured_media":399355,"comment_status":"closed","ping_status":"closed","sticky":false,"template":"","format":"standard","meta":{"footnotes":""},"categories":[1,5],"tags":[1059,1309,3724,2110,3148,189],"class_list":["post-399353","post","type-post","status-publish","format-standard","has-post-thumbnail","hentry","category-noticias","category-politica","tag-aveiro","tag-centro","tag-desenvolvimento-urbano-sustentavel","tag-mobilidade","tag-planeamento-urbano","tag-urbanismo"],"yoast_head":"<!-- This site is optimized with the Yoast SEO plugin v27.2 - https:\/\/yoast.com\/product\/yoast-seo-wordpress\/ -->\n<title>Beira-Mar de Aveiro ter\u00e1 menos espa\u00e7o para carros - Portal Tela Portugal<\/title>\n<meta name=\"robots\" content=\"index, follow, max-snippet:-1, max-image-preview:large, max-video-preview:-1\" \/>\n<meta property=\"og:locale\" content=\"pt_PT\" \/>\n<meta property=\"og:type\" content=\"article\" \/>\n<meta property=\"og:title\" content=\"Beira-Mar de Aveiro ter\u00e1 menos espa\u00e7o para carros - Portal Tela Portugal\" \/>\n<meta property=\"og:description\" content=\"A C\u00e2mara de Aveiro vai qualificar o Bairro da Beira Mar, no centro da cidade. O projeto foi apresentado \u00e0 popula\u00e7\u00e3o na quinta-feira. O custo estimado fica entre 13 e 14 milh\u00f5es de euros. Vai reduzir o espa\u00e7o para autom\u00f3veis, privilegiando modos suaves e locais de lazer. O concurso para a primeira fase dever\u00e1 avan\u00e7ar at\u00e9 ao ver\u00e3o.\" \/>\n<meta property=\"og:url\" content=\"https:\/\/portaltela.pt\/noticias\/2026\/03\/05\/beira-mar-de-aveiro-tera-menos-espaco-para-carros\/\" \/>\n<meta property=\"og:site_name\" content=\"Portal Tela Portugal\" \/>\n<meta property=\"article:published_time\" content=\"2026-03-05T21:59:00+00:00\" \/>\n<meta name=\"author\" content=\"Telinha\" \/>\n<meta name=\"twitter:card\" content=\"summary_large_image\" \/>\n<meta name=\"twitter:label1\" content=\"Escrito por\" \/>\n\t<meta name=\"twitter:data1\" content=\"Telinha\" \/>\n\t<meta name=\"twitter:label2\" content=\"Tempo estimado de leitura\" \/>\n\t<meta name=\"twitter:data2\" content=\"1 minuto\" \/>\n<script type=\"application\/ld+json\" class=\"yoast-schema-graph\">{\"@context\":\"https:\/\/schema.org\",\"@graph\":[{\"@type\":\"Article\",\"@id\":\"https:\/\/portaltela.pt\/noticias\/2026\/03\/05\/beira-mar-de-aveiro-tera-menos-espaco-para-carros\/#article\",\"isPartOf\":{\"@id\":\"https:\/\/portaltela.pt\/noticias\/2026\/03\/05\/beira-mar-de-aveiro-tera-menos-espaco-para-carros\/\"},\"author\":{\"name\":\"Telinha\",\"@id\":\"https:\/\/portaltela.pt\/#\/schema\/person\/c4278d4a6028830caff9ee44b42d32ed\"},\"headline\":\"Beira-Mar de Aveiro ter\u00e1 menos espa\u00e7o para carros\",\"datePublished\":\"2026-03-05T21:59:00+00:00\",\"mainEntityOfPage\":{\"@id\":\"https:\/\/portaltela.pt\/noticias\/2026\/03\/05\/beira-mar-de-aveiro-tera-menos-espaco-para-carros\/\"},\"wordCount\":163,\"image\":{\"@id\":\"https:\/\/portaltela.pt\/noticias\/2026\/03\/05\/beira-mar-de-aveiro-tera-menos-espaco-para-carros\/#primaryimage\"},\"thumbnailUrl\":\"https:\/\/portaltela.pt\/s.01k8rhncp4jt1\/2026\/03\/image-341.jpg\",\"keywords\":[\"Aveiro\",\"Centro\",\"desenvolvimento urbano sustent\u00e1vel\",\"mobilidade\",\"planeamento urbano\",\"urbanismo\"],\"articleSection\":[\"Not\u00edcias\",\"Pol\u00edtica\"],\"inLanguage\":\"pt-PT\"},{\"@type\":\"WebPage\",\"@id\":\"https:\/\/portaltela.pt\/noticias\/2026\/03\/05\/beira-mar-de-aveiro-tera-menos-espaco-para-carros\/\",\"url\":\"https:\/\/portaltela.pt\/noticias\/2026\/03\/05\/beira-mar-de-aveiro-tera-menos-espaco-para-carros\/\",\"name\":\"Beira-Mar de Aveiro ter\u00e1 menos espa\u00e7o para carros - Portal Tela Portugal\",\"isPartOf\":{\"@id\":\"https:\/\/portaltela.pt\/#website\"},\"primaryImageOfPage\":{\"@id\":\"https:\/\/portaltela.pt\/noticias\/2026\/03\/05\/beira-mar-de-aveiro-tera-menos-espaco-para-carros\/#primaryimage\"},\"image\":{\"@id\":\"https:\/\/portaltela.pt\/noticias\/2026\/03\/05\/beira-mar-de-aveiro-tera-menos-espaco-para-carros\/#primaryimage\"},\"thumbnailUrl\":\"https:\/\/portaltela.pt\/s.01k8rhncp4jt1\/2026\/03\/image-341.jpg\",\"datePublished\":\"2026-03-05T21:59:00+00:00\",\"author\":{\"@id\":\"https:\/\/portaltela.pt\/#\/schema\/person\/c4278d4a6028830caff9ee44b42d32ed\"},\"breadcrumb\":{\"@id\":\"https:\/\/portaltela.pt\/noticias\/2026\/03\/05\/beira-mar-de-aveiro-tera-menos-espaco-para-carros\/#breadcrumb\"},\"inLanguage\":\"pt-PT\",\"potentialAction\":[{\"@type\":\"ReadAction\",\"target\":[\"https:\/\/portaltela.pt\/noticias\/2026\/03\/05\/beira-mar-de-aveiro-tera-menos-espaco-para-carros\/\"]}]},{\"@type\":\"ImageObject\",\"inLanguage\":\"pt-PT\",\"@id\":\"https:\/\/portaltela.pt\/noticias\/2026\/03\/05\/beira-mar-de-aveiro-tera-menos-espaco-para-carros\/#primaryimage\",\"url\":\"https:\/\/portaltela.pt\/s.01k8rhncp4jt1\/2026\/03\/image-341.jpg\",\"contentUrl\":\"https:\/\/portaltela.pt\/s.01k8rhncp4jt1\/2026\/03\/image-341.jpg\",\"width\":796,\"height\":448,\"caption\":\"Qualifica\u00e7\u00e3o da zona central junto \u00e0 ria dever\u00e1 custar entre 13 e 14 milh\u00f5es de euros\"},{\"@type\":\"BreadcrumbList\",\"@id\":\"https:\/\/portaltela.pt\/noticias\/2026\/03\/05\/beira-mar-de-aveiro-tera-menos-espaco-para-carros\/#breadcrumb\",\"itemListElement\":[{\"@type\":\"ListItem\",\"position\":1,\"name\":\"In\u00edcio\",\"item\":\"https:\/\/portaltela.pt\/\"},{\"@type\":\"ListItem\",\"position\":2,\"name\":\"Beira-Mar de Aveiro ter\u00e1 menos espa\u00e7o para carros\"}]},{\"@type\":\"WebSite\",\"@id\":\"https:\/\/portaltela.pt\/#website\",\"url\":\"https:\/\/portaltela.pt\/\",\"name\":\"Portal Tela Portugal\",\"description\":\"\",\"potentialAction\":[{\"@type\":\"SearchAction\",\"target\":{\"@type\":\"EntryPoint\",\"urlTemplate\":\"https:\/\/portaltela.pt\/?s={search_term_string}\"},\"query-input\":{\"@type\":\"PropertyValueSpecification\",\"valueRequired\":true,\"valueName\":\"search_term_string\"}}],\"inLanguage\":\"pt-PT\"},{\"@type\":\"Person\",\"@id\":\"https:\/\/portaltela.pt\/#\/schema\/person\/c4278d4a6028830caff9ee44b42d32ed\",\"name\":\"Telinha\",\"image\":{\"@type\":\"ImageObject\",\"inLanguage\":\"pt-PT\",\"@id\":\"https:\/\/portaltela.pt\/s.01k8rhncp4jt1\/2025\/11\/talking-bot-125x125.png\",\"url\":\"https:\/\/portaltela.pt\/s.01k8rhncp4jt1\/2025\/11\/talking-bot-125x125.png\",\"contentUrl\":\"https:\/\/portaltela.pt\/s.01k8rhncp4jt1\/2025\/11\/talking-bot-125x125.png\",\"caption\":\"Telinha\"},\"sameAs\":[\"https:\/\/portaltela.pt\/\"],\"url\":\"https:\/\/portaltela.pt\/por\/367410592786\/\"}]}<\/script>\n<!-- \/ Yoast SEO plugin. -->","yoast_head_json":{"title":"Beira-Mar de Aveiro ter\u00e1 menos espa\u00e7o para carros - Portal Tela Portugal","robots":{"index":"index","follow":"follow","max-snippet":"max-snippet:-1","max-image-preview":"max-image-preview:large","max-video-preview":"max-video-preview:-1"},"og_locale":"pt_PT","og_type":"article","og_title":"Beira-Mar de Aveiro ter\u00e1 menos espa\u00e7o para carros - Portal Tela Portugal","og_description":"A C\u00e2mara de Aveiro vai qualificar o Bairro da Beira Mar, no centro da cidade. O projeto foi apresentado \u00e0 popula\u00e7\u00e3o na quinta-feira. O custo estimado fica entre 13 e 14 milh\u00f5es de euros. Vai reduzir o espa\u00e7o para autom\u00f3veis, privilegiando modos suaves e locais de lazer. O concurso para a primeira fase dever\u00e1 avan\u00e7ar at\u00e9 ao ver\u00e3o.","og_url":"https:\/\/portaltela.pt\/noticias\/2026\/03\/05\/beira-mar-de-aveiro-tera-menos-espaco-para-carros\/","og_site_name":"Portal Tela Portugal","article_published_time":"2026-03-05T21:59:00+00:00","author":"Telinha","twitter_card":"summary_large_image","twitter_misc":{"Escrito por":"Telinha","Tempo estimado de leitura":"1 minuto"},"schema":{"@context":"https:\/\/schema.org","@graph":[{"@type":"Article","@id":"https:\/\/portaltela.pt\/noticias\/2026\/03\/05\/beira-mar-de-aveiro-tera-menos-espaco-para-carros\/#article","isPartOf":{"@id":"https:\/\/portaltela.pt\/noticias\/2026\/03\/05\/beira-mar-de-aveiro-tera-menos-espaco-para-carros\/"},"author":{"name":"Telinha","@id":"https:\/\/portaltela.pt\/#\/schema\/person\/c4278d4a6028830caff9ee44b42d32ed"},"headline":"Beira-Mar de Aveiro ter\u00e1 menos espa\u00e7o para carros","datePublished":"2026-03-05T21:59:00+00:00","mainEntityOfPage":{"@id":"https:\/\/portaltela.pt\/noticias\/2026\/03\/05\/beira-mar-de-aveiro-tera-menos-espaco-para-carros\/"},"wordCount":163,"image":{"@id":"https:\/\/portaltela.pt\/noticias\/2026\/03\/05\/beira-mar-de-aveiro-tera-menos-espaco-para-carros\/#primaryimage"},"thumbnailUrl":"https:\/\/portaltela.pt\/s.01k8rhncp4jt1\/2026\/03\/image-341.jpg","keywords":["Aveiro","Centro","desenvolvimento urbano sustent\u00e1vel","mobilidade","planeamento urbano","urbanismo"],"articleSection":["Not\u00edcias","Pol\u00edtica"],"inLanguage":"pt-PT"},{"@type":"WebPage","@id":"https:\/\/portaltela.pt\/noticias\/2026\/03\/05\/beira-mar-de-aveiro-tera-menos-espaco-para-carros\/","url":"https:\/\/portaltela.pt\/noticias\/2026\/03\/05\/beira-mar-de-aveiro-tera-menos-espaco-para-carros\/","name":"Beira-Mar de Aveiro ter\u00e1 menos espa\u00e7o para carros - Portal Tela Portugal","isPartOf":{"@id":"https:\/\/portaltela.pt\/#website"},"primaryImageOfPage":{"@id":"https:\/\/portaltela.pt\/noticias\/2026\/03\/05\/beira-mar-de-aveiro-tera-menos-espaco-para-carros\/#primaryimage"},"image":{"@id":"https:\/\/portaltela.pt\/noticias\/2026\/03\/05\/beira-mar-de-aveiro-tera-menos-espaco-para-carros\/#primaryimage"},"thumbnailUrl":"https:\/\/portaltela.pt\/s.01k8rhncp4jt1\/2026\/03\/image-341.jpg","datePublished":"2026-03-05T21:59:00+00:00","author":{"@id":"https:\/\/portaltela.pt\/#\/schema\/person\/c4278d4a6028830caff9ee44b42d32ed"},"breadcrumb":{"@id":"https:\/\/portaltela.pt\/noticias\/2026\/03\/05\/beira-mar-de-aveiro-tera-menos-espaco-para-carros\/#breadcrumb"},"inLanguage":"pt-PT","potentialAction":[{"@type":"ReadAction","target":["https:\/\/portaltela.pt\/noticias\/2026\/03\/05\/beira-mar-de-aveiro-tera-menos-espaco-para-carros\/"]}]},{"@type":"ImageObject","inLanguage":"pt-PT","@id":"https:\/\/portaltela.pt\/noticias\/2026\/03\/05\/beira-mar-de-aveiro-tera-menos-espaco-para-carros\/#primaryimage","url":"https:\/\/portaltela.pt\/s.01k8rhncp4jt1\/2026\/03\/image-341.jpg","contentUrl":"https:\/\/portaltela.pt\/s.01k8rhncp4jt1\/2026\/03\/image-341.jpg","width":796,"height":448,"caption":"Qualifica\u00e7\u00e3o da zona central junto \u00e0 ria dever\u00e1 custar entre 13 e 14 milh\u00f5es de euros"},{"@type":"BreadcrumbList","@id":"https:\/\/portaltela.pt\/noticias\/2026\/03\/05\/beira-mar-de-aveiro-tera-menos-espaco-para-carros\/#breadcrumb","itemListElement":[{"@type":"ListItem","position":1,"name":"In\u00edcio","item":"https:\/\/portaltela.pt\/"},{"@type":"ListItem","position":2,"name":"Beira-Mar de Aveiro ter\u00e1 menos espa\u00e7o para carros"}]},{"@type":"WebSite","@id":"https:\/\/portaltela.pt\/#website","url":"https:\/\/portaltela.pt\/","name":"Portal Tela Portugal","description":"","potentialAction":[{"@type":"SearchAction","target":{"@type":"EntryPoint","urlTemplate":"https:\/\/portaltela.pt\/?s={search_term_string}"},"query-input":{"@type":"PropertyValueSpecification","valueRequired":true,"valueName":"search_term_string"}}],"inLanguage":"pt-PT"},{"@type":"Person","@id":"https:\/\/portaltela.pt\/#\/schema\/person\/c4278d4a6028830caff9ee44b42d32ed","name":"Telinha","image":{"@type":"ImageObject","inLanguage":"pt-PT","@id":"https:\/\/portaltela.pt\/s.01k8rhncp4jt1\/2025\/11\/talking-bot-125x125.png","url":"https:\/\/portaltela.pt\/s.01k8rhncp4jt1\/2025\/11\/talking-bot-125x125.png","contentUrl":"https:\/\/portaltela.pt\/s.01k8rhncp4jt1\/2025\/11\/talking-bot-125x125.png","caption":"Telinha"},"sameAs":["https:\/\/portaltela.pt\/"],"url":"https:\/\/portaltela.pt\/por\/367410592786\/"}]}},"_links":{"self":[{"href":"https:\/\/portaltela.pt\/api\/wp\/v2\/posts\/399353","targetHints":{"allow":["GET"]}}],"collection":[{"href":"https:\/\/portaltela.pt\/api\/wp\/v2\/posts"}],"about":[{"href":"https:\/\/portaltela.pt\/api\/wp\/v2\/types\/post"}],"author":[{"embeddable":true,"href":"https:\/\/portaltela.pt\/api\/wp\/v2\/users\/2"}],"replies":[{"embeddable":true,"href":"https:\/\/portaltela.pt\/api\/wp\/v2\/comments?post=399353"}],"version-history":[{"count":0,"href":"https:\/\/portaltela.pt\/api\/wp\/v2\/posts\/399353\/revisions"}],"wp:featuredmedia":[{"embeddable":true,"href":"https:\/\/portaltela.pt\/api\/wp\/v2\/media\/399355"}],"wp:attachment":[{"href":"https:\/\/portaltela.pt\/api\/wp\/v2\/media?parent=399353"}],"wp:term":[{"taxonomy":"category","embeddable":true,"href":"https:\/\/portaltela.pt\/api\/wp\/v2\/categories?post=399353"},{"taxonomy":"post_tag","embeddable":true,"href":"https:\/\/portaltela.pt\/api\/wp\/v2\/tags?post=399353"}],"curies":[{"name":"wp","href":"https:\/\/api.w.org\/{rel}","templated":true}]}}