{"id":399340,"date":"2026-03-05T18:18:00","date_gmt":"2026-03-05T21:18:00","guid":{"rendered":"https:\/\/portaltela.pt\/noticias\/2026\/03\/05\/neve-regressa-e-fecha-estrada-na-serra-da-estrela\/"},"modified":"2026-03-05T18:18:00","modified_gmt":"2026-03-05T21:18:00","slug":"neve-regressa-e-fecha-estrada-na-serra-da-estrela","status":"publish","type":"post","link":"https:\/\/portaltela.pt\/noticias\/internacional\/2026\/03\/05\/neve-regressa-e-fecha-estrada-na-serra-da-estrela\/","title":{"rendered":"Neve regressa e fecha estrada na Serra da Estrela"},"content":{"rendered":"<p>A neve regressou hoje na Serra da Estrela, levando ao encerramento da Estrada Nacional 339 entre os Piornos, Torre e Lagoa Comprida, no maci\u00e7o central, segundo a prote\u00e7\u00e3o civil.<\/p>\n<p>A medida foi tomada devido \u00e0 queda de neve e \u00e0s condi\u00e7\u00f5es de circula\u00e7\u00e3o adversas, informou a autoridade de prote\u00e7\u00e3o civil.<\/p>\n<p>N\u00e3o h\u00e1, ainda, confirma\u00e7\u00e3o sobre a dura\u00e7\u00e3o do encerramento nem sobre desvios recomendados. As autoridades apelam \u00e0 popula\u00e7\u00e3o para evitar desloca\u00e7\u00f5es n\u00e3o essenciais.<\/p>\n","protected":false},"excerpt":{"rendered":"<ul>\n<li>A neve regressou \u00e0 Serra da Estrela.<\/li>\n<li>A Estrada Nacional 339 ficou encerrada hoje entre os Piornos, Torre e Lagoa Comprida, no maci\u00e7o central.<\/li>\n<li>A informa\u00e7\u00e3o foi confirmada pela prote\u00e7\u00e3o civil.<\/li>\n<li>A passagem na EN 339 permanece interrompida devido \u00e0s condi\u00e7\u00f5es meteorol\u00f3gicas.<\/li>\n<li>A not\u00edcia n\u00e3o menciona datas de reabertura ou avalia\u00e7\u00f5es adicionais.<\/li>\n<\/ul>\n","protected":false},"author":2,"featured_media":399342,"comment_status":"closed","ping_status":"closed","sticky":false,"template":"","format":"standard","meta":{"footnotes":""},"categories":[4,1],"tags":[5050,5215,5224,4216,1083,1658],"class_list":["post-399340","post","type-post","status-publish","format-standard","has-post-thumbnail","hentry","category-internacional","category-noticias","tag-calamidades-publicas","tag-catastrofes-naturais","tag-clima","tag-condicoes-de-transito","tag-estradas","tag-serra-da-estrela"],"yoast_head":"<!-- This site is optimized with the Yoast SEO plugin v27.2 - https:\/\/yoast.com\/product\/yoast-seo-wordpress\/ -->\n<title>Neve regressa e fecha estrada na Serra da Estrela - Portal Tela Portugal<\/title>\n<meta name=\"robots\" content=\"index, follow, max-snippet:-1, max-image-preview:large, max-video-preview:-1\" \/>\n<meta property=\"og:locale\" content=\"pt_PT\" \/>\n<meta property=\"og:type\" content=\"article\" \/>\n<meta property=\"og:title\" content=\"Neve regressa e fecha estrada na Serra da Estrela - Portal Tela Portugal\" \/>\n<meta property=\"og:description\" content=\"A neve regressou \u00e0 Serra da Estrela. A Estrada Nacional 339 ficou encerrada hoje entre os Piornos, Torre e Lagoa Comprida, no maci\u00e7o central. A informa\u00e7\u00e3o foi confirmada pela prote\u00e7\u00e3o civil. A passagem na EN 339 permanece interrompida devido \u00e0s condi\u00e7\u00f5es meteorol\u00f3gicas. A not\u00edcia n\u00e3o menciona datas de reabertura ou avalia\u00e7\u00f5es adicionais.\" \/>\n<meta property=\"og:url\" content=\"https:\/\/portaltela.pt\/noticias\/2026\/03\/05\/neve-regressa-e-fecha-estrada-na-serra-da-estrela\/\" \/>\n<meta property=\"og:site_name\" content=\"Portal Tela Portugal\" \/>\n<meta property=\"article:published_time\" content=\"2026-03-05T21:18:00+00:00\" \/>\n<meta name=\"author\" content=\"Telinha\" \/>\n<meta name=\"twitter:card\" content=\"summary_large_image\" \/>\n<meta name=\"twitter:label1\" content=\"Escrito por\" \/>\n\t<meta name=\"twitter:data1\" content=\"Telinha\" \/>\n<script type=\"application\/ld+json\" class=\"yoast-schema-graph\">{\"@context\":\"https:\/\/schema.org\",\"@graph\":[{\"@type\":\"Article\",\"@id\":\"https:\/\/portaltela.pt\/noticias\/2026\/03\/05\/neve-regressa-e-fecha-estrada-na-serra-da-estrela\/#article\",\"isPartOf\":{\"@id\":\"https:\/\/portaltela.pt\/noticias\/2026\/03\/05\/neve-regressa-e-fecha-estrada-na-serra-da-estrela\/\"},\"author\":{\"name\":\"Telinha\",\"@id\":\"https:\/\/portaltela.pt\/#\/schema\/person\/c4278d4a6028830caff9ee44b42d32ed\"},\"headline\":\"Neve regressa e fecha estrada na Serra da Estrela\",\"datePublished\":\"2026-03-05T21:18:00+00:00\",\"mainEntityOfPage\":{\"@id\":\"https:\/\/portaltela.pt\/noticias\/2026\/03\/05\/neve-regressa-e-fecha-estrada-na-serra-da-estrela\/\"},\"wordCount\":90,\"image\":{\"@id\":\"https:\/\/portaltela.pt\/noticias\/2026\/03\/05\/neve-regressa-e-fecha-estrada-na-serra-da-estrela\/#primaryimage\"},\"thumbnailUrl\":\"https:\/\/portaltela.pt\/s.01k8rhncp4jt1\/2026\/03\/CACHE_780X1200_ANALOG_WATERMARKED_46241319_878140630105677.jpg\",\"keywords\":[\"calamidades p\u00fablicas\",\"cat\u00e1strofes naturais\",\"clima\",\"condi\u00e7\u00f5es de tr\u00e2nsito\",\"estradas\",\"Serra da Estrela\"],\"articleSection\":[\"Internacional\",\"Not\u00edcias\"],\"inLanguage\":\"pt-PT\"},{\"@type\":\"WebPage\",\"@id\":\"https:\/\/portaltela.pt\/noticias\/2026\/03\/05\/neve-regressa-e-fecha-estrada-na-serra-da-estrela\/\",\"url\":\"https:\/\/portaltela.pt\/noticias\/2026\/03\/05\/neve-regressa-e-fecha-estrada-na-serra-da-estrela\/\",\"name\":\"Neve regressa e fecha estrada na Serra da Estrela - Portal Tela Portugal\",\"isPartOf\":{\"@id\":\"https:\/\/portaltela.pt\/#website\"},\"primaryImageOfPage\":{\"@id\":\"https:\/\/portaltela.pt\/noticias\/2026\/03\/05\/neve-regressa-e-fecha-estrada-na-serra-da-estrela\/#primaryimage\"},\"image\":{\"@id\":\"https:\/\/portaltela.pt\/noticias\/2026\/03\/05\/neve-regressa-e-fecha-estrada-na-serra-da-estrela\/#primaryimage\"},\"thumbnailUrl\":\"https:\/\/portaltela.pt\/s.01k8rhncp4jt1\/2026\/03\/CACHE_780X1200_ANALOG_WATERMARKED_46241319_878140630105677.jpg\",\"datePublished\":\"2026-03-05T21:18:00+00:00\",\"author\":{\"@id\":\"https:\/\/portaltela.pt\/#\/schema\/person\/c4278d4a6028830caff9ee44b42d32ed\"},\"breadcrumb\":{\"@id\":\"https:\/\/portaltela.pt\/noticias\/2026\/03\/05\/neve-regressa-e-fecha-estrada-na-serra-da-estrela\/#breadcrumb\"},\"inLanguage\":\"pt-PT\",\"potentialAction\":[{\"@type\":\"ReadAction\",\"target\":[\"https:\/\/portaltela.pt\/noticias\/2026\/03\/05\/neve-regressa-e-fecha-estrada-na-serra-da-estrela\/\"]}]},{\"@type\":\"ImageObject\",\"inLanguage\":\"pt-PT\",\"@id\":\"https:\/\/portaltela.pt\/noticias\/2026\/03\/05\/neve-regressa-e-fecha-estrada-na-serra-da-estrela\/#primaryimage\",\"url\":\"https:\/\/portaltela.pt\/s.01k8rhncp4jt1\/2026\/03\/CACHE_780X1200_ANALOG_WATERMARKED_46241319_878140630105677.jpg\",\"contentUrl\":\"https:\/\/portaltela.pt\/s.01k8rhncp4jt1\/2026\/03\/CACHE_780X1200_ANALOG_WATERMARKED_46241319_878140630105677.jpg\",\"width\":796,\"height\":448,\"caption\":\"Neve regressa e fecha estrada na Serra da Estrela\"},{\"@type\":\"BreadcrumbList\",\"@id\":\"https:\/\/portaltela.pt\/noticias\/2026\/03\/05\/neve-regressa-e-fecha-estrada-na-serra-da-estrela\/#breadcrumb\",\"itemListElement\":[{\"@type\":\"ListItem\",\"position\":1,\"name\":\"In\u00edcio\",\"item\":\"https:\/\/portaltela.pt\/\"},{\"@type\":\"ListItem\",\"position\":2,\"name\":\"Neve regressa e fecha estrada na Serra da Estrela\"}]},{\"@type\":\"WebSite\",\"@id\":\"https:\/\/portaltela.pt\/#website\",\"url\":\"https:\/\/portaltela.pt\/\",\"name\":\"Portal Tela Portugal\",\"description\":\"\",\"potentialAction\":[{\"@type\":\"SearchAction\",\"target\":{\"@type\":\"EntryPoint\",\"urlTemplate\":\"https:\/\/portaltela.pt\/?s={search_term_string}\"},\"query-input\":{\"@type\":\"PropertyValueSpecification\",\"valueRequired\":true,\"valueName\":\"search_term_string\"}}],\"inLanguage\":\"pt-PT\"},{\"@type\":\"Person\",\"@id\":\"https:\/\/portaltela.pt\/#\/schema\/person\/c4278d4a6028830caff9ee44b42d32ed\",\"name\":\"Telinha\",\"image\":{\"@type\":\"ImageObject\",\"inLanguage\":\"pt-PT\",\"@id\":\"https:\/\/portaltela.pt\/s.01k8rhncp4jt1\/2025\/11\/talking-bot-125x125.png\",\"url\":\"https:\/\/portaltela.pt\/s.01k8rhncp4jt1\/2025\/11\/talking-bot-125x125.png\",\"contentUrl\":\"https:\/\/portaltela.pt\/s.01k8rhncp4jt1\/2025\/11\/talking-bot-125x125.png\",\"caption\":\"Telinha\"},\"sameAs\":[\"https:\/\/portaltela.pt\/\"],\"url\":\"https:\/\/portaltela.pt\/por\/367410592786\/\"}]}<\/script>\n<!-- \/ Yoast SEO plugin. -->","yoast_head_json":{"title":"Neve regressa e fecha estrada na Serra da Estrela - Portal Tela Portugal","robots":{"index":"index","follow":"follow","max-snippet":"max-snippet:-1","max-image-preview":"max-image-preview:large","max-video-preview":"max-video-preview:-1"},"og_locale":"pt_PT","og_type":"article","og_title":"Neve regressa e fecha estrada na Serra da Estrela - Portal Tela Portugal","og_description":"A neve regressou \u00e0 Serra da Estrela. A Estrada Nacional 339 ficou encerrada hoje entre os Piornos, Torre e Lagoa Comprida, no maci\u00e7o central. A informa\u00e7\u00e3o foi confirmada pela prote\u00e7\u00e3o civil. A passagem na EN 339 permanece interrompida devido \u00e0s condi\u00e7\u00f5es meteorol\u00f3gicas. A not\u00edcia n\u00e3o menciona datas de reabertura ou avalia\u00e7\u00f5es adicionais.","og_url":"https:\/\/portaltela.pt\/noticias\/2026\/03\/05\/neve-regressa-e-fecha-estrada-na-serra-da-estrela\/","og_site_name":"Portal Tela Portugal","article_published_time":"2026-03-05T21:18:00+00:00","author":"Telinha","twitter_card":"summary_large_image","twitter_misc":{"Escrito por":"Telinha"},"schema":{"@context":"https:\/\/schema.org","@graph":[{"@type":"Article","@id":"https:\/\/portaltela.pt\/noticias\/2026\/03\/05\/neve-regressa-e-fecha-estrada-na-serra-da-estrela\/#article","isPartOf":{"@id":"https:\/\/portaltela.pt\/noticias\/2026\/03\/05\/neve-regressa-e-fecha-estrada-na-serra-da-estrela\/"},"author":{"name":"Telinha","@id":"https:\/\/portaltela.pt\/#\/schema\/person\/c4278d4a6028830caff9ee44b42d32ed"},"headline":"Neve regressa e fecha estrada na Serra da Estrela","datePublished":"2026-03-05T21:18:00+00:00","mainEntityOfPage":{"@id":"https:\/\/portaltela.pt\/noticias\/2026\/03\/05\/neve-regressa-e-fecha-estrada-na-serra-da-estrela\/"},"wordCount":90,"image":{"@id":"https:\/\/portaltela.pt\/noticias\/2026\/03\/05\/neve-regressa-e-fecha-estrada-na-serra-da-estrela\/#primaryimage"},"thumbnailUrl":"https:\/\/portaltela.pt\/s.01k8rhncp4jt1\/2026\/03\/CACHE_780X1200_ANALOG_WATERMARKED_46241319_878140630105677.jpg","keywords":["calamidades p\u00fablicas","cat\u00e1strofes naturais","clima","condi\u00e7\u00f5es de tr\u00e2nsito","estradas","Serra da Estrela"],"articleSection":["Internacional","Not\u00edcias"],"inLanguage":"pt-PT"},{"@type":"WebPage","@id":"https:\/\/portaltela.pt\/noticias\/2026\/03\/05\/neve-regressa-e-fecha-estrada-na-serra-da-estrela\/","url":"https:\/\/portaltela.pt\/noticias\/2026\/03\/05\/neve-regressa-e-fecha-estrada-na-serra-da-estrela\/","name":"Neve regressa e fecha estrada na Serra da Estrela - Portal Tela Portugal","isPartOf":{"@id":"https:\/\/portaltela.pt\/#website"},"primaryImageOfPage":{"@id":"https:\/\/portaltela.pt\/noticias\/2026\/03\/05\/neve-regressa-e-fecha-estrada-na-serra-da-estrela\/#primaryimage"},"image":{"@id":"https:\/\/portaltela.pt\/noticias\/2026\/03\/05\/neve-regressa-e-fecha-estrada-na-serra-da-estrela\/#primaryimage"},"thumbnailUrl":"https:\/\/portaltela.pt\/s.01k8rhncp4jt1\/2026\/03\/CACHE_780X1200_ANALOG_WATERMARKED_46241319_878140630105677.jpg","datePublished":"2026-03-05T21:18:00+00:00","author":{"@id":"https:\/\/portaltela.pt\/#\/schema\/person\/c4278d4a6028830caff9ee44b42d32ed"},"breadcrumb":{"@id":"https:\/\/portaltela.pt\/noticias\/2026\/03\/05\/neve-regressa-e-fecha-estrada-na-serra-da-estrela\/#breadcrumb"},"inLanguage":"pt-PT","potentialAction":[{"@type":"ReadAction","target":["https:\/\/portaltela.pt\/noticias\/2026\/03\/05\/neve-regressa-e-fecha-estrada-na-serra-da-estrela\/"]}]},{"@type":"ImageObject","inLanguage":"pt-PT","@id":"https:\/\/portaltela.pt\/noticias\/2026\/03\/05\/neve-regressa-e-fecha-estrada-na-serra-da-estrela\/#primaryimage","url":"https:\/\/portaltela.pt\/s.01k8rhncp4jt1\/2026\/03\/CACHE_780X1200_ANALOG_WATERMARKED_46241319_878140630105677.jpg","contentUrl":"https:\/\/portaltela.pt\/s.01k8rhncp4jt1\/2026\/03\/CACHE_780X1200_ANALOG_WATERMARKED_46241319_878140630105677.jpg","width":796,"height":448,"caption":"Neve regressa e fecha estrada na Serra da Estrela"},{"@type":"BreadcrumbList","@id":"https:\/\/portaltela.pt\/noticias\/2026\/03\/05\/neve-regressa-e-fecha-estrada-na-serra-da-estrela\/#breadcrumb","itemListElement":[{"@type":"ListItem","position":1,"name":"In\u00edcio","item":"https:\/\/portaltela.pt\/"},{"@type":"ListItem","position":2,"name":"Neve regressa e fecha estrada na Serra da Estrela"}]},{"@type":"WebSite","@id":"https:\/\/portaltela.pt\/#website","url":"https:\/\/portaltela.pt\/","name":"Portal Tela Portugal","description":"","potentialAction":[{"@type":"SearchAction","target":{"@type":"EntryPoint","urlTemplate":"https:\/\/portaltela.pt\/?s={search_term_string}"},"query-input":{"@type":"PropertyValueSpecification","valueRequired":true,"valueName":"search_term_string"}}],"inLanguage":"pt-PT"},{"@type":"Person","@id":"https:\/\/portaltela.pt\/#\/schema\/person\/c4278d4a6028830caff9ee44b42d32ed","name":"Telinha","image":{"@type":"ImageObject","inLanguage":"pt-PT","@id":"https:\/\/portaltela.pt\/s.01k8rhncp4jt1\/2025\/11\/talking-bot-125x125.png","url":"https:\/\/portaltela.pt\/s.01k8rhncp4jt1\/2025\/11\/talking-bot-125x125.png","contentUrl":"https:\/\/portaltela.pt\/s.01k8rhncp4jt1\/2025\/11\/talking-bot-125x125.png","caption":"Telinha"},"sameAs":["https:\/\/portaltela.pt\/"],"url":"https:\/\/portaltela.pt\/por\/367410592786\/"}]}},"_links":{"self":[{"href":"https:\/\/portaltela.pt\/api\/wp\/v2\/posts\/399340","targetHints":{"allow":["GET"]}}],"collection":[{"href":"https:\/\/portaltela.pt\/api\/wp\/v2\/posts"}],"about":[{"href":"https:\/\/portaltela.pt\/api\/wp\/v2\/types\/post"}],"author":[{"embeddable":true,"href":"https:\/\/portaltela.pt\/api\/wp\/v2\/users\/2"}],"replies":[{"embeddable":true,"href":"https:\/\/portaltela.pt\/api\/wp\/v2\/comments?post=399340"}],"version-history":[{"count":0,"href":"https:\/\/portaltela.pt\/api\/wp\/v2\/posts\/399340\/revisions"}],"wp:featuredmedia":[{"embeddable":true,"href":"https:\/\/portaltela.pt\/api\/wp\/v2\/media\/399342"}],"wp:attachment":[{"href":"https:\/\/portaltela.pt\/api\/wp\/v2\/media?parent=399340"}],"wp:term":[{"taxonomy":"category","embeddable":true,"href":"https:\/\/portaltela.pt\/api\/wp\/v2\/categories?post=399340"},{"taxonomy":"post_tag","embeddable":true,"href":"https:\/\/portaltela.pt\/api\/wp\/v2\/tags?post=399340"}],"curies":[{"name":"wp","href":"https:\/\/api.w.org\/{rel}","templated":true}]}}