{"id":399334,"date":"2026-03-05T18:30:00","date_gmt":"2026-03-05T21:30:00","guid":{"rendered":"https:\/\/portaltela.pt\/noticias\/2026\/03\/05\/guerra-colonial-inspira-temas-de-fantasmas-e-morte-na-obra-de-lobo-antunes\/"},"modified":"2026-03-05T18:30:00","modified_gmt":"2026-03-05T21:30:00","slug":"guerra-colonial-inspira-temas-de-fantasmas-e-morte-na-obra-de-lobo-antunes","status":"publish","type":"post","link":"https:\/\/portaltela.pt\/noticias\/2026\/03\/05\/guerra-colonial-inspira-temas-de-fantasmas-e-morte-na-obra-de-lobo-antunes\/","title":{"rendered":"Guerra Colonial inspira temas de &#8216;fantasmas&#8217; e morte na obra de Lobo Antunes"},"content":{"rendered":"<p>A Guerra Colonial em Angola, entre 1971 e 1973, deixou marcas profundas na obra de Ant\u00f3nio Lobo Antunes, autor de Os Cus de Judas. Um acad\u00e9mico que conhece bem o tema e um realizador-encenador que trabalhou a partir da obra discutem o impacto da experi\u00eancia na vida do escritor.<\/p>\n<p>A presen\u00e7a da guerra aparece na escrita mesmo quando n\u00e3o \u00e9 referida diretamente. A viv\u00eancia do conflito, com o peso da experi\u00eancia, est\u00e1 presente em cartas, cr\u00f3nicas e entrevistas do autor.<\/p>\n<p>O regresso a casa, depois de 26 meses no terreno, revelou-se determinante. A mudan\u00e7a de perspetiva transformou a forma de olhar o mundo e a abordagem da narrativa, segundo os interlocutores.<\/p>\n<h3>Influ\u00eancia na obra e no palco<\/h3>\n<p>A an\u00e1lise sustenta que a experi\u00eancia de Angola atravessa a vida de Lobo Antunes e a sua escrita, moldando personagens, temas e estruturas. O conflito \u00e9 utilizado para explorar a moral, a identidade e a mem\u00f3ria.<\/p>\n<p>Quem observa a obra nota que a figura do alferes miliciano, m\u00e9dico de campanha, permanece presente, mesmo quando ausente. A reflex\u00e3o sobre o humano surge em v\u00e1rias linhas, cartas e entrevistas do autor.<\/p>\n<p>Pesquisadores e criadores destacam ainda que a obra ganhou novas leituras ap\u00f3s a experi\u00eancia colonial. A partir deste per\u00edodo, a produ\u00e7\u00e3o liter\u00e1ria passou a dialogar com o trauma, a culpa e a urg\u00eancia de contar.<\/p>\n","protected":false},"excerpt":{"rendered":"<ul>\n<li>A Guerra Colonial em Angola, entre 1971 e 1973, marcou a obra de Ant\u00f3nio Lobo Antunes, trazendo \u201cfantasmas\u201d e morte concreta.<\/li>\n<li>O artigo ouviu um acad\u00e9mico que o conhece bem e um realizador e um encenador que trabalharam a partir da sua obra.<\/li>\n<li>A experi\u00eancia de guerra influenciou a forma como o escritor passou a ver o mundo, atravessando a sua vida e a sua escrita.<\/li>\n<li>Lobo Antunes foi para Angola como alferes miliciano e m\u00e9dico, regressando 26 meses depois, perto do 25 de abril.<\/li>\n<li>A influ\u00eancia da guerra permanece na pr\u00e1tica criativa e na biografia do escritor, manifestando-se em cartas, cr\u00f3nicas e entrevistas.<\/li>\n<\/ul>\n","protected":false},"author":2,"featured_media":399335,"comment_status":"closed","ping_status":"closed","sticky":false,"template":"","format":"standard","meta":{"footnotes":""},"categories":[12,1],"tags":[4837,62,106,5200,3030],"class_list":["post-399334","post","type-post","status-publish","format-standard","has-post-thumbnail","hentry","category-entretenimento","category-noticias","tag-angola","tag-guerra","tag-literatura","tag-literatura-comparada","tag-memoria-literaria"],"yoast_head":"<!-- This site is optimized with the Yoast SEO plugin v27.2 - https:\/\/yoast.com\/product\/yoast-seo-wordpress\/ -->\n<title>Guerra Colonial inspira temas de &#039;fantasmas&#039; e morte na obra de Lobo Antunes - Portal Tela Portugal<\/title>\n<meta name=\"robots\" content=\"index, follow, max-snippet:-1, max-image-preview:large, max-video-preview:-1\" \/>\n<meta property=\"og:locale\" content=\"pt_PT\" \/>\n<meta property=\"og:type\" content=\"article\" \/>\n<meta property=\"og:title\" content=\"Guerra Colonial inspira temas de &#039;fantasmas&#039; e morte na obra de Lobo Antunes - Portal Tela Portugal\" \/>\n<meta property=\"og:description\" content=\"A Guerra Colonial em Angola, entre 1971 e 1973, marcou a obra de Ant\u00f3nio Lobo Antunes, trazendo \u201cfantasmas\u201d e morte concreta. O artigo ouviu um acad\u00e9mico que o conhece bem e um realizador e um encenador que trabalharam a partir da sua obra. A experi\u00eancia de guerra influenciou a forma como o escritor passou a ver o mundo, atravessando a sua vida e a sua escrita. Lobo Antunes foi para Angola como alferes miliciano e m\u00e9dico, regressando 26 meses depois, perto do 25 de abril. A influ\u00eancia da guerra permanece na pr\u00e1tica criativa e na biografia do escritor, manifestando-se em cartas, cr\u00f3nicas e entrevistas.\" \/>\n<meta property=\"og:url\" content=\"https:\/\/portaltela.pt\/noticias\/2026\/03\/05\/guerra-colonial-inspira-temas-de-fantasmas-e-morte-na-obra-de-lobo-antunes\/\" \/>\n<meta property=\"og:site_name\" content=\"Portal Tela Portugal\" \/>\n<meta property=\"article:published_time\" content=\"2026-03-05T21:30:00+00:00\" \/>\n<meta name=\"author\" content=\"Telinha\" \/>\n<meta name=\"twitter:card\" content=\"summary_large_image\" \/>\n<meta name=\"twitter:label1\" content=\"Escrito por\" \/>\n\t<meta name=\"twitter:data1\" content=\"Telinha\" \/>\n\t<meta name=\"twitter:label2\" content=\"Tempo estimado de leitura\" \/>\n\t<meta name=\"twitter:data2\" content=\"1 minuto\" \/>\n<script type=\"application\/ld+json\" class=\"yoast-schema-graph\">{\"@context\":\"https:\/\/schema.org\",\"@graph\":[{\"@type\":\"Article\",\"@id\":\"https:\/\/portaltela.pt\/noticias\/2026\/03\/05\/guerra-colonial-inspira-temas-de-fantasmas-e-morte-na-obra-de-lobo-antunes\/#article\",\"isPartOf\":{\"@id\":\"https:\/\/portaltela.pt\/noticias\/2026\/03\/05\/guerra-colonial-inspira-temas-de-fantasmas-e-morte-na-obra-de-lobo-antunes\/\"},\"author\":{\"name\":\"Telinha\",\"@id\":\"https:\/\/portaltela.pt\/#\/schema\/person\/c4278d4a6028830caff9ee44b42d32ed\"},\"headline\":\"Guerra Colonial inspira temas de &#8216;fantasmas&#8217; e morte na obra de Lobo Antunes\",\"datePublished\":\"2026-03-05T21:30:00+00:00\",\"mainEntityOfPage\":{\"@id\":\"https:\/\/portaltela.pt\/noticias\/2026\/03\/05\/guerra-colonial-inspira-temas-de-fantasmas-e-morte-na-obra-de-lobo-antunes\/\"},\"wordCount\":251,\"image\":{\"@id\":\"https:\/\/portaltela.pt\/noticias\/2026\/03\/05\/guerra-colonial-inspira-temas-de-fantasmas-e-morte-na-obra-de-lobo-antunes\/#primaryimage\"},\"thumbnailUrl\":\"https:\/\/portaltela.pt\/s.01k8rhncp4jt1\/2026\/03\/2072136.jpg\",\"keywords\":[\"Angola\",\"guerra\",\"literatura\",\"Literatura Comparada\",\"mem\u00f3ria liter\u00e1ria\"],\"articleSection\":[\"Entretenimento\",\"Not\u00edcias\"],\"inLanguage\":\"pt-PT\"},{\"@type\":\"WebPage\",\"@id\":\"https:\/\/portaltela.pt\/noticias\/2026\/03\/05\/guerra-colonial-inspira-temas-de-fantasmas-e-morte-na-obra-de-lobo-antunes\/\",\"url\":\"https:\/\/portaltela.pt\/noticias\/2026\/03\/05\/guerra-colonial-inspira-temas-de-fantasmas-e-morte-na-obra-de-lobo-antunes\/\",\"name\":\"Guerra Colonial inspira temas de 'fantasmas' e morte na obra de Lobo Antunes - Portal Tela Portugal\",\"isPartOf\":{\"@id\":\"https:\/\/portaltela.pt\/#website\"},\"primaryImageOfPage\":{\"@id\":\"https:\/\/portaltela.pt\/noticias\/2026\/03\/05\/guerra-colonial-inspira-temas-de-fantasmas-e-morte-na-obra-de-lobo-antunes\/#primaryimage\"},\"image\":{\"@id\":\"https:\/\/portaltela.pt\/noticias\/2026\/03\/05\/guerra-colonial-inspira-temas-de-fantasmas-e-morte-na-obra-de-lobo-antunes\/#primaryimage\"},\"thumbnailUrl\":\"https:\/\/portaltela.pt\/s.01k8rhncp4jt1\/2026\/03\/2072136.jpg\",\"datePublished\":\"2026-03-05T21:30:00+00:00\",\"author\":{\"@id\":\"https:\/\/portaltela.pt\/#\/schema\/person\/c4278d4a6028830caff9ee44b42d32ed\"},\"breadcrumb\":{\"@id\":\"https:\/\/portaltela.pt\/noticias\/2026\/03\/05\/guerra-colonial-inspira-temas-de-fantasmas-e-morte-na-obra-de-lobo-antunes\/#breadcrumb\"},\"inLanguage\":\"pt-PT\",\"potentialAction\":[{\"@type\":\"ReadAction\",\"target\":[\"https:\/\/portaltela.pt\/noticias\/2026\/03\/05\/guerra-colonial-inspira-temas-de-fantasmas-e-morte-na-obra-de-lobo-antunes\/\"]}]},{\"@type\":\"ImageObject\",\"inLanguage\":\"pt-PT\",\"@id\":\"https:\/\/portaltela.pt\/noticias\/2026\/03\/05\/guerra-colonial-inspira-temas-de-fantasmas-e-morte-na-obra-de-lobo-antunes\/#primaryimage\",\"url\":\"https:\/\/portaltela.pt\/s.01k8rhncp4jt1\/2026\/03\/2072136.jpg\",\"contentUrl\":\"https:\/\/portaltela.pt\/s.01k8rhncp4jt1\/2026\/03\/2072136.jpg\",\"width\":796,\"height\":448,\"caption\":\"Ant\u00f3nio Lobo Antunes em primeiro plano, numa fotografia tirada em Angola, onde esteve destacado dois anos durante a Guerra Colonial\"},{\"@type\":\"BreadcrumbList\",\"@id\":\"https:\/\/portaltela.pt\/noticias\/2026\/03\/05\/guerra-colonial-inspira-temas-de-fantasmas-e-morte-na-obra-de-lobo-antunes\/#breadcrumb\",\"itemListElement\":[{\"@type\":\"ListItem\",\"position\":1,\"name\":\"In\u00edcio\",\"item\":\"https:\/\/portaltela.pt\/\"},{\"@type\":\"ListItem\",\"position\":2,\"name\":\"Guerra Colonial inspira temas de &#8216;fantasmas&#8217; e morte na obra de Lobo Antunes\"}]},{\"@type\":\"WebSite\",\"@id\":\"https:\/\/portaltela.pt\/#website\",\"url\":\"https:\/\/portaltela.pt\/\",\"name\":\"Portal Tela Portugal\",\"description\":\"\",\"potentialAction\":[{\"@type\":\"SearchAction\",\"target\":{\"@type\":\"EntryPoint\",\"urlTemplate\":\"https:\/\/portaltela.pt\/?s={search_term_string}\"},\"query-input\":{\"@type\":\"PropertyValueSpecification\",\"valueRequired\":true,\"valueName\":\"search_term_string\"}}],\"inLanguage\":\"pt-PT\"},{\"@type\":\"Person\",\"@id\":\"https:\/\/portaltela.pt\/#\/schema\/person\/c4278d4a6028830caff9ee44b42d32ed\",\"name\":\"Telinha\",\"image\":{\"@type\":\"ImageObject\",\"inLanguage\":\"pt-PT\",\"@id\":\"https:\/\/portaltela.pt\/s.01k8rhncp4jt1\/2025\/11\/talking-bot-125x125.png\",\"url\":\"https:\/\/portaltela.pt\/s.01k8rhncp4jt1\/2025\/11\/talking-bot-125x125.png\",\"contentUrl\":\"https:\/\/portaltela.pt\/s.01k8rhncp4jt1\/2025\/11\/talking-bot-125x125.png\",\"caption\":\"Telinha\"},\"sameAs\":[\"https:\/\/portaltela.pt\/\"],\"url\":\"https:\/\/portaltela.pt\/por\/367410592786\/\"}]}<\/script>\n<!-- \/ Yoast SEO plugin. -->","yoast_head_json":{"title":"Guerra Colonial inspira temas de 'fantasmas' e morte na obra de Lobo Antunes - Portal Tela Portugal","robots":{"index":"index","follow":"follow","max-snippet":"max-snippet:-1","max-image-preview":"max-image-preview:large","max-video-preview":"max-video-preview:-1"},"og_locale":"pt_PT","og_type":"article","og_title":"Guerra Colonial inspira temas de 'fantasmas' e morte na obra de Lobo Antunes - Portal Tela Portugal","og_description":"A Guerra Colonial em Angola, entre 1971 e 1973, marcou a obra de Ant\u00f3nio Lobo Antunes, trazendo \u201cfantasmas\u201d e morte concreta. O artigo ouviu um acad\u00e9mico que o conhece bem e um realizador e um encenador que trabalharam a partir da sua obra. A experi\u00eancia de guerra influenciou a forma como o escritor passou a ver o mundo, atravessando a sua vida e a sua escrita. Lobo Antunes foi para Angola como alferes miliciano e m\u00e9dico, regressando 26 meses depois, perto do 25 de abril. A influ\u00eancia da guerra permanece na pr\u00e1tica criativa e na biografia do escritor, manifestando-se em cartas, cr\u00f3nicas e entrevistas.","og_url":"https:\/\/portaltela.pt\/noticias\/2026\/03\/05\/guerra-colonial-inspira-temas-de-fantasmas-e-morte-na-obra-de-lobo-antunes\/","og_site_name":"Portal Tela Portugal","article_published_time":"2026-03-05T21:30:00+00:00","author":"Telinha","twitter_card":"summary_large_image","twitter_misc":{"Escrito por":"Telinha","Tempo estimado de leitura":"1 minuto"},"schema":{"@context":"https:\/\/schema.org","@graph":[{"@type":"Article","@id":"https:\/\/portaltela.pt\/noticias\/2026\/03\/05\/guerra-colonial-inspira-temas-de-fantasmas-e-morte-na-obra-de-lobo-antunes\/#article","isPartOf":{"@id":"https:\/\/portaltela.pt\/noticias\/2026\/03\/05\/guerra-colonial-inspira-temas-de-fantasmas-e-morte-na-obra-de-lobo-antunes\/"},"author":{"name":"Telinha","@id":"https:\/\/portaltela.pt\/#\/schema\/person\/c4278d4a6028830caff9ee44b42d32ed"},"headline":"Guerra Colonial inspira temas de &#8216;fantasmas&#8217; e morte na obra de Lobo Antunes","datePublished":"2026-03-05T21:30:00+00:00","mainEntityOfPage":{"@id":"https:\/\/portaltela.pt\/noticias\/2026\/03\/05\/guerra-colonial-inspira-temas-de-fantasmas-e-morte-na-obra-de-lobo-antunes\/"},"wordCount":251,"image":{"@id":"https:\/\/portaltela.pt\/noticias\/2026\/03\/05\/guerra-colonial-inspira-temas-de-fantasmas-e-morte-na-obra-de-lobo-antunes\/#primaryimage"},"thumbnailUrl":"https:\/\/portaltela.pt\/s.01k8rhncp4jt1\/2026\/03\/2072136.jpg","keywords":["Angola","guerra","literatura","Literatura Comparada","mem\u00f3ria liter\u00e1ria"],"articleSection":["Entretenimento","Not\u00edcias"],"inLanguage":"pt-PT"},{"@type":"WebPage","@id":"https:\/\/portaltela.pt\/noticias\/2026\/03\/05\/guerra-colonial-inspira-temas-de-fantasmas-e-morte-na-obra-de-lobo-antunes\/","url":"https:\/\/portaltela.pt\/noticias\/2026\/03\/05\/guerra-colonial-inspira-temas-de-fantasmas-e-morte-na-obra-de-lobo-antunes\/","name":"Guerra Colonial inspira temas de 'fantasmas' e morte na obra de Lobo Antunes - Portal Tela Portugal","isPartOf":{"@id":"https:\/\/portaltela.pt\/#website"},"primaryImageOfPage":{"@id":"https:\/\/portaltela.pt\/noticias\/2026\/03\/05\/guerra-colonial-inspira-temas-de-fantasmas-e-morte-na-obra-de-lobo-antunes\/#primaryimage"},"image":{"@id":"https:\/\/portaltela.pt\/noticias\/2026\/03\/05\/guerra-colonial-inspira-temas-de-fantasmas-e-morte-na-obra-de-lobo-antunes\/#primaryimage"},"thumbnailUrl":"https:\/\/portaltela.pt\/s.01k8rhncp4jt1\/2026\/03\/2072136.jpg","datePublished":"2026-03-05T21:30:00+00:00","author":{"@id":"https:\/\/portaltela.pt\/#\/schema\/person\/c4278d4a6028830caff9ee44b42d32ed"},"breadcrumb":{"@id":"https:\/\/portaltela.pt\/noticias\/2026\/03\/05\/guerra-colonial-inspira-temas-de-fantasmas-e-morte-na-obra-de-lobo-antunes\/#breadcrumb"},"inLanguage":"pt-PT","potentialAction":[{"@type":"ReadAction","target":["https:\/\/portaltela.pt\/noticias\/2026\/03\/05\/guerra-colonial-inspira-temas-de-fantasmas-e-morte-na-obra-de-lobo-antunes\/"]}]},{"@type":"ImageObject","inLanguage":"pt-PT","@id":"https:\/\/portaltela.pt\/noticias\/2026\/03\/05\/guerra-colonial-inspira-temas-de-fantasmas-e-morte-na-obra-de-lobo-antunes\/#primaryimage","url":"https:\/\/portaltela.pt\/s.01k8rhncp4jt1\/2026\/03\/2072136.jpg","contentUrl":"https:\/\/portaltela.pt\/s.01k8rhncp4jt1\/2026\/03\/2072136.jpg","width":796,"height":448,"caption":"Ant\u00f3nio Lobo Antunes em primeiro plano, numa fotografia tirada em Angola, onde esteve destacado dois anos durante a Guerra Colonial"},{"@type":"BreadcrumbList","@id":"https:\/\/portaltela.pt\/noticias\/2026\/03\/05\/guerra-colonial-inspira-temas-de-fantasmas-e-morte-na-obra-de-lobo-antunes\/#breadcrumb","itemListElement":[{"@type":"ListItem","position":1,"name":"In\u00edcio","item":"https:\/\/portaltela.pt\/"},{"@type":"ListItem","position":2,"name":"Guerra Colonial inspira temas de &#8216;fantasmas&#8217; e morte na obra de Lobo Antunes"}]},{"@type":"WebSite","@id":"https:\/\/portaltela.pt\/#website","url":"https:\/\/portaltela.pt\/","name":"Portal Tela Portugal","description":"","potentialAction":[{"@type":"SearchAction","target":{"@type":"EntryPoint","urlTemplate":"https:\/\/portaltela.pt\/?s={search_term_string}"},"query-input":{"@type":"PropertyValueSpecification","valueRequired":true,"valueName":"search_term_string"}}],"inLanguage":"pt-PT"},{"@type":"Person","@id":"https:\/\/portaltela.pt\/#\/schema\/person\/c4278d4a6028830caff9ee44b42d32ed","name":"Telinha","image":{"@type":"ImageObject","inLanguage":"pt-PT","@id":"https:\/\/portaltela.pt\/s.01k8rhncp4jt1\/2025\/11\/talking-bot-125x125.png","url":"https:\/\/portaltela.pt\/s.01k8rhncp4jt1\/2025\/11\/talking-bot-125x125.png","contentUrl":"https:\/\/portaltela.pt\/s.01k8rhncp4jt1\/2025\/11\/talking-bot-125x125.png","caption":"Telinha"},"sameAs":["https:\/\/portaltela.pt\/"],"url":"https:\/\/portaltela.pt\/por\/367410592786\/"}]}},"_links":{"self":[{"href":"https:\/\/portaltela.pt\/api\/wp\/v2\/posts\/399334","targetHints":{"allow":["GET"]}}],"collection":[{"href":"https:\/\/portaltela.pt\/api\/wp\/v2\/posts"}],"about":[{"href":"https:\/\/portaltela.pt\/api\/wp\/v2\/types\/post"}],"author":[{"embeddable":true,"href":"https:\/\/portaltela.pt\/api\/wp\/v2\/users\/2"}],"replies":[{"embeddable":true,"href":"https:\/\/portaltela.pt\/api\/wp\/v2\/comments?post=399334"}],"version-history":[{"count":0,"href":"https:\/\/portaltela.pt\/api\/wp\/v2\/posts\/399334\/revisions"}],"wp:featuredmedia":[{"embeddable":true,"href":"https:\/\/portaltela.pt\/api\/wp\/v2\/media\/399335"}],"wp:attachment":[{"href":"https:\/\/portaltela.pt\/api\/wp\/v2\/media?parent=399334"}],"wp:term":[{"taxonomy":"category","embeddable":true,"href":"https:\/\/portaltela.pt\/api\/wp\/v2\/categories?post=399334"},{"taxonomy":"post_tag","embeddable":true,"href":"https:\/\/portaltela.pt\/api\/wp\/v2\/tags?post=399334"}],"curies":[{"name":"wp","href":"https:\/\/api.w.org\/{rel}","templated":true}]}}