{"id":399330,"date":"2026-03-05T18:27:00","date_gmt":"2026-03-05T21:27:00","guid":{"rendered":"https:\/\/portaltela.pt\/noticias\/2026\/03\/05\/desafio-do-paracetamol-leva-jovens-as-urgencias-alertam-medicos-e-pais\/"},"modified":"2026-03-05T18:27:00","modified_gmt":"2026-03-05T21:27:00","slug":"desafio-do-paracetamol-leva-jovens-as-urgencias-alertam-medicos-e-pais","status":"publish","type":"post","link":"https:\/\/portaltela.pt\/noticias\/internacional\/2026\/03\/05\/desafio-do-paracetamol-leva-jovens-as-urgencias-alertam-medicos-e-pais\/","title":{"rendered":"Desafio do paracetamol leva jovens \u00e0s urg\u00eancias, alertam m\u00e9dicos e pais"},"content":{"rendered":"<p>Casos de intoxica\u00e7\u00e3o por paracetamol t\u00eam surgido em v\u00e1rios pa\u00edses europeus, incluindo Portugal, ligados a um desafio popular nas redes sociais. M\u00e9dicos alertam para um aumento de consultas nas urg\u00eancias entre jovens. A investiga\u00e7\u00e3o CM foi publicada a 5 de mar\u00e7o de 2025.<\/p>\n<p>Especialistas dizem que o aumento atinge principalmente adolescentes e jovens adultos, que recorrem ao paracetamol de forma repetida ou em doses superiores \u00e0s indicadas. As autoridades de sa\u00fade enfatizam o risco de insufici\u00eancia hep\u00e1tica e outros efeitos graves.<\/p>\n<p>O fen\u00f3meno come\u00e7ou a ganhar for\u00e7a nas redes sociais mais recentemente, levando a um fluxo de chamadas e exig\u00eancias de atendimento m\u00e9dico. Em Portugal, as autoridades sanit\u00e1rias e profissionais de sa\u00fade pedem maior regula\u00e7\u00e3o das plataformas para travar desafios perigosos entre os jovens.<\/p>\n<h3>A\u00e7\u00f5es recomendadas<\/h3>\n<p>Profissionais de sa\u00fade recomendam informar os pais e jovens sobre o uso seguro de analg\u00e9sicos e sobre os sinais de alerta de intoxica\u00e7\u00e3o. Organiza\u00e7\u00f5es de sa\u00fade defendem diretrizes mais r\u00edgidas para conte\u00fados que promovem riscos \u00e0 sa\u00fade.<\/p>\n<h3>Medidas regulat\u00f3rias<\/h3>\n<p>Especialistas argumentam pela implementa\u00e7\u00e3o de pol\u00edticas de modera\u00e7\u00e3o e verifica\u00e7\u00e3o de conte\u00fados sens\u00edveis nas redes sociais. A regula\u00e7\u00e3o visa reduzir a divulga\u00e7\u00e3o de pr\u00e1ticas de risco entre menores de idade, sem impedir a liberdade de express\u00e3o.<\/p>\n","protected":false},"excerpt":{"rendered":"<ul>\n<li>Casos de intoxica\u00e7\u00e3o por paracetamol surgem em v\u00e1rios pa\u00edses europeus, incluindo Portugal, ap\u00f3s um desafio nas redes sociais.<\/li>\n<li>Jovens t\u00eam procurado urg\u00eancias devido a estas intoxica\u00e7\u00f5es, gerando preocupa\u00e7\u00e3o entre m\u00e9dicos e pais.<\/li>\n<li>Especialistas indicam um aumento de atendimentos relacionados com este f\u00e1rmaco entre adolescentes.<\/li>\n<li>Pedem regula\u00e7\u00e3o das redes sociais para travar desafios perigosos entre os jovens.<\/li>\n<\/ul>\n","protected":false},"author":2,"featured_media":399331,"comment_status":"closed","ping_status":"closed","sticky":false,"template":"","format":"standard","meta":{"footnotes":""},"categories":[4,1],"tags":[3276,5296,251,88,271,250],"class_list":["post-399330","post","type-post","status-publish","format-standard","has-post-thumbnail","hentry","category-internacional","category-noticias","tag-intoxicacao","tag-intoxicacoes","tag-juventude","tag-redes-sociais","tag-saude-publica","tag-seguranca-publica"],"yoast_head":"<!-- This site is optimized with the Yoast SEO plugin v27.2 - https:\/\/yoast.com\/product\/yoast-seo-wordpress\/ -->\n<title>Desafio do paracetamol leva jovens \u00e0s urg\u00eancias, alertam m\u00e9dicos e pais - Portal Tela Portugal<\/title>\n<meta name=\"robots\" content=\"index, follow, max-snippet:-1, max-image-preview:large, max-video-preview:-1\" \/>\n<meta property=\"og:locale\" content=\"pt_PT\" \/>\n<meta property=\"og:type\" content=\"article\" \/>\n<meta property=\"og:title\" content=\"Desafio do paracetamol leva jovens \u00e0s urg\u00eancias, alertam m\u00e9dicos e pais - Portal Tela Portugal\" \/>\n<meta property=\"og:description\" content=\"Casos de intoxica\u00e7\u00e3o por paracetamol surgem em v\u00e1rios pa\u00edses europeus, incluindo Portugal, ap\u00f3s um desafio nas redes sociais. Jovens t\u00eam procurado urg\u00eancias devido a estas intoxica\u00e7\u00f5es, gerando preocupa\u00e7\u00e3o entre m\u00e9dicos e pais. Especialistas indicam um aumento de atendimentos relacionados com este f\u00e1rmaco entre adolescentes. Pedem regula\u00e7\u00e3o das redes sociais para travar desafios perigosos entre os jovens.\" \/>\n<meta property=\"og:url\" content=\"https:\/\/portaltela.pt\/noticias\/2026\/03\/05\/desafio-do-paracetamol-leva-jovens-as-urgencias-alertam-medicos-e-pais\/\" \/>\n<meta property=\"og:site_name\" content=\"Portal Tela Portugal\" \/>\n<meta property=\"article:published_time\" content=\"2026-03-05T21:27:00+00:00\" \/>\n<meta name=\"author\" content=\"Telinha\" \/>\n<meta name=\"twitter:card\" content=\"summary_large_image\" \/>\n<meta name=\"twitter:label1\" content=\"Escrito por\" \/>\n\t<meta name=\"twitter:data1\" content=\"Telinha\" \/>\n\t<meta name=\"twitter:label2\" content=\"Tempo estimado de leitura\" \/>\n\t<meta name=\"twitter:data2\" content=\"1 minuto\" \/>\n<script type=\"application\/ld+json\" class=\"yoast-schema-graph\">{\"@context\":\"https:\/\/schema.org\",\"@graph\":[{\"@type\":\"Article\",\"@id\":\"https:\/\/portaltela.pt\/noticias\/2026\/03\/05\/desafio-do-paracetamol-leva-jovens-as-urgencias-alertam-medicos-e-pais\/#article\",\"isPartOf\":{\"@id\":\"https:\/\/portaltela.pt\/noticias\/2026\/03\/05\/desafio-do-paracetamol-leva-jovens-as-urgencias-alertam-medicos-e-pais\/\"},\"author\":{\"name\":\"Telinha\",\"@id\":\"https:\/\/portaltela.pt\/#\/schema\/person\/c4278d4a6028830caff9ee44b42d32ed\"},\"headline\":\"Desafio do paracetamol leva jovens \u00e0s urg\u00eancias, alertam m\u00e9dicos e pais\",\"datePublished\":\"2026-03-05T21:27:00+00:00\",\"mainEntityOfPage\":{\"@id\":\"https:\/\/portaltela.pt\/noticias\/2026\/03\/05\/desafio-do-paracetamol-leva-jovens-as-urgencias-alertam-medicos-e-pais\/\"},\"wordCount\":250,\"image\":{\"@id\":\"https:\/\/portaltela.pt\/noticias\/2026\/03\/05\/desafio-do-paracetamol-leva-jovens-as-urgencias-alertam-medicos-e-pais\/#primaryimage\"},\"thumbnailUrl\":\"https:\/\/portaltela.pt\/s.01k8rhncp4jt1\/2026\/03\/img_1280x722uu2026-03-05-19-08-45-2270601.jpg\",\"keywords\":[\"intoxica\u00e7\u00e3o\",\"intoxica\u00e7\u00f5es\",\"juventude\",\"redes sociais\",\"sa\u00fade p\u00fablica\",\"seguran\u00e7a p\u00fablica\"],\"articleSection\":[\"Internacional\",\"Not\u00edcias\"],\"inLanguage\":\"pt-PT\"},{\"@type\":\"WebPage\",\"@id\":\"https:\/\/portaltela.pt\/noticias\/2026\/03\/05\/desafio-do-paracetamol-leva-jovens-as-urgencias-alertam-medicos-e-pais\/\",\"url\":\"https:\/\/portaltela.pt\/noticias\/2026\/03\/05\/desafio-do-paracetamol-leva-jovens-as-urgencias-alertam-medicos-e-pais\/\",\"name\":\"Desafio do paracetamol leva jovens \u00e0s urg\u00eancias, alertam m\u00e9dicos e pais - Portal Tela Portugal\",\"isPartOf\":{\"@id\":\"https:\/\/portaltela.pt\/#website\"},\"primaryImageOfPage\":{\"@id\":\"https:\/\/portaltela.pt\/noticias\/2026\/03\/05\/desafio-do-paracetamol-leva-jovens-as-urgencias-alertam-medicos-e-pais\/#primaryimage\"},\"image\":{\"@id\":\"https:\/\/portaltela.pt\/noticias\/2026\/03\/05\/desafio-do-paracetamol-leva-jovens-as-urgencias-alertam-medicos-e-pais\/#primaryimage\"},\"thumbnailUrl\":\"https:\/\/portaltela.pt\/s.01k8rhncp4jt1\/2026\/03\/img_1280x722uu2026-03-05-19-08-45-2270601.jpg\",\"datePublished\":\"2026-03-05T21:27:00+00:00\",\"author\":{\"@id\":\"https:\/\/portaltela.pt\/#\/schema\/person\/c4278d4a6028830caff9ee44b42d32ed\"},\"breadcrumb\":{\"@id\":\"https:\/\/portaltela.pt\/noticias\/2026\/03\/05\/desafio-do-paracetamol-leva-jovens-as-urgencias-alertam-medicos-e-pais\/#breadcrumb\"},\"inLanguage\":\"pt-PT\",\"potentialAction\":[{\"@type\":\"ReadAction\",\"target\":[\"https:\/\/portaltela.pt\/noticias\/2026\/03\/05\/desafio-do-paracetamol-leva-jovens-as-urgencias-alertam-medicos-e-pais\/\"]}]},{\"@type\":\"ImageObject\",\"inLanguage\":\"pt-PT\",\"@id\":\"https:\/\/portaltela.pt\/noticias\/2026\/03\/05\/desafio-do-paracetamol-leva-jovens-as-urgencias-alertam-medicos-e-pais\/#primaryimage\",\"url\":\"https:\/\/portaltela.pt\/s.01k8rhncp4jt1\/2026\/03\/img_1280x722uu2026-03-05-19-08-45-2270601.jpg\",\"contentUrl\":\"https:\/\/portaltela.pt\/s.01k8rhncp4jt1\/2026\/03\/img_1280x722uu2026-03-05-19-08-45-2270601.jpg\",\"width\":796,\"height\":448,\"caption\":\"Photo\"},{\"@type\":\"BreadcrumbList\",\"@id\":\"https:\/\/portaltela.pt\/noticias\/2026\/03\/05\/desafio-do-paracetamol-leva-jovens-as-urgencias-alertam-medicos-e-pais\/#breadcrumb\",\"itemListElement\":[{\"@type\":\"ListItem\",\"position\":1,\"name\":\"In\u00edcio\",\"item\":\"https:\/\/portaltela.pt\/\"},{\"@type\":\"ListItem\",\"position\":2,\"name\":\"Desafio do paracetamol leva jovens \u00e0s urg\u00eancias, alertam m\u00e9dicos e pais\"}]},{\"@type\":\"WebSite\",\"@id\":\"https:\/\/portaltela.pt\/#website\",\"url\":\"https:\/\/portaltela.pt\/\",\"name\":\"Portal Tela Portugal\",\"description\":\"\",\"potentialAction\":[{\"@type\":\"SearchAction\",\"target\":{\"@type\":\"EntryPoint\",\"urlTemplate\":\"https:\/\/portaltela.pt\/?s={search_term_string}\"},\"query-input\":{\"@type\":\"PropertyValueSpecification\",\"valueRequired\":true,\"valueName\":\"search_term_string\"}}],\"inLanguage\":\"pt-PT\"},{\"@type\":\"Person\",\"@id\":\"https:\/\/portaltela.pt\/#\/schema\/person\/c4278d4a6028830caff9ee44b42d32ed\",\"name\":\"Telinha\",\"image\":{\"@type\":\"ImageObject\",\"inLanguage\":\"pt-PT\",\"@id\":\"https:\/\/portaltela.pt\/s.01k8rhncp4jt1\/2025\/11\/talking-bot-125x125.png\",\"url\":\"https:\/\/portaltela.pt\/s.01k8rhncp4jt1\/2025\/11\/talking-bot-125x125.png\",\"contentUrl\":\"https:\/\/portaltela.pt\/s.01k8rhncp4jt1\/2025\/11\/talking-bot-125x125.png\",\"caption\":\"Telinha\"},\"sameAs\":[\"https:\/\/portaltela.pt\/\"],\"url\":\"https:\/\/portaltela.pt\/por\/367410592786\/\"}]}<\/script>\n<!-- \/ Yoast SEO plugin. -->","yoast_head_json":{"title":"Desafio do paracetamol leva jovens \u00e0s urg\u00eancias, alertam m\u00e9dicos e pais - Portal Tela Portugal","robots":{"index":"index","follow":"follow","max-snippet":"max-snippet:-1","max-image-preview":"max-image-preview:large","max-video-preview":"max-video-preview:-1"},"og_locale":"pt_PT","og_type":"article","og_title":"Desafio do paracetamol leva jovens \u00e0s urg\u00eancias, alertam m\u00e9dicos e pais - Portal Tela Portugal","og_description":"Casos de intoxica\u00e7\u00e3o por paracetamol surgem em v\u00e1rios pa\u00edses europeus, incluindo Portugal, ap\u00f3s um desafio nas redes sociais. Jovens t\u00eam procurado urg\u00eancias devido a estas intoxica\u00e7\u00f5es, gerando preocupa\u00e7\u00e3o entre m\u00e9dicos e pais. Especialistas indicam um aumento de atendimentos relacionados com este f\u00e1rmaco entre adolescentes. Pedem regula\u00e7\u00e3o das redes sociais para travar desafios perigosos entre os jovens.","og_url":"https:\/\/portaltela.pt\/noticias\/2026\/03\/05\/desafio-do-paracetamol-leva-jovens-as-urgencias-alertam-medicos-e-pais\/","og_site_name":"Portal Tela Portugal","article_published_time":"2026-03-05T21:27:00+00:00","author":"Telinha","twitter_card":"summary_large_image","twitter_misc":{"Escrito por":"Telinha","Tempo estimado de leitura":"1 minuto"},"schema":{"@context":"https:\/\/schema.org","@graph":[{"@type":"Article","@id":"https:\/\/portaltela.pt\/noticias\/2026\/03\/05\/desafio-do-paracetamol-leva-jovens-as-urgencias-alertam-medicos-e-pais\/#article","isPartOf":{"@id":"https:\/\/portaltela.pt\/noticias\/2026\/03\/05\/desafio-do-paracetamol-leva-jovens-as-urgencias-alertam-medicos-e-pais\/"},"author":{"name":"Telinha","@id":"https:\/\/portaltela.pt\/#\/schema\/person\/c4278d4a6028830caff9ee44b42d32ed"},"headline":"Desafio do paracetamol leva jovens \u00e0s urg\u00eancias, alertam m\u00e9dicos e pais","datePublished":"2026-03-05T21:27:00+00:00","mainEntityOfPage":{"@id":"https:\/\/portaltela.pt\/noticias\/2026\/03\/05\/desafio-do-paracetamol-leva-jovens-as-urgencias-alertam-medicos-e-pais\/"},"wordCount":250,"image":{"@id":"https:\/\/portaltela.pt\/noticias\/2026\/03\/05\/desafio-do-paracetamol-leva-jovens-as-urgencias-alertam-medicos-e-pais\/#primaryimage"},"thumbnailUrl":"https:\/\/portaltela.pt\/s.01k8rhncp4jt1\/2026\/03\/img_1280x722uu2026-03-05-19-08-45-2270601.jpg","keywords":["intoxica\u00e7\u00e3o","intoxica\u00e7\u00f5es","juventude","redes sociais","sa\u00fade p\u00fablica","seguran\u00e7a p\u00fablica"],"articleSection":["Internacional","Not\u00edcias"],"inLanguage":"pt-PT"},{"@type":"WebPage","@id":"https:\/\/portaltela.pt\/noticias\/2026\/03\/05\/desafio-do-paracetamol-leva-jovens-as-urgencias-alertam-medicos-e-pais\/","url":"https:\/\/portaltela.pt\/noticias\/2026\/03\/05\/desafio-do-paracetamol-leva-jovens-as-urgencias-alertam-medicos-e-pais\/","name":"Desafio do paracetamol leva jovens \u00e0s urg\u00eancias, alertam m\u00e9dicos e pais - Portal Tela Portugal","isPartOf":{"@id":"https:\/\/portaltela.pt\/#website"},"primaryImageOfPage":{"@id":"https:\/\/portaltela.pt\/noticias\/2026\/03\/05\/desafio-do-paracetamol-leva-jovens-as-urgencias-alertam-medicos-e-pais\/#primaryimage"},"image":{"@id":"https:\/\/portaltela.pt\/noticias\/2026\/03\/05\/desafio-do-paracetamol-leva-jovens-as-urgencias-alertam-medicos-e-pais\/#primaryimage"},"thumbnailUrl":"https:\/\/portaltela.pt\/s.01k8rhncp4jt1\/2026\/03\/img_1280x722uu2026-03-05-19-08-45-2270601.jpg","datePublished":"2026-03-05T21:27:00+00:00","author":{"@id":"https:\/\/portaltela.pt\/#\/schema\/person\/c4278d4a6028830caff9ee44b42d32ed"},"breadcrumb":{"@id":"https:\/\/portaltela.pt\/noticias\/2026\/03\/05\/desafio-do-paracetamol-leva-jovens-as-urgencias-alertam-medicos-e-pais\/#breadcrumb"},"inLanguage":"pt-PT","potentialAction":[{"@type":"ReadAction","target":["https:\/\/portaltela.pt\/noticias\/2026\/03\/05\/desafio-do-paracetamol-leva-jovens-as-urgencias-alertam-medicos-e-pais\/"]}]},{"@type":"ImageObject","inLanguage":"pt-PT","@id":"https:\/\/portaltela.pt\/noticias\/2026\/03\/05\/desafio-do-paracetamol-leva-jovens-as-urgencias-alertam-medicos-e-pais\/#primaryimage","url":"https:\/\/portaltela.pt\/s.01k8rhncp4jt1\/2026\/03\/img_1280x722uu2026-03-05-19-08-45-2270601.jpg","contentUrl":"https:\/\/portaltela.pt\/s.01k8rhncp4jt1\/2026\/03\/img_1280x722uu2026-03-05-19-08-45-2270601.jpg","width":796,"height":448,"caption":"Photo"},{"@type":"BreadcrumbList","@id":"https:\/\/portaltela.pt\/noticias\/2026\/03\/05\/desafio-do-paracetamol-leva-jovens-as-urgencias-alertam-medicos-e-pais\/#breadcrumb","itemListElement":[{"@type":"ListItem","position":1,"name":"In\u00edcio","item":"https:\/\/portaltela.pt\/"},{"@type":"ListItem","position":2,"name":"Desafio do paracetamol leva jovens \u00e0s urg\u00eancias, alertam m\u00e9dicos e pais"}]},{"@type":"WebSite","@id":"https:\/\/portaltela.pt\/#website","url":"https:\/\/portaltela.pt\/","name":"Portal Tela Portugal","description":"","potentialAction":[{"@type":"SearchAction","target":{"@type":"EntryPoint","urlTemplate":"https:\/\/portaltela.pt\/?s={search_term_string}"},"query-input":{"@type":"PropertyValueSpecification","valueRequired":true,"valueName":"search_term_string"}}],"inLanguage":"pt-PT"},{"@type":"Person","@id":"https:\/\/portaltela.pt\/#\/schema\/person\/c4278d4a6028830caff9ee44b42d32ed","name":"Telinha","image":{"@type":"ImageObject","inLanguage":"pt-PT","@id":"https:\/\/portaltela.pt\/s.01k8rhncp4jt1\/2025\/11\/talking-bot-125x125.png","url":"https:\/\/portaltela.pt\/s.01k8rhncp4jt1\/2025\/11\/talking-bot-125x125.png","contentUrl":"https:\/\/portaltela.pt\/s.01k8rhncp4jt1\/2025\/11\/talking-bot-125x125.png","caption":"Telinha"},"sameAs":["https:\/\/portaltela.pt\/"],"url":"https:\/\/portaltela.pt\/por\/367410592786\/"}]}},"_links":{"self":[{"href":"https:\/\/portaltela.pt\/api\/wp\/v2\/posts\/399330","targetHints":{"allow":["GET"]}}],"collection":[{"href":"https:\/\/portaltela.pt\/api\/wp\/v2\/posts"}],"about":[{"href":"https:\/\/portaltela.pt\/api\/wp\/v2\/types\/post"}],"author":[{"embeddable":true,"href":"https:\/\/portaltela.pt\/api\/wp\/v2\/users\/2"}],"replies":[{"embeddable":true,"href":"https:\/\/portaltela.pt\/api\/wp\/v2\/comments?post=399330"}],"version-history":[{"count":0,"href":"https:\/\/portaltela.pt\/api\/wp\/v2\/posts\/399330\/revisions"}],"wp:featuredmedia":[{"embeddable":true,"href":"https:\/\/portaltela.pt\/api\/wp\/v2\/media\/399331"}],"wp:attachment":[{"href":"https:\/\/portaltela.pt\/api\/wp\/v2\/media?parent=399330"}],"wp:term":[{"taxonomy":"category","embeddable":true,"href":"https:\/\/portaltela.pt\/api\/wp\/v2\/categories?post=399330"},{"taxonomy":"post_tag","embeddable":true,"href":"https:\/\/portaltela.pt\/api\/wp\/v2\/tags?post=399330"}],"curies":[{"name":"wp","href":"https:\/\/api.w.org\/{rel}","templated":true}]}}