{"id":399308,"date":"2026-03-05T18:00:00","date_gmt":"2026-03-05T21:00:00","guid":{"rendered":"https:\/\/portaltela.pt\/noticias\/2026\/03\/05\/amigo-antonio-agora-promovido-a-posicao-de-destaque\/"},"modified":"2026-03-05T18:00:00","modified_gmt":"2026-03-05T21:00:00","slug":"amigo-antonio-agora-promovido-a-posicao-de-destaque","status":"publish","type":"post","link":"https:\/\/portaltela.pt\/entretenimento\/2026\/03\/05\/amigo-antonio-agora-promovido-a-posicao-de-destaque\/","title":{"rendered":"Amigo Ant\u00f3nio, agora promovido a posi\u00e7\u00e3o de destaque"},"content":{"rendered":"<p>Um jornalista recorda uma passagem marcante da sua digress\u00e3o americana. Em setembro de 2008, em Nova Iorque, recebeu a not\u00edcia de Lisboa de que ganhara um dia extra para concluir o relato destinado ao P\u00fablico. O rel\u00f3gio parecia apertar, mesmo antes de metade do texto estar escrito.<\/p>\n<p>A cena descreve o momento em que o Empire State Building era vis\u00edvel pela janela. A press\u00e3o era grande para fechar o texto, mas a reda\u00e7\u00e3o de Lisboa telefonou, anunciando a prorroga\u00e7\u00e3o. Aguardar o tempo adicional permitiu finalizar a pe\u00e7a com mais clareza.<\/p>\n<h3>Contexto da digress\u00e3o<\/h3>\n<p>O relato envolve o narrador, o amigo Ant\u00f3nio e a equipa de reda\u00e7\u00e3o na capital portuguesa. A chamada recebida de Lisboa alterou o ritmo da reportagem, que tratava de uma digress\u00e3o americana. O epis\u00f3dio ficou registrado como exemplo de adiantamento de prazos na imprensa.<\/p>\n<p>O texto final, elaborado com o tempo concedido, procurou manter o foco na experi\u00eancia vivida pela equipa. A passagem pela cidade que nunca dorme serviu de cen\u00e1rio para a conclus\u00e3o do artigo enviado ao jornal.<\/p>\n","protected":false},"excerpt":{"rendered":"<ul>\n<li>O narrador descreve Ant\u00f3nio, dizendo que, quando gostava de algu\u00e9m, era \u201cportugu\u00eas\u201d e viajava com um jeito afetivo de cumprimentar.<\/li>\n<li>Em setembro de dois mil e oito, estava em Nova Iorque e precisava enviar ao P\u00fablico o relato da digress\u00e3o americana.<\/li>\n<li>Olhava pela janela para o Empire State Building e tinha a sensa\u00e7\u00e3o de que n\u00e3o havia tempo suficiente; o texto ainda n\u00e3o estava pronto.<\/li>\n<li>Ligaram de Lisboa a informar que lhe ofereciam um dia extra para terminar a reportagem.<\/li>\n<li>A conclus\u00e3o da reportagem ficaria marcada por esse ajustamento de prazo.<\/li>\n<\/ul>\n","protected":false},"author":2,"featured_media":399309,"comment_status":"closed","ping_status":"closed","sticky":false,"template":"","format":"standard","meta":{"footnotes":""},"categories":[6675,12],"tags":[4886,506,5707,41,6014,5632],"class_list":["post-399308","post","type-post","status-publish","format-standard","has-post-thumbnail","hentry","category-celebridades","category-entretenimento","tag-digressoes","tag-imprensa","tag-jornalistas","tag-noticia","tag-noticias-internacionais","tag-nova-iorque"],"yoast_head":"<!-- This site is optimized with the Yoast SEO plugin v27.2 - https:\/\/yoast.com\/product\/yoast-seo-wordpress\/ -->\n<title>Amigo Ant\u00f3nio, agora promovido a posi\u00e7\u00e3o de destaque - Portal Tela Portugal<\/title>\n<meta name=\"robots\" content=\"index, follow, max-snippet:-1, max-image-preview:large, max-video-preview:-1\" \/>\n<meta property=\"og:locale\" content=\"pt_PT\" \/>\n<meta property=\"og:type\" content=\"article\" \/>\n<meta property=\"og:title\" content=\"Amigo Ant\u00f3nio, agora promovido a posi\u00e7\u00e3o de destaque - Portal Tela Portugal\" \/>\n<meta property=\"og:description\" content=\"O narrador descreve Ant\u00f3nio, dizendo que, quando gostava de algu\u00e9m, era \u201cportugu\u00eas\u201d e viajava com um jeito afetivo de cumprimentar. Em setembro de dois mil e oito, estava em Nova Iorque e precisava enviar ao P\u00fablico o relato da digress\u00e3o americana. Olhava pela janela para o Empire State Building e tinha a sensa\u00e7\u00e3o de que n\u00e3o havia tempo suficiente; o texto ainda n\u00e3o estava pronto. Ligaram de Lisboa a informar que lhe ofereciam um dia extra para terminar a reportagem. A conclus\u00e3o da reportagem ficaria marcada por esse ajustamento de prazo.\" \/>\n<meta property=\"og:url\" content=\"https:\/\/portaltela.pt\/noticias\/2026\/03\/05\/amigo-antonio-agora-promovido-a-posicao-de-destaque\/\" \/>\n<meta property=\"og:site_name\" content=\"Portal Tela Portugal\" \/>\n<meta property=\"article:published_time\" content=\"2026-03-05T21:00:00+00:00\" \/>\n<meta name=\"author\" content=\"Telinha\" \/>\n<meta name=\"twitter:card\" content=\"summary_large_image\" \/>\n<meta name=\"twitter:label1\" content=\"Escrito por\" \/>\n\t<meta name=\"twitter:data1\" content=\"Telinha\" \/>\n\t<meta name=\"twitter:label2\" content=\"Tempo estimado de leitura\" \/>\n\t<meta name=\"twitter:data2\" content=\"1 minuto\" \/>\n<script type=\"application\/ld+json\" class=\"yoast-schema-graph\">{\"@context\":\"https:\/\/schema.org\",\"@graph\":[{\"@type\":\"Article\",\"@id\":\"https:\/\/portaltela.pt\/noticias\/2026\/03\/05\/amigo-antonio-agora-promovido-a-posicao-de-destaque\/#article\",\"isPartOf\":{\"@id\":\"https:\/\/portaltela.pt\/noticias\/2026\/03\/05\/amigo-antonio-agora-promovido-a-posicao-de-destaque\/\"},\"author\":{\"name\":\"Telinha\",\"@id\":\"https:\/\/portaltela.pt\/#\/schema\/person\/c4278d4a6028830caff9ee44b42d32ed\"},\"headline\":\"Amigo Ant\u00f3nio, agora promovido a posi\u00e7\u00e3o de destaque\",\"datePublished\":\"2026-03-05T21:00:00+00:00\",\"mainEntityOfPage\":{\"@id\":\"https:\/\/portaltela.pt\/noticias\/2026\/03\/05\/amigo-antonio-agora-promovido-a-posicao-de-destaque\/\"},\"wordCount\":198,\"image\":{\"@id\":\"https:\/\/portaltela.pt\/noticias\/2026\/03\/05\/amigo-antonio-agora-promovido-a-posicao-de-destaque\/#primaryimage\"},\"thumbnailUrl\":\"https:\/\/portaltela.pt\/s.01k8rhncp4jt1\/2026\/03\/2072142.jpg\",\"keywords\":[\"digress\u00f5es\",\"imprensa\",\"jornalistas\",\"not\u00edcia\",\"not\u00edcias internacionais\",\"Nova Iorque\"],\"articleSection\":[\"Celebridades\",\"Entretenimento\"],\"inLanguage\":\"pt-PT\"},{\"@type\":\"WebPage\",\"@id\":\"https:\/\/portaltela.pt\/noticias\/2026\/03\/05\/amigo-antonio-agora-promovido-a-posicao-de-destaque\/\",\"url\":\"https:\/\/portaltela.pt\/noticias\/2026\/03\/05\/amigo-antonio-agora-promovido-a-posicao-de-destaque\/\",\"name\":\"Amigo Ant\u00f3nio, agora promovido a posi\u00e7\u00e3o de destaque - Portal Tela Portugal\",\"isPartOf\":{\"@id\":\"https:\/\/portaltela.pt\/#website\"},\"primaryImageOfPage\":{\"@id\":\"https:\/\/portaltela.pt\/noticias\/2026\/03\/05\/amigo-antonio-agora-promovido-a-posicao-de-destaque\/#primaryimage\"},\"image\":{\"@id\":\"https:\/\/portaltela.pt\/noticias\/2026\/03\/05\/amigo-antonio-agora-promovido-a-posicao-de-destaque\/#primaryimage\"},\"thumbnailUrl\":\"https:\/\/portaltela.pt\/s.01k8rhncp4jt1\/2026\/03\/2072142.jpg\",\"datePublished\":\"2026-03-05T21:00:00+00:00\",\"author\":{\"@id\":\"https:\/\/portaltela.pt\/#\/schema\/person\/c4278d4a6028830caff9ee44b42d32ed\"},\"breadcrumb\":{\"@id\":\"https:\/\/portaltela.pt\/noticias\/2026\/03\/05\/amigo-antonio-agora-promovido-a-posicao-de-destaque\/#breadcrumb\"},\"inLanguage\":\"pt-PT\",\"potentialAction\":[{\"@type\":\"ReadAction\",\"target\":[\"https:\/\/portaltela.pt\/noticias\/2026\/03\/05\/amigo-antonio-agora-promovido-a-posicao-de-destaque\/\"]}]},{\"@type\":\"ImageObject\",\"inLanguage\":\"pt-PT\",\"@id\":\"https:\/\/portaltela.pt\/noticias\/2026\/03\/05\/amigo-antonio-agora-promovido-a-posicao-de-destaque\/#primaryimage\",\"url\":\"https:\/\/portaltela.pt\/s.01k8rhncp4jt1\/2026\/03\/2072142.jpg\",\"contentUrl\":\"https:\/\/portaltela.pt\/s.01k8rhncp4jt1\/2026\/03\/2072142.jpg\",\"width\":796,\"height\":448,\"caption\":\"Ant\u00f3nio Lobo Antunes fotografado em Lisboa\"},{\"@type\":\"BreadcrumbList\",\"@id\":\"https:\/\/portaltela.pt\/noticias\/2026\/03\/05\/amigo-antonio-agora-promovido-a-posicao-de-destaque\/#breadcrumb\",\"itemListElement\":[{\"@type\":\"ListItem\",\"position\":1,\"name\":\"In\u00edcio\",\"item\":\"https:\/\/portaltela.pt\/\"},{\"@type\":\"ListItem\",\"position\":2,\"name\":\"Amigo Ant\u00f3nio, agora promovido a posi\u00e7\u00e3o de destaque\"}]},{\"@type\":\"WebSite\",\"@id\":\"https:\/\/portaltela.pt\/#website\",\"url\":\"https:\/\/portaltela.pt\/\",\"name\":\"Portal Tela Portugal\",\"description\":\"\",\"potentialAction\":[{\"@type\":\"SearchAction\",\"target\":{\"@type\":\"EntryPoint\",\"urlTemplate\":\"https:\/\/portaltela.pt\/?s={search_term_string}\"},\"query-input\":{\"@type\":\"PropertyValueSpecification\",\"valueRequired\":true,\"valueName\":\"search_term_string\"}}],\"inLanguage\":\"pt-PT\"},{\"@type\":\"Person\",\"@id\":\"https:\/\/portaltela.pt\/#\/schema\/person\/c4278d4a6028830caff9ee44b42d32ed\",\"name\":\"Telinha\",\"image\":{\"@type\":\"ImageObject\",\"inLanguage\":\"pt-PT\",\"@id\":\"https:\/\/portaltela.pt\/s.01k8rhncp4jt1\/2025\/11\/talking-bot-125x125.png\",\"url\":\"https:\/\/portaltela.pt\/s.01k8rhncp4jt1\/2025\/11\/talking-bot-125x125.png\",\"contentUrl\":\"https:\/\/portaltela.pt\/s.01k8rhncp4jt1\/2025\/11\/talking-bot-125x125.png\",\"caption\":\"Telinha\"},\"sameAs\":[\"https:\/\/portaltela.pt\/\"],\"url\":\"https:\/\/portaltela.pt\/por\/367410592786\/\"}]}<\/script>\n<!-- \/ Yoast SEO plugin. -->","yoast_head_json":{"title":"Amigo Ant\u00f3nio, agora promovido a posi\u00e7\u00e3o de destaque - Portal Tela Portugal","robots":{"index":"index","follow":"follow","max-snippet":"max-snippet:-1","max-image-preview":"max-image-preview:large","max-video-preview":"max-video-preview:-1"},"og_locale":"pt_PT","og_type":"article","og_title":"Amigo Ant\u00f3nio, agora promovido a posi\u00e7\u00e3o de destaque - Portal Tela Portugal","og_description":"O narrador descreve Ant\u00f3nio, dizendo que, quando gostava de algu\u00e9m, era \u201cportugu\u00eas\u201d e viajava com um jeito afetivo de cumprimentar. Em setembro de dois mil e oito, estava em Nova Iorque e precisava enviar ao P\u00fablico o relato da digress\u00e3o americana. Olhava pela janela para o Empire State Building e tinha a sensa\u00e7\u00e3o de que n\u00e3o havia tempo suficiente; o texto ainda n\u00e3o estava pronto. Ligaram de Lisboa a informar que lhe ofereciam um dia extra para terminar a reportagem. A conclus\u00e3o da reportagem ficaria marcada por esse ajustamento de prazo.","og_url":"https:\/\/portaltela.pt\/noticias\/2026\/03\/05\/amigo-antonio-agora-promovido-a-posicao-de-destaque\/","og_site_name":"Portal Tela Portugal","article_published_time":"2026-03-05T21:00:00+00:00","author":"Telinha","twitter_card":"summary_large_image","twitter_misc":{"Escrito por":"Telinha","Tempo estimado de leitura":"1 minuto"},"schema":{"@context":"https:\/\/schema.org","@graph":[{"@type":"Article","@id":"https:\/\/portaltela.pt\/noticias\/2026\/03\/05\/amigo-antonio-agora-promovido-a-posicao-de-destaque\/#article","isPartOf":{"@id":"https:\/\/portaltela.pt\/noticias\/2026\/03\/05\/amigo-antonio-agora-promovido-a-posicao-de-destaque\/"},"author":{"name":"Telinha","@id":"https:\/\/portaltela.pt\/#\/schema\/person\/c4278d4a6028830caff9ee44b42d32ed"},"headline":"Amigo Ant\u00f3nio, agora promovido a posi\u00e7\u00e3o de destaque","datePublished":"2026-03-05T21:00:00+00:00","mainEntityOfPage":{"@id":"https:\/\/portaltela.pt\/noticias\/2026\/03\/05\/amigo-antonio-agora-promovido-a-posicao-de-destaque\/"},"wordCount":198,"image":{"@id":"https:\/\/portaltela.pt\/noticias\/2026\/03\/05\/amigo-antonio-agora-promovido-a-posicao-de-destaque\/#primaryimage"},"thumbnailUrl":"https:\/\/portaltela.pt\/s.01k8rhncp4jt1\/2026\/03\/2072142.jpg","keywords":["digress\u00f5es","imprensa","jornalistas","not\u00edcia","not\u00edcias internacionais","Nova Iorque"],"articleSection":["Celebridades","Entretenimento"],"inLanguage":"pt-PT"},{"@type":"WebPage","@id":"https:\/\/portaltela.pt\/noticias\/2026\/03\/05\/amigo-antonio-agora-promovido-a-posicao-de-destaque\/","url":"https:\/\/portaltela.pt\/noticias\/2026\/03\/05\/amigo-antonio-agora-promovido-a-posicao-de-destaque\/","name":"Amigo Ant\u00f3nio, agora promovido a posi\u00e7\u00e3o de destaque - Portal Tela Portugal","isPartOf":{"@id":"https:\/\/portaltela.pt\/#website"},"primaryImageOfPage":{"@id":"https:\/\/portaltela.pt\/noticias\/2026\/03\/05\/amigo-antonio-agora-promovido-a-posicao-de-destaque\/#primaryimage"},"image":{"@id":"https:\/\/portaltela.pt\/noticias\/2026\/03\/05\/amigo-antonio-agora-promovido-a-posicao-de-destaque\/#primaryimage"},"thumbnailUrl":"https:\/\/portaltela.pt\/s.01k8rhncp4jt1\/2026\/03\/2072142.jpg","datePublished":"2026-03-05T21:00:00+00:00","author":{"@id":"https:\/\/portaltela.pt\/#\/schema\/person\/c4278d4a6028830caff9ee44b42d32ed"},"breadcrumb":{"@id":"https:\/\/portaltela.pt\/noticias\/2026\/03\/05\/amigo-antonio-agora-promovido-a-posicao-de-destaque\/#breadcrumb"},"inLanguage":"pt-PT","potentialAction":[{"@type":"ReadAction","target":["https:\/\/portaltela.pt\/noticias\/2026\/03\/05\/amigo-antonio-agora-promovido-a-posicao-de-destaque\/"]}]},{"@type":"ImageObject","inLanguage":"pt-PT","@id":"https:\/\/portaltela.pt\/noticias\/2026\/03\/05\/amigo-antonio-agora-promovido-a-posicao-de-destaque\/#primaryimage","url":"https:\/\/portaltela.pt\/s.01k8rhncp4jt1\/2026\/03\/2072142.jpg","contentUrl":"https:\/\/portaltela.pt\/s.01k8rhncp4jt1\/2026\/03\/2072142.jpg","width":796,"height":448,"caption":"Ant\u00f3nio Lobo Antunes fotografado em Lisboa"},{"@type":"BreadcrumbList","@id":"https:\/\/portaltela.pt\/noticias\/2026\/03\/05\/amigo-antonio-agora-promovido-a-posicao-de-destaque\/#breadcrumb","itemListElement":[{"@type":"ListItem","position":1,"name":"In\u00edcio","item":"https:\/\/portaltela.pt\/"},{"@type":"ListItem","position":2,"name":"Amigo Ant\u00f3nio, agora promovido a posi\u00e7\u00e3o de destaque"}]},{"@type":"WebSite","@id":"https:\/\/portaltela.pt\/#website","url":"https:\/\/portaltela.pt\/","name":"Portal Tela Portugal","description":"","potentialAction":[{"@type":"SearchAction","target":{"@type":"EntryPoint","urlTemplate":"https:\/\/portaltela.pt\/?s={search_term_string}"},"query-input":{"@type":"PropertyValueSpecification","valueRequired":true,"valueName":"search_term_string"}}],"inLanguage":"pt-PT"},{"@type":"Person","@id":"https:\/\/portaltela.pt\/#\/schema\/person\/c4278d4a6028830caff9ee44b42d32ed","name":"Telinha","image":{"@type":"ImageObject","inLanguage":"pt-PT","@id":"https:\/\/portaltela.pt\/s.01k8rhncp4jt1\/2025\/11\/talking-bot-125x125.png","url":"https:\/\/portaltela.pt\/s.01k8rhncp4jt1\/2025\/11\/talking-bot-125x125.png","contentUrl":"https:\/\/portaltela.pt\/s.01k8rhncp4jt1\/2025\/11\/talking-bot-125x125.png","caption":"Telinha"},"sameAs":["https:\/\/portaltela.pt\/"],"url":"https:\/\/portaltela.pt\/por\/367410592786\/"}]}},"_links":{"self":[{"href":"https:\/\/portaltela.pt\/api\/wp\/v2\/posts\/399308","targetHints":{"allow":["GET"]}}],"collection":[{"href":"https:\/\/portaltela.pt\/api\/wp\/v2\/posts"}],"about":[{"href":"https:\/\/portaltela.pt\/api\/wp\/v2\/types\/post"}],"author":[{"embeddable":true,"href":"https:\/\/portaltela.pt\/api\/wp\/v2\/users\/2"}],"replies":[{"embeddable":true,"href":"https:\/\/portaltela.pt\/api\/wp\/v2\/comments?post=399308"}],"version-history":[{"count":0,"href":"https:\/\/portaltela.pt\/api\/wp\/v2\/posts\/399308\/revisions"}],"wp:featuredmedia":[{"embeddable":true,"href":"https:\/\/portaltela.pt\/api\/wp\/v2\/media\/399309"}],"wp:attachment":[{"href":"https:\/\/portaltela.pt\/api\/wp\/v2\/media?parent=399308"}],"wp:term":[{"taxonomy":"category","embeddable":true,"href":"https:\/\/portaltela.pt\/api\/wp\/v2\/categories?post=399308"},{"taxonomy":"post_tag","embeddable":true,"href":"https:\/\/portaltela.pt\/api\/wp\/v2\/tags?post=399308"}],"curies":[{"name":"wp","href":"https:\/\/api.w.org\/{rel}","templated":true}]}}