{"id":399305,"date":"2026-03-05T17:55:00","date_gmt":"2026-03-05T20:55:00","guid":{"rendered":"https:\/\/portaltela.pt\/noticias\/2026\/03\/05\/sindicato-de-guardas-acusa-prisoes-portuguesas-de-negligencia\/"},"modified":"2026-03-05T17:55:00","modified_gmt":"2026-03-05T20:55:00","slug":"sindicato-de-guardas-acusa-prisoes-portuguesas-de-negligencia","status":"publish","type":"post","link":"https:\/\/portaltela.pt\/noticias\/politica\/2026\/03\/05\/sindicato-de-guardas-acusa-prisoes-portuguesas-de-negligencia\/","title":{"rendered":"Sindicato de guardas acusa pris\u00f5es portuguesas de neglig\u00eancia"},"content":{"rendered":"<p>O Sindicato Nacional do Corpo da Guarda Prisional (SNCGP) criticou hoje as pris\u00f5es portuguesas, dizendo que o sistema funciona quase como um museu de neglig\u00eancia. A den\u00fancia foi feita durante uma audi\u00e7\u00e3o parlamentar sobre o estado de conserva\u00e7\u00e3o dos estabelecimentos prisionais, a carreira e o recrutamento de guardas.<\/p>\n<p>O presidente do SNCGP, Frederico Morais, afirmou que o parque prisional est\u00e1 muito inadequado, com o encerramento do Estabelecimento Prisional de Lisboa (EPL) ainda sem solu\u00e7\u00e3o definida. O EPL j\u00e1 foi alvo de v\u00e1rias promessas de fecho, com o Minist\u00e9rio da Justi\u00e7a a indicar, em dezembro de 2025, que estuda um novo plano.<\/p>\n<p>Morais destacou uma crise tripla no sistema: infraestruturas, recursos humanos e seguran\u00e7a. A sobrelota\u00e7\u00e3o \u00e9 apontada como um choque de dignidade, com 1.200 reclusos onde cabiam 1.000, aumentando riscos para a guarda e para os reclusos, devido a limita\u00e7\u00f5es de isolamento m\u00e9dico e tratamento.<\/p>\n<p>O dirigente tamb\u00e9m criticou a recente descida da idade m\u00ednima para entrada na carreira de guarda prisional, de 21 para 18 anos, considerando-a um sinal de que a carreira j\u00e1 perdeu atratividade. Defendeu uma revis\u00e3o estrutural do Estatuto do Corpo da Guarda Prisional para refletir as exig\u00eancias atuais.<\/p>\n<p>A falta de investimento em torres de vigil\u00e2ncia, videovigil\u00e2ncia moderna e viaturas foi apontada como fator de maior exposi\u00e7\u00e3o ao perigo para os guardas. Morais alertou para que as condi\u00e7\u00f5es atuais colocam profissionais em situa\u00e7\u00e3o de risco sem prote\u00e7\u00e3o adequada, requerendo medidas urgentes de refor\u00e7o e melhoria.<\/p>\n<p>A audi\u00eancia ocorreu na subcomiss\u00e3o para a Reinser\u00e7\u00e3o Social e Assuntos Prisionais, integrada na Comiss\u00e3o de Assuntos Constitucionais, Direitos, Liberdades e Garantias, em Lisboa. O SNCGP pediu prioridades claras de planeamento, financiamento e gest\u00e3o no curto e m\u00e9dio prazo para o sistema prisional.<\/p>\n","protected":false},"excerpt":{"rendered":"<ul>\n<li>O presidente do Sindicato Nacional do Corpo da Guarda Prisional disse que as pris\u00f5es portuguesas s\u00e3o &#8220;um museu de neglig\u00eancia&#8221; e que o encerramento do Estabelecimento Prisional de Lisboa \u00e9 visto como s\u00edmbolo de falta de planeamento.<\/li>\n<li>O encerramento do EPL tem sido adiado v\u00e1rias vezes; em dezembro de 2025 o Minist\u00e9rio da Justi\u00e7a disse estar a estudar um novo plano para o fecho.<\/li>\n<li>O sindicalista afirma que o sistema prisional enfrenta crises de infraestruturas, recursos humanos e seguran\u00e7a, com sobrelota\u00e7\u00e3o: existem 1.200 reclusos onde deveriam estar 1.000.<\/li>\n<li>Alertou para riscos para a seguran\u00e7a dos guardas, devido \u00e0 falta de condi\u00e7\u00f5es de isolamento m\u00e9dico e tratamento para surtos psic\u00f3ticos nas celas.<\/li>\n<li>O presidente do SNCGP \u00e9 contra a descida da idade m\u00ednima para entrada na carreira de guarda prisional (de 21 para 18 anos) e defende uma revis\u00e3o estrutural do Estatuto do Corpo da Guarda Prisional, bem como investimento em torres de vigil\u00e2ncia, videovigil\u00e2ncia e viaturas.<\/li>\n<\/ul>\n","protected":false},"author":2,"featured_media":399307,"comment_status":"closed","ping_status":"closed","sticky":false,"template":"","format":"standard","meta":{"footnotes":""},"categories":[1,5],"tags":[1615,5577,2659,250,6699,2234],"class_list":["post-399305","post","type-post","status-publish","format-standard","has-post-thumbnail","hentry","category-noticias","category-politica","tag-infraestrutura","tag-recursos","tag-reinsercao-social","tag-seguranca-publica","tag-viaturas","tag-videovigilancia"],"yoast_head":"<!-- This site is optimized with the Yoast SEO plugin v27.2 - https:\/\/yoast.com\/product\/yoast-seo-wordpress\/ -->\n<title>Sindicato de guardas acusa pris\u00f5es portuguesas de neglig\u00eancia - Portal Tela Portugal<\/title>\n<meta name=\"robots\" content=\"index, follow, max-snippet:-1, max-image-preview:large, max-video-preview:-1\" \/>\n<meta property=\"og:locale\" content=\"pt_PT\" \/>\n<meta property=\"og:type\" content=\"article\" \/>\n<meta property=\"og:title\" content=\"Sindicato de guardas acusa pris\u00f5es portuguesas de neglig\u00eancia - Portal Tela Portugal\" \/>\n<meta property=\"og:description\" content=\"O presidente do Sindicato Nacional do Corpo da Guarda Prisional disse que as pris\u00f5es portuguesas s\u00e3o &quot;um museu de neglig\u00eancia&quot; e que o encerramento do Estabelecimento Prisional de Lisboa \u00e9 visto como s\u00edmbolo de falta de planeamento. O encerramento do EPL tem sido adiado v\u00e1rias vezes; em dezembro de 2025 o Minist\u00e9rio da Justi\u00e7a disse estar a estudar um novo plano para o fecho. O sindicalista afirma que o sistema prisional enfrenta crises de infraestruturas, recursos humanos e seguran\u00e7a, com sobrelota\u00e7\u00e3o: existem 1.200 reclusos onde deveriam estar 1.000. Alertou para riscos para a seguran\u00e7a dos guardas, devido \u00e0 falta de condi\u00e7\u00f5es de isolamento m\u00e9dico e tratamento para surtos psic\u00f3ticos nas celas. O presidente do SNCGP \u00e9 contra a descida da idade m\u00ednima para entrada na carreira de guarda prisional (de 21 para 18 anos) e defende uma revis\u00e3o estrutural do Estatuto do Corpo da Guarda Prisional, bem como investimento em torres de vigil\u00e2ncia, videovigil\u00e2ncia e viaturas.\" \/>\n<meta property=\"og:url\" content=\"https:\/\/portaltela.pt\/noticias\/2026\/03\/05\/sindicato-de-guardas-acusa-prisoes-portuguesas-de-negligencia\/\" \/>\n<meta property=\"og:site_name\" content=\"Portal Tela Portugal\" \/>\n<meta property=\"article:published_time\" content=\"2026-03-05T20:55:00+00:00\" \/>\n<meta name=\"author\" content=\"Telinha\" \/>\n<meta name=\"twitter:card\" content=\"summary_large_image\" \/>\n<meta name=\"twitter:label1\" content=\"Escrito por\" \/>\n\t<meta name=\"twitter:data1\" content=\"Telinha\" \/>\n\t<meta name=\"twitter:label2\" content=\"Tempo estimado de leitura\" \/>\n\t<meta name=\"twitter:data2\" content=\"2 minutos\" \/>\n<script type=\"application\/ld+json\" class=\"yoast-schema-graph\">{\"@context\":\"https:\/\/schema.org\",\"@graph\":[{\"@type\":\"Article\",\"@id\":\"https:\/\/portaltela.pt\/noticias\/2026\/03\/05\/sindicato-de-guardas-acusa-prisoes-portuguesas-de-negligencia\/#article\",\"isPartOf\":{\"@id\":\"https:\/\/portaltela.pt\/noticias\/2026\/03\/05\/sindicato-de-guardas-acusa-prisoes-portuguesas-de-negligencia\/\"},\"author\":{\"name\":\"Telinha\",\"@id\":\"https:\/\/portaltela.pt\/#\/schema\/person\/c4278d4a6028830caff9ee44b42d32ed\"},\"headline\":\"Sindicato de guardas acusa pris\u00f5es portuguesas de neglig\u00eancia\",\"datePublished\":\"2026-03-05T20:55:00+00:00\",\"mainEntityOfPage\":{\"@id\":\"https:\/\/portaltela.pt\/noticias\/2026\/03\/05\/sindicato-de-guardas-acusa-prisoes-portuguesas-de-negligencia\/\"},\"wordCount\":317,\"image\":{\"@id\":\"https:\/\/portaltela.pt\/noticias\/2026\/03\/05\/sindicato-de-guardas-acusa-prisoes-portuguesas-de-negligencia\/#primaryimage\"},\"thumbnailUrl\":\"https:\/\/portaltela.pt\/s.01k8rhncp4jt1\/2026\/03\/img_1500x1000uu2025-07-13-10-51-00-2222372.jpg\",\"keywords\":[\"infraestrutura\",\"recursos\",\"Reinser\u00e7\u00e3o Social\",\"seguran\u00e7a p\u00fablica\",\"viaturas\",\"videovigil\u00e2ncia\"],\"articleSection\":[\"Not\u00edcias\",\"Pol\u00edtica\"],\"inLanguage\":\"pt-PT\"},{\"@type\":\"WebPage\",\"@id\":\"https:\/\/portaltela.pt\/noticias\/2026\/03\/05\/sindicato-de-guardas-acusa-prisoes-portuguesas-de-negligencia\/\",\"url\":\"https:\/\/portaltela.pt\/noticias\/2026\/03\/05\/sindicato-de-guardas-acusa-prisoes-portuguesas-de-negligencia\/\",\"name\":\"Sindicato de guardas acusa pris\u00f5es portuguesas de neglig\u00eancia - Portal Tela Portugal\",\"isPartOf\":{\"@id\":\"https:\/\/portaltela.pt\/#website\"},\"primaryImageOfPage\":{\"@id\":\"https:\/\/portaltela.pt\/noticias\/2026\/03\/05\/sindicato-de-guardas-acusa-prisoes-portuguesas-de-negligencia\/#primaryimage\"},\"image\":{\"@id\":\"https:\/\/portaltela.pt\/noticias\/2026\/03\/05\/sindicato-de-guardas-acusa-prisoes-portuguesas-de-negligencia\/#primaryimage\"},\"thumbnailUrl\":\"https:\/\/portaltela.pt\/s.01k8rhncp4jt1\/2026\/03\/img_1500x1000uu2025-07-13-10-51-00-2222372.jpg\",\"datePublished\":\"2026-03-05T20:55:00+00:00\",\"author\":{\"@id\":\"https:\/\/portaltela.pt\/#\/schema\/person\/c4278d4a6028830caff9ee44b42d32ed\"},\"breadcrumb\":{\"@id\":\"https:\/\/portaltela.pt\/noticias\/2026\/03\/05\/sindicato-de-guardas-acusa-prisoes-portuguesas-de-negligencia\/#breadcrumb\"},\"inLanguage\":\"pt-PT\",\"potentialAction\":[{\"@type\":\"ReadAction\",\"target\":[\"https:\/\/portaltela.pt\/noticias\/2026\/03\/05\/sindicato-de-guardas-acusa-prisoes-portuguesas-de-negligencia\/\"]}]},{\"@type\":\"ImageObject\",\"inLanguage\":\"pt-PT\",\"@id\":\"https:\/\/portaltela.pt\/noticias\/2026\/03\/05\/sindicato-de-guardas-acusa-prisoes-portuguesas-de-negligencia\/#primaryimage\",\"url\":\"https:\/\/portaltela.pt\/s.01k8rhncp4jt1\/2026\/03\/img_1500x1000uu2025-07-13-10-51-00-2222372.jpg\",\"contentUrl\":\"https:\/\/portaltela.pt\/s.01k8rhncp4jt1\/2026\/03\/img_1500x1000uu2025-07-13-10-51-00-2222372.jpg\",\"width\":796,\"height\":448,\"caption\":\"Guarda prisional\"},{\"@type\":\"BreadcrumbList\",\"@id\":\"https:\/\/portaltela.pt\/noticias\/2026\/03\/05\/sindicato-de-guardas-acusa-prisoes-portuguesas-de-negligencia\/#breadcrumb\",\"itemListElement\":[{\"@type\":\"ListItem\",\"position\":1,\"name\":\"In\u00edcio\",\"item\":\"https:\/\/portaltela.pt\/\"},{\"@type\":\"ListItem\",\"position\":2,\"name\":\"Sindicato de guardas acusa pris\u00f5es portuguesas de neglig\u00eancia\"}]},{\"@type\":\"WebSite\",\"@id\":\"https:\/\/portaltela.pt\/#website\",\"url\":\"https:\/\/portaltela.pt\/\",\"name\":\"Portal Tela Portugal\",\"description\":\"\",\"potentialAction\":[{\"@type\":\"SearchAction\",\"target\":{\"@type\":\"EntryPoint\",\"urlTemplate\":\"https:\/\/portaltela.pt\/?s={search_term_string}\"},\"query-input\":{\"@type\":\"PropertyValueSpecification\",\"valueRequired\":true,\"valueName\":\"search_term_string\"}}],\"inLanguage\":\"pt-PT\"},{\"@type\":\"Person\",\"@id\":\"https:\/\/portaltela.pt\/#\/schema\/person\/c4278d4a6028830caff9ee44b42d32ed\",\"name\":\"Telinha\",\"image\":{\"@type\":\"ImageObject\",\"inLanguage\":\"pt-PT\",\"@id\":\"https:\/\/portaltela.pt\/s.01k8rhncp4jt1\/2025\/11\/talking-bot-125x125.png\",\"url\":\"https:\/\/portaltela.pt\/s.01k8rhncp4jt1\/2025\/11\/talking-bot-125x125.png\",\"contentUrl\":\"https:\/\/portaltela.pt\/s.01k8rhncp4jt1\/2025\/11\/talking-bot-125x125.png\",\"caption\":\"Telinha\"},\"sameAs\":[\"https:\/\/portaltela.pt\/\"],\"url\":\"https:\/\/portaltela.pt\/por\/367410592786\/\"}]}<\/script>\n<!-- \/ Yoast SEO plugin. -->","yoast_head_json":{"title":"Sindicato de guardas acusa pris\u00f5es portuguesas de neglig\u00eancia - Portal Tela Portugal","robots":{"index":"index","follow":"follow","max-snippet":"max-snippet:-1","max-image-preview":"max-image-preview:large","max-video-preview":"max-video-preview:-1"},"og_locale":"pt_PT","og_type":"article","og_title":"Sindicato de guardas acusa pris\u00f5es portuguesas de neglig\u00eancia - Portal Tela Portugal","og_description":"O presidente do Sindicato Nacional do Corpo da Guarda Prisional disse que as pris\u00f5es portuguesas s\u00e3o \"um museu de neglig\u00eancia\" e que o encerramento do Estabelecimento Prisional de Lisboa \u00e9 visto como s\u00edmbolo de falta de planeamento. O encerramento do EPL tem sido adiado v\u00e1rias vezes; em dezembro de 2025 o Minist\u00e9rio da Justi\u00e7a disse estar a estudar um novo plano para o fecho. O sindicalista afirma que o sistema prisional enfrenta crises de infraestruturas, recursos humanos e seguran\u00e7a, com sobrelota\u00e7\u00e3o: existem 1.200 reclusos onde deveriam estar 1.000. Alertou para riscos para a seguran\u00e7a dos guardas, devido \u00e0 falta de condi\u00e7\u00f5es de isolamento m\u00e9dico e tratamento para surtos psic\u00f3ticos nas celas. O presidente do SNCGP \u00e9 contra a descida da idade m\u00ednima para entrada na carreira de guarda prisional (de 21 para 18 anos) e defende uma revis\u00e3o estrutural do Estatuto do Corpo da Guarda Prisional, bem como investimento em torres de vigil\u00e2ncia, videovigil\u00e2ncia e viaturas.","og_url":"https:\/\/portaltela.pt\/noticias\/2026\/03\/05\/sindicato-de-guardas-acusa-prisoes-portuguesas-de-negligencia\/","og_site_name":"Portal Tela Portugal","article_published_time":"2026-03-05T20:55:00+00:00","author":"Telinha","twitter_card":"summary_large_image","twitter_misc":{"Escrito por":"Telinha","Tempo estimado de leitura":"2 minutos"},"schema":{"@context":"https:\/\/schema.org","@graph":[{"@type":"Article","@id":"https:\/\/portaltela.pt\/noticias\/2026\/03\/05\/sindicato-de-guardas-acusa-prisoes-portuguesas-de-negligencia\/#article","isPartOf":{"@id":"https:\/\/portaltela.pt\/noticias\/2026\/03\/05\/sindicato-de-guardas-acusa-prisoes-portuguesas-de-negligencia\/"},"author":{"name":"Telinha","@id":"https:\/\/portaltela.pt\/#\/schema\/person\/c4278d4a6028830caff9ee44b42d32ed"},"headline":"Sindicato de guardas acusa pris\u00f5es portuguesas de neglig\u00eancia","datePublished":"2026-03-05T20:55:00+00:00","mainEntityOfPage":{"@id":"https:\/\/portaltela.pt\/noticias\/2026\/03\/05\/sindicato-de-guardas-acusa-prisoes-portuguesas-de-negligencia\/"},"wordCount":317,"image":{"@id":"https:\/\/portaltela.pt\/noticias\/2026\/03\/05\/sindicato-de-guardas-acusa-prisoes-portuguesas-de-negligencia\/#primaryimage"},"thumbnailUrl":"https:\/\/portaltela.pt\/s.01k8rhncp4jt1\/2026\/03\/img_1500x1000uu2025-07-13-10-51-00-2222372.jpg","keywords":["infraestrutura","recursos","Reinser\u00e7\u00e3o Social","seguran\u00e7a p\u00fablica","viaturas","videovigil\u00e2ncia"],"articleSection":["Not\u00edcias","Pol\u00edtica"],"inLanguage":"pt-PT"},{"@type":"WebPage","@id":"https:\/\/portaltela.pt\/noticias\/2026\/03\/05\/sindicato-de-guardas-acusa-prisoes-portuguesas-de-negligencia\/","url":"https:\/\/portaltela.pt\/noticias\/2026\/03\/05\/sindicato-de-guardas-acusa-prisoes-portuguesas-de-negligencia\/","name":"Sindicato de guardas acusa pris\u00f5es portuguesas de neglig\u00eancia - Portal Tela Portugal","isPartOf":{"@id":"https:\/\/portaltela.pt\/#website"},"primaryImageOfPage":{"@id":"https:\/\/portaltela.pt\/noticias\/2026\/03\/05\/sindicato-de-guardas-acusa-prisoes-portuguesas-de-negligencia\/#primaryimage"},"image":{"@id":"https:\/\/portaltela.pt\/noticias\/2026\/03\/05\/sindicato-de-guardas-acusa-prisoes-portuguesas-de-negligencia\/#primaryimage"},"thumbnailUrl":"https:\/\/portaltela.pt\/s.01k8rhncp4jt1\/2026\/03\/img_1500x1000uu2025-07-13-10-51-00-2222372.jpg","datePublished":"2026-03-05T20:55:00+00:00","author":{"@id":"https:\/\/portaltela.pt\/#\/schema\/person\/c4278d4a6028830caff9ee44b42d32ed"},"breadcrumb":{"@id":"https:\/\/portaltela.pt\/noticias\/2026\/03\/05\/sindicato-de-guardas-acusa-prisoes-portuguesas-de-negligencia\/#breadcrumb"},"inLanguage":"pt-PT","potentialAction":[{"@type":"ReadAction","target":["https:\/\/portaltela.pt\/noticias\/2026\/03\/05\/sindicato-de-guardas-acusa-prisoes-portuguesas-de-negligencia\/"]}]},{"@type":"ImageObject","inLanguage":"pt-PT","@id":"https:\/\/portaltela.pt\/noticias\/2026\/03\/05\/sindicato-de-guardas-acusa-prisoes-portuguesas-de-negligencia\/#primaryimage","url":"https:\/\/portaltela.pt\/s.01k8rhncp4jt1\/2026\/03\/img_1500x1000uu2025-07-13-10-51-00-2222372.jpg","contentUrl":"https:\/\/portaltela.pt\/s.01k8rhncp4jt1\/2026\/03\/img_1500x1000uu2025-07-13-10-51-00-2222372.jpg","width":796,"height":448,"caption":"Guarda prisional"},{"@type":"BreadcrumbList","@id":"https:\/\/portaltela.pt\/noticias\/2026\/03\/05\/sindicato-de-guardas-acusa-prisoes-portuguesas-de-negligencia\/#breadcrumb","itemListElement":[{"@type":"ListItem","position":1,"name":"In\u00edcio","item":"https:\/\/portaltela.pt\/"},{"@type":"ListItem","position":2,"name":"Sindicato de guardas acusa pris\u00f5es portuguesas de neglig\u00eancia"}]},{"@type":"WebSite","@id":"https:\/\/portaltela.pt\/#website","url":"https:\/\/portaltela.pt\/","name":"Portal Tela Portugal","description":"","potentialAction":[{"@type":"SearchAction","target":{"@type":"EntryPoint","urlTemplate":"https:\/\/portaltela.pt\/?s={search_term_string}"},"query-input":{"@type":"PropertyValueSpecification","valueRequired":true,"valueName":"search_term_string"}}],"inLanguage":"pt-PT"},{"@type":"Person","@id":"https:\/\/portaltela.pt\/#\/schema\/person\/c4278d4a6028830caff9ee44b42d32ed","name":"Telinha","image":{"@type":"ImageObject","inLanguage":"pt-PT","@id":"https:\/\/portaltela.pt\/s.01k8rhncp4jt1\/2025\/11\/talking-bot-125x125.png","url":"https:\/\/portaltela.pt\/s.01k8rhncp4jt1\/2025\/11\/talking-bot-125x125.png","contentUrl":"https:\/\/portaltela.pt\/s.01k8rhncp4jt1\/2025\/11\/talking-bot-125x125.png","caption":"Telinha"},"sameAs":["https:\/\/portaltela.pt\/"],"url":"https:\/\/portaltela.pt\/por\/367410592786\/"}]}},"_links":{"self":[{"href":"https:\/\/portaltela.pt\/api\/wp\/v2\/posts\/399305","targetHints":{"allow":["GET"]}}],"collection":[{"href":"https:\/\/portaltela.pt\/api\/wp\/v2\/posts"}],"about":[{"href":"https:\/\/portaltela.pt\/api\/wp\/v2\/types\/post"}],"author":[{"embeddable":true,"href":"https:\/\/portaltela.pt\/api\/wp\/v2\/users\/2"}],"replies":[{"embeddable":true,"href":"https:\/\/portaltela.pt\/api\/wp\/v2\/comments?post=399305"}],"version-history":[{"count":0,"href":"https:\/\/portaltela.pt\/api\/wp\/v2\/posts\/399305\/revisions"}],"wp:featuredmedia":[{"embeddable":true,"href":"https:\/\/portaltela.pt\/api\/wp\/v2\/media\/399307"}],"wp:attachment":[{"href":"https:\/\/portaltela.pt\/api\/wp\/v2\/media?parent=399305"}],"wp:term":[{"taxonomy":"category","embeddable":true,"href":"https:\/\/portaltela.pt\/api\/wp\/v2\/categories?post=399305"},{"taxonomy":"post_tag","embeddable":true,"href":"https:\/\/portaltela.pt\/api\/wp\/v2\/tags?post=399305"}],"curies":[{"name":"wp","href":"https:\/\/api.w.org\/{rel}","templated":true}]}}