{"id":399284,"date":"2026-03-05T17:32:14","date_gmt":"2026-03-05T20:32:14","guid":{"rendered":"https:\/\/portaltela.pt\/noticias\/2026\/03\/05\/incendio-atinge-armazem-na-florida\/"},"modified":"2026-03-05T17:32:14","modified_gmt":"2026-03-05T20:32:14","slug":"incendio-atinge-armazem-na-florida","status":"publish","type":"post","link":"https:\/\/portaltela.pt\/noticias\/internacional\/2026\/03\/05\/incendio-atinge-armazem-na-florida\/","title":{"rendered":"Inc\u00eandio atinge armaz\u00e9m na Fl\u00f3rida"},"content":{"rendered":"<p>Bombeiros combateram um inc\u00eandio de grandes propor\u00e7\u00f5es que destruiu um armaz\u00e9m na Fl\u00f3rida, nos Estados Unidos. O fogo deflagrou na quinta-feira, ainda n\u00e3o h\u00e1 informa\u00e7\u00e3o oficial sobre as causas. As autoridades trabalham para confirmar eventuais feridos ou danos adicionais.<\/p>\n<p>Segundo os servi\u00e7os de emerg\u00eancia, as equipes foram acionadas durante a tarde e mantiveram o combate ao fogo ao longo de v\u00e1rias horas. O armaz\u00e9m fica numa \u00e1rea industrial, o que complicou as opera\u00e7\u00f5es de conten\u00e7\u00e3o e acesso aos equipamentos incendiados.<\/p>\n<p>At\u00e9 ao momento n\u00e3o h\u00e1 confirma\u00e7\u00e3o p\u00fablica de feridos. As autoridades locais deram a conhecer que a situa\u00e7\u00e3o est\u00e1 a ser monitorizada e que medidas de seguran\u00e7a foram implementadas para evitar a propaga\u00e7\u00e3o a estruturas vizinhas. A investiga\u00e7\u00e3o sobre as causas est\u00e1 a decorrer.<\/p>\n","protected":false},"excerpt":{"rendered":"<ul>\n<li>Um inc\u00eandio deflagrou num armaz\u00e9m na Fl\u00f3rida, EUA.<\/li>\n<li>Bombeiros combateram o fogo de grande intensidade que destruiu o pr\u00e9dio.<\/li>\n<li>O incidente ocorreu numa quinta-feira, segundo a informa\u00e7\u00e3o dispon\u00edvel.<\/li>\n<li>A not\u00edcia \u00e9 acompanhada por uma foto da AP.<\/li>\n<\/ul>\n","protected":false},"author":2,"featured_media":399289,"comment_status":"closed","ping_status":"closed","sticky":false,"template":"","format":"standard","meta":{"footnotes":""},"categories":[4,1],"tags":[3765,971,1600,1438,255,250],"class_list":["post-399284","post","type-post","status-publish","format-standard","has-post-thumbnail","hentry","category-internacional","category-noticias","tag-armazens","tag-bombeiros","tag-estados-unidos","tag-incendio","tag-industria","tag-seguranca-publica"],"yoast_head":"<!-- This site is optimized with the Yoast SEO plugin v27.2 - https:\/\/yoast.com\/product\/yoast-seo-wordpress\/ -->\n<title>Inc\u00eandio atinge armaz\u00e9m na Fl\u00f3rida - Portal Tela Portugal<\/title>\n<meta name=\"robots\" content=\"index, follow, max-snippet:-1, max-image-preview:large, max-video-preview:-1\" \/>\n<meta property=\"og:locale\" content=\"pt_PT\" \/>\n<meta property=\"og:type\" content=\"article\" \/>\n<meta property=\"og:title\" content=\"Inc\u00eandio atinge armaz\u00e9m na Fl\u00f3rida - Portal Tela Portugal\" \/>\n<meta property=\"og:description\" content=\"Um inc\u00eandio deflagrou num armaz\u00e9m na Fl\u00f3rida, EUA. Bombeiros combateram o fogo de grande intensidade que destruiu o pr\u00e9dio. O incidente ocorreu numa quinta-feira, segundo a informa\u00e7\u00e3o dispon\u00edvel. A not\u00edcia \u00e9 acompanhada por uma foto da AP.\" \/>\n<meta property=\"og:url\" content=\"https:\/\/portaltela.pt\/noticias\/2026\/03\/05\/incendio-atinge-armazem-na-florida\/\" \/>\n<meta property=\"og:site_name\" content=\"Portal Tela Portugal\" \/>\n<meta property=\"article:published_time\" content=\"2026-03-05T20:32:14+00:00\" \/>\n<meta name=\"author\" content=\"Telinha\" \/>\n<meta name=\"twitter:card\" content=\"summary_large_image\" \/>\n<meta name=\"twitter:label1\" content=\"Escrito por\" \/>\n\t<meta name=\"twitter:data1\" content=\"Telinha\" \/>\n\t<meta name=\"twitter:label2\" content=\"Tempo estimado de leitura\" \/>\n\t<meta name=\"twitter:data2\" content=\"1 minuto\" \/>\n<script type=\"application\/ld+json\" class=\"yoast-schema-graph\">{\"@context\":\"https:\/\/schema.org\",\"@graph\":[{\"@type\":\"Article\",\"@id\":\"https:\/\/portaltela.pt\/noticias\/2026\/03\/05\/incendio-atinge-armazem-na-florida\/#article\",\"isPartOf\":{\"@id\":\"https:\/\/portaltela.pt\/noticias\/2026\/03\/05\/incendio-atinge-armazem-na-florida\/\"},\"author\":{\"name\":\"Telinha\",\"@id\":\"https:\/\/portaltela.pt\/#\/schema\/person\/c4278d4a6028830caff9ee44b42d32ed\"},\"headline\":\"Inc\u00eandio atinge armaz\u00e9m na Fl\u00f3rida\",\"datePublished\":\"2026-03-05T20:32:14+00:00\",\"mainEntityOfPage\":{\"@id\":\"https:\/\/portaltela.pt\/noticias\/2026\/03\/05\/incendio-atinge-armazem-na-florida\/\"},\"wordCount\":151,\"image\":{\"@id\":\"https:\/\/portaltela.pt\/noticias\/2026\/03\/05\/incendio-atinge-armazem-na-florida\/#primaryimage\"},\"thumbnailUrl\":\"https:\/\/portaltela.pt\/s.01k8rhncp4jt1\/2026\/03\/img_1280x722uu2026-03-05-20-30-23-2270623.jpg\",\"keywords\":[\"armaz\u00e9ns\",\"bombeiros\",\"Estados Unidos\",\"inc\u00eandio\",\"ind\u00fastria\",\"seguran\u00e7a p\u00fablica\"],\"articleSection\":[\"Internacional\",\"Not\u00edcias\"],\"inLanguage\":\"pt-PT\"},{\"@type\":\"WebPage\",\"@id\":\"https:\/\/portaltela.pt\/noticias\/2026\/03\/05\/incendio-atinge-armazem-na-florida\/\",\"url\":\"https:\/\/portaltela.pt\/noticias\/2026\/03\/05\/incendio-atinge-armazem-na-florida\/\",\"name\":\"Inc\u00eandio atinge armaz\u00e9m na Fl\u00f3rida - Portal Tela Portugal\",\"isPartOf\":{\"@id\":\"https:\/\/portaltela.pt\/#website\"},\"primaryImageOfPage\":{\"@id\":\"https:\/\/portaltela.pt\/noticias\/2026\/03\/05\/incendio-atinge-armazem-na-florida\/#primaryimage\"},\"image\":{\"@id\":\"https:\/\/portaltela.pt\/noticias\/2026\/03\/05\/incendio-atinge-armazem-na-florida\/#primaryimage\"},\"thumbnailUrl\":\"https:\/\/portaltela.pt\/s.01k8rhncp4jt1\/2026\/03\/img_1280x722uu2026-03-05-20-30-23-2270623.jpg\",\"datePublished\":\"2026-03-05T20:32:14+00:00\",\"author\":{\"@id\":\"https:\/\/portaltela.pt\/#\/schema\/person\/c4278d4a6028830caff9ee44b42d32ed\"},\"breadcrumb\":{\"@id\":\"https:\/\/portaltela.pt\/noticias\/2026\/03\/05\/incendio-atinge-armazem-na-florida\/#breadcrumb\"},\"inLanguage\":\"pt-PT\",\"potentialAction\":[{\"@type\":\"ReadAction\",\"target\":[\"https:\/\/portaltela.pt\/noticias\/2026\/03\/05\/incendio-atinge-armazem-na-florida\/\"]}]},{\"@type\":\"ImageObject\",\"inLanguage\":\"pt-PT\",\"@id\":\"https:\/\/portaltela.pt\/noticias\/2026\/03\/05\/incendio-atinge-armazem-na-florida\/#primaryimage\",\"url\":\"https:\/\/portaltela.pt\/s.01k8rhncp4jt1\/2026\/03\/img_1280x722uu2026-03-05-20-30-23-2270623.jpg\",\"contentUrl\":\"https:\/\/portaltela.pt\/s.01k8rhncp4jt1\/2026\/03\/img_1280x722uu2026-03-05-20-30-23-2270623.jpg\",\"width\":796,\"height\":448,\"caption\":\"Inc\u00eandio deflagra em armaz\u00e9m na Fl\u00f3rida\"},{\"@type\":\"BreadcrumbList\",\"@id\":\"https:\/\/portaltela.pt\/noticias\/2026\/03\/05\/incendio-atinge-armazem-na-florida\/#breadcrumb\",\"itemListElement\":[{\"@type\":\"ListItem\",\"position\":1,\"name\":\"In\u00edcio\",\"item\":\"https:\/\/portaltela.pt\/\"},{\"@type\":\"ListItem\",\"position\":2,\"name\":\"Inc\u00eandio atinge armaz\u00e9m na Fl\u00f3rida\"}]},{\"@type\":\"WebSite\",\"@id\":\"https:\/\/portaltela.pt\/#website\",\"url\":\"https:\/\/portaltela.pt\/\",\"name\":\"Portal Tela Portugal\",\"description\":\"\",\"potentialAction\":[{\"@type\":\"SearchAction\",\"target\":{\"@type\":\"EntryPoint\",\"urlTemplate\":\"https:\/\/portaltela.pt\/?s={search_term_string}\"},\"query-input\":{\"@type\":\"PropertyValueSpecification\",\"valueRequired\":true,\"valueName\":\"search_term_string\"}}],\"inLanguage\":\"pt-PT\"},{\"@type\":\"Person\",\"@id\":\"https:\/\/portaltela.pt\/#\/schema\/person\/c4278d4a6028830caff9ee44b42d32ed\",\"name\":\"Telinha\",\"image\":{\"@type\":\"ImageObject\",\"inLanguage\":\"pt-PT\",\"@id\":\"https:\/\/portaltela.pt\/s.01k8rhncp4jt1\/2025\/11\/talking-bot-125x125.png\",\"url\":\"https:\/\/portaltela.pt\/s.01k8rhncp4jt1\/2025\/11\/talking-bot-125x125.png\",\"contentUrl\":\"https:\/\/portaltela.pt\/s.01k8rhncp4jt1\/2025\/11\/talking-bot-125x125.png\",\"caption\":\"Telinha\"},\"sameAs\":[\"https:\/\/portaltela.pt\/\"],\"url\":\"https:\/\/portaltela.pt\/por\/367410592786\/\"}]}<\/script>\n<!-- \/ Yoast SEO plugin. -->","yoast_head_json":{"title":"Inc\u00eandio atinge armaz\u00e9m na Fl\u00f3rida - Portal Tela Portugal","robots":{"index":"index","follow":"follow","max-snippet":"max-snippet:-1","max-image-preview":"max-image-preview:large","max-video-preview":"max-video-preview:-1"},"og_locale":"pt_PT","og_type":"article","og_title":"Inc\u00eandio atinge armaz\u00e9m na Fl\u00f3rida - Portal Tela Portugal","og_description":"Um inc\u00eandio deflagrou num armaz\u00e9m na Fl\u00f3rida, EUA. Bombeiros combateram o fogo de grande intensidade que destruiu o pr\u00e9dio. O incidente ocorreu numa quinta-feira, segundo a informa\u00e7\u00e3o dispon\u00edvel. A not\u00edcia \u00e9 acompanhada por uma foto da AP.","og_url":"https:\/\/portaltela.pt\/noticias\/2026\/03\/05\/incendio-atinge-armazem-na-florida\/","og_site_name":"Portal Tela Portugal","article_published_time":"2026-03-05T20:32:14+00:00","author":"Telinha","twitter_card":"summary_large_image","twitter_misc":{"Escrito por":"Telinha","Tempo estimado de leitura":"1 minuto"},"schema":{"@context":"https:\/\/schema.org","@graph":[{"@type":"Article","@id":"https:\/\/portaltela.pt\/noticias\/2026\/03\/05\/incendio-atinge-armazem-na-florida\/#article","isPartOf":{"@id":"https:\/\/portaltela.pt\/noticias\/2026\/03\/05\/incendio-atinge-armazem-na-florida\/"},"author":{"name":"Telinha","@id":"https:\/\/portaltela.pt\/#\/schema\/person\/c4278d4a6028830caff9ee44b42d32ed"},"headline":"Inc\u00eandio atinge armaz\u00e9m na Fl\u00f3rida","datePublished":"2026-03-05T20:32:14+00:00","mainEntityOfPage":{"@id":"https:\/\/portaltela.pt\/noticias\/2026\/03\/05\/incendio-atinge-armazem-na-florida\/"},"wordCount":151,"image":{"@id":"https:\/\/portaltela.pt\/noticias\/2026\/03\/05\/incendio-atinge-armazem-na-florida\/#primaryimage"},"thumbnailUrl":"https:\/\/portaltela.pt\/s.01k8rhncp4jt1\/2026\/03\/img_1280x722uu2026-03-05-20-30-23-2270623.jpg","keywords":["armaz\u00e9ns","bombeiros","Estados Unidos","inc\u00eandio","ind\u00fastria","seguran\u00e7a p\u00fablica"],"articleSection":["Internacional","Not\u00edcias"],"inLanguage":"pt-PT"},{"@type":"WebPage","@id":"https:\/\/portaltela.pt\/noticias\/2026\/03\/05\/incendio-atinge-armazem-na-florida\/","url":"https:\/\/portaltela.pt\/noticias\/2026\/03\/05\/incendio-atinge-armazem-na-florida\/","name":"Inc\u00eandio atinge armaz\u00e9m na Fl\u00f3rida - Portal Tela Portugal","isPartOf":{"@id":"https:\/\/portaltela.pt\/#website"},"primaryImageOfPage":{"@id":"https:\/\/portaltela.pt\/noticias\/2026\/03\/05\/incendio-atinge-armazem-na-florida\/#primaryimage"},"image":{"@id":"https:\/\/portaltela.pt\/noticias\/2026\/03\/05\/incendio-atinge-armazem-na-florida\/#primaryimage"},"thumbnailUrl":"https:\/\/portaltela.pt\/s.01k8rhncp4jt1\/2026\/03\/img_1280x722uu2026-03-05-20-30-23-2270623.jpg","datePublished":"2026-03-05T20:32:14+00:00","author":{"@id":"https:\/\/portaltela.pt\/#\/schema\/person\/c4278d4a6028830caff9ee44b42d32ed"},"breadcrumb":{"@id":"https:\/\/portaltela.pt\/noticias\/2026\/03\/05\/incendio-atinge-armazem-na-florida\/#breadcrumb"},"inLanguage":"pt-PT","potentialAction":[{"@type":"ReadAction","target":["https:\/\/portaltela.pt\/noticias\/2026\/03\/05\/incendio-atinge-armazem-na-florida\/"]}]},{"@type":"ImageObject","inLanguage":"pt-PT","@id":"https:\/\/portaltela.pt\/noticias\/2026\/03\/05\/incendio-atinge-armazem-na-florida\/#primaryimage","url":"https:\/\/portaltela.pt\/s.01k8rhncp4jt1\/2026\/03\/img_1280x722uu2026-03-05-20-30-23-2270623.jpg","contentUrl":"https:\/\/portaltela.pt\/s.01k8rhncp4jt1\/2026\/03\/img_1280x722uu2026-03-05-20-30-23-2270623.jpg","width":796,"height":448,"caption":"Inc\u00eandio deflagra em armaz\u00e9m na Fl\u00f3rida"},{"@type":"BreadcrumbList","@id":"https:\/\/portaltela.pt\/noticias\/2026\/03\/05\/incendio-atinge-armazem-na-florida\/#breadcrumb","itemListElement":[{"@type":"ListItem","position":1,"name":"In\u00edcio","item":"https:\/\/portaltela.pt\/"},{"@type":"ListItem","position":2,"name":"Inc\u00eandio atinge armaz\u00e9m na Fl\u00f3rida"}]},{"@type":"WebSite","@id":"https:\/\/portaltela.pt\/#website","url":"https:\/\/portaltela.pt\/","name":"Portal Tela Portugal","description":"","potentialAction":[{"@type":"SearchAction","target":{"@type":"EntryPoint","urlTemplate":"https:\/\/portaltela.pt\/?s={search_term_string}"},"query-input":{"@type":"PropertyValueSpecification","valueRequired":true,"valueName":"search_term_string"}}],"inLanguage":"pt-PT"},{"@type":"Person","@id":"https:\/\/portaltela.pt\/#\/schema\/person\/c4278d4a6028830caff9ee44b42d32ed","name":"Telinha","image":{"@type":"ImageObject","inLanguage":"pt-PT","@id":"https:\/\/portaltela.pt\/s.01k8rhncp4jt1\/2025\/11\/talking-bot-125x125.png","url":"https:\/\/portaltela.pt\/s.01k8rhncp4jt1\/2025\/11\/talking-bot-125x125.png","contentUrl":"https:\/\/portaltela.pt\/s.01k8rhncp4jt1\/2025\/11\/talking-bot-125x125.png","caption":"Telinha"},"sameAs":["https:\/\/portaltela.pt\/"],"url":"https:\/\/portaltela.pt\/por\/367410592786\/"}]}},"_links":{"self":[{"href":"https:\/\/portaltela.pt\/api\/wp\/v2\/posts\/399284","targetHints":{"allow":["GET"]}}],"collection":[{"href":"https:\/\/portaltela.pt\/api\/wp\/v2\/posts"}],"about":[{"href":"https:\/\/portaltela.pt\/api\/wp\/v2\/types\/post"}],"author":[{"embeddable":true,"href":"https:\/\/portaltela.pt\/api\/wp\/v2\/users\/2"}],"replies":[{"embeddable":true,"href":"https:\/\/portaltela.pt\/api\/wp\/v2\/comments?post=399284"}],"version-history":[{"count":0,"href":"https:\/\/portaltela.pt\/api\/wp\/v2\/posts\/399284\/revisions"}],"wp:featuredmedia":[{"embeddable":true,"href":"https:\/\/portaltela.pt\/api\/wp\/v2\/media\/399289"}],"wp:attachment":[{"href":"https:\/\/portaltela.pt\/api\/wp\/v2\/media?parent=399284"}],"wp:term":[{"taxonomy":"category","embeddable":true,"href":"https:\/\/portaltela.pt\/api\/wp\/v2\/categories?post=399284"},{"taxonomy":"post_tag","embeddable":true,"href":"https:\/\/portaltela.pt\/api\/wp\/v2\/tags?post=399284"}],"curies":[{"name":"wp","href":"https:\/\/api.w.org\/{rel}","templated":true}]}}