{"id":399274,"date":"2026-03-05T17:21:00","date_gmt":"2026-03-05T20:21:00","guid":{"rendered":"https:\/\/portaltela.pt\/noticias\/2026\/03\/05\/elena-rybakina-recusa-cumprimento-de-vice-presidente-durante-entrega-de-premios\/"},"modified":"2026-03-05T17:21:00","modified_gmt":"2026-03-05T20:21:00","slug":"elena-rybakina-recusa-cumprimento-de-vice-presidente-durante-entrega-de-premios","status":"publish","type":"post","link":"https:\/\/portaltela.pt\/desporto\/futebol\/2026\/03\/05\/elena-rybakina-recusa-cumprimento-de-vice-presidente-durante-entrega-de-premios\/","title":{"rendered":"Elena Rybakina recusa cumprimento de vice-presidente durante entrega de pr\u00e9mios"},"content":{"rendered":"<p>Elena Rybakina venceu a Eisenhower Cup ao lado de Taylor Fritz, com a vit\u00f3ria da equipa a ficar comprovada no final da competi\u00e7\u00e3o. Na cerim\u00f3nia de entrega dos pr\u00e9mios, a tenista do Cazaquist\u00e3o, de 26 anos, afastou a m\u00e3o do vice-presidente da Eisenhower Health.<\/p>\n<p>O gesto ocorreu durante a celebra\u00e7\u00e3o dos vencedores e foi observado por v\u00e1rios presentes e pela organiza\u00e7\u00e3o do evento. N\u00e3o houve confirma\u00e7\u00e3o oficial sobre as motiva\u00e7\u00f5es do momento.<\/p>\n<p>Rybakina representa o Cazaquist\u00e3o e tornou-se tema de debate entre seguidores e juristas desportivos, que analisam a sequ\u00eancia da cerim\u00f3nia e eventuais protocolos de protocolo em eventos desse tipo.<\/p>\n<h3>Detalhes do incidente<\/h3>\n<p>N\u00e3o foram divulgadas explica\u00e7\u00f5es adicionais pela organiza\u00e7\u00e3o nem pela atleta. As autoridades do evento dever\u00e3o emitir posicionamentos oficiais nas pr\u00f3ximas horas. A situa\u00e7\u00e3o n\u00e3o alterou o resultado nem o desempenho da igualdade entre as equipes.<\/p>\n","protected":false},"excerpt":{"rendered":"<ul>\n<li>Elena Rybakina, 26 anos, venceu a Eisenhower Cup ao lado de Taylor Fritz.<\/li>\n<li>No momento da entrega dos pr\u00e9mios, a tenista do Cazaquist\u00e3o afastou a m\u00e3o do vice-presidente da Eisenhower Health.<\/li>\n<li>O epis\u00f3dio ocorreu durante a cerim\u00f3nia de pr\u00e9mios da competi\u00e7\u00e3o.<\/li>\n<li>N\u00e3o foram dadas mais informa\u00e7\u00f5es sobre o incidente.<\/li>\n<\/ul>\n","protected":false},"author":2,"featured_media":399278,"comment_status":"closed","ping_status":"closed","sticky":false,"template":"","format":"standard","meta":{"footnotes":""},"categories":[21,24],"tags":[2463,152,3866,2993,4373,94],"class_list":["post-399274","post","type-post","status-publish","format-standard","has-post-thumbnail","hentry","category-desporto","category-futebol","tag-competicao-internacional","tag-desporto","tag-elena-rybakina","tag-equipes","tag-taylor-fritz","tag-tenis"],"yoast_head":"<!-- This site is optimized with the Yoast SEO plugin v27.2 - https:\/\/yoast.com\/product\/yoast-seo-wordpress\/ -->\n<title>Elena Rybakina recusa cumprimento de vice-presidente durante entrega de pr\u00e9mios - Portal Tela Portugal<\/title>\n<meta name=\"robots\" content=\"index, follow, max-snippet:-1, max-image-preview:large, max-video-preview:-1\" \/>\n<meta property=\"og:locale\" content=\"pt_PT\" \/>\n<meta property=\"og:type\" content=\"article\" \/>\n<meta property=\"og:title\" content=\"Elena Rybakina recusa cumprimento de vice-presidente durante entrega de pr\u00e9mios - Portal Tela Portugal\" \/>\n<meta property=\"og:description\" content=\"Elena Rybakina, 26 anos, venceu a Eisenhower Cup ao lado de Taylor Fritz. No momento da entrega dos pr\u00e9mios, a tenista do Cazaquist\u00e3o afastou a m\u00e3o do vice-presidente da Eisenhower Health. O epis\u00f3dio ocorreu durante a cerim\u00f3nia de pr\u00e9mios da competi\u00e7\u00e3o. N\u00e3o foram dadas mais informa\u00e7\u00f5es sobre o incidente.\" \/>\n<meta property=\"og:url\" content=\"https:\/\/portaltela.pt\/noticias\/2026\/03\/05\/elena-rybakina-recusa-cumprimento-de-vice-presidente-durante-entrega-de-premios\/\" \/>\n<meta property=\"og:site_name\" content=\"Portal Tela Portugal\" \/>\n<meta property=\"article:published_time\" content=\"2026-03-05T20:21:00+00:00\" \/>\n<meta name=\"author\" content=\"Telinha\" \/>\n<meta name=\"twitter:card\" content=\"summary_large_image\" \/>\n<meta name=\"twitter:label1\" content=\"Escrito por\" \/>\n\t<meta name=\"twitter:data1\" content=\"Telinha\" \/>\n\t<meta name=\"twitter:label2\" content=\"Tempo estimado de leitura\" \/>\n\t<meta name=\"twitter:data2\" content=\"1 minuto\" \/>\n<script type=\"application\/ld+json\" class=\"yoast-schema-graph\">{\"@context\":\"https:\/\/schema.org\",\"@graph\":[{\"@type\":\"Article\",\"@id\":\"https:\/\/portaltela.pt\/noticias\/2026\/03\/05\/elena-rybakina-recusa-cumprimento-de-vice-presidente-durante-entrega-de-premios\/#article\",\"isPartOf\":{\"@id\":\"https:\/\/portaltela.pt\/noticias\/2026\/03\/05\/elena-rybakina-recusa-cumprimento-de-vice-presidente-durante-entrega-de-premios\/\"},\"author\":{\"name\":\"Telinha\",\"@id\":\"https:\/\/portaltela.pt\/#\/schema\/person\/c4278d4a6028830caff9ee44b42d32ed\"},\"headline\":\"Elena Rybakina recusa cumprimento de vice-presidente durante entrega de pr\u00e9mios\",\"datePublished\":\"2026-03-05T20:21:00+00:00\",\"mainEntityOfPage\":{\"@id\":\"https:\/\/portaltela.pt\/noticias\/2026\/03\/05\/elena-rybakina-recusa-cumprimento-de-vice-presidente-durante-entrega-de-premios\/\"},\"wordCount\":171,\"image\":{\"@id\":\"https:\/\/portaltela.pt\/noticias\/2026\/03\/05\/elena-rybakina-recusa-cumprimento-de-vice-presidente-durante-entrega-de-premios\/#primaryimage\"},\"thumbnailUrl\":\"https:\/\/portaltela.pt\/s.01k8rhncp4jt1\/2026\/03\/img_1200x721uu2026-03-05-20-17-05-2425154.jpg\",\"keywords\":[\"competi\u00e7\u00e3o internacional\",\"desporto\",\"Elena Rybakina\",\"equipes\",\"Taylor Fritz\",\"t\u00eanis\"],\"articleSection\":[\"Desporto\",\"Futebol\"],\"inLanguage\":\"pt-PT\"},{\"@type\":\"WebPage\",\"@id\":\"https:\/\/portaltela.pt\/noticias\/2026\/03\/05\/elena-rybakina-recusa-cumprimento-de-vice-presidente-durante-entrega-de-premios\/\",\"url\":\"https:\/\/portaltela.pt\/noticias\/2026\/03\/05\/elena-rybakina-recusa-cumprimento-de-vice-presidente-durante-entrega-de-premios\/\",\"name\":\"Elena Rybakina recusa cumprimento de vice-presidente durante entrega de pr\u00e9mios - Portal Tela Portugal\",\"isPartOf\":{\"@id\":\"https:\/\/portaltela.pt\/#website\"},\"primaryImageOfPage\":{\"@id\":\"https:\/\/portaltela.pt\/noticias\/2026\/03\/05\/elena-rybakina-recusa-cumprimento-de-vice-presidente-durante-entrega-de-premios\/#primaryimage\"},\"image\":{\"@id\":\"https:\/\/portaltela.pt\/noticias\/2026\/03\/05\/elena-rybakina-recusa-cumprimento-de-vice-presidente-durante-entrega-de-premios\/#primaryimage\"},\"thumbnailUrl\":\"https:\/\/portaltela.pt\/s.01k8rhncp4jt1\/2026\/03\/img_1200x721uu2026-03-05-20-17-05-2425154.jpg\",\"datePublished\":\"2026-03-05T20:21:00+00:00\",\"author\":{\"@id\":\"https:\/\/portaltela.pt\/#\/schema\/person\/c4278d4a6028830caff9ee44b42d32ed\"},\"breadcrumb\":{\"@id\":\"https:\/\/portaltela.pt\/noticias\/2026\/03\/05\/elena-rybakina-recusa-cumprimento-de-vice-presidente-durante-entrega-de-premios\/#breadcrumb\"},\"inLanguage\":\"pt-PT\",\"potentialAction\":[{\"@type\":\"ReadAction\",\"target\":[\"https:\/\/portaltela.pt\/noticias\/2026\/03\/05\/elena-rybakina-recusa-cumprimento-de-vice-presidente-durante-entrega-de-premios\/\"]}]},{\"@type\":\"ImageObject\",\"inLanguage\":\"pt-PT\",\"@id\":\"https:\/\/portaltela.pt\/noticias\/2026\/03\/05\/elena-rybakina-recusa-cumprimento-de-vice-presidente-durante-entrega-de-premios\/#primaryimage\",\"url\":\"https:\/\/portaltela.pt\/s.01k8rhncp4jt1\/2026\/03\/img_1200x721uu2026-03-05-20-17-05-2425154.jpg\",\"contentUrl\":\"https:\/\/portaltela.pt\/s.01k8rhncp4jt1\/2026\/03\/img_1200x721uu2026-03-05-20-17-05-2425154.jpg\",\"width\":796,\"height\":448,\"caption\":\"O momento constrangedor em que Elena Rybakina afasta m\u00e3o de vice-presidente durante entrega de pr\u00e9mios\"},{\"@type\":\"BreadcrumbList\",\"@id\":\"https:\/\/portaltela.pt\/noticias\/2026\/03\/05\/elena-rybakina-recusa-cumprimento-de-vice-presidente-durante-entrega-de-premios\/#breadcrumb\",\"itemListElement\":[{\"@type\":\"ListItem\",\"position\":1,\"name\":\"In\u00edcio\",\"item\":\"https:\/\/portaltela.pt\/\"},{\"@type\":\"ListItem\",\"position\":2,\"name\":\"Elena Rybakina recusa cumprimento de vice-presidente durante entrega de pr\u00e9mios\"}]},{\"@type\":\"WebSite\",\"@id\":\"https:\/\/portaltela.pt\/#website\",\"url\":\"https:\/\/portaltela.pt\/\",\"name\":\"Portal Tela Portugal\",\"description\":\"\",\"potentialAction\":[{\"@type\":\"SearchAction\",\"target\":{\"@type\":\"EntryPoint\",\"urlTemplate\":\"https:\/\/portaltela.pt\/?s={search_term_string}\"},\"query-input\":{\"@type\":\"PropertyValueSpecification\",\"valueRequired\":true,\"valueName\":\"search_term_string\"}}],\"inLanguage\":\"pt-PT\"},{\"@type\":\"Person\",\"@id\":\"https:\/\/portaltela.pt\/#\/schema\/person\/c4278d4a6028830caff9ee44b42d32ed\",\"name\":\"Telinha\",\"image\":{\"@type\":\"ImageObject\",\"inLanguage\":\"pt-PT\",\"@id\":\"https:\/\/portaltela.pt\/s.01k8rhncp4jt1\/2025\/11\/talking-bot-125x125.png\",\"url\":\"https:\/\/portaltela.pt\/s.01k8rhncp4jt1\/2025\/11\/talking-bot-125x125.png\",\"contentUrl\":\"https:\/\/portaltela.pt\/s.01k8rhncp4jt1\/2025\/11\/talking-bot-125x125.png\",\"caption\":\"Telinha\"},\"sameAs\":[\"https:\/\/portaltela.pt\/\"],\"url\":\"https:\/\/portaltela.pt\/por\/367410592786\/\"}]}<\/script>\n<!-- \/ Yoast SEO plugin. -->","yoast_head_json":{"title":"Elena Rybakina recusa cumprimento de vice-presidente durante entrega de pr\u00e9mios - Portal Tela Portugal","robots":{"index":"index","follow":"follow","max-snippet":"max-snippet:-1","max-image-preview":"max-image-preview:large","max-video-preview":"max-video-preview:-1"},"og_locale":"pt_PT","og_type":"article","og_title":"Elena Rybakina recusa cumprimento de vice-presidente durante entrega de pr\u00e9mios - Portal Tela Portugal","og_description":"Elena Rybakina, 26 anos, venceu a Eisenhower Cup ao lado de Taylor Fritz. No momento da entrega dos pr\u00e9mios, a tenista do Cazaquist\u00e3o afastou a m\u00e3o do vice-presidente da Eisenhower Health. O epis\u00f3dio ocorreu durante a cerim\u00f3nia de pr\u00e9mios da competi\u00e7\u00e3o. N\u00e3o foram dadas mais informa\u00e7\u00f5es sobre o incidente.","og_url":"https:\/\/portaltela.pt\/noticias\/2026\/03\/05\/elena-rybakina-recusa-cumprimento-de-vice-presidente-durante-entrega-de-premios\/","og_site_name":"Portal Tela Portugal","article_published_time":"2026-03-05T20:21:00+00:00","author":"Telinha","twitter_card":"summary_large_image","twitter_misc":{"Escrito por":"Telinha","Tempo estimado de leitura":"1 minuto"},"schema":{"@context":"https:\/\/schema.org","@graph":[{"@type":"Article","@id":"https:\/\/portaltela.pt\/noticias\/2026\/03\/05\/elena-rybakina-recusa-cumprimento-de-vice-presidente-durante-entrega-de-premios\/#article","isPartOf":{"@id":"https:\/\/portaltela.pt\/noticias\/2026\/03\/05\/elena-rybakina-recusa-cumprimento-de-vice-presidente-durante-entrega-de-premios\/"},"author":{"name":"Telinha","@id":"https:\/\/portaltela.pt\/#\/schema\/person\/c4278d4a6028830caff9ee44b42d32ed"},"headline":"Elena Rybakina recusa cumprimento de vice-presidente durante entrega de pr\u00e9mios","datePublished":"2026-03-05T20:21:00+00:00","mainEntityOfPage":{"@id":"https:\/\/portaltela.pt\/noticias\/2026\/03\/05\/elena-rybakina-recusa-cumprimento-de-vice-presidente-durante-entrega-de-premios\/"},"wordCount":171,"image":{"@id":"https:\/\/portaltela.pt\/noticias\/2026\/03\/05\/elena-rybakina-recusa-cumprimento-de-vice-presidente-durante-entrega-de-premios\/#primaryimage"},"thumbnailUrl":"https:\/\/portaltela.pt\/s.01k8rhncp4jt1\/2026\/03\/img_1200x721uu2026-03-05-20-17-05-2425154.jpg","keywords":["competi\u00e7\u00e3o internacional","desporto","Elena Rybakina","equipes","Taylor Fritz","t\u00eanis"],"articleSection":["Desporto","Futebol"],"inLanguage":"pt-PT"},{"@type":"WebPage","@id":"https:\/\/portaltela.pt\/noticias\/2026\/03\/05\/elena-rybakina-recusa-cumprimento-de-vice-presidente-durante-entrega-de-premios\/","url":"https:\/\/portaltela.pt\/noticias\/2026\/03\/05\/elena-rybakina-recusa-cumprimento-de-vice-presidente-durante-entrega-de-premios\/","name":"Elena Rybakina recusa cumprimento de vice-presidente durante entrega de pr\u00e9mios - Portal Tela Portugal","isPartOf":{"@id":"https:\/\/portaltela.pt\/#website"},"primaryImageOfPage":{"@id":"https:\/\/portaltela.pt\/noticias\/2026\/03\/05\/elena-rybakina-recusa-cumprimento-de-vice-presidente-durante-entrega-de-premios\/#primaryimage"},"image":{"@id":"https:\/\/portaltela.pt\/noticias\/2026\/03\/05\/elena-rybakina-recusa-cumprimento-de-vice-presidente-durante-entrega-de-premios\/#primaryimage"},"thumbnailUrl":"https:\/\/portaltela.pt\/s.01k8rhncp4jt1\/2026\/03\/img_1200x721uu2026-03-05-20-17-05-2425154.jpg","datePublished":"2026-03-05T20:21:00+00:00","author":{"@id":"https:\/\/portaltela.pt\/#\/schema\/person\/c4278d4a6028830caff9ee44b42d32ed"},"breadcrumb":{"@id":"https:\/\/portaltela.pt\/noticias\/2026\/03\/05\/elena-rybakina-recusa-cumprimento-de-vice-presidente-durante-entrega-de-premios\/#breadcrumb"},"inLanguage":"pt-PT","potentialAction":[{"@type":"ReadAction","target":["https:\/\/portaltela.pt\/noticias\/2026\/03\/05\/elena-rybakina-recusa-cumprimento-de-vice-presidente-durante-entrega-de-premios\/"]}]},{"@type":"ImageObject","inLanguage":"pt-PT","@id":"https:\/\/portaltela.pt\/noticias\/2026\/03\/05\/elena-rybakina-recusa-cumprimento-de-vice-presidente-durante-entrega-de-premios\/#primaryimage","url":"https:\/\/portaltela.pt\/s.01k8rhncp4jt1\/2026\/03\/img_1200x721uu2026-03-05-20-17-05-2425154.jpg","contentUrl":"https:\/\/portaltela.pt\/s.01k8rhncp4jt1\/2026\/03\/img_1200x721uu2026-03-05-20-17-05-2425154.jpg","width":796,"height":448,"caption":"O momento constrangedor em que Elena Rybakina afasta m\u00e3o de vice-presidente durante entrega de pr\u00e9mios"},{"@type":"BreadcrumbList","@id":"https:\/\/portaltela.pt\/noticias\/2026\/03\/05\/elena-rybakina-recusa-cumprimento-de-vice-presidente-durante-entrega-de-premios\/#breadcrumb","itemListElement":[{"@type":"ListItem","position":1,"name":"In\u00edcio","item":"https:\/\/portaltela.pt\/"},{"@type":"ListItem","position":2,"name":"Elena Rybakina recusa cumprimento de vice-presidente durante entrega de pr\u00e9mios"}]},{"@type":"WebSite","@id":"https:\/\/portaltela.pt\/#website","url":"https:\/\/portaltela.pt\/","name":"Portal Tela Portugal","description":"","potentialAction":[{"@type":"SearchAction","target":{"@type":"EntryPoint","urlTemplate":"https:\/\/portaltela.pt\/?s={search_term_string}"},"query-input":{"@type":"PropertyValueSpecification","valueRequired":true,"valueName":"search_term_string"}}],"inLanguage":"pt-PT"},{"@type":"Person","@id":"https:\/\/portaltela.pt\/#\/schema\/person\/c4278d4a6028830caff9ee44b42d32ed","name":"Telinha","image":{"@type":"ImageObject","inLanguage":"pt-PT","@id":"https:\/\/portaltela.pt\/s.01k8rhncp4jt1\/2025\/11\/talking-bot-125x125.png","url":"https:\/\/portaltela.pt\/s.01k8rhncp4jt1\/2025\/11\/talking-bot-125x125.png","contentUrl":"https:\/\/portaltela.pt\/s.01k8rhncp4jt1\/2025\/11\/talking-bot-125x125.png","caption":"Telinha"},"sameAs":["https:\/\/portaltela.pt\/"],"url":"https:\/\/portaltela.pt\/por\/367410592786\/"}]}},"_links":{"self":[{"href":"https:\/\/portaltela.pt\/api\/wp\/v2\/posts\/399274","targetHints":{"allow":["GET"]}}],"collection":[{"href":"https:\/\/portaltela.pt\/api\/wp\/v2\/posts"}],"about":[{"href":"https:\/\/portaltela.pt\/api\/wp\/v2\/types\/post"}],"author":[{"embeddable":true,"href":"https:\/\/portaltela.pt\/api\/wp\/v2\/users\/2"}],"replies":[{"embeddable":true,"href":"https:\/\/portaltela.pt\/api\/wp\/v2\/comments?post=399274"}],"version-history":[{"count":0,"href":"https:\/\/portaltela.pt\/api\/wp\/v2\/posts\/399274\/revisions"}],"wp:featuredmedia":[{"embeddable":true,"href":"https:\/\/portaltela.pt\/api\/wp\/v2\/media\/399278"}],"wp:attachment":[{"href":"https:\/\/portaltela.pt\/api\/wp\/v2\/media?parent=399274"}],"wp:term":[{"taxonomy":"category","embeddable":true,"href":"https:\/\/portaltela.pt\/api\/wp\/v2\/categories?post=399274"},{"taxonomy":"post_tag","embeddable":true,"href":"https:\/\/portaltela.pt\/api\/wp\/v2\/tags?post=399274"}],"curies":[{"name":"wp","href":"https:\/\/api.w.org\/{rel}","templated":true}]}}