{"id":399258,"date":"2026-03-05T17:22:43","date_gmt":"2026-03-05T20:22:43","guid":{"rendered":"https:\/\/portaltela.pt\/noticias\/2026\/03\/05\/ala-cedido-pelo-sporting-suspenso-por-oito-jogos-apos-confronto-futsal-espanhol\/"},"modified":"2026-03-05T17:22:43","modified_gmt":"2026-03-05T20:22:43","slug":"ala-cedido-pelo-sporting-suspenso-por-oito-jogos-apos-confronto-futsal-espanhol","status":"publish","type":"post","link":"https:\/\/portaltela.pt\/desporto\/futebol\/2026\/03\/05\/ala-cedido-pelo-sporting-suspenso-por-oito-jogos-apos-confronto-futsal-espanhol\/","title":{"rendered":"Ala cedido pelo Sporting suspenso por oito jogos ap\u00f3s confronto futsal espanhol"},"content":{"rendered":"<p>O ala Tiago Macedo, cedido pelo Sporting ao Noia FS, foi suspenso por oito jogos e multado em 320 euros por agress\u00e3o a um advers\u00e1rio no duelo da primeira divis\u00e3o espanhola de futsal entre Servigroup Pe\u00f1\u00edscola e Noia FS. O jogo realizou-se em Pe\u00f1\u00edscola e terminou com vit\u00f3ria do Noia por 6-1.<\/p>\n<p>Segundo a Real Federa\u00e7\u00e3o Espanhola de Futebol (RFEF), Macedo foi o \u00fanico jogador sancionado do Noia FS. A equipa, apesar da vit\u00f3ria, tamb\u00e9m viu outros jogadores serem punidos pela m\u00e3o pesada durante o encontro.<\/p>\n<p>Ao todo, o Pe\u00f1\u00edscola recebeu uma multa de 12 mil euros e fica com tr\u00eas jogadores indispon\u00edveis nas pr\u00f3ximas partidas: Juan Jos\u00e9 Moreno (12 jogos, 480 euros), Juan Carlos S\u00e1nchez (8 jogos, 320 euros) e Giovanni Gonz\u00e1lez (4 jogos, 160 euros). As decis\u00f5es integram a puni\u00e7\u00e3o disciplinar ap\u00f3s a viol\u00eancia no campo.<\/p>\n<p>A federa\u00e7\u00e3o indicou ainda que o Pe\u00f1\u00edscola foi avisado do poss\u00edvel encerramento das instala\u00e7\u00f5es desportivas, com os dois clubes a poder apresentar recurso \u00e0 RFEF num prazo de dez dias \u00fateis.<\/p>\n","protected":false},"excerpt":{"rendered":"<ul>\n<li>Tiago Macedo, ala cedido pelo Sporting ao Noia FS, recebeu suspens\u00e3o de oito jogos e multa de 320 euros por agress\u00e3o a advers\u00e1rio.<\/li>\n<li>O Noia FS venceu fora de casa por 6-1 frente ao Pe\u00f1\u00edscola na jornada da primeira divis\u00e3o de futsal espanhola.<\/li>\n<li>O Pe\u00f1\u00edscola foi multado em 12 mil euros e perdeu tr\u00eas jogadores para as pr\u00f3ximas partidas: Juan Jos\u00e9 Moreno (12 jogos, 480\u20ac), Juan Carlos S\u00e1nchez (8 jogos, 320\u20ac) e Giovanni Gonz\u00e1lez (4 jogos, 160\u20ac).<\/li>\n<li>Al\u00e9m das san\u00e7\u00f5es aos jogadores, o Pe\u00f1\u00edscola recebeu um aviso de poss\u00edvel encerramento das instala\u00e7\u00f5es desportivas, com recurso permitidos em dez dias \u00fateis.<\/li>\n<li>Ambos os clubes podem apresentar recurso \u00e0 Federa\u00e7\u00e3o espanhola dentro do prazo de dez dias \u00fateis.<\/li>\n<\/ul>\n","protected":false},"author":2,"featured_media":399261,"comment_status":"closed","ping_status":"closed","sticky":false,"template":"","format":"standard","meta":{"footnotes":""},"categories":[21,24],"tags":[2754,2079,2189,161,6697,6171],"class_list":["post-399258","post","type-post","status-publish","format-standard","has-post-thumbnail","hentry","category-desporto","category-futebol","tag-agressao","tag-agressoes","tag-espana","tag-futsal","tag-punicoes","tag-violencia-no-desporto"],"yoast_head":"<!-- This site is optimized with the Yoast SEO plugin v27.2 - https:\/\/yoast.com\/product\/yoast-seo-wordpress\/ -->\n<title>Ala cedido pelo Sporting suspenso por oito jogos ap\u00f3s confronto futsal espanhol - Portal Tela Portugal<\/title>\n<meta name=\"robots\" content=\"index, follow, max-snippet:-1, max-image-preview:large, max-video-preview:-1\" \/>\n<meta property=\"og:locale\" content=\"pt_PT\" \/>\n<meta property=\"og:type\" content=\"article\" \/>\n<meta property=\"og:title\" content=\"Ala cedido pelo Sporting suspenso por oito jogos ap\u00f3s confronto futsal espanhol - Portal Tela Portugal\" \/>\n<meta property=\"og:description\" content=\"Tiago Macedo, ala cedido pelo Sporting ao Noia FS, recebeu suspens\u00e3o de oito jogos e multa de 320 euros por agress\u00e3o a advers\u00e1rio. O Noia FS venceu fora de casa por 6-1 frente ao Pe\u00f1\u00edscola na jornada da primeira divis\u00e3o de futsal espanhola. O Pe\u00f1\u00edscola foi multado em 12 mil euros e perdeu tr\u00eas jogadores para as pr\u00f3ximas partidas: Juan Jos\u00e9 Moreno (12 jogos, 480\u20ac), Juan Carlos S\u00e1nchez (8 jogos, 320\u20ac) e Giovanni Gonz\u00e1lez (4 jogos, 160\u20ac). Al\u00e9m das san\u00e7\u00f5es aos jogadores, o Pe\u00f1\u00edscola recebeu um aviso de poss\u00edvel encerramento das instala\u00e7\u00f5es desportivas, com recurso permitidos em dez dias \u00fateis. Ambos os clubes podem apresentar recurso \u00e0 Federa\u00e7\u00e3o espanhola dentro do prazo de dez dias \u00fateis.\" \/>\n<meta property=\"og:url\" content=\"https:\/\/portaltela.pt\/noticias\/2026\/03\/05\/ala-cedido-pelo-sporting-suspenso-por-oito-jogos-apos-confronto-futsal-espanhol\/\" \/>\n<meta property=\"og:site_name\" content=\"Portal Tela Portugal\" \/>\n<meta property=\"article:published_time\" content=\"2026-03-05T20:22:43+00:00\" \/>\n<meta name=\"author\" content=\"Telinha\" \/>\n<meta name=\"twitter:card\" content=\"summary_large_image\" \/>\n<meta name=\"twitter:label1\" content=\"Escrito por\" \/>\n\t<meta name=\"twitter:data1\" content=\"Telinha\" \/>\n\t<meta name=\"twitter:label2\" content=\"Tempo estimado de leitura\" \/>\n\t<meta name=\"twitter:data2\" content=\"1 minuto\" \/>\n<script type=\"application\/ld+json\" class=\"yoast-schema-graph\">{\"@context\":\"https:\/\/schema.org\",\"@graph\":[{\"@type\":\"Article\",\"@id\":\"https:\/\/portaltela.pt\/noticias\/2026\/03\/05\/ala-cedido-pelo-sporting-suspenso-por-oito-jogos-apos-confronto-futsal-espanhol\/#article\",\"isPartOf\":{\"@id\":\"https:\/\/portaltela.pt\/noticias\/2026\/03\/05\/ala-cedido-pelo-sporting-suspenso-por-oito-jogos-apos-confronto-futsal-espanhol\/\"},\"author\":{\"name\":\"Telinha\",\"@id\":\"https:\/\/portaltela.pt\/#\/schema\/person\/c4278d4a6028830caff9ee44b42d32ed\"},\"headline\":\"Ala cedido pelo Sporting suspenso por oito jogos ap\u00f3s confronto futsal espanhol\",\"datePublished\":\"2026-03-05T20:22:43+00:00\",\"mainEntityOfPage\":{\"@id\":\"https:\/\/portaltela.pt\/noticias\/2026\/03\/05\/ala-cedido-pelo-sporting-suspenso-por-oito-jogos-apos-confronto-futsal-espanhol\/\"},\"wordCount\":197,\"image\":{\"@id\":\"https:\/\/portaltela.pt\/noticias\/2026\/03\/05\/ala-cedido-pelo-sporting-suspenso-por-oito-jogos-apos-confronto-futsal-espanhol\/#primaryimage\"},\"thumbnailUrl\":\"https:\/\/portaltela.pt\/s.01k8rhncp4jt1\/2026\/03\/img_920x518uu2026-03-04-13-39-11-2424857.jpg\",\"keywords\":[\"agress\u00e3o\",\"agress\u00f5es\",\"Espa\u00f1a\",\"futsal\",\"puni\u00e7\u00f5es\",\"viol\u00eancia no desporto\"],\"articleSection\":[\"Desporto\",\"Futebol\"],\"inLanguage\":\"pt-PT\"},{\"@type\":\"WebPage\",\"@id\":\"https:\/\/portaltela.pt\/noticias\/2026\/03\/05\/ala-cedido-pelo-sporting-suspenso-por-oito-jogos-apos-confronto-futsal-espanhol\/\",\"url\":\"https:\/\/portaltela.pt\/noticias\/2026\/03\/05\/ala-cedido-pelo-sporting-suspenso-por-oito-jogos-apos-confronto-futsal-espanhol\/\",\"name\":\"Ala cedido pelo Sporting suspenso por oito jogos ap\u00f3s confronto futsal espanhol - Portal Tela Portugal\",\"isPartOf\":{\"@id\":\"https:\/\/portaltela.pt\/#website\"},\"primaryImageOfPage\":{\"@id\":\"https:\/\/portaltela.pt\/noticias\/2026\/03\/05\/ala-cedido-pelo-sporting-suspenso-por-oito-jogos-apos-confronto-futsal-espanhol\/#primaryimage\"},\"image\":{\"@id\":\"https:\/\/portaltela.pt\/noticias\/2026\/03\/05\/ala-cedido-pelo-sporting-suspenso-por-oito-jogos-apos-confronto-futsal-espanhol\/#primaryimage\"},\"thumbnailUrl\":\"https:\/\/portaltela.pt\/s.01k8rhncp4jt1\/2026\/03\/img_920x518uu2026-03-04-13-39-11-2424857.jpg\",\"datePublished\":\"2026-03-05T20:22:43+00:00\",\"author\":{\"@id\":\"https:\/\/portaltela.pt\/#\/schema\/person\/c4278d4a6028830caff9ee44b42d32ed\"},\"breadcrumb\":{\"@id\":\"https:\/\/portaltela.pt\/noticias\/2026\/03\/05\/ala-cedido-pelo-sporting-suspenso-por-oito-jogos-apos-confronto-futsal-espanhol\/#breadcrumb\"},\"inLanguage\":\"pt-PT\",\"potentialAction\":[{\"@type\":\"ReadAction\",\"target\":[\"https:\/\/portaltela.pt\/noticias\/2026\/03\/05\/ala-cedido-pelo-sporting-suspenso-por-oito-jogos-apos-confronto-futsal-espanhol\/\"]}]},{\"@type\":\"ImageObject\",\"inLanguage\":\"pt-PT\",\"@id\":\"https:\/\/portaltela.pt\/noticias\/2026\/03\/05\/ala-cedido-pelo-sporting-suspenso-por-oito-jogos-apos-confronto-futsal-espanhol\/#primaryimage\",\"url\":\"https:\/\/portaltela.pt\/s.01k8rhncp4jt1\/2026\/03\/img_920x518uu2026-03-04-13-39-11-2424857.jpg\",\"contentUrl\":\"https:\/\/portaltela.pt\/s.01k8rhncp4jt1\/2026\/03\/img_920x518uu2026-03-04-13-39-11-2424857.jpg\",\"width\":796,\"height\":448,\"caption\":\"Confrontos no jogo de futsal em Espanha\"},{\"@type\":\"BreadcrumbList\",\"@id\":\"https:\/\/portaltela.pt\/noticias\/2026\/03\/05\/ala-cedido-pelo-sporting-suspenso-por-oito-jogos-apos-confronto-futsal-espanhol\/#breadcrumb\",\"itemListElement\":[{\"@type\":\"ListItem\",\"position\":1,\"name\":\"In\u00edcio\",\"item\":\"https:\/\/portaltela.pt\/\"},{\"@type\":\"ListItem\",\"position\":2,\"name\":\"Ala cedido pelo Sporting suspenso por oito jogos ap\u00f3s confronto futsal espanhol\"}]},{\"@type\":\"WebSite\",\"@id\":\"https:\/\/portaltela.pt\/#website\",\"url\":\"https:\/\/portaltela.pt\/\",\"name\":\"Portal Tela Portugal\",\"description\":\"\",\"potentialAction\":[{\"@type\":\"SearchAction\",\"target\":{\"@type\":\"EntryPoint\",\"urlTemplate\":\"https:\/\/portaltela.pt\/?s={search_term_string}\"},\"query-input\":{\"@type\":\"PropertyValueSpecification\",\"valueRequired\":true,\"valueName\":\"search_term_string\"}}],\"inLanguage\":\"pt-PT\"},{\"@type\":\"Person\",\"@id\":\"https:\/\/portaltela.pt\/#\/schema\/person\/c4278d4a6028830caff9ee44b42d32ed\",\"name\":\"Telinha\",\"image\":{\"@type\":\"ImageObject\",\"inLanguage\":\"pt-PT\",\"@id\":\"https:\/\/portaltela.pt\/s.01k8rhncp4jt1\/2025\/11\/talking-bot-125x125.png\",\"url\":\"https:\/\/portaltela.pt\/s.01k8rhncp4jt1\/2025\/11\/talking-bot-125x125.png\",\"contentUrl\":\"https:\/\/portaltela.pt\/s.01k8rhncp4jt1\/2025\/11\/talking-bot-125x125.png\",\"caption\":\"Telinha\"},\"sameAs\":[\"https:\/\/portaltela.pt\/\"],\"url\":\"https:\/\/portaltela.pt\/por\/367410592786\/\"}]}<\/script>\n<!-- \/ Yoast SEO plugin. -->","yoast_head_json":{"title":"Ala cedido pelo Sporting suspenso por oito jogos ap\u00f3s confronto futsal espanhol - Portal Tela Portugal","robots":{"index":"index","follow":"follow","max-snippet":"max-snippet:-1","max-image-preview":"max-image-preview:large","max-video-preview":"max-video-preview:-1"},"og_locale":"pt_PT","og_type":"article","og_title":"Ala cedido pelo Sporting suspenso por oito jogos ap\u00f3s confronto futsal espanhol - Portal Tela Portugal","og_description":"Tiago Macedo, ala cedido pelo Sporting ao Noia FS, recebeu suspens\u00e3o de oito jogos e multa de 320 euros por agress\u00e3o a advers\u00e1rio. O Noia FS venceu fora de casa por 6-1 frente ao Pe\u00f1\u00edscola na jornada da primeira divis\u00e3o de futsal espanhola. O Pe\u00f1\u00edscola foi multado em 12 mil euros e perdeu tr\u00eas jogadores para as pr\u00f3ximas partidas: Juan Jos\u00e9 Moreno (12 jogos, 480\u20ac), Juan Carlos S\u00e1nchez (8 jogos, 320\u20ac) e Giovanni Gonz\u00e1lez (4 jogos, 160\u20ac). Al\u00e9m das san\u00e7\u00f5es aos jogadores, o Pe\u00f1\u00edscola recebeu um aviso de poss\u00edvel encerramento das instala\u00e7\u00f5es desportivas, com recurso permitidos em dez dias \u00fateis. Ambos os clubes podem apresentar recurso \u00e0 Federa\u00e7\u00e3o espanhola dentro do prazo de dez dias \u00fateis.","og_url":"https:\/\/portaltela.pt\/noticias\/2026\/03\/05\/ala-cedido-pelo-sporting-suspenso-por-oito-jogos-apos-confronto-futsal-espanhol\/","og_site_name":"Portal Tela Portugal","article_published_time":"2026-03-05T20:22:43+00:00","author":"Telinha","twitter_card":"summary_large_image","twitter_misc":{"Escrito por":"Telinha","Tempo estimado de leitura":"1 minuto"},"schema":{"@context":"https:\/\/schema.org","@graph":[{"@type":"Article","@id":"https:\/\/portaltela.pt\/noticias\/2026\/03\/05\/ala-cedido-pelo-sporting-suspenso-por-oito-jogos-apos-confronto-futsal-espanhol\/#article","isPartOf":{"@id":"https:\/\/portaltela.pt\/noticias\/2026\/03\/05\/ala-cedido-pelo-sporting-suspenso-por-oito-jogos-apos-confronto-futsal-espanhol\/"},"author":{"name":"Telinha","@id":"https:\/\/portaltela.pt\/#\/schema\/person\/c4278d4a6028830caff9ee44b42d32ed"},"headline":"Ala cedido pelo Sporting suspenso por oito jogos ap\u00f3s confronto futsal espanhol","datePublished":"2026-03-05T20:22:43+00:00","mainEntityOfPage":{"@id":"https:\/\/portaltela.pt\/noticias\/2026\/03\/05\/ala-cedido-pelo-sporting-suspenso-por-oito-jogos-apos-confronto-futsal-espanhol\/"},"wordCount":197,"image":{"@id":"https:\/\/portaltela.pt\/noticias\/2026\/03\/05\/ala-cedido-pelo-sporting-suspenso-por-oito-jogos-apos-confronto-futsal-espanhol\/#primaryimage"},"thumbnailUrl":"https:\/\/portaltela.pt\/s.01k8rhncp4jt1\/2026\/03\/img_920x518uu2026-03-04-13-39-11-2424857.jpg","keywords":["agress\u00e3o","agress\u00f5es","Espa\u00f1a","futsal","puni\u00e7\u00f5es","viol\u00eancia no desporto"],"articleSection":["Desporto","Futebol"],"inLanguage":"pt-PT"},{"@type":"WebPage","@id":"https:\/\/portaltela.pt\/noticias\/2026\/03\/05\/ala-cedido-pelo-sporting-suspenso-por-oito-jogos-apos-confronto-futsal-espanhol\/","url":"https:\/\/portaltela.pt\/noticias\/2026\/03\/05\/ala-cedido-pelo-sporting-suspenso-por-oito-jogos-apos-confronto-futsal-espanhol\/","name":"Ala cedido pelo Sporting suspenso por oito jogos ap\u00f3s confronto futsal espanhol - Portal Tela Portugal","isPartOf":{"@id":"https:\/\/portaltela.pt\/#website"},"primaryImageOfPage":{"@id":"https:\/\/portaltela.pt\/noticias\/2026\/03\/05\/ala-cedido-pelo-sporting-suspenso-por-oito-jogos-apos-confronto-futsal-espanhol\/#primaryimage"},"image":{"@id":"https:\/\/portaltela.pt\/noticias\/2026\/03\/05\/ala-cedido-pelo-sporting-suspenso-por-oito-jogos-apos-confronto-futsal-espanhol\/#primaryimage"},"thumbnailUrl":"https:\/\/portaltela.pt\/s.01k8rhncp4jt1\/2026\/03\/img_920x518uu2026-03-04-13-39-11-2424857.jpg","datePublished":"2026-03-05T20:22:43+00:00","author":{"@id":"https:\/\/portaltela.pt\/#\/schema\/person\/c4278d4a6028830caff9ee44b42d32ed"},"breadcrumb":{"@id":"https:\/\/portaltela.pt\/noticias\/2026\/03\/05\/ala-cedido-pelo-sporting-suspenso-por-oito-jogos-apos-confronto-futsal-espanhol\/#breadcrumb"},"inLanguage":"pt-PT","potentialAction":[{"@type":"ReadAction","target":["https:\/\/portaltela.pt\/noticias\/2026\/03\/05\/ala-cedido-pelo-sporting-suspenso-por-oito-jogos-apos-confronto-futsal-espanhol\/"]}]},{"@type":"ImageObject","inLanguage":"pt-PT","@id":"https:\/\/portaltela.pt\/noticias\/2026\/03\/05\/ala-cedido-pelo-sporting-suspenso-por-oito-jogos-apos-confronto-futsal-espanhol\/#primaryimage","url":"https:\/\/portaltela.pt\/s.01k8rhncp4jt1\/2026\/03\/img_920x518uu2026-03-04-13-39-11-2424857.jpg","contentUrl":"https:\/\/portaltela.pt\/s.01k8rhncp4jt1\/2026\/03\/img_920x518uu2026-03-04-13-39-11-2424857.jpg","width":796,"height":448,"caption":"Confrontos no jogo de futsal em Espanha"},{"@type":"BreadcrumbList","@id":"https:\/\/portaltela.pt\/noticias\/2026\/03\/05\/ala-cedido-pelo-sporting-suspenso-por-oito-jogos-apos-confronto-futsal-espanhol\/#breadcrumb","itemListElement":[{"@type":"ListItem","position":1,"name":"In\u00edcio","item":"https:\/\/portaltela.pt\/"},{"@type":"ListItem","position":2,"name":"Ala cedido pelo Sporting suspenso por oito jogos ap\u00f3s confronto futsal espanhol"}]},{"@type":"WebSite","@id":"https:\/\/portaltela.pt\/#website","url":"https:\/\/portaltela.pt\/","name":"Portal Tela Portugal","description":"","potentialAction":[{"@type":"SearchAction","target":{"@type":"EntryPoint","urlTemplate":"https:\/\/portaltela.pt\/?s={search_term_string}"},"query-input":{"@type":"PropertyValueSpecification","valueRequired":true,"valueName":"search_term_string"}}],"inLanguage":"pt-PT"},{"@type":"Person","@id":"https:\/\/portaltela.pt\/#\/schema\/person\/c4278d4a6028830caff9ee44b42d32ed","name":"Telinha","image":{"@type":"ImageObject","inLanguage":"pt-PT","@id":"https:\/\/portaltela.pt\/s.01k8rhncp4jt1\/2025\/11\/talking-bot-125x125.png","url":"https:\/\/portaltela.pt\/s.01k8rhncp4jt1\/2025\/11\/talking-bot-125x125.png","contentUrl":"https:\/\/portaltela.pt\/s.01k8rhncp4jt1\/2025\/11\/talking-bot-125x125.png","caption":"Telinha"},"sameAs":["https:\/\/portaltela.pt\/"],"url":"https:\/\/portaltela.pt\/por\/367410592786\/"}]}},"_links":{"self":[{"href":"https:\/\/portaltela.pt\/api\/wp\/v2\/posts\/399258","targetHints":{"allow":["GET"]}}],"collection":[{"href":"https:\/\/portaltela.pt\/api\/wp\/v2\/posts"}],"about":[{"href":"https:\/\/portaltela.pt\/api\/wp\/v2\/types\/post"}],"author":[{"embeddable":true,"href":"https:\/\/portaltela.pt\/api\/wp\/v2\/users\/2"}],"replies":[{"embeddable":true,"href":"https:\/\/portaltela.pt\/api\/wp\/v2\/comments?post=399258"}],"version-history":[{"count":0,"href":"https:\/\/portaltela.pt\/api\/wp\/v2\/posts\/399258\/revisions"}],"wp:featuredmedia":[{"embeddable":true,"href":"https:\/\/portaltela.pt\/api\/wp\/v2\/media\/399261"}],"wp:attachment":[{"href":"https:\/\/portaltela.pt\/api\/wp\/v2\/media?parent=399258"}],"wp:term":[{"taxonomy":"category","embeddable":true,"href":"https:\/\/portaltela.pt\/api\/wp\/v2\/categories?post=399258"},{"taxonomy":"post_tag","embeddable":true,"href":"https:\/\/portaltela.pt\/api\/wp\/v2\/tags?post=399258"}],"curies":[{"name":"wp","href":"https:\/\/api.w.org\/{rel}","templated":true}]}}