{"id":399248,"date":"2026-03-05T14:23:00","date_gmt":"2026-03-05T17:23:00","guid":{"rendered":"https:\/\/portaltela.pt\/noticias\/2026\/03\/05\/protecao-civil-recomenda-medidas-preventivas-a-populacao-ate-sexta-feira\/"},"modified":"2026-03-05T14:23:00","modified_gmt":"2026-03-05T17:23:00","slug":"protecao-civil-recomenda-medidas-preventivas-a-populacao-ate-sexta-feira","status":"publish","type":"post","link":"https:\/\/portaltela.pt\/noticias\/politica\/2026\/03\/05\/protecao-civil-recomenda-medidas-preventivas-a-populacao-ate-sexta-feira\/","title":{"rendered":"Prote\u00e7\u00e3o Civil recomenda medidas preventivas \u00e0 popula\u00e7\u00e3o at\u00e9 sexta-feira"},"content":{"rendered":"<p>A Prote\u00e7\u00e3o Civil alertou a popula\u00e7\u00e3o para adotar medidas preventivas at\u00e9 sexta-feira, em territ\u00f3rio nacional, com o objetivo de reduzir potenciais impactos de eventos laterais ainda n\u00e3o especificados.<\/p>\n<p>O comunicado, emitido pela Autoridade Nacional de Prote\u00e7\u00e3o Civil, recomenda manter informa\u00e7\u00f5es oficiais sobre altera\u00e7\u00f5es meteorol\u00f3gicas, evitar zonas de risco e manter contatos de emerg\u00eancia atualizados.<\/p>\n<p>Entre as orienta\u00e7\u00f5es, sugerem-se planeamento familiar, prepara\u00e7\u00e3o de kits de emerg\u00eancia e toda a comunica\u00e7\u00e3o com servi\u00e7os de prote\u00e7\u00e3o civil em caso de necessidade.<\/p>\n","protected":false},"excerpt":{"rendered":"<ul>\n<li>A Prote\u00e7\u00e3o Civil alertou a popula\u00e7\u00e3o para adotar medidas preventivas at\u00e9 sexta-feira.<\/li>\n<li>O conte\u00fado completo da not\u00edcia est\u00e1 dispon\u00edvel apenas para subscritores.<\/li>\n<li>O resumo n\u00e3o inclui detalhes espec\u00edficos das medidas, por n\u00e3o estarem dispon\u00edveis no material acess\u00edvel.<\/li>\n<\/ul>\n","protected":false},"author":2,"featured_media":399251,"comment_status":"closed","ping_status":"closed","sticky":false,"template":"","format":"standard","meta":{"footnotes":""},"categories":[1,5],"tags":[3658,5215,1935,5563,4777,5099],"class_list":["post-399248","post","type-post","status-publish","format-standard","has-post-thumbnail","hentry","category-noticias","category-politica","tag-aviso-amarelo","tag-catastrofes-naturais","tag-emergencias","tag-informacao-publica","tag-planeamento-familiar","tag-protecao-civil-municipal"],"yoast_head":"<!-- This site is optimized with the Yoast SEO plugin v27.2 - https:\/\/yoast.com\/product\/yoast-seo-wordpress\/ -->\n<title>Prote\u00e7\u00e3o Civil recomenda medidas preventivas \u00e0 popula\u00e7\u00e3o at\u00e9 sexta-feira - Portal Tela Portugal<\/title>\n<meta name=\"robots\" content=\"index, follow, max-snippet:-1, max-image-preview:large, max-video-preview:-1\" \/>\n<meta property=\"og:locale\" content=\"pt_PT\" \/>\n<meta property=\"og:type\" content=\"article\" \/>\n<meta property=\"og:title\" content=\"Prote\u00e7\u00e3o Civil recomenda medidas preventivas \u00e0 popula\u00e7\u00e3o at\u00e9 sexta-feira - Portal Tela Portugal\" \/>\n<meta property=\"og:description\" content=\"A Prote\u00e7\u00e3o Civil alertou a popula\u00e7\u00e3o para adotar medidas preventivas at\u00e9 sexta-feira. O conte\u00fado completo da not\u00edcia est\u00e1 dispon\u00edvel apenas para subscritores. O resumo n\u00e3o inclui detalhes espec\u00edficos das medidas, por n\u00e3o estarem dispon\u00edveis no material acess\u00edvel.\" \/>\n<meta property=\"og:url\" content=\"https:\/\/portaltela.pt\/noticias\/2026\/03\/05\/protecao-civil-recomenda-medidas-preventivas-a-populacao-ate-sexta-feira\/\" \/>\n<meta property=\"og:site_name\" content=\"Portal Tela Portugal\" \/>\n<meta property=\"article:published_time\" content=\"2026-03-05T17:23:00+00:00\" \/>\n<meta name=\"author\" content=\"Telinha\" \/>\n<meta name=\"twitter:card\" content=\"summary_large_image\" \/>\n<meta name=\"twitter:label1\" content=\"Escrito por\" \/>\n\t<meta name=\"twitter:data1\" content=\"Telinha\" \/>\n<script type=\"application\/ld+json\" class=\"yoast-schema-graph\">{\"@context\":\"https:\/\/schema.org\",\"@graph\":[{\"@type\":\"Article\",\"@id\":\"https:\/\/portaltela.pt\/noticias\/2026\/03\/05\/protecao-civil-recomenda-medidas-preventivas-a-populacao-ate-sexta-feira\/#article\",\"isPartOf\":{\"@id\":\"https:\/\/portaltela.pt\/noticias\/2026\/03\/05\/protecao-civil-recomenda-medidas-preventivas-a-populacao-ate-sexta-feira\/\"},\"author\":{\"name\":\"Telinha\",\"@id\":\"https:\/\/portaltela.pt\/#\/schema\/person\/c4278d4a6028830caff9ee44b42d32ed\"},\"headline\":\"Prote\u00e7\u00e3o Civil recomenda medidas preventivas \u00e0 popula\u00e7\u00e3o at\u00e9 sexta-feira\",\"datePublished\":\"2026-03-05T17:23:00+00:00\",\"mainEntityOfPage\":{\"@id\":\"https:\/\/portaltela.pt\/noticias\/2026\/03\/05\/protecao-civil-recomenda-medidas-preventivas-a-populacao-ate-sexta-feira\/\"},\"wordCount\":103,\"image\":{\"@id\":\"https:\/\/portaltela.pt\/noticias\/2026\/03\/05\/protecao-civil-recomenda-medidas-preventivas-a-populacao-ate-sexta-feira\/#primaryimage\"},\"thumbnailUrl\":\"https:\/\/portaltela.pt\/s.01k8rhncp4jt1\/2026\/03\/CACHE_780X1200_ANALOG_WATERMARKED_39998264_2127946_14122022010414.jpg\",\"keywords\":[\"aviso amarelo\",\"cat\u00e1strofes naturais\",\"emerg\u00eancias\",\"informa\u00e7\u00e3o p\u00fablica\",\"planeamento familiar\",\"Prote\u00e7\u00e3o Civil Municipal\"],\"articleSection\":[\"Not\u00edcias\",\"Pol\u00edtica\"],\"inLanguage\":\"pt-PT\"},{\"@type\":\"WebPage\",\"@id\":\"https:\/\/portaltela.pt\/noticias\/2026\/03\/05\/protecao-civil-recomenda-medidas-preventivas-a-populacao-ate-sexta-feira\/\",\"url\":\"https:\/\/portaltela.pt\/noticias\/2026\/03\/05\/protecao-civil-recomenda-medidas-preventivas-a-populacao-ate-sexta-feira\/\",\"name\":\"Prote\u00e7\u00e3o Civil recomenda medidas preventivas \u00e0 popula\u00e7\u00e3o at\u00e9 sexta-feira - Portal Tela Portugal\",\"isPartOf\":{\"@id\":\"https:\/\/portaltela.pt\/#website\"},\"primaryImageOfPage\":{\"@id\":\"https:\/\/portaltela.pt\/noticias\/2026\/03\/05\/protecao-civil-recomenda-medidas-preventivas-a-populacao-ate-sexta-feira\/#primaryimage\"},\"image\":{\"@id\":\"https:\/\/portaltela.pt\/noticias\/2026\/03\/05\/protecao-civil-recomenda-medidas-preventivas-a-populacao-ate-sexta-feira\/#primaryimage\"},\"thumbnailUrl\":\"https:\/\/portaltela.pt\/s.01k8rhncp4jt1\/2026\/03\/CACHE_780X1200_ANALOG_WATERMARKED_39998264_2127946_14122022010414.jpg\",\"datePublished\":\"2026-03-05T17:23:00+00:00\",\"author\":{\"@id\":\"https:\/\/portaltela.pt\/#\/schema\/person\/c4278d4a6028830caff9ee44b42d32ed\"},\"breadcrumb\":{\"@id\":\"https:\/\/portaltela.pt\/noticias\/2026\/03\/05\/protecao-civil-recomenda-medidas-preventivas-a-populacao-ate-sexta-feira\/#breadcrumb\"},\"inLanguage\":\"pt-PT\",\"potentialAction\":[{\"@type\":\"ReadAction\",\"target\":[\"https:\/\/portaltela.pt\/noticias\/2026\/03\/05\/protecao-civil-recomenda-medidas-preventivas-a-populacao-ate-sexta-feira\/\"]}]},{\"@type\":\"ImageObject\",\"inLanguage\":\"pt-PT\",\"@id\":\"https:\/\/portaltela.pt\/noticias\/2026\/03\/05\/protecao-civil-recomenda-medidas-preventivas-a-populacao-ate-sexta-feira\/#primaryimage\",\"url\":\"https:\/\/portaltela.pt\/s.01k8rhncp4jt1\/2026\/03\/CACHE_780X1200_ANALOG_WATERMARKED_39998264_2127946_14122022010414.jpg\",\"contentUrl\":\"https:\/\/portaltela.pt\/s.01k8rhncp4jt1\/2026\/03\/CACHE_780X1200_ANALOG_WATERMARKED_39998264_2127946_14122022010414.jpg\",\"width\":796,\"height\":448,\"caption\":\"Prote\u00e7\u00e3o Civil alerta popula\u00e7\u00e3o para medidas preventivas at\u00e9 sexta-feira\"},{\"@type\":\"BreadcrumbList\",\"@id\":\"https:\/\/portaltela.pt\/noticias\/2026\/03\/05\/protecao-civil-recomenda-medidas-preventivas-a-populacao-ate-sexta-feira\/#breadcrumb\",\"itemListElement\":[{\"@type\":\"ListItem\",\"position\":1,\"name\":\"In\u00edcio\",\"item\":\"https:\/\/portaltela.pt\/\"},{\"@type\":\"ListItem\",\"position\":2,\"name\":\"Prote\u00e7\u00e3o Civil recomenda medidas preventivas \u00e0 popula\u00e7\u00e3o at\u00e9 sexta-feira\"}]},{\"@type\":\"WebSite\",\"@id\":\"https:\/\/portaltela.pt\/#website\",\"url\":\"https:\/\/portaltela.pt\/\",\"name\":\"Portal Tela Portugal\",\"description\":\"\",\"potentialAction\":[{\"@type\":\"SearchAction\",\"target\":{\"@type\":\"EntryPoint\",\"urlTemplate\":\"https:\/\/portaltela.pt\/?s={search_term_string}\"},\"query-input\":{\"@type\":\"PropertyValueSpecification\",\"valueRequired\":true,\"valueName\":\"search_term_string\"}}],\"inLanguage\":\"pt-PT\"},{\"@type\":\"Person\",\"@id\":\"https:\/\/portaltela.pt\/#\/schema\/person\/c4278d4a6028830caff9ee44b42d32ed\",\"name\":\"Telinha\",\"image\":{\"@type\":\"ImageObject\",\"inLanguage\":\"pt-PT\",\"@id\":\"https:\/\/portaltela.pt\/s.01k8rhncp4jt1\/2025\/11\/talking-bot-125x125.png\",\"url\":\"https:\/\/portaltela.pt\/s.01k8rhncp4jt1\/2025\/11\/talking-bot-125x125.png\",\"contentUrl\":\"https:\/\/portaltela.pt\/s.01k8rhncp4jt1\/2025\/11\/talking-bot-125x125.png\",\"caption\":\"Telinha\"},\"sameAs\":[\"https:\/\/portaltela.pt\/\"],\"url\":\"https:\/\/portaltela.pt\/por\/367410592786\/\"}]}<\/script>\n<!-- \/ Yoast SEO plugin. -->","yoast_head_json":{"title":"Prote\u00e7\u00e3o Civil recomenda medidas preventivas \u00e0 popula\u00e7\u00e3o at\u00e9 sexta-feira - Portal Tela Portugal","robots":{"index":"index","follow":"follow","max-snippet":"max-snippet:-1","max-image-preview":"max-image-preview:large","max-video-preview":"max-video-preview:-1"},"og_locale":"pt_PT","og_type":"article","og_title":"Prote\u00e7\u00e3o Civil recomenda medidas preventivas \u00e0 popula\u00e7\u00e3o at\u00e9 sexta-feira - Portal Tela Portugal","og_description":"A Prote\u00e7\u00e3o Civil alertou a popula\u00e7\u00e3o para adotar medidas preventivas at\u00e9 sexta-feira. O conte\u00fado completo da not\u00edcia est\u00e1 dispon\u00edvel apenas para subscritores. O resumo n\u00e3o inclui detalhes espec\u00edficos das medidas, por n\u00e3o estarem dispon\u00edveis no material acess\u00edvel.","og_url":"https:\/\/portaltela.pt\/noticias\/2026\/03\/05\/protecao-civil-recomenda-medidas-preventivas-a-populacao-ate-sexta-feira\/","og_site_name":"Portal Tela Portugal","article_published_time":"2026-03-05T17:23:00+00:00","author":"Telinha","twitter_card":"summary_large_image","twitter_misc":{"Escrito por":"Telinha"},"schema":{"@context":"https:\/\/schema.org","@graph":[{"@type":"Article","@id":"https:\/\/portaltela.pt\/noticias\/2026\/03\/05\/protecao-civil-recomenda-medidas-preventivas-a-populacao-ate-sexta-feira\/#article","isPartOf":{"@id":"https:\/\/portaltela.pt\/noticias\/2026\/03\/05\/protecao-civil-recomenda-medidas-preventivas-a-populacao-ate-sexta-feira\/"},"author":{"name":"Telinha","@id":"https:\/\/portaltela.pt\/#\/schema\/person\/c4278d4a6028830caff9ee44b42d32ed"},"headline":"Prote\u00e7\u00e3o Civil recomenda medidas preventivas \u00e0 popula\u00e7\u00e3o at\u00e9 sexta-feira","datePublished":"2026-03-05T17:23:00+00:00","mainEntityOfPage":{"@id":"https:\/\/portaltela.pt\/noticias\/2026\/03\/05\/protecao-civil-recomenda-medidas-preventivas-a-populacao-ate-sexta-feira\/"},"wordCount":103,"image":{"@id":"https:\/\/portaltela.pt\/noticias\/2026\/03\/05\/protecao-civil-recomenda-medidas-preventivas-a-populacao-ate-sexta-feira\/#primaryimage"},"thumbnailUrl":"https:\/\/portaltela.pt\/s.01k8rhncp4jt1\/2026\/03\/CACHE_780X1200_ANALOG_WATERMARKED_39998264_2127946_14122022010414.jpg","keywords":["aviso amarelo","cat\u00e1strofes naturais","emerg\u00eancias","informa\u00e7\u00e3o p\u00fablica","planeamento familiar","Prote\u00e7\u00e3o Civil Municipal"],"articleSection":["Not\u00edcias","Pol\u00edtica"],"inLanguage":"pt-PT"},{"@type":"WebPage","@id":"https:\/\/portaltela.pt\/noticias\/2026\/03\/05\/protecao-civil-recomenda-medidas-preventivas-a-populacao-ate-sexta-feira\/","url":"https:\/\/portaltela.pt\/noticias\/2026\/03\/05\/protecao-civil-recomenda-medidas-preventivas-a-populacao-ate-sexta-feira\/","name":"Prote\u00e7\u00e3o Civil recomenda medidas preventivas \u00e0 popula\u00e7\u00e3o at\u00e9 sexta-feira - Portal Tela Portugal","isPartOf":{"@id":"https:\/\/portaltela.pt\/#website"},"primaryImageOfPage":{"@id":"https:\/\/portaltela.pt\/noticias\/2026\/03\/05\/protecao-civil-recomenda-medidas-preventivas-a-populacao-ate-sexta-feira\/#primaryimage"},"image":{"@id":"https:\/\/portaltela.pt\/noticias\/2026\/03\/05\/protecao-civil-recomenda-medidas-preventivas-a-populacao-ate-sexta-feira\/#primaryimage"},"thumbnailUrl":"https:\/\/portaltela.pt\/s.01k8rhncp4jt1\/2026\/03\/CACHE_780X1200_ANALOG_WATERMARKED_39998264_2127946_14122022010414.jpg","datePublished":"2026-03-05T17:23:00+00:00","author":{"@id":"https:\/\/portaltela.pt\/#\/schema\/person\/c4278d4a6028830caff9ee44b42d32ed"},"breadcrumb":{"@id":"https:\/\/portaltela.pt\/noticias\/2026\/03\/05\/protecao-civil-recomenda-medidas-preventivas-a-populacao-ate-sexta-feira\/#breadcrumb"},"inLanguage":"pt-PT","potentialAction":[{"@type":"ReadAction","target":["https:\/\/portaltela.pt\/noticias\/2026\/03\/05\/protecao-civil-recomenda-medidas-preventivas-a-populacao-ate-sexta-feira\/"]}]},{"@type":"ImageObject","inLanguage":"pt-PT","@id":"https:\/\/portaltela.pt\/noticias\/2026\/03\/05\/protecao-civil-recomenda-medidas-preventivas-a-populacao-ate-sexta-feira\/#primaryimage","url":"https:\/\/portaltela.pt\/s.01k8rhncp4jt1\/2026\/03\/CACHE_780X1200_ANALOG_WATERMARKED_39998264_2127946_14122022010414.jpg","contentUrl":"https:\/\/portaltela.pt\/s.01k8rhncp4jt1\/2026\/03\/CACHE_780X1200_ANALOG_WATERMARKED_39998264_2127946_14122022010414.jpg","width":796,"height":448,"caption":"Prote\u00e7\u00e3o Civil alerta popula\u00e7\u00e3o para medidas preventivas at\u00e9 sexta-feira"},{"@type":"BreadcrumbList","@id":"https:\/\/portaltela.pt\/noticias\/2026\/03\/05\/protecao-civil-recomenda-medidas-preventivas-a-populacao-ate-sexta-feira\/#breadcrumb","itemListElement":[{"@type":"ListItem","position":1,"name":"In\u00edcio","item":"https:\/\/portaltela.pt\/"},{"@type":"ListItem","position":2,"name":"Prote\u00e7\u00e3o Civil recomenda medidas preventivas \u00e0 popula\u00e7\u00e3o at\u00e9 sexta-feira"}]},{"@type":"WebSite","@id":"https:\/\/portaltela.pt\/#website","url":"https:\/\/portaltela.pt\/","name":"Portal Tela Portugal","description":"","potentialAction":[{"@type":"SearchAction","target":{"@type":"EntryPoint","urlTemplate":"https:\/\/portaltela.pt\/?s={search_term_string}"},"query-input":{"@type":"PropertyValueSpecification","valueRequired":true,"valueName":"search_term_string"}}],"inLanguage":"pt-PT"},{"@type":"Person","@id":"https:\/\/portaltela.pt\/#\/schema\/person\/c4278d4a6028830caff9ee44b42d32ed","name":"Telinha","image":{"@type":"ImageObject","inLanguage":"pt-PT","@id":"https:\/\/portaltela.pt\/s.01k8rhncp4jt1\/2025\/11\/talking-bot-125x125.png","url":"https:\/\/portaltela.pt\/s.01k8rhncp4jt1\/2025\/11\/talking-bot-125x125.png","contentUrl":"https:\/\/portaltela.pt\/s.01k8rhncp4jt1\/2025\/11\/talking-bot-125x125.png","caption":"Telinha"},"sameAs":["https:\/\/portaltela.pt\/"],"url":"https:\/\/portaltela.pt\/por\/367410592786\/"}]}},"_links":{"self":[{"href":"https:\/\/portaltela.pt\/api\/wp\/v2\/posts\/399248","targetHints":{"allow":["GET"]}}],"collection":[{"href":"https:\/\/portaltela.pt\/api\/wp\/v2\/posts"}],"about":[{"href":"https:\/\/portaltela.pt\/api\/wp\/v2\/types\/post"}],"author":[{"embeddable":true,"href":"https:\/\/portaltela.pt\/api\/wp\/v2\/users\/2"}],"replies":[{"embeddable":true,"href":"https:\/\/portaltela.pt\/api\/wp\/v2\/comments?post=399248"}],"version-history":[{"count":0,"href":"https:\/\/portaltela.pt\/api\/wp\/v2\/posts\/399248\/revisions"}],"wp:featuredmedia":[{"embeddable":true,"href":"https:\/\/portaltela.pt\/api\/wp\/v2\/media\/399251"}],"wp:attachment":[{"href":"https:\/\/portaltela.pt\/api\/wp\/v2\/media?parent=399248"}],"wp:term":[{"taxonomy":"category","embeddable":true,"href":"https:\/\/portaltela.pt\/api\/wp\/v2\/categories?post=399248"},{"taxonomy":"post_tag","embeddable":true,"href":"https:\/\/portaltela.pt\/api\/wp\/v2\/tags?post=399248"}],"curies":[{"name":"wp","href":"https:\/\/api.w.org\/{rel}","templated":true}]}}