{"id":399222,"date":"2026-03-05T17:00:57","date_gmt":"2026-03-05T20:00:57","guid":{"rendered":"https:\/\/portaltela.pt\/noticias\/2026\/03\/05\/cientistas-alertam-que-216-mil-hectares-de-floresta-estao-em-risco-mesmo-se-o-aquecimento-parar\/"},"modified":"2026-03-05T17:00:57","modified_gmt":"2026-03-05T20:00:57","slug":"cientistas-alertam-que-216-mil-hectares-de-floresta-estao-em-risco-mesmo-se-o-aquecimento-parar","status":"publish","type":"post","link":"https:\/\/portaltela.pt\/noticias\/internacional\/2026\/03\/05\/cientistas-alertam-que-216-mil-hectares-de-floresta-estao-em-risco-mesmo-se-o-aquecimento-parar\/","title":{"rendered":"Cientistas alertam que 216 mil hectares de floresta est\u00e3o em risco, mesmo se o aquecimento parar"},"content":{"rendered":"<p>As florestas da Europa enfrentam altera\u00e7\u00f5es profundas que podem intensificar a perturba\u00e7\u00e3o anual, mesmo se as temperaturas come\u00e7arem a estabilizar. Um estudo internacional, publicado na revista Science, indica que mais de 200 mil hectares de floresta podem ser afetados anualmente at\u00e9 2100.<\/p>\n<p>Segundo a investiga\u00e7\u00e3o, o aumento da atividade de inc\u00eandios, tempestades e surtos de escaravelho-da-casca, impulsionados pelo clima, eleva o risco de perdas de carbono. Mesmo com um cen\u00e1rio de aquecimento limitado a 2 \u00baC, a \u00e1rea afetada pode subir de 180 mil para cerca de 216 mil hectares por ano at\u00e9 ao fim do s\u00e9culo.<\/p>\n<p>Se o uso de combust\u00edveis f\u00f3sseis continuar a subir, quase 370 mil hectares poder\u00e3o ser impactados anualmente. O sul e o oeste da Europa aparecem como as regi\u00f5es mais vulner\u00e1veis, com o norte a enfrentar mudan\u00e7as distribu\u00eddas. Em 2024, a UE registou mais de 1 800 inc\u00eandios que emitiram cerca de 38 milh\u00f5es de toneladas de CO2.<\/p>\n<h3>Impacto e fatores de risco<\/h3>\n<p>Os investigadores alertam que muitos fogos ocorreram em zonas com condi\u00e7\u00f5es clim\u00e1ticas extremas, secas e quentes, superiores \u00e0s m\u00e9dias hist\u00f3ricas. O ver\u00e3o de 2025 foi particularmente intenso em Portugal e Espanha, com inc\u00eandios recorde que representaram mais de dois ter\u00e7os da devasta\u00e7\u00e3o na UE. Conformidade com o World Weather Attribution, os eventos estavam cerca de 40 vezes mais prov\u00e1veis devido \u00e0s altera\u00e7\u00f5es clim\u00e1ticas.<\/p>\n<p>A pesquisa refor\u00e7a a import\u00e2ncia das florestas como sumidouro de carbono, \u00e1gua limpa e prote\u00e7\u00e3o contra cheias, ao mesmo tempo alertando para redu\u00e7\u00e3o da capacidade de captura de carbono no futuro. Se as florestas captarem menos carbono, outros sectores dever\u00e3o acelerar redu\u00e7\u00f5es para cumprir metas clim\u00e1ticas.<\/p>\n<h3>Iniciativa de refloresta\u00e7\u00e3o da UE<\/h3>\n<p>A Uni\u00e3o Europeia lan\u00e7ou em 2010 a iniciativa dos tr\u00eas mil milh\u00f5es de \u00e1rvores, com o objetivo de retirar CO2 da atmosfera at\u00e9 2050. Contudo, dados da Comiss\u00e3o Europeia indicam que menos de 38 milh\u00f5es de \u00e1rvores foram plantadas at\u00e9 ao momento, cerca de 1,26% da meta.<\/p>\n<p>A Comiss\u00e3o afirma que a iniciativa \u00e9 volunt\u00e1ria e procura mobilizar organiza\u00e7\u00f5es e cidad\u00e3os para ampliar o esfor\u00e7o. No pr\u00f3ximo ano, est\u00e1 previsto um pr\u00e9mio para reconhecer projetos de planta\u00e7\u00e3o inovadores com impacto significativo, na tentativa de acelerar o cumprimento da meta.<\/p>\n","protected":false},"excerpt":{"rendered":"<ul>\n<li>Um estudo internacional, publicado na revista Science, prev\u00ea que a \u00e1rea florestal afetada na Europa poder\u00e1 passar de 180 mil para cerca de 216 mil hectares por ano at\u00e9 ao fim deste s\u00e9culo, mesmo que o aquecimento se mantenha pr\u00f3ximo de 2 \u00b0C.<\/li>\n<li>Se a utiliza\u00e7\u00e3o de combust\u00edveis f\u00f3sseis continuar a aumentar, quase 370 mil hectares poder\u00e3o ser afetados anualmente at\u00e9 2100.<\/li>\n<li>As regi\u00f5es sul e oeste da Europa podem registar as maiores perturba\u00e7\u00f5es, com o norte da regi\u00e3o a manter-se menos afetado globalmente, mas com pontos cr\u00edticos de danos previstos.<\/li>\n<li>No ano passado, a UE registou mais de 1.800 inc\u00eandios florestais, que emitiram cerca de 38 milh\u00f5es de toneladas de CO2; o ver\u00e3o de 2025 foi particularmente grave para Portugal e Espanha.<\/li>\n<li>A UE tem a meta de plantar tr\u00eas mil milh\u00f5es de \u00e1rvores at\u00e9 2030, mas, at\u00e9 agora, foram plantadas menos de 38 milh\u00f5es, ou cerca de 1,26 por cento do objetivo, sendo considerado um compromisso volunt\u00e1rio.<\/li>\n<\/ul>\n","protected":false},"author":2,"featured_media":399223,"comment_status":"closed","ping_status":"closed","sticky":false,"template":"","format":"standard","meta":{"footnotes":""},"categories":[4,1],"tags":[5215,4880,2487,2617,45,6694],"class_list":["post-399222","post","type-post","status-publish","format-standard","has-post-thumbnail","hentry","category-internacional","category-noticias","tag-catastrofes-naturais","tag-conservacao-ambiental","tag-europa","tag-incendios","tag-meio-ambiente","tag-reflorestacao"],"yoast_head":"<!-- This site is optimized with the Yoast SEO plugin v27.2 - https:\/\/yoast.com\/product\/yoast-seo-wordpress\/ -->\n<title>Cientistas alertam que 216 mil hectares de floresta est\u00e3o em risco, mesmo se o aquecimento parar - Portal Tela Portugal<\/title>\n<meta name=\"robots\" content=\"index, follow, max-snippet:-1, max-image-preview:large, max-video-preview:-1\" \/>\n<meta property=\"og:locale\" content=\"pt_PT\" \/>\n<meta property=\"og:type\" content=\"article\" \/>\n<meta property=\"og:title\" content=\"Cientistas alertam que 216 mil hectares de floresta est\u00e3o em risco, mesmo se o aquecimento parar - Portal Tela Portugal\" \/>\n<meta property=\"og:description\" content=\"Um estudo internacional, publicado na revista Science, prev\u00ea que a \u00e1rea florestal afetada na Europa poder\u00e1 passar de 180 mil para cerca de 216 mil hectares por ano at\u00e9 ao fim deste s\u00e9culo, mesmo que o aquecimento se mantenha pr\u00f3ximo de 2 \u00b0C. Se a utiliza\u00e7\u00e3o de combust\u00edveis f\u00f3sseis continuar a aumentar, quase 370 mil hectares poder\u00e3o ser afetados anualmente at\u00e9 2100. As regi\u00f5es sul e oeste da Europa podem registar as maiores perturba\u00e7\u00f5es, com o norte da regi\u00e3o a manter-se menos afetado globalmente, mas com pontos cr\u00edticos de danos previstos. No ano passado, a UE registou mais de 1.800 inc\u00eandios florestais, que emitiram cerca de 38 milh\u00f5es de toneladas de CO2; o ver\u00e3o de 2025 foi particularmente grave para Portugal e Espanha. A UE tem a meta de plantar tr\u00eas mil milh\u00f5es de \u00e1rvores at\u00e9 2030, mas, at\u00e9 agora, foram plantadas menos de 38 milh\u00f5es, ou cerca de 1,26 por cento do objetivo, sendo considerado um compromisso volunt\u00e1rio.\" \/>\n<meta property=\"og:url\" content=\"https:\/\/portaltela.pt\/noticias\/2026\/03\/05\/cientistas-alertam-que-216-mil-hectares-de-floresta-estao-em-risco-mesmo-se-o-aquecimento-parar\/\" \/>\n<meta property=\"og:site_name\" content=\"Portal Tela Portugal\" \/>\n<meta property=\"article:published_time\" content=\"2026-03-05T20:00:57+00:00\" \/>\n<meta name=\"author\" content=\"Telinha\" \/>\n<meta name=\"twitter:card\" content=\"summary_large_image\" \/>\n<meta name=\"twitter:label1\" content=\"Escrito por\" \/>\n\t<meta name=\"twitter:data1\" content=\"Telinha\" \/>\n\t<meta name=\"twitter:label2\" content=\"Tempo estimado de leitura\" \/>\n\t<meta name=\"twitter:data2\" content=\"2 minutos\" \/>\n<script type=\"application\/ld+json\" class=\"yoast-schema-graph\">{\"@context\":\"https:\/\/schema.org\",\"@graph\":[{\"@type\":\"Article\",\"@id\":\"https:\/\/portaltela.pt\/noticias\/2026\/03\/05\/cientistas-alertam-que-216-mil-hectares-de-floresta-estao-em-risco-mesmo-se-o-aquecimento-parar\/#article\",\"isPartOf\":{\"@id\":\"https:\/\/portaltela.pt\/noticias\/2026\/03\/05\/cientistas-alertam-que-216-mil-hectares-de-floresta-estao-em-risco-mesmo-se-o-aquecimento-parar\/\"},\"author\":{\"name\":\"Telinha\",\"@id\":\"https:\/\/portaltela.pt\/#\/schema\/person\/c4278d4a6028830caff9ee44b42d32ed\"},\"headline\":\"Cientistas alertam que 216 mil hectares de floresta est\u00e3o em risco, mesmo se o aquecimento parar\",\"datePublished\":\"2026-03-05T20:00:57+00:00\",\"mainEntityOfPage\":{\"@id\":\"https:\/\/portaltela.pt\/noticias\/2026\/03\/05\/cientistas-alertam-que-216-mil-hectares-de-floresta-estao-em-risco-mesmo-se-o-aquecimento-parar\/\"},\"wordCount\":410,\"image\":{\"@id\":\"https:\/\/portaltela.pt\/noticias\/2026\/03\/05\/cientistas-alertam-que-216-mil-hectares-de-floresta-estao-em-risco-mesmo-se-o-aquecimento-parar\/#primaryimage\"},\"thumbnailUrl\":\"https:\/\/portaltela.pt\/s.01k8rhncp4jt1\/2026\/03\/1536x864_cmsv2_3d1180e7-3ea6-5794-a38f-19a202169313-9673720.jpg\",\"keywords\":[\"cat\u00e1strofes naturais\",\"conserva\u00e7\u00e3o ambiental\",\"Europa\",\"inc\u00eandios\",\"meio-ambiente\",\"refloresta\u00e7\u00e3o\"],\"articleSection\":[\"Internacional\",\"Not\u00edcias\"],\"inLanguage\":\"pt-PT\"},{\"@type\":\"WebPage\",\"@id\":\"https:\/\/portaltela.pt\/noticias\/2026\/03\/05\/cientistas-alertam-que-216-mil-hectares-de-floresta-estao-em-risco-mesmo-se-o-aquecimento-parar\/\",\"url\":\"https:\/\/portaltela.pt\/noticias\/2026\/03\/05\/cientistas-alertam-que-216-mil-hectares-de-floresta-estao-em-risco-mesmo-se-o-aquecimento-parar\/\",\"name\":\"Cientistas alertam que 216 mil hectares de floresta est\u00e3o em risco, mesmo se o aquecimento parar - Portal Tela Portugal\",\"isPartOf\":{\"@id\":\"https:\/\/portaltela.pt\/#website\"},\"primaryImageOfPage\":{\"@id\":\"https:\/\/portaltela.pt\/noticias\/2026\/03\/05\/cientistas-alertam-que-216-mil-hectares-de-floresta-estao-em-risco-mesmo-se-o-aquecimento-parar\/#primaryimage\"},\"image\":{\"@id\":\"https:\/\/portaltela.pt\/noticias\/2026\/03\/05\/cientistas-alertam-que-216-mil-hectares-de-floresta-estao-em-risco-mesmo-se-o-aquecimento-parar\/#primaryimage\"},\"thumbnailUrl\":\"https:\/\/portaltela.pt\/s.01k8rhncp4jt1\/2026\/03\/1536x864_cmsv2_3d1180e7-3ea6-5794-a38f-19a202169313-9673720.jpg\",\"datePublished\":\"2026-03-05T20:00:57+00:00\",\"author\":{\"@id\":\"https:\/\/portaltela.pt\/#\/schema\/person\/c4278d4a6028830caff9ee44b42d32ed\"},\"breadcrumb\":{\"@id\":\"https:\/\/portaltela.pt\/noticias\/2026\/03\/05\/cientistas-alertam-que-216-mil-hectares-de-floresta-estao-em-risco-mesmo-se-o-aquecimento-parar\/#breadcrumb\"},\"inLanguage\":\"pt-PT\",\"potentialAction\":[{\"@type\":\"ReadAction\",\"target\":[\"https:\/\/portaltela.pt\/noticias\/2026\/03\/05\/cientistas-alertam-que-216-mil-hectares-de-floresta-estao-em-risco-mesmo-se-o-aquecimento-parar\/\"]}]},{\"@type\":\"ImageObject\",\"inLanguage\":\"pt-PT\",\"@id\":\"https:\/\/portaltela.pt\/noticias\/2026\/03\/05\/cientistas-alertam-que-216-mil-hectares-de-floresta-estao-em-risco-mesmo-se-o-aquecimento-parar\/#primaryimage\",\"url\":\"https:\/\/portaltela.pt\/s.01k8rhncp4jt1\/2026\/03\/1536x864_cmsv2_3d1180e7-3ea6-5794-a38f-19a202169313-9673720.jpg\",\"contentUrl\":\"https:\/\/portaltela.pt\/s.01k8rhncp4jt1\/2026\/03\/1536x864_cmsv2_3d1180e7-3ea6-5794-a38f-19a202169313-9673720.jpg\",\"width\":796,\"height\":448,\"caption\":\"Bombeiros tentam extinguir um inc\u00eandio florestal na aldeia de Chaveira, perto de Ma\u00e7\u00e3o, no centro de Portugal, segunda-feira, 22 de julho de 2019.\"},{\"@type\":\"BreadcrumbList\",\"@id\":\"https:\/\/portaltela.pt\/noticias\/2026\/03\/05\/cientistas-alertam-que-216-mil-hectares-de-floresta-estao-em-risco-mesmo-se-o-aquecimento-parar\/#breadcrumb\",\"itemListElement\":[{\"@type\":\"ListItem\",\"position\":1,\"name\":\"In\u00edcio\",\"item\":\"https:\/\/portaltela.pt\/\"},{\"@type\":\"ListItem\",\"position\":2,\"name\":\"Cientistas alertam que 216 mil hectares de floresta est\u00e3o em risco, mesmo se o aquecimento parar\"}]},{\"@type\":\"WebSite\",\"@id\":\"https:\/\/portaltela.pt\/#website\",\"url\":\"https:\/\/portaltela.pt\/\",\"name\":\"Portal Tela Portugal\",\"description\":\"\",\"potentialAction\":[{\"@type\":\"SearchAction\",\"target\":{\"@type\":\"EntryPoint\",\"urlTemplate\":\"https:\/\/portaltela.pt\/?s={search_term_string}\"},\"query-input\":{\"@type\":\"PropertyValueSpecification\",\"valueRequired\":true,\"valueName\":\"search_term_string\"}}],\"inLanguage\":\"pt-PT\"},{\"@type\":\"Person\",\"@id\":\"https:\/\/portaltela.pt\/#\/schema\/person\/c4278d4a6028830caff9ee44b42d32ed\",\"name\":\"Telinha\",\"image\":{\"@type\":\"ImageObject\",\"inLanguage\":\"pt-PT\",\"@id\":\"https:\/\/portaltela.pt\/s.01k8rhncp4jt1\/2025\/11\/talking-bot-125x125.png\",\"url\":\"https:\/\/portaltela.pt\/s.01k8rhncp4jt1\/2025\/11\/talking-bot-125x125.png\",\"contentUrl\":\"https:\/\/portaltela.pt\/s.01k8rhncp4jt1\/2025\/11\/talking-bot-125x125.png\",\"caption\":\"Telinha\"},\"sameAs\":[\"https:\/\/portaltela.pt\/\"],\"url\":\"https:\/\/portaltela.pt\/por\/367410592786\/\"}]}<\/script>\n<!-- \/ Yoast SEO plugin. -->","yoast_head_json":{"title":"Cientistas alertam que 216 mil hectares de floresta est\u00e3o em risco, mesmo se o aquecimento parar - Portal Tela Portugal","robots":{"index":"index","follow":"follow","max-snippet":"max-snippet:-1","max-image-preview":"max-image-preview:large","max-video-preview":"max-video-preview:-1"},"og_locale":"pt_PT","og_type":"article","og_title":"Cientistas alertam que 216 mil hectares de floresta est\u00e3o em risco, mesmo se o aquecimento parar - Portal Tela Portugal","og_description":"Um estudo internacional, publicado na revista Science, prev\u00ea que a \u00e1rea florestal afetada na Europa poder\u00e1 passar de 180 mil para cerca de 216 mil hectares por ano at\u00e9 ao fim deste s\u00e9culo, mesmo que o aquecimento se mantenha pr\u00f3ximo de 2 \u00b0C. Se a utiliza\u00e7\u00e3o de combust\u00edveis f\u00f3sseis continuar a aumentar, quase 370 mil hectares poder\u00e3o ser afetados anualmente at\u00e9 2100. As regi\u00f5es sul e oeste da Europa podem registar as maiores perturba\u00e7\u00f5es, com o norte da regi\u00e3o a manter-se menos afetado globalmente, mas com pontos cr\u00edticos de danos previstos. No ano passado, a UE registou mais de 1.800 inc\u00eandios florestais, que emitiram cerca de 38 milh\u00f5es de toneladas de CO2; o ver\u00e3o de 2025 foi particularmente grave para Portugal e Espanha. A UE tem a meta de plantar tr\u00eas mil milh\u00f5es de \u00e1rvores at\u00e9 2030, mas, at\u00e9 agora, foram plantadas menos de 38 milh\u00f5es, ou cerca de 1,26 por cento do objetivo, sendo considerado um compromisso volunt\u00e1rio.","og_url":"https:\/\/portaltela.pt\/noticias\/2026\/03\/05\/cientistas-alertam-que-216-mil-hectares-de-floresta-estao-em-risco-mesmo-se-o-aquecimento-parar\/","og_site_name":"Portal Tela Portugal","article_published_time":"2026-03-05T20:00:57+00:00","author":"Telinha","twitter_card":"summary_large_image","twitter_misc":{"Escrito por":"Telinha","Tempo estimado de leitura":"2 minutos"},"schema":{"@context":"https:\/\/schema.org","@graph":[{"@type":"Article","@id":"https:\/\/portaltela.pt\/noticias\/2026\/03\/05\/cientistas-alertam-que-216-mil-hectares-de-floresta-estao-em-risco-mesmo-se-o-aquecimento-parar\/#article","isPartOf":{"@id":"https:\/\/portaltela.pt\/noticias\/2026\/03\/05\/cientistas-alertam-que-216-mil-hectares-de-floresta-estao-em-risco-mesmo-se-o-aquecimento-parar\/"},"author":{"name":"Telinha","@id":"https:\/\/portaltela.pt\/#\/schema\/person\/c4278d4a6028830caff9ee44b42d32ed"},"headline":"Cientistas alertam que 216 mil hectares de floresta est\u00e3o em risco, mesmo se o aquecimento parar","datePublished":"2026-03-05T20:00:57+00:00","mainEntityOfPage":{"@id":"https:\/\/portaltela.pt\/noticias\/2026\/03\/05\/cientistas-alertam-que-216-mil-hectares-de-floresta-estao-em-risco-mesmo-se-o-aquecimento-parar\/"},"wordCount":410,"image":{"@id":"https:\/\/portaltela.pt\/noticias\/2026\/03\/05\/cientistas-alertam-que-216-mil-hectares-de-floresta-estao-em-risco-mesmo-se-o-aquecimento-parar\/#primaryimage"},"thumbnailUrl":"https:\/\/portaltela.pt\/s.01k8rhncp4jt1\/2026\/03\/1536x864_cmsv2_3d1180e7-3ea6-5794-a38f-19a202169313-9673720.jpg","keywords":["cat\u00e1strofes naturais","conserva\u00e7\u00e3o ambiental","Europa","inc\u00eandios","meio-ambiente","refloresta\u00e7\u00e3o"],"articleSection":["Internacional","Not\u00edcias"],"inLanguage":"pt-PT"},{"@type":"WebPage","@id":"https:\/\/portaltela.pt\/noticias\/2026\/03\/05\/cientistas-alertam-que-216-mil-hectares-de-floresta-estao-em-risco-mesmo-se-o-aquecimento-parar\/","url":"https:\/\/portaltela.pt\/noticias\/2026\/03\/05\/cientistas-alertam-que-216-mil-hectares-de-floresta-estao-em-risco-mesmo-se-o-aquecimento-parar\/","name":"Cientistas alertam que 216 mil hectares de floresta est\u00e3o em risco, mesmo se o aquecimento parar - Portal Tela Portugal","isPartOf":{"@id":"https:\/\/portaltela.pt\/#website"},"primaryImageOfPage":{"@id":"https:\/\/portaltela.pt\/noticias\/2026\/03\/05\/cientistas-alertam-que-216-mil-hectares-de-floresta-estao-em-risco-mesmo-se-o-aquecimento-parar\/#primaryimage"},"image":{"@id":"https:\/\/portaltela.pt\/noticias\/2026\/03\/05\/cientistas-alertam-que-216-mil-hectares-de-floresta-estao-em-risco-mesmo-se-o-aquecimento-parar\/#primaryimage"},"thumbnailUrl":"https:\/\/portaltela.pt\/s.01k8rhncp4jt1\/2026\/03\/1536x864_cmsv2_3d1180e7-3ea6-5794-a38f-19a202169313-9673720.jpg","datePublished":"2026-03-05T20:00:57+00:00","author":{"@id":"https:\/\/portaltela.pt\/#\/schema\/person\/c4278d4a6028830caff9ee44b42d32ed"},"breadcrumb":{"@id":"https:\/\/portaltela.pt\/noticias\/2026\/03\/05\/cientistas-alertam-que-216-mil-hectares-de-floresta-estao-em-risco-mesmo-se-o-aquecimento-parar\/#breadcrumb"},"inLanguage":"pt-PT","potentialAction":[{"@type":"ReadAction","target":["https:\/\/portaltela.pt\/noticias\/2026\/03\/05\/cientistas-alertam-que-216-mil-hectares-de-floresta-estao-em-risco-mesmo-se-o-aquecimento-parar\/"]}]},{"@type":"ImageObject","inLanguage":"pt-PT","@id":"https:\/\/portaltela.pt\/noticias\/2026\/03\/05\/cientistas-alertam-que-216-mil-hectares-de-floresta-estao-em-risco-mesmo-se-o-aquecimento-parar\/#primaryimage","url":"https:\/\/portaltela.pt\/s.01k8rhncp4jt1\/2026\/03\/1536x864_cmsv2_3d1180e7-3ea6-5794-a38f-19a202169313-9673720.jpg","contentUrl":"https:\/\/portaltela.pt\/s.01k8rhncp4jt1\/2026\/03\/1536x864_cmsv2_3d1180e7-3ea6-5794-a38f-19a202169313-9673720.jpg","width":796,"height":448,"caption":"Bombeiros tentam extinguir um inc\u00eandio florestal na aldeia de Chaveira, perto de Ma\u00e7\u00e3o, no centro de Portugal, segunda-feira, 22 de julho de 2019."},{"@type":"BreadcrumbList","@id":"https:\/\/portaltela.pt\/noticias\/2026\/03\/05\/cientistas-alertam-que-216-mil-hectares-de-floresta-estao-em-risco-mesmo-se-o-aquecimento-parar\/#breadcrumb","itemListElement":[{"@type":"ListItem","position":1,"name":"In\u00edcio","item":"https:\/\/portaltela.pt\/"},{"@type":"ListItem","position":2,"name":"Cientistas alertam que 216 mil hectares de floresta est\u00e3o em risco, mesmo se o aquecimento parar"}]},{"@type":"WebSite","@id":"https:\/\/portaltela.pt\/#website","url":"https:\/\/portaltela.pt\/","name":"Portal Tela Portugal","description":"","potentialAction":[{"@type":"SearchAction","target":{"@type":"EntryPoint","urlTemplate":"https:\/\/portaltela.pt\/?s={search_term_string}"},"query-input":{"@type":"PropertyValueSpecification","valueRequired":true,"valueName":"search_term_string"}}],"inLanguage":"pt-PT"},{"@type":"Person","@id":"https:\/\/portaltela.pt\/#\/schema\/person\/c4278d4a6028830caff9ee44b42d32ed","name":"Telinha","image":{"@type":"ImageObject","inLanguage":"pt-PT","@id":"https:\/\/portaltela.pt\/s.01k8rhncp4jt1\/2025\/11\/talking-bot-125x125.png","url":"https:\/\/portaltela.pt\/s.01k8rhncp4jt1\/2025\/11\/talking-bot-125x125.png","contentUrl":"https:\/\/portaltela.pt\/s.01k8rhncp4jt1\/2025\/11\/talking-bot-125x125.png","caption":"Telinha"},"sameAs":["https:\/\/portaltela.pt\/"],"url":"https:\/\/portaltela.pt\/por\/367410592786\/"}]}},"_links":{"self":[{"href":"https:\/\/portaltela.pt\/api\/wp\/v2\/posts\/399222","targetHints":{"allow":["GET"]}}],"collection":[{"href":"https:\/\/portaltela.pt\/api\/wp\/v2\/posts"}],"about":[{"href":"https:\/\/portaltela.pt\/api\/wp\/v2\/types\/post"}],"author":[{"embeddable":true,"href":"https:\/\/portaltela.pt\/api\/wp\/v2\/users\/2"}],"replies":[{"embeddable":true,"href":"https:\/\/portaltela.pt\/api\/wp\/v2\/comments?post=399222"}],"version-history":[{"count":0,"href":"https:\/\/portaltela.pt\/api\/wp\/v2\/posts\/399222\/revisions"}],"wp:featuredmedia":[{"embeddable":true,"href":"https:\/\/portaltela.pt\/api\/wp\/v2\/media\/399223"}],"wp:attachment":[{"href":"https:\/\/portaltela.pt\/api\/wp\/v2\/media?parent=399222"}],"wp:term":[{"taxonomy":"category","embeddable":true,"href":"https:\/\/portaltela.pt\/api\/wp\/v2\/categories?post=399222"},{"taxonomy":"post_tag","embeddable":true,"href":"https:\/\/portaltela.pt\/api\/wp\/v2\/tags?post=399222"}],"curies":[{"name":"wp","href":"https:\/\/api.w.org\/{rel}","templated":true}]}}