{"id":399202,"date":"2026-03-05T16:38:29","date_gmt":"2026-03-05T19:38:29","guid":{"rendered":"https:\/\/portaltela.pt\/noticias\/2026\/03\/05\/classificacao-da-zona-especial-de-conservacao-sintra-cascais-e-publicada\/"},"modified":"2026-03-05T16:38:29","modified_gmt":"2026-03-05T19:38:29","slug":"classificacao-da-zona-especial-de-conservacao-sintra-cascais-e-publicada","status":"publish","type":"post","link":"https:\/\/portaltela.pt\/noticias\/politica\/2026\/03\/05\/classificacao-da-zona-especial-de-conservacao-sintra-cascais-e-publicada\/","title":{"rendered":"Classifica\u00e7\u00e3o da Zona Especial de Conserva\u00e7\u00e3o Sintra-Cascais \u00e9 publicada"},"content":{"rendered":"<p>A Zona Especial de Conserva\u00e7\u00e3o (ZEC) de Sintra-Cascais recebeu hoje a classifica\u00e7\u00e3o oficial, com a publica\u00e7\u00e3o do diploma que protege habitats naturais e esp\u00e9cies selvagens no territ\u00f3rio. O regime de prote\u00e7\u00e3o \u00e9 aplicado com v\u00e1rias exce\u00e7\u00f5es de uso do solo.<\/p>\n<p>O diploma, o decreto-lei 71\/2026, determina que a ZEC passa a ter prote\u00e7\u00e3o especial para manter ou restabelecer habitats naturais e popula\u00e7\u00f5es de esp\u00e9cies com presen\u00e7a relevante na \u00e1rea, bem como a condi\u00e7\u00e3o ecol\u00f3gica dos bi\u00f3topos utilizados.<\/p>\n<p>A ZEC Sintra-Cascais integra a Rede Natura 2000, tal como as zonas de prote\u00e7\u00e3o especial (ZPE) criadas ao abrigo de diretivas da Uni\u00e3o Europeia. A designa\u00e7\u00e3o descreve esp\u00e9cies, habitats e objetivos de conserva\u00e7\u00e3o a alcan\u00e7ar.<\/p>\n<p>A classifica\u00e7\u00e3o resulta de um processo que visa responder a um ac\u00f3rd\u00e3o do Tribunal de Justi\u00e7a da UE de 2019, que declarou o incumprimento de Portugal pela falta de designa\u00e7\u00e3o de v\u00e1rias ZECs. O diploma entra em vigor na sexta-feira.<\/p>\n<h3>Objetivos de conserva\u00e7\u00e3o e \u00e1rea abrangida<\/h3>\n<p>A \u00e1rea costeira e a serra de Sintra, numa faixa total de 8.229 ha terrestres do Parque Natural de Sintra-Cascais e 8.404 ha marinhos, figura entre as zonas priorit\u00e1rias. S\u00e3o protegidos tipos de habitat de arribas e fal\u00e9sias com vegeta\u00e7\u00e3o da costa mediterr\u00e2nica.<\/p>\n<p>Entre as esp\u00e9cies-alvo contam-se flora de arribas, end\u00e9micas como Armeria pseudoarmeria, bem como comunidades de charnecas secas e matagais arborescentes de zimbros. A gest\u00e3o tamb\u00e9m abrange dunas com zimbros e de pinheiro-manso.<\/p>\n<p>As regras preservam dunas com florestas de pinheiro, o controlo de esp\u00e9cies, e a prote\u00e7\u00e3o de fauna como borboletas, escaravelhos, lagarto-de-\u00e1gua e morcegos mediterr\u00e2nicos. A regulariza\u00e7\u00e3o de linhas de \u00e1gua tamb\u00e9m consta entre as medidas.<\/p>\n<h3>Normas de uso do solo e exce\u00e7\u00f5es<\/h3>\n<p>Nos planos territoriais que incidirem sobre a ZEC devem ser identificados usos do solo compat\u00edveis com os objetivos de conserva\u00e7\u00e3o. \u00c9 proibida edifica\u00e7\u00e3o em solo r\u00fastico, salvo exce\u00e7\u00f5es para atividades de conserva\u00e7\u00e3o, visita\u00e7\u00e3o e lazer.<\/p>\n<p>Infraestruturas de apoio \u00e0 conserva\u00e7\u00e3o, turismo, atividades agr\u00edcolas ou florestais podem ficar fora destas restri\u00e7\u00f5es. Tamb\u00e9m ficam de fora opera\u00e7\u00f5es urban\u00edsticas em outras categorias de solo r\u00fastico.<\/p>\n<p>Al\u00e9m disso, as normas interditam novas explora\u00e7\u00f5es de dep\u00f3sitos minerais e a amplia\u00e7\u00e3o das existentes, excetuando projetos j\u00e1 enquadrados ou com pareceres espec\u00edficos. O parecer do ICNF pode ser exigido para v\u00e1rios atos.<\/p>\n<h3>Planos de gest\u00e3o e vig\u00eancia<\/h3>\n<p>Os planos territoriais que incidirem sobre a ZEC devem incluir normas condicionando pareceres do ICNF para diversas atividades em solo r\u00fastico. O prazo de pron\u00fancia de 30 dias \u00fateis equivale ao parecer favor\u00e1vel por sil\u00eancio.<\/p>\n<p>A ZEC ter\u00e1 um plano de gest\u00e3o, a aprovar por portaria governamental, que define prioridades de conserva\u00e7\u00e3o e identifica esp\u00e9cies e habitats com medidas urgentes. O diploma foi submetido \u00e0 aprecia\u00e7\u00e3o de munic\u00edpios locais.<\/p>\n<p>Fonte oficial esclarece que a classifica\u00e7\u00e3o n\u00e3o visa restringir indevidamente atividades locais, mas assegurar a prote\u00e7\u00e3o de ecossistemas sens\u00edveis e da biodiversidade da regi\u00e3o. O diploma entra em vigor j\u00e1 nesta sexta-feira.<\/p>\n","protected":false},"excerpt":{"rendered":"<ul>\n<li>A classifica\u00e7\u00e3o da Zona Especial de Conserva\u00e7\u00e3o Sintra-Cascais foi conclu\u00edda, com a publica\u00e7\u00e3o do diploma 71\/2026 no Di\u00e1rio da Rep\u00fablica, protegendo habitats naturais e esp\u00e9cies selvagens.<\/li>\n<li>A ZEC passa a ter regime de prote\u00e7\u00e3o especial para manter ou restabelecer habitats naturais ou seminaturais e as popula\u00e7\u00f5es de esp\u00e9cies selvagens com presen\u00e7a significativa na zona.<\/li>\n<li>A \u00e1rea envolve 8.229 hectares terrestres no Parque Natural de Sintra-Cascais e 8.404 hectares marinhos, com regras de uso do solo e v\u00e1rias exce\u00e7\u00f5es para infraestruturas e atividades de conserva\u00e7\u00e3o, turismo, agricultura e floresta.<\/li>\n<li>O diploma responde ao incumprimento europeu identificado pelo Tribunal de Justi\u00e7a da Uni\u00e3o Europeia em 2019 e prev\u00ea prazos e regimes de pron\u00fania do ICNF para planos territoriais afectos \u00e0 ZEC.<\/li>\n<li>A gest\u00e3o da ZEC incluir\u00e1 um plano de gest\u00e3o a aprovar por portaria governamental, com prioridades de conserva\u00e7\u00e3o, e entra em vigor nesta sexta-feira.<\/li>\n<\/ul>\n","protected":false},"author":2,"featured_media":399204,"comment_status":"closed","ping_status":"closed","sticky":false,"template":"","format":"standard","meta":{"footnotes":""},"categories":[1,5],"tags":[1701,4880,45,811,1110,2182],"class_list":["post-399202","post","type-post","status-publish","format-standard","has-post-thumbnail","hentry","category-noticias","category-politica","tag-biodiversidade","tag-conservacao-ambiental","tag-meio-ambiente","tag-protecao-ambiental","tag-sintra","tag-zona-especial-de-conservacao"],"yoast_head":"<!-- This site is optimized with the Yoast SEO plugin v27.2 - https:\/\/yoast.com\/product\/yoast-seo-wordpress\/ -->\n<title>Classifica\u00e7\u00e3o da Zona Especial de Conserva\u00e7\u00e3o Sintra-Cascais \u00e9 publicada - Portal Tela Portugal<\/title>\n<meta name=\"robots\" content=\"index, follow, max-snippet:-1, max-image-preview:large, max-video-preview:-1\" \/>\n<meta property=\"og:locale\" content=\"pt_PT\" \/>\n<meta property=\"og:type\" content=\"article\" \/>\n<meta property=\"og:title\" content=\"Classifica\u00e7\u00e3o da Zona Especial de Conserva\u00e7\u00e3o Sintra-Cascais \u00e9 publicada - Portal Tela Portugal\" \/>\n<meta property=\"og:description\" content=\"A classifica\u00e7\u00e3o da Zona Especial de Conserva\u00e7\u00e3o Sintra-Cascais foi conclu\u00edda, com a publica\u00e7\u00e3o do diploma 71\/2026 no Di\u00e1rio da Rep\u00fablica, protegendo habitats naturais e esp\u00e9cies selvagens. A ZEC passa a ter regime de prote\u00e7\u00e3o especial para manter ou restabelecer habitats naturais ou seminaturais e as popula\u00e7\u00f5es de esp\u00e9cies selvagens com presen\u00e7a significativa na zona. A \u00e1rea envolve 8.229 hectares terrestres no Parque Natural de Sintra-Cascais e 8.404 hectares marinhos, com regras de uso do solo e v\u00e1rias exce\u00e7\u00f5es para infraestruturas e atividades de conserva\u00e7\u00e3o, turismo, agricultura e floresta. O diploma responde ao incumprimento europeu identificado pelo Tribunal de Justi\u00e7a da Uni\u00e3o Europeia em 2019 e prev\u00ea prazos e regimes de pron\u00fania do ICNF para planos territoriais afectos \u00e0 ZEC. A gest\u00e3o da ZEC incluir\u00e1 um plano de gest\u00e3o a aprovar por portaria governamental, com prioridades de conserva\u00e7\u00e3o, e entra em vigor nesta sexta-feira.\" \/>\n<meta property=\"og:url\" content=\"https:\/\/portaltela.pt\/noticias\/2026\/03\/05\/classificacao-da-zona-especial-de-conservacao-sintra-cascais-e-publicada\/\" \/>\n<meta property=\"og:site_name\" content=\"Portal Tela Portugal\" \/>\n<meta property=\"article:published_time\" content=\"2026-03-05T19:38:29+00:00\" \/>\n<meta name=\"author\" content=\"Telinha\" \/>\n<meta name=\"twitter:card\" content=\"summary_large_image\" \/>\n<meta name=\"twitter:label1\" content=\"Escrito por\" \/>\n\t<meta name=\"twitter:data1\" content=\"Telinha\" \/>\n\t<meta name=\"twitter:label2\" content=\"Tempo estimado de leitura\" \/>\n\t<meta name=\"twitter:data2\" content=\"3 minutos\" \/>\n<script type=\"application\/ld+json\" class=\"yoast-schema-graph\">{\"@context\":\"https:\/\/schema.org\",\"@graph\":[{\"@type\":\"Article\",\"@id\":\"https:\/\/portaltela.pt\/noticias\/2026\/03\/05\/classificacao-da-zona-especial-de-conservacao-sintra-cascais-e-publicada\/#article\",\"isPartOf\":{\"@id\":\"https:\/\/portaltela.pt\/noticias\/2026\/03\/05\/classificacao-da-zona-especial-de-conservacao-sintra-cascais-e-publicada\/\"},\"author\":{\"name\":\"Telinha\",\"@id\":\"https:\/\/portaltela.pt\/#\/schema\/person\/c4278d4a6028830caff9ee44b42d32ed\"},\"headline\":\"Classifica\u00e7\u00e3o da Zona Especial de Conserva\u00e7\u00e3o Sintra-Cascais \u00e9 publicada\",\"datePublished\":\"2026-03-05T19:38:29+00:00\",\"mainEntityOfPage\":{\"@id\":\"https:\/\/portaltela.pt\/noticias\/2026\/03\/05\/classificacao-da-zona-especial-de-conservacao-sintra-cascais-e-publicada\/\"},\"wordCount\":556,\"image\":{\"@id\":\"https:\/\/portaltela.pt\/noticias\/2026\/03\/05\/classificacao-da-zona-especial-de-conservacao-sintra-cascais-e-publicada\/#primaryimage\"},\"thumbnailUrl\":\"https:\/\/portaltela.pt\/s.01k8rhncp4jt1\/2026\/03\/img_1500x1000uu2020-09-09-10-36-42-974338.jpg\",\"keywords\":[\"biodiversidade\",\"conserva\u00e7\u00e3o ambiental\",\"meio-ambiente\",\"prote\u00e7\u00e3o ambiental\",\"Sintra\",\"Zona Especial de Conserva\u00e7\u00e3o\"],\"articleSection\":[\"Not\u00edcias\",\"Pol\u00edtica\"],\"inLanguage\":\"pt-PT\"},{\"@type\":\"WebPage\",\"@id\":\"https:\/\/portaltela.pt\/noticias\/2026\/03\/05\/classificacao-da-zona-especial-de-conservacao-sintra-cascais-e-publicada\/\",\"url\":\"https:\/\/portaltela.pt\/noticias\/2026\/03\/05\/classificacao-da-zona-especial-de-conservacao-sintra-cascais-e-publicada\/\",\"name\":\"Classifica\u00e7\u00e3o da Zona Especial de Conserva\u00e7\u00e3o Sintra-Cascais \u00e9 publicada - Portal Tela Portugal\",\"isPartOf\":{\"@id\":\"https:\/\/portaltela.pt\/#website\"},\"primaryImageOfPage\":{\"@id\":\"https:\/\/portaltela.pt\/noticias\/2026\/03\/05\/classificacao-da-zona-especial-de-conservacao-sintra-cascais-e-publicada\/#primaryimage\"},\"image\":{\"@id\":\"https:\/\/portaltela.pt\/noticias\/2026\/03\/05\/classificacao-da-zona-especial-de-conservacao-sintra-cascais-e-publicada\/#primaryimage\"},\"thumbnailUrl\":\"https:\/\/portaltela.pt\/s.01k8rhncp4jt1\/2026\/03\/img_1500x1000uu2020-09-09-10-36-42-974338.jpg\",\"datePublished\":\"2026-03-05T19:38:29+00:00\",\"author\":{\"@id\":\"https:\/\/portaltela.pt\/#\/schema\/person\/c4278d4a6028830caff9ee44b42d32ed\"},\"breadcrumb\":{\"@id\":\"https:\/\/portaltela.pt\/noticias\/2026\/03\/05\/classificacao-da-zona-especial-de-conservacao-sintra-cascais-e-publicada\/#breadcrumb\"},\"inLanguage\":\"pt-PT\",\"potentialAction\":[{\"@type\":\"ReadAction\",\"target\":[\"https:\/\/portaltela.pt\/noticias\/2026\/03\/05\/classificacao-da-zona-especial-de-conservacao-sintra-cascais-e-publicada\/\"]}]},{\"@type\":\"ImageObject\",\"inLanguage\":\"pt-PT\",\"@id\":\"https:\/\/portaltela.pt\/noticias\/2026\/03\/05\/classificacao-da-zona-especial-de-conservacao-sintra-cascais-e-publicada\/#primaryimage\",\"url\":\"https:\/\/portaltela.pt\/s.01k8rhncp4jt1\/2026\/03\/img_1500x1000uu2020-09-09-10-36-42-974338.jpg\",\"contentUrl\":\"https:\/\/portaltela.pt\/s.01k8rhncp4jt1\/2026\/03\/img_1500x1000uu2020-09-09-10-36-42-974338.jpg\",\"width\":796,\"height\":448,\"caption\":\"Serra de Sintra\"},{\"@type\":\"BreadcrumbList\",\"@id\":\"https:\/\/portaltela.pt\/noticias\/2026\/03\/05\/classificacao-da-zona-especial-de-conservacao-sintra-cascais-e-publicada\/#breadcrumb\",\"itemListElement\":[{\"@type\":\"ListItem\",\"position\":1,\"name\":\"In\u00edcio\",\"item\":\"https:\/\/portaltela.pt\/\"},{\"@type\":\"ListItem\",\"position\":2,\"name\":\"Classifica\u00e7\u00e3o da Zona Especial de Conserva\u00e7\u00e3o Sintra-Cascais \u00e9 publicada\"}]},{\"@type\":\"WebSite\",\"@id\":\"https:\/\/portaltela.pt\/#website\",\"url\":\"https:\/\/portaltela.pt\/\",\"name\":\"Portal Tela Portugal\",\"description\":\"\",\"potentialAction\":[{\"@type\":\"SearchAction\",\"target\":{\"@type\":\"EntryPoint\",\"urlTemplate\":\"https:\/\/portaltela.pt\/?s={search_term_string}\"},\"query-input\":{\"@type\":\"PropertyValueSpecification\",\"valueRequired\":true,\"valueName\":\"search_term_string\"}}],\"inLanguage\":\"pt-PT\"},{\"@type\":\"Person\",\"@id\":\"https:\/\/portaltela.pt\/#\/schema\/person\/c4278d4a6028830caff9ee44b42d32ed\",\"name\":\"Telinha\",\"image\":{\"@type\":\"ImageObject\",\"inLanguage\":\"pt-PT\",\"@id\":\"https:\/\/portaltela.pt\/s.01k8rhncp4jt1\/2025\/11\/talking-bot-125x125.png\",\"url\":\"https:\/\/portaltela.pt\/s.01k8rhncp4jt1\/2025\/11\/talking-bot-125x125.png\",\"contentUrl\":\"https:\/\/portaltela.pt\/s.01k8rhncp4jt1\/2025\/11\/talking-bot-125x125.png\",\"caption\":\"Telinha\"},\"sameAs\":[\"https:\/\/portaltela.pt\/\"],\"url\":\"https:\/\/portaltela.pt\/por\/367410592786\/\"}]}<\/script>\n<!-- \/ Yoast SEO plugin. -->","yoast_head_json":{"title":"Classifica\u00e7\u00e3o da Zona Especial de Conserva\u00e7\u00e3o Sintra-Cascais \u00e9 publicada - Portal Tela Portugal","robots":{"index":"index","follow":"follow","max-snippet":"max-snippet:-1","max-image-preview":"max-image-preview:large","max-video-preview":"max-video-preview:-1"},"og_locale":"pt_PT","og_type":"article","og_title":"Classifica\u00e7\u00e3o da Zona Especial de Conserva\u00e7\u00e3o Sintra-Cascais \u00e9 publicada - Portal Tela Portugal","og_description":"A classifica\u00e7\u00e3o da Zona Especial de Conserva\u00e7\u00e3o Sintra-Cascais foi conclu\u00edda, com a publica\u00e7\u00e3o do diploma 71\/2026 no Di\u00e1rio da Rep\u00fablica, protegendo habitats naturais e esp\u00e9cies selvagens. A ZEC passa a ter regime de prote\u00e7\u00e3o especial para manter ou restabelecer habitats naturais ou seminaturais e as popula\u00e7\u00f5es de esp\u00e9cies selvagens com presen\u00e7a significativa na zona. A \u00e1rea envolve 8.229 hectares terrestres no Parque Natural de Sintra-Cascais e 8.404 hectares marinhos, com regras de uso do solo e v\u00e1rias exce\u00e7\u00f5es para infraestruturas e atividades de conserva\u00e7\u00e3o, turismo, agricultura e floresta. O diploma responde ao incumprimento europeu identificado pelo Tribunal de Justi\u00e7a da Uni\u00e3o Europeia em 2019 e prev\u00ea prazos e regimes de pron\u00fania do ICNF para planos territoriais afectos \u00e0 ZEC. A gest\u00e3o da ZEC incluir\u00e1 um plano de gest\u00e3o a aprovar por portaria governamental, com prioridades de conserva\u00e7\u00e3o, e entra em vigor nesta sexta-feira.","og_url":"https:\/\/portaltela.pt\/noticias\/2026\/03\/05\/classificacao-da-zona-especial-de-conservacao-sintra-cascais-e-publicada\/","og_site_name":"Portal Tela Portugal","article_published_time":"2026-03-05T19:38:29+00:00","author":"Telinha","twitter_card":"summary_large_image","twitter_misc":{"Escrito por":"Telinha","Tempo estimado de leitura":"3 minutos"},"schema":{"@context":"https:\/\/schema.org","@graph":[{"@type":"Article","@id":"https:\/\/portaltela.pt\/noticias\/2026\/03\/05\/classificacao-da-zona-especial-de-conservacao-sintra-cascais-e-publicada\/#article","isPartOf":{"@id":"https:\/\/portaltela.pt\/noticias\/2026\/03\/05\/classificacao-da-zona-especial-de-conservacao-sintra-cascais-e-publicada\/"},"author":{"name":"Telinha","@id":"https:\/\/portaltela.pt\/#\/schema\/person\/c4278d4a6028830caff9ee44b42d32ed"},"headline":"Classifica\u00e7\u00e3o da Zona Especial de Conserva\u00e7\u00e3o Sintra-Cascais \u00e9 publicada","datePublished":"2026-03-05T19:38:29+00:00","mainEntityOfPage":{"@id":"https:\/\/portaltela.pt\/noticias\/2026\/03\/05\/classificacao-da-zona-especial-de-conservacao-sintra-cascais-e-publicada\/"},"wordCount":556,"image":{"@id":"https:\/\/portaltela.pt\/noticias\/2026\/03\/05\/classificacao-da-zona-especial-de-conservacao-sintra-cascais-e-publicada\/#primaryimage"},"thumbnailUrl":"https:\/\/portaltela.pt\/s.01k8rhncp4jt1\/2026\/03\/img_1500x1000uu2020-09-09-10-36-42-974338.jpg","keywords":["biodiversidade","conserva\u00e7\u00e3o ambiental","meio-ambiente","prote\u00e7\u00e3o ambiental","Sintra","Zona Especial de Conserva\u00e7\u00e3o"],"articleSection":["Not\u00edcias","Pol\u00edtica"],"inLanguage":"pt-PT"},{"@type":"WebPage","@id":"https:\/\/portaltela.pt\/noticias\/2026\/03\/05\/classificacao-da-zona-especial-de-conservacao-sintra-cascais-e-publicada\/","url":"https:\/\/portaltela.pt\/noticias\/2026\/03\/05\/classificacao-da-zona-especial-de-conservacao-sintra-cascais-e-publicada\/","name":"Classifica\u00e7\u00e3o da Zona Especial de Conserva\u00e7\u00e3o Sintra-Cascais \u00e9 publicada - Portal Tela Portugal","isPartOf":{"@id":"https:\/\/portaltela.pt\/#website"},"primaryImageOfPage":{"@id":"https:\/\/portaltela.pt\/noticias\/2026\/03\/05\/classificacao-da-zona-especial-de-conservacao-sintra-cascais-e-publicada\/#primaryimage"},"image":{"@id":"https:\/\/portaltela.pt\/noticias\/2026\/03\/05\/classificacao-da-zona-especial-de-conservacao-sintra-cascais-e-publicada\/#primaryimage"},"thumbnailUrl":"https:\/\/portaltela.pt\/s.01k8rhncp4jt1\/2026\/03\/img_1500x1000uu2020-09-09-10-36-42-974338.jpg","datePublished":"2026-03-05T19:38:29+00:00","author":{"@id":"https:\/\/portaltela.pt\/#\/schema\/person\/c4278d4a6028830caff9ee44b42d32ed"},"breadcrumb":{"@id":"https:\/\/portaltela.pt\/noticias\/2026\/03\/05\/classificacao-da-zona-especial-de-conservacao-sintra-cascais-e-publicada\/#breadcrumb"},"inLanguage":"pt-PT","potentialAction":[{"@type":"ReadAction","target":["https:\/\/portaltela.pt\/noticias\/2026\/03\/05\/classificacao-da-zona-especial-de-conservacao-sintra-cascais-e-publicada\/"]}]},{"@type":"ImageObject","inLanguage":"pt-PT","@id":"https:\/\/portaltela.pt\/noticias\/2026\/03\/05\/classificacao-da-zona-especial-de-conservacao-sintra-cascais-e-publicada\/#primaryimage","url":"https:\/\/portaltela.pt\/s.01k8rhncp4jt1\/2026\/03\/img_1500x1000uu2020-09-09-10-36-42-974338.jpg","contentUrl":"https:\/\/portaltela.pt\/s.01k8rhncp4jt1\/2026\/03\/img_1500x1000uu2020-09-09-10-36-42-974338.jpg","width":796,"height":448,"caption":"Serra de Sintra"},{"@type":"BreadcrumbList","@id":"https:\/\/portaltela.pt\/noticias\/2026\/03\/05\/classificacao-da-zona-especial-de-conservacao-sintra-cascais-e-publicada\/#breadcrumb","itemListElement":[{"@type":"ListItem","position":1,"name":"In\u00edcio","item":"https:\/\/portaltela.pt\/"},{"@type":"ListItem","position":2,"name":"Classifica\u00e7\u00e3o da Zona Especial de Conserva\u00e7\u00e3o Sintra-Cascais \u00e9 publicada"}]},{"@type":"WebSite","@id":"https:\/\/portaltela.pt\/#website","url":"https:\/\/portaltela.pt\/","name":"Portal Tela Portugal","description":"","potentialAction":[{"@type":"SearchAction","target":{"@type":"EntryPoint","urlTemplate":"https:\/\/portaltela.pt\/?s={search_term_string}"},"query-input":{"@type":"PropertyValueSpecification","valueRequired":true,"valueName":"search_term_string"}}],"inLanguage":"pt-PT"},{"@type":"Person","@id":"https:\/\/portaltela.pt\/#\/schema\/person\/c4278d4a6028830caff9ee44b42d32ed","name":"Telinha","image":{"@type":"ImageObject","inLanguage":"pt-PT","@id":"https:\/\/portaltela.pt\/s.01k8rhncp4jt1\/2025\/11\/talking-bot-125x125.png","url":"https:\/\/portaltela.pt\/s.01k8rhncp4jt1\/2025\/11\/talking-bot-125x125.png","contentUrl":"https:\/\/portaltela.pt\/s.01k8rhncp4jt1\/2025\/11\/talking-bot-125x125.png","caption":"Telinha"},"sameAs":["https:\/\/portaltela.pt\/"],"url":"https:\/\/portaltela.pt\/por\/367410592786\/"}]}},"_links":{"self":[{"href":"https:\/\/portaltela.pt\/api\/wp\/v2\/posts\/399202","targetHints":{"allow":["GET"]}}],"collection":[{"href":"https:\/\/portaltela.pt\/api\/wp\/v2\/posts"}],"about":[{"href":"https:\/\/portaltela.pt\/api\/wp\/v2\/types\/post"}],"author":[{"embeddable":true,"href":"https:\/\/portaltela.pt\/api\/wp\/v2\/users\/2"}],"replies":[{"embeddable":true,"href":"https:\/\/portaltela.pt\/api\/wp\/v2\/comments?post=399202"}],"version-history":[{"count":0,"href":"https:\/\/portaltela.pt\/api\/wp\/v2\/posts\/399202\/revisions"}],"wp:featuredmedia":[{"embeddable":true,"href":"https:\/\/portaltela.pt\/api\/wp\/v2\/media\/399204"}],"wp:attachment":[{"href":"https:\/\/portaltela.pt\/api\/wp\/v2\/media?parent=399202"}],"wp:term":[{"taxonomy":"category","embeddable":true,"href":"https:\/\/portaltela.pt\/api\/wp\/v2\/categories?post=399202"},{"taxonomy":"post_tag","embeddable":true,"href":"https:\/\/portaltela.pt\/api\/wp\/v2\/tags?post=399202"}],"curies":[{"name":"wp","href":"https:\/\/api.w.org\/{rel}","templated":true}]}}