{"id":399189,"date":"2026-03-05T16:43:00","date_gmt":"2026-03-05T19:43:00","guid":{"rendered":"https:\/\/portaltela.pt\/noticias\/2026\/03\/05\/fabio-verissimo-move-acao-contra-o-fc-porto-por-denuncia-caluniosa\/"},"modified":"2026-03-05T16:43:00","modified_gmt":"2026-03-05T19:43:00","slug":"fabio-verissimo-move-acao-contra-o-fc-porto-por-denuncia-caluniosa","status":"publish","type":"post","link":"https:\/\/portaltela.pt\/desporto\/futebol\/2026\/03\/05\/fabio-verissimo-move-acao-contra-o-fc-porto-por-denuncia-caluniosa\/","title":{"rendered":"F\u00e1bio Ver\u00edssimo move a\u00e7\u00e3o contra o FC Porto por den\u00fancia caluniosa"},"content":{"rendered":"<p>F\u00e1bio Ver\u00edssimo apresentou uma participa\u00e7\u00e3o disciplinar contra o FC Porto, afirmando irregularidades associadas \u00e0 visita a Arouca. A den\u00fancia, segundo a Record, j\u00e1 resultou na abertura de um processo disciplinar contra o clube.<\/p>\n<p>As informa\u00e7\u00f5es indicam que as acusa\u00e7\u00f5es portistas relacionadas com a visita a Arouca tinham sido arquivadas pelo Conselho Disciplinar (CD) anteriormente.<\/p>\n<p>A not\u00edcia aponta ainda que, com a participa\u00e7\u00e3o de Ver\u00edssimo, o \u00f3rg\u00e3o competente abriu o processo disciplinar contra o FC Porto, sem indicar prazos ou detalhes adicionais sobre as alega\u00e7\u00f5es ou as garantias legais envolvidas.<\/p>\n","protected":false},"excerpt":{"rendered":"<ul>\n<li>F\u00e1bio Ver\u00edssimo apresentou uma participa\u00e7\u00e3o disciplinar contra o FC Porto.<\/li>\n<li>As acusa\u00e7\u00f5es portistas relativas \u00e0 visita a Arouca foram arquivadas pelo Conselho Disciplinar (CD).<\/li>\n<li>A participa\u00e7\u00e3o de Ver\u00edssimo j\u00e1 deu origem \u00e0 abertura de um processo disciplinar aos drag\u00f5es.<\/li>\n<li>A informa\u00e7\u00e3o foi apurada pelo jornal Record.<\/li>\n<li>N\u00e3o foram acrescentados mais detalhes oficiais no texto consultado.<\/li>\n<\/ul>\n","protected":false},"author":2,"featured_media":399193,"comment_status":"closed","ping_status":"closed","sticky":false,"template":"","format":"standard","meta":{"footnotes":""},"categories":[21,24],"tags":[6613,2861,6228,4220,2028,32],"class_list":["post-399189","post","type-post","status-publish","format-standard","has-post-thumbnail","hentry","category-desporto","category-futebol","tag-comissao-de-disciplina","tag-denuncia-crime","tag-denuncias","tag-disciplina","tag-fc-porto","tag-futebol"],"yoast_head":"<!-- This site is optimized with the Yoast SEO plugin v27.2 - https:\/\/yoast.com\/product\/yoast-seo-wordpress\/ -->\n<title>F\u00e1bio Ver\u00edssimo move a\u00e7\u00e3o contra o FC Porto por den\u00fancia caluniosa - Portal Tela Portugal<\/title>\n<meta name=\"robots\" content=\"index, follow, max-snippet:-1, max-image-preview:large, max-video-preview:-1\" \/>\n<meta property=\"og:locale\" content=\"pt_PT\" \/>\n<meta property=\"og:type\" content=\"article\" \/>\n<meta property=\"og:title\" content=\"F\u00e1bio Ver\u00edssimo move a\u00e7\u00e3o contra o FC Porto por den\u00fancia caluniosa - Portal Tela Portugal\" \/>\n<meta property=\"og:description\" content=\"F\u00e1bio Ver\u00edssimo apresentou uma participa\u00e7\u00e3o disciplinar contra o FC Porto. As acusa\u00e7\u00f5es portistas relativas \u00e0 visita a Arouca foram arquivadas pelo Conselho Disciplinar (CD). A participa\u00e7\u00e3o de Ver\u00edssimo j\u00e1 deu origem \u00e0 abertura de um processo disciplinar aos drag\u00f5es. A informa\u00e7\u00e3o foi apurada pelo jornal Record. N\u00e3o foram acrescentados mais detalhes oficiais no texto consultado.\" \/>\n<meta property=\"og:url\" content=\"https:\/\/portaltela.pt\/noticias\/2026\/03\/05\/fabio-verissimo-move-acao-contra-o-fc-porto-por-denuncia-caluniosa\/\" \/>\n<meta property=\"og:site_name\" content=\"Portal Tela Portugal\" \/>\n<meta property=\"article:published_time\" content=\"2026-03-05T19:43:00+00:00\" \/>\n<meta name=\"author\" content=\"Telinha\" \/>\n<meta name=\"twitter:card\" content=\"summary_large_image\" \/>\n<meta name=\"twitter:label1\" content=\"Escrito por\" \/>\n\t<meta name=\"twitter:data1\" content=\"Telinha\" \/>\n<script type=\"application\/ld+json\" class=\"yoast-schema-graph\">{\"@context\":\"https:\/\/schema.org\",\"@graph\":[{\"@type\":\"Article\",\"@id\":\"https:\/\/portaltela.pt\/noticias\/2026\/03\/05\/fabio-verissimo-move-acao-contra-o-fc-porto-por-denuncia-caluniosa\/#article\",\"isPartOf\":{\"@id\":\"https:\/\/portaltela.pt\/noticias\/2026\/03\/05\/fabio-verissimo-move-acao-contra-o-fc-porto-por-denuncia-caluniosa\/\"},\"author\":{\"name\":\"Telinha\",\"@id\":\"https:\/\/portaltela.pt\/#\/schema\/person\/c4278d4a6028830caff9ee44b42d32ed\"},\"headline\":\"F\u00e1bio Ver\u00edssimo move a\u00e7\u00e3o contra o FC Porto por den\u00fancia caluniosa\",\"datePublished\":\"2026-03-05T19:43:00+00:00\",\"mainEntityOfPage\":{\"@id\":\"https:\/\/portaltela.pt\/noticias\/2026\/03\/05\/fabio-verissimo-move-acao-contra-o-fc-porto-por-denuncia-caluniosa\/\"},\"wordCount\":114,\"image\":{\"@id\":\"https:\/\/portaltela.pt\/noticias\/2026\/03\/05\/fabio-verissimo-move-acao-contra-o-fc-porto-por-denuncia-caluniosa\/#primaryimage\"},\"thumbnailUrl\":\"https:\/\/portaltela.pt\/s.01k8rhncp4jt1\/2026\/03\/img_920x518uu2026-03-05-19-32-04-2425148-im-639083360121015381.jpg\",\"keywords\":[\"Comiss\u00e3o de Disciplina\",\"den\u00fancia-crime\",\"den\u00fancias\",\"disciplina\",\"FC Porto\",\"futebol\"],\"articleSection\":[\"Desporto\",\"Futebol\"],\"inLanguage\":\"pt-PT\"},{\"@type\":\"WebPage\",\"@id\":\"https:\/\/portaltela.pt\/noticias\/2026\/03\/05\/fabio-verissimo-move-acao-contra-o-fc-porto-por-denuncia-caluniosa\/\",\"url\":\"https:\/\/portaltela.pt\/noticias\/2026\/03\/05\/fabio-verissimo-move-acao-contra-o-fc-porto-por-denuncia-caluniosa\/\",\"name\":\"F\u00e1bio Ver\u00edssimo move a\u00e7\u00e3o contra o FC Porto por den\u00fancia caluniosa - Portal Tela Portugal\",\"isPartOf\":{\"@id\":\"https:\/\/portaltela.pt\/#website\"},\"primaryImageOfPage\":{\"@id\":\"https:\/\/portaltela.pt\/noticias\/2026\/03\/05\/fabio-verissimo-move-acao-contra-o-fc-porto-por-denuncia-caluniosa\/#primaryimage\"},\"image\":{\"@id\":\"https:\/\/portaltela.pt\/noticias\/2026\/03\/05\/fabio-verissimo-move-acao-contra-o-fc-porto-por-denuncia-caluniosa\/#primaryimage\"},\"thumbnailUrl\":\"https:\/\/portaltela.pt\/s.01k8rhncp4jt1\/2026\/03\/img_920x518uu2026-03-05-19-32-04-2425148-im-639083360121015381.jpg\",\"datePublished\":\"2026-03-05T19:43:00+00:00\",\"author\":{\"@id\":\"https:\/\/portaltela.pt\/#\/schema\/person\/c4278d4a6028830caff9ee44b42d32ed\"},\"breadcrumb\":{\"@id\":\"https:\/\/portaltela.pt\/noticias\/2026\/03\/05\/fabio-verissimo-move-acao-contra-o-fc-porto-por-denuncia-caluniosa\/#breadcrumb\"},\"inLanguage\":\"pt-PT\",\"potentialAction\":[{\"@type\":\"ReadAction\",\"target\":[\"https:\/\/portaltela.pt\/noticias\/2026\/03\/05\/fabio-verissimo-move-acao-contra-o-fc-porto-por-denuncia-caluniosa\/\"]}]},{\"@type\":\"ImageObject\",\"inLanguage\":\"pt-PT\",\"@id\":\"https:\/\/portaltela.pt\/noticias\/2026\/03\/05\/fabio-verissimo-move-acao-contra-o-fc-porto-por-denuncia-caluniosa\/#primaryimage\",\"url\":\"https:\/\/portaltela.pt\/s.01k8rhncp4jt1\/2026\/03\/img_920x518uu2026-03-05-19-32-04-2425148-im-639083360121015381.jpg\",\"contentUrl\":\"https:\/\/portaltela.pt\/s.01k8rhncp4jt1\/2026\/03\/img_920x518uu2026-03-05-19-32-04-2425148-im-639083360121015381.jpg\",\"width\":796,\"height\":448,\"caption\":\"F\u00e1bio Ver\u00edssimo fez participa\u00e7\u00e3o disciplinar contra o FC Porto\"},{\"@type\":\"BreadcrumbList\",\"@id\":\"https:\/\/portaltela.pt\/noticias\/2026\/03\/05\/fabio-verissimo-move-acao-contra-o-fc-porto-por-denuncia-caluniosa\/#breadcrumb\",\"itemListElement\":[{\"@type\":\"ListItem\",\"position\":1,\"name\":\"In\u00edcio\",\"item\":\"https:\/\/portaltela.pt\/\"},{\"@type\":\"ListItem\",\"position\":2,\"name\":\"F\u00e1bio Ver\u00edssimo move a\u00e7\u00e3o contra o FC Porto por den\u00fancia caluniosa\"}]},{\"@type\":\"WebSite\",\"@id\":\"https:\/\/portaltela.pt\/#website\",\"url\":\"https:\/\/portaltela.pt\/\",\"name\":\"Portal Tela Portugal\",\"description\":\"\",\"potentialAction\":[{\"@type\":\"SearchAction\",\"target\":{\"@type\":\"EntryPoint\",\"urlTemplate\":\"https:\/\/portaltela.pt\/?s={search_term_string}\"},\"query-input\":{\"@type\":\"PropertyValueSpecification\",\"valueRequired\":true,\"valueName\":\"search_term_string\"}}],\"inLanguage\":\"pt-PT\"},{\"@type\":\"Person\",\"@id\":\"https:\/\/portaltela.pt\/#\/schema\/person\/c4278d4a6028830caff9ee44b42d32ed\",\"name\":\"Telinha\",\"image\":{\"@type\":\"ImageObject\",\"inLanguage\":\"pt-PT\",\"@id\":\"https:\/\/portaltela.pt\/s.01k8rhncp4jt1\/2025\/11\/talking-bot-125x125.png\",\"url\":\"https:\/\/portaltela.pt\/s.01k8rhncp4jt1\/2025\/11\/talking-bot-125x125.png\",\"contentUrl\":\"https:\/\/portaltela.pt\/s.01k8rhncp4jt1\/2025\/11\/talking-bot-125x125.png\",\"caption\":\"Telinha\"},\"sameAs\":[\"https:\/\/portaltela.pt\/\"],\"url\":\"https:\/\/portaltela.pt\/por\/367410592786\/\"}]}<\/script>\n<!-- \/ Yoast SEO plugin. -->","yoast_head_json":{"title":"F\u00e1bio Ver\u00edssimo move a\u00e7\u00e3o contra o FC Porto por den\u00fancia caluniosa - Portal Tela Portugal","robots":{"index":"index","follow":"follow","max-snippet":"max-snippet:-1","max-image-preview":"max-image-preview:large","max-video-preview":"max-video-preview:-1"},"og_locale":"pt_PT","og_type":"article","og_title":"F\u00e1bio Ver\u00edssimo move a\u00e7\u00e3o contra o FC Porto por den\u00fancia caluniosa - Portal Tela Portugal","og_description":"F\u00e1bio Ver\u00edssimo apresentou uma participa\u00e7\u00e3o disciplinar contra o FC Porto. As acusa\u00e7\u00f5es portistas relativas \u00e0 visita a Arouca foram arquivadas pelo Conselho Disciplinar (CD). A participa\u00e7\u00e3o de Ver\u00edssimo j\u00e1 deu origem \u00e0 abertura de um processo disciplinar aos drag\u00f5es. A informa\u00e7\u00e3o foi apurada pelo jornal Record. N\u00e3o foram acrescentados mais detalhes oficiais no texto consultado.","og_url":"https:\/\/portaltela.pt\/noticias\/2026\/03\/05\/fabio-verissimo-move-acao-contra-o-fc-porto-por-denuncia-caluniosa\/","og_site_name":"Portal Tela Portugal","article_published_time":"2026-03-05T19:43:00+00:00","author":"Telinha","twitter_card":"summary_large_image","twitter_misc":{"Escrito por":"Telinha"},"schema":{"@context":"https:\/\/schema.org","@graph":[{"@type":"Article","@id":"https:\/\/portaltela.pt\/noticias\/2026\/03\/05\/fabio-verissimo-move-acao-contra-o-fc-porto-por-denuncia-caluniosa\/#article","isPartOf":{"@id":"https:\/\/portaltela.pt\/noticias\/2026\/03\/05\/fabio-verissimo-move-acao-contra-o-fc-porto-por-denuncia-caluniosa\/"},"author":{"name":"Telinha","@id":"https:\/\/portaltela.pt\/#\/schema\/person\/c4278d4a6028830caff9ee44b42d32ed"},"headline":"F\u00e1bio Ver\u00edssimo move a\u00e7\u00e3o contra o FC Porto por den\u00fancia caluniosa","datePublished":"2026-03-05T19:43:00+00:00","mainEntityOfPage":{"@id":"https:\/\/portaltela.pt\/noticias\/2026\/03\/05\/fabio-verissimo-move-acao-contra-o-fc-porto-por-denuncia-caluniosa\/"},"wordCount":114,"image":{"@id":"https:\/\/portaltela.pt\/noticias\/2026\/03\/05\/fabio-verissimo-move-acao-contra-o-fc-porto-por-denuncia-caluniosa\/#primaryimage"},"thumbnailUrl":"https:\/\/portaltela.pt\/s.01k8rhncp4jt1\/2026\/03\/img_920x518uu2026-03-05-19-32-04-2425148-im-639083360121015381.jpg","keywords":["Comiss\u00e3o de Disciplina","den\u00fancia-crime","den\u00fancias","disciplina","FC Porto","futebol"],"articleSection":["Desporto","Futebol"],"inLanguage":"pt-PT"},{"@type":"WebPage","@id":"https:\/\/portaltela.pt\/noticias\/2026\/03\/05\/fabio-verissimo-move-acao-contra-o-fc-porto-por-denuncia-caluniosa\/","url":"https:\/\/portaltela.pt\/noticias\/2026\/03\/05\/fabio-verissimo-move-acao-contra-o-fc-porto-por-denuncia-caluniosa\/","name":"F\u00e1bio Ver\u00edssimo move a\u00e7\u00e3o contra o FC Porto por den\u00fancia caluniosa - Portal Tela Portugal","isPartOf":{"@id":"https:\/\/portaltela.pt\/#website"},"primaryImageOfPage":{"@id":"https:\/\/portaltela.pt\/noticias\/2026\/03\/05\/fabio-verissimo-move-acao-contra-o-fc-porto-por-denuncia-caluniosa\/#primaryimage"},"image":{"@id":"https:\/\/portaltela.pt\/noticias\/2026\/03\/05\/fabio-verissimo-move-acao-contra-o-fc-porto-por-denuncia-caluniosa\/#primaryimage"},"thumbnailUrl":"https:\/\/portaltela.pt\/s.01k8rhncp4jt1\/2026\/03\/img_920x518uu2026-03-05-19-32-04-2425148-im-639083360121015381.jpg","datePublished":"2026-03-05T19:43:00+00:00","author":{"@id":"https:\/\/portaltela.pt\/#\/schema\/person\/c4278d4a6028830caff9ee44b42d32ed"},"breadcrumb":{"@id":"https:\/\/portaltela.pt\/noticias\/2026\/03\/05\/fabio-verissimo-move-acao-contra-o-fc-porto-por-denuncia-caluniosa\/#breadcrumb"},"inLanguage":"pt-PT","potentialAction":[{"@type":"ReadAction","target":["https:\/\/portaltela.pt\/noticias\/2026\/03\/05\/fabio-verissimo-move-acao-contra-o-fc-porto-por-denuncia-caluniosa\/"]}]},{"@type":"ImageObject","inLanguage":"pt-PT","@id":"https:\/\/portaltela.pt\/noticias\/2026\/03\/05\/fabio-verissimo-move-acao-contra-o-fc-porto-por-denuncia-caluniosa\/#primaryimage","url":"https:\/\/portaltela.pt\/s.01k8rhncp4jt1\/2026\/03\/img_920x518uu2026-03-05-19-32-04-2425148-im-639083360121015381.jpg","contentUrl":"https:\/\/portaltela.pt\/s.01k8rhncp4jt1\/2026\/03\/img_920x518uu2026-03-05-19-32-04-2425148-im-639083360121015381.jpg","width":796,"height":448,"caption":"F\u00e1bio Ver\u00edssimo fez participa\u00e7\u00e3o disciplinar contra o FC Porto"},{"@type":"BreadcrumbList","@id":"https:\/\/portaltela.pt\/noticias\/2026\/03\/05\/fabio-verissimo-move-acao-contra-o-fc-porto-por-denuncia-caluniosa\/#breadcrumb","itemListElement":[{"@type":"ListItem","position":1,"name":"In\u00edcio","item":"https:\/\/portaltela.pt\/"},{"@type":"ListItem","position":2,"name":"F\u00e1bio Ver\u00edssimo move a\u00e7\u00e3o contra o FC Porto por den\u00fancia caluniosa"}]},{"@type":"WebSite","@id":"https:\/\/portaltela.pt\/#website","url":"https:\/\/portaltela.pt\/","name":"Portal Tela Portugal","description":"","potentialAction":[{"@type":"SearchAction","target":{"@type":"EntryPoint","urlTemplate":"https:\/\/portaltela.pt\/?s={search_term_string}"},"query-input":{"@type":"PropertyValueSpecification","valueRequired":true,"valueName":"search_term_string"}}],"inLanguage":"pt-PT"},{"@type":"Person","@id":"https:\/\/portaltela.pt\/#\/schema\/person\/c4278d4a6028830caff9ee44b42d32ed","name":"Telinha","image":{"@type":"ImageObject","inLanguage":"pt-PT","@id":"https:\/\/portaltela.pt\/s.01k8rhncp4jt1\/2025\/11\/talking-bot-125x125.png","url":"https:\/\/portaltela.pt\/s.01k8rhncp4jt1\/2025\/11\/talking-bot-125x125.png","contentUrl":"https:\/\/portaltela.pt\/s.01k8rhncp4jt1\/2025\/11\/talking-bot-125x125.png","caption":"Telinha"},"sameAs":["https:\/\/portaltela.pt\/"],"url":"https:\/\/portaltela.pt\/por\/367410592786\/"}]}},"_links":{"self":[{"href":"https:\/\/portaltela.pt\/api\/wp\/v2\/posts\/399189","targetHints":{"allow":["GET"]}}],"collection":[{"href":"https:\/\/portaltela.pt\/api\/wp\/v2\/posts"}],"about":[{"href":"https:\/\/portaltela.pt\/api\/wp\/v2\/types\/post"}],"author":[{"embeddable":true,"href":"https:\/\/portaltela.pt\/api\/wp\/v2\/users\/2"}],"replies":[{"embeddable":true,"href":"https:\/\/portaltela.pt\/api\/wp\/v2\/comments?post=399189"}],"version-history":[{"count":0,"href":"https:\/\/portaltela.pt\/api\/wp\/v2\/posts\/399189\/revisions"}],"wp:featuredmedia":[{"embeddable":true,"href":"https:\/\/portaltela.pt\/api\/wp\/v2\/media\/399193"}],"wp:attachment":[{"href":"https:\/\/portaltela.pt\/api\/wp\/v2\/media?parent=399189"}],"wp:term":[{"taxonomy":"category","embeddable":true,"href":"https:\/\/portaltela.pt\/api\/wp\/v2\/categories?post=399189"},{"taxonomy":"post_tag","embeddable":true,"href":"https:\/\/portaltela.pt\/api\/wp\/v2\/tags?post=399189"}],"curies":[{"name":"wp","href":"https:\/\/api.w.org\/{rel}","templated":true}]}}