{"id":399186,"date":"2026-03-05T16:42:11","date_gmt":"2026-03-05T19:42:11","guid":{"rendered":"https:\/\/portaltela.pt\/noticias\/2026\/03\/05\/pedro-goncalves-revela-pormenores-de-momento-com-as-filhas-gemeas\/"},"modified":"2026-03-05T16:42:11","modified_gmt":"2026-03-05T19:42:11","slug":"pedro-goncalves-revela-pormenores-de-momento-com-as-filhas-gemeas","status":"publish","type":"post","link":"https:\/\/portaltela.pt\/celebridades\/2026\/03\/05\/pedro-goncalves-revela-pormenores-de-momento-com-as-filhas-gemeas\/","title":{"rendered":"Pedro Gon\u00e7alves revela pormenores de momento com as filhas g\u00e9meas"},"content":{"rendered":"<p>Pedro Gon\u00e7alves, conhecido como Pote, e Bruna Rafaela partilharam novas imagens das filhas g\u00e9meas, Bel\u00e9m e Benedita, que completam 7 meses.<\/p>\n<p>O casal mostrou um dia de passeio com as beb\u00e9s, seguido de um almo\u00e7o de fam\u00edlia, mantendo sempre os rostos das meninas protegidos nas fotografias.<\/p>\n<p>As crian\u00e7as nasceram prematuras, o que levou a que ficassem internadas cerca de um m\u00eas antes de receberem alta hospitalar. O epis\u00f3dio, que ocorreu em julho do ano passado, foi superado pelos pais.<\/p>\n","protected":false},"excerpt":{"rendered":"<ul>\n<li>Pedro Gon\u00e7alves, conhecido por Pote, e Bruna Rafaela mostram novas imagens das filhas g\u00e9meas Bel\u00e9m e Benedita, de sete meses.<\/li>\n<li>O casal partilhou um dia de passeio com as beb\u00e9s e um almo\u00e7o de fam\u00edlia, sempre a protegerem os rostos das meninas.<\/li>\n<li>As g\u00e9meas nasceram prematuras e passaram o primeiro m\u00eas de vida internadas, antes de receberem alta hospitalar.<\/li>\n<li>O epis\u00f3dio foi em julho do ano passado, quando enfrentaram o per\u00edodo mais cr\u00edtico.<\/li>\n<\/ul>\n","protected":false},"author":2,"featured_media":399188,"comment_status":"closed","ping_status":"closed","sticky":false,"template":"","format":"standard","meta":{"footnotes":""},"categories":[6675],"tags":[3259,3953,64,132,1698,115],"class_list":["post-399186","post","type-post","status-publish","format-standard","has-post-thumbnail","hentry","category-celebridades","tag-celebidades","tag-criancas","tag-familia","tag-filhos","tag-infantil","tag-maternidade"],"yoast_head":"<!-- This site is optimized with the Yoast SEO plugin v27.2 - https:\/\/yoast.com\/product\/yoast-seo-wordpress\/ -->\n<title>Pedro Gon\u00e7alves revela pormenores de momento com as filhas g\u00e9meas - Portal Tela Portugal<\/title>\n<meta name=\"robots\" content=\"index, follow, max-snippet:-1, max-image-preview:large, max-video-preview:-1\" \/>\n<meta property=\"og:locale\" content=\"pt_PT\" \/>\n<meta property=\"og:type\" content=\"article\" \/>\n<meta property=\"og:title\" content=\"Pedro Gon\u00e7alves revela pormenores de momento com as filhas g\u00e9meas - Portal Tela Portugal\" \/>\n<meta property=\"og:description\" content=\"Pedro Gon\u00e7alves, conhecido por Pote, e Bruna Rafaela mostram novas imagens das filhas g\u00e9meas Bel\u00e9m e Benedita, de sete meses. O casal partilhou um dia de passeio com as beb\u00e9s e um almo\u00e7o de fam\u00edlia, sempre a protegerem os rostos das meninas. As g\u00e9meas nasceram prematuras e passaram o primeiro m\u00eas de vida internadas, antes de receberem alta hospitalar. O epis\u00f3dio foi em julho do ano passado, quando enfrentaram o per\u00edodo mais cr\u00edtico.\" \/>\n<meta property=\"og:url\" content=\"https:\/\/portaltela.pt\/noticias\/2026\/03\/05\/pedro-goncalves-revela-pormenores-de-momento-com-as-filhas-gemeas\/\" \/>\n<meta property=\"og:site_name\" content=\"Portal Tela Portugal\" \/>\n<meta property=\"article:published_time\" content=\"2026-03-05T19:42:11+00:00\" \/>\n<meta name=\"author\" content=\"Telinha\" \/>\n<meta name=\"twitter:card\" content=\"summary_large_image\" \/>\n<meta name=\"twitter:label1\" content=\"Escrito por\" \/>\n\t<meta name=\"twitter:data1\" content=\"Telinha\" \/>\n<script type=\"application\/ld+json\" class=\"yoast-schema-graph\">{\"@context\":\"https:\/\/schema.org\",\"@graph\":[{\"@type\":\"Article\",\"@id\":\"https:\/\/portaltela.pt\/noticias\/2026\/03\/05\/pedro-goncalves-revela-pormenores-de-momento-com-as-filhas-gemeas\/#article\",\"isPartOf\":{\"@id\":\"https:\/\/portaltela.pt\/noticias\/2026\/03\/05\/pedro-goncalves-revela-pormenores-de-momento-com-as-filhas-gemeas\/\"},\"author\":{\"name\":\"Telinha\",\"@id\":\"https:\/\/portaltela.pt\/#\/schema\/person\/c4278d4a6028830caff9ee44b42d32ed\"},\"headline\":\"Pedro Gon\u00e7alves revela pormenores de momento com as filhas g\u00e9meas\",\"datePublished\":\"2026-03-05T19:42:11+00:00\",\"mainEntityOfPage\":{\"@id\":\"https:\/\/portaltela.pt\/noticias\/2026\/03\/05\/pedro-goncalves-revela-pormenores-de-momento-com-as-filhas-gemeas\/\"},\"wordCount\":99,\"image\":{\"@id\":\"https:\/\/portaltela.pt\/noticias\/2026\/03\/05\/pedro-goncalves-revela-pormenores-de-momento-com-as-filhas-gemeas\/#primaryimage\"},\"thumbnailUrl\":\"https:\/\/portaltela.pt\/s.01k8rhncp4jt1\/2026\/03\/img_1280x718uu2026-03-05-12-50-37-2270531-im-639083118618792475.jpg\",\"keywords\":[\"celebidades\",\"crian\u00e7as\",\"fam\u00edlia\",\"filhos\",\"infantil\",\"maternidade\"],\"articleSection\":[\"Celebridades\"],\"inLanguage\":\"pt-PT\"},{\"@type\":\"WebPage\",\"@id\":\"https:\/\/portaltela.pt\/noticias\/2026\/03\/05\/pedro-goncalves-revela-pormenores-de-momento-com-as-filhas-gemeas\/\",\"url\":\"https:\/\/portaltela.pt\/noticias\/2026\/03\/05\/pedro-goncalves-revela-pormenores-de-momento-com-as-filhas-gemeas\/\",\"name\":\"Pedro Gon\u00e7alves revela pormenores de momento com as filhas g\u00e9meas - Portal Tela Portugal\",\"isPartOf\":{\"@id\":\"https:\/\/portaltela.pt\/#website\"},\"primaryImageOfPage\":{\"@id\":\"https:\/\/portaltela.pt\/noticias\/2026\/03\/05\/pedro-goncalves-revela-pormenores-de-momento-com-as-filhas-gemeas\/#primaryimage\"},\"image\":{\"@id\":\"https:\/\/portaltela.pt\/noticias\/2026\/03\/05\/pedro-goncalves-revela-pormenores-de-momento-com-as-filhas-gemeas\/#primaryimage\"},\"thumbnailUrl\":\"https:\/\/portaltela.pt\/s.01k8rhncp4jt1\/2026\/03\/img_1280x718uu2026-03-05-12-50-37-2270531-im-639083118618792475.jpg\",\"datePublished\":\"2026-03-05T19:42:11+00:00\",\"author\":{\"@id\":\"https:\/\/portaltela.pt\/#\/schema\/person\/c4278d4a6028830caff9ee44b42d32ed\"},\"breadcrumb\":{\"@id\":\"https:\/\/portaltela.pt\/noticias\/2026\/03\/05\/pedro-goncalves-revela-pormenores-de-momento-com-as-filhas-gemeas\/#breadcrumb\"},\"inLanguage\":\"pt-PT\",\"potentialAction\":[{\"@type\":\"ReadAction\",\"target\":[\"https:\/\/portaltela.pt\/noticias\/2026\/03\/05\/pedro-goncalves-revela-pormenores-de-momento-com-as-filhas-gemeas\/\"]}]},{\"@type\":\"ImageObject\",\"inLanguage\":\"pt-PT\",\"@id\":\"https:\/\/portaltela.pt\/noticias\/2026\/03\/05\/pedro-goncalves-revela-pormenores-de-momento-com-as-filhas-gemeas\/#primaryimage\",\"url\":\"https:\/\/portaltela.pt\/s.01k8rhncp4jt1\/2026\/03\/img_1280x718uu2026-03-05-12-50-37-2270531-im-639083118618792475.jpg\",\"contentUrl\":\"https:\/\/portaltela.pt\/s.01k8rhncp4jt1\/2026\/03\/img_1280x718uu2026-03-05-12-50-37-2270531-im-639083118618792475.jpg\",\"width\":796,\"height\":448,\"caption\":\"Photo\"},{\"@type\":\"BreadcrumbList\",\"@id\":\"https:\/\/portaltela.pt\/noticias\/2026\/03\/05\/pedro-goncalves-revela-pormenores-de-momento-com-as-filhas-gemeas\/#breadcrumb\",\"itemListElement\":[{\"@type\":\"ListItem\",\"position\":1,\"name\":\"In\u00edcio\",\"item\":\"https:\/\/portaltela.pt\/\"},{\"@type\":\"ListItem\",\"position\":2,\"name\":\"Pedro Gon\u00e7alves revela pormenores de momento com as filhas g\u00e9meas\"}]},{\"@type\":\"WebSite\",\"@id\":\"https:\/\/portaltela.pt\/#website\",\"url\":\"https:\/\/portaltela.pt\/\",\"name\":\"Portal Tela Portugal\",\"description\":\"\",\"potentialAction\":[{\"@type\":\"SearchAction\",\"target\":{\"@type\":\"EntryPoint\",\"urlTemplate\":\"https:\/\/portaltela.pt\/?s={search_term_string}\"},\"query-input\":{\"@type\":\"PropertyValueSpecification\",\"valueRequired\":true,\"valueName\":\"search_term_string\"}}],\"inLanguage\":\"pt-PT\"},{\"@type\":\"Person\",\"@id\":\"https:\/\/portaltela.pt\/#\/schema\/person\/c4278d4a6028830caff9ee44b42d32ed\",\"name\":\"Telinha\",\"image\":{\"@type\":\"ImageObject\",\"inLanguage\":\"pt-PT\",\"@id\":\"https:\/\/portaltela.pt\/s.01k8rhncp4jt1\/2025\/11\/talking-bot-125x125.png\",\"url\":\"https:\/\/portaltela.pt\/s.01k8rhncp4jt1\/2025\/11\/talking-bot-125x125.png\",\"contentUrl\":\"https:\/\/portaltela.pt\/s.01k8rhncp4jt1\/2025\/11\/talking-bot-125x125.png\",\"caption\":\"Telinha\"},\"sameAs\":[\"https:\/\/portaltela.pt\/\"],\"url\":\"https:\/\/portaltela.pt\/por\/367410592786\/\"}]}<\/script>\n<!-- \/ Yoast SEO plugin. -->","yoast_head_json":{"title":"Pedro Gon\u00e7alves revela pormenores de momento com as filhas g\u00e9meas - Portal Tela Portugal","robots":{"index":"index","follow":"follow","max-snippet":"max-snippet:-1","max-image-preview":"max-image-preview:large","max-video-preview":"max-video-preview:-1"},"og_locale":"pt_PT","og_type":"article","og_title":"Pedro Gon\u00e7alves revela pormenores de momento com as filhas g\u00e9meas - Portal Tela Portugal","og_description":"Pedro Gon\u00e7alves, conhecido por Pote, e Bruna Rafaela mostram novas imagens das filhas g\u00e9meas Bel\u00e9m e Benedita, de sete meses. O casal partilhou um dia de passeio com as beb\u00e9s e um almo\u00e7o de fam\u00edlia, sempre a protegerem os rostos das meninas. As g\u00e9meas nasceram prematuras e passaram o primeiro m\u00eas de vida internadas, antes de receberem alta hospitalar. O epis\u00f3dio foi em julho do ano passado, quando enfrentaram o per\u00edodo mais cr\u00edtico.","og_url":"https:\/\/portaltela.pt\/noticias\/2026\/03\/05\/pedro-goncalves-revela-pormenores-de-momento-com-as-filhas-gemeas\/","og_site_name":"Portal Tela Portugal","article_published_time":"2026-03-05T19:42:11+00:00","author":"Telinha","twitter_card":"summary_large_image","twitter_misc":{"Escrito por":"Telinha"},"schema":{"@context":"https:\/\/schema.org","@graph":[{"@type":"Article","@id":"https:\/\/portaltela.pt\/noticias\/2026\/03\/05\/pedro-goncalves-revela-pormenores-de-momento-com-as-filhas-gemeas\/#article","isPartOf":{"@id":"https:\/\/portaltela.pt\/noticias\/2026\/03\/05\/pedro-goncalves-revela-pormenores-de-momento-com-as-filhas-gemeas\/"},"author":{"name":"Telinha","@id":"https:\/\/portaltela.pt\/#\/schema\/person\/c4278d4a6028830caff9ee44b42d32ed"},"headline":"Pedro Gon\u00e7alves revela pormenores de momento com as filhas g\u00e9meas","datePublished":"2026-03-05T19:42:11+00:00","mainEntityOfPage":{"@id":"https:\/\/portaltela.pt\/noticias\/2026\/03\/05\/pedro-goncalves-revela-pormenores-de-momento-com-as-filhas-gemeas\/"},"wordCount":99,"image":{"@id":"https:\/\/portaltela.pt\/noticias\/2026\/03\/05\/pedro-goncalves-revela-pormenores-de-momento-com-as-filhas-gemeas\/#primaryimage"},"thumbnailUrl":"https:\/\/portaltela.pt\/s.01k8rhncp4jt1\/2026\/03\/img_1280x718uu2026-03-05-12-50-37-2270531-im-639083118618792475.jpg","keywords":["celebidades","crian\u00e7as","fam\u00edlia","filhos","infantil","maternidade"],"articleSection":["Celebridades"],"inLanguage":"pt-PT"},{"@type":"WebPage","@id":"https:\/\/portaltela.pt\/noticias\/2026\/03\/05\/pedro-goncalves-revela-pormenores-de-momento-com-as-filhas-gemeas\/","url":"https:\/\/portaltela.pt\/noticias\/2026\/03\/05\/pedro-goncalves-revela-pormenores-de-momento-com-as-filhas-gemeas\/","name":"Pedro Gon\u00e7alves revela pormenores de momento com as filhas g\u00e9meas - Portal Tela Portugal","isPartOf":{"@id":"https:\/\/portaltela.pt\/#website"},"primaryImageOfPage":{"@id":"https:\/\/portaltela.pt\/noticias\/2026\/03\/05\/pedro-goncalves-revela-pormenores-de-momento-com-as-filhas-gemeas\/#primaryimage"},"image":{"@id":"https:\/\/portaltela.pt\/noticias\/2026\/03\/05\/pedro-goncalves-revela-pormenores-de-momento-com-as-filhas-gemeas\/#primaryimage"},"thumbnailUrl":"https:\/\/portaltela.pt\/s.01k8rhncp4jt1\/2026\/03\/img_1280x718uu2026-03-05-12-50-37-2270531-im-639083118618792475.jpg","datePublished":"2026-03-05T19:42:11+00:00","author":{"@id":"https:\/\/portaltela.pt\/#\/schema\/person\/c4278d4a6028830caff9ee44b42d32ed"},"breadcrumb":{"@id":"https:\/\/portaltela.pt\/noticias\/2026\/03\/05\/pedro-goncalves-revela-pormenores-de-momento-com-as-filhas-gemeas\/#breadcrumb"},"inLanguage":"pt-PT","potentialAction":[{"@type":"ReadAction","target":["https:\/\/portaltela.pt\/noticias\/2026\/03\/05\/pedro-goncalves-revela-pormenores-de-momento-com-as-filhas-gemeas\/"]}]},{"@type":"ImageObject","inLanguage":"pt-PT","@id":"https:\/\/portaltela.pt\/noticias\/2026\/03\/05\/pedro-goncalves-revela-pormenores-de-momento-com-as-filhas-gemeas\/#primaryimage","url":"https:\/\/portaltela.pt\/s.01k8rhncp4jt1\/2026\/03\/img_1280x718uu2026-03-05-12-50-37-2270531-im-639083118618792475.jpg","contentUrl":"https:\/\/portaltela.pt\/s.01k8rhncp4jt1\/2026\/03\/img_1280x718uu2026-03-05-12-50-37-2270531-im-639083118618792475.jpg","width":796,"height":448,"caption":"Photo"},{"@type":"BreadcrumbList","@id":"https:\/\/portaltela.pt\/noticias\/2026\/03\/05\/pedro-goncalves-revela-pormenores-de-momento-com-as-filhas-gemeas\/#breadcrumb","itemListElement":[{"@type":"ListItem","position":1,"name":"In\u00edcio","item":"https:\/\/portaltela.pt\/"},{"@type":"ListItem","position":2,"name":"Pedro Gon\u00e7alves revela pormenores de momento com as filhas g\u00e9meas"}]},{"@type":"WebSite","@id":"https:\/\/portaltela.pt\/#website","url":"https:\/\/portaltela.pt\/","name":"Portal Tela Portugal","description":"","potentialAction":[{"@type":"SearchAction","target":{"@type":"EntryPoint","urlTemplate":"https:\/\/portaltela.pt\/?s={search_term_string}"},"query-input":{"@type":"PropertyValueSpecification","valueRequired":true,"valueName":"search_term_string"}}],"inLanguage":"pt-PT"},{"@type":"Person","@id":"https:\/\/portaltela.pt\/#\/schema\/person\/c4278d4a6028830caff9ee44b42d32ed","name":"Telinha","image":{"@type":"ImageObject","inLanguage":"pt-PT","@id":"https:\/\/portaltela.pt\/s.01k8rhncp4jt1\/2025\/11\/talking-bot-125x125.png","url":"https:\/\/portaltela.pt\/s.01k8rhncp4jt1\/2025\/11\/talking-bot-125x125.png","contentUrl":"https:\/\/portaltela.pt\/s.01k8rhncp4jt1\/2025\/11\/talking-bot-125x125.png","caption":"Telinha"},"sameAs":["https:\/\/portaltela.pt\/"],"url":"https:\/\/portaltela.pt\/por\/367410592786\/"}]}},"_links":{"self":[{"href":"https:\/\/portaltela.pt\/api\/wp\/v2\/posts\/399186","targetHints":{"allow":["GET"]}}],"collection":[{"href":"https:\/\/portaltela.pt\/api\/wp\/v2\/posts"}],"about":[{"href":"https:\/\/portaltela.pt\/api\/wp\/v2\/types\/post"}],"author":[{"embeddable":true,"href":"https:\/\/portaltela.pt\/api\/wp\/v2\/users\/2"}],"replies":[{"embeddable":true,"href":"https:\/\/portaltela.pt\/api\/wp\/v2\/comments?post=399186"}],"version-history":[{"count":0,"href":"https:\/\/portaltela.pt\/api\/wp\/v2\/posts\/399186\/revisions"}],"wp:featuredmedia":[{"embeddable":true,"href":"https:\/\/portaltela.pt\/api\/wp\/v2\/media\/399188"}],"wp:attachment":[{"href":"https:\/\/portaltela.pt\/api\/wp\/v2\/media?parent=399186"}],"wp:term":[{"taxonomy":"category","embeddable":true,"href":"https:\/\/portaltela.pt\/api\/wp\/v2\/categories?post=399186"},{"taxonomy":"post_tag","embeddable":true,"href":"https:\/\/portaltela.pt\/api\/wp\/v2\/tags?post=399186"}],"curies":[{"name":"wp","href":"https:\/\/api.w.org\/{rel}","templated":true}]}}