{"id":399178,"date":"2026-03-05T16:22:00","date_gmt":"2026-03-05T19:22:00","guid":{"rendered":"https:\/\/portaltela.pt\/noticias\/2026\/03\/05\/diretor-executivo-do-sns-afirma-que-o-inem-funciona-melhor-hoje\/"},"modified":"2026-03-05T16:22:00","modified_gmt":"2026-03-05T19:22:00","slug":"diretor-executivo-do-sns-afirma-que-o-inem-funciona-melhor-hoje","status":"publish","type":"post","link":"https:\/\/portaltela.pt\/noticias\/politica\/2026\/03\/05\/diretor-executivo-do-sns-afirma-que-o-inem-funciona-melhor-hoje\/","title":{"rendered":"Diretor executivo do SNS afirma que o INEM funciona melhor hoje"},"content":{"rendered":"<p>O diretor executivo do SNS, \u00c1lvaro Almeida, afirmou no parlamento que o INEM funciona hoje melhor do que no passado. A declara\u00e7\u00e3o ocorreu na comiss\u00e3o parlamentar de inqu\u00e9rito ao INEM, criada para apurar responsabilidades durante a greve de fim de 2024 e a rela\u00e7\u00e3o pol\u00edtica com o instituto desde 2019.<\/p>\n<p>A CPI discute, entre outros aspetos, o funcionamento da institui\u00e7\u00e3o durante a greve de 30 de outubro a 4 de novembro de 2024. Almeida rejeitou leituras excessivamente negativas sobre o estado do INEM e do SNS, mantendo o tom de que n\u00e3o h\u00e1 perfei\u00e7\u00e3o, mas tamb\u00e9m n\u00e3o est\u00e1 tudo mal.<\/p>\n<p>O respons\u00e1vel considerou o balan\u00e7o da articula\u00e7\u00e3o entre o INEM e a Dire\u00e7\u00e3o Executiva do SNS claramente positivo, destacando a capacidade de resposta em cen\u00e1rios exigentes, como as tempestades recentes, apesar de haver falhas identific\u00e1veis.<\/p>\n<p>Quanto ao financiamento, Almeida apontou que a retirada de cerca de 120 milh\u00f5es de euros entre 2020 e 2023 limitou a autonomia financeira do INEM e a sua capacidade de gest\u00e3o e de investir.<\/p>\n<p>Ele sublinhou que a DE-SNS n\u00e3o gere o INEM, apenas colabora para assegurar a articula\u00e7\u00e3o nacional da resposta e o funcionamento em rede do SNS, sem intervir na gest\u00e3o do instituto.<\/p>\n<p>Durante a greve dos t\u00e9cnicos de emerg\u00eancia pr\u00e9-hospitalar, registaram-se 12 mortes, tr\u00eas das quais associadas a atrasos no socorro, segundo a IGAS, not\u00edcia que a CPI analisa para entender impactos.<\/p>\n<p>A comiss\u00e3o parlamentar de inqu\u00e9rito, composta por 24 deputados, investiga responsabilidades pol\u00edticas, t\u00e9cnicas e financeiras desde 2019, com foco na atua\u00e7\u00e3o do INEM durante a greve e na rela\u00e7\u00e3o com as tutelas pol\u00edticas.<\/p>\n","protected":false},"excerpt":{"rendered":"<ul>\n<li>\u00c1lvaro Almeida, diretor executivo do Servi\u00e7o Nacional de Sa\u00fade, afirmou que o INEM \u201cest\u00e1 a funcionar melhor hoje do que no passado\u201d, durante a comiss\u00e3o parlamentar de inqu\u00e9rito ao INEM.<\/li>\n<li>A CPI, com 24 deputados, apura responsabilidades pol\u00edticas, t\u00e9cnicas e financeiras relativas \u00e0 greve de final de 2024 e \u00e0 rela\u00e7\u00e3o entre tutelas pol\u00edticas e o instituto desde 2019.<\/li>\n<li>O respons\u00e1vel rejeitou leituras negativas sobre o INEM e o SNS, dizendo que, embora haja falhas, o balan\u00e7o da articula\u00e7\u00e3o entre a dire\u00e7\u00e3o do SNS e o INEM \u00e9 claramente positivo.<\/li>\n<li>Almeida destacou que a retirada de cerca de 120 milh\u00f5es de euros ao INEM entre 2020 e 2023 limitou a autonomia financeira do instituto e poder\u00e1 ter prejudicado investimentos necess\u00e1rios.<\/li>\n<li>O dirigente explicou que a DE-SNS n\u00e3o gere gest\u00e3o sobre o INEM, apenas colabora para assegurar a articula\u00e7\u00e3o nacional da resposta assistencial; durante a greve de 30 de outubro a 4 de novembro de 2024 ocorreram 12 mortes, segundo a IGAS.<\/li>\n<\/ul>\n","protected":false},"author":2,"featured_media":399180,"comment_status":"closed","ping_status":"closed","sticky":false,"template":"","format":"standard","meta":{"footnotes":""},"categories":[1,5],"tags":[960,733,1164,2603,1922,1775],"class_list":["post-399178","post","type-post","status-publish","format-standard","has-post-thumbnail","hentry","category-noticias","category-politica","tag-emergencia-pre-hospitalar","tag-financas-publicas","tag-greve","tag-igas","tag-inem","tag-sns"],"yoast_head":"<!-- This site is optimized with the Yoast SEO plugin v27.2 - https:\/\/yoast.com\/product\/yoast-seo-wordpress\/ -->\n<title>Diretor executivo do SNS afirma que o INEM funciona melhor hoje - Portal Tela Portugal<\/title>\n<meta name=\"robots\" content=\"index, follow, max-snippet:-1, max-image-preview:large, max-video-preview:-1\" \/>\n<meta property=\"og:locale\" content=\"pt_PT\" \/>\n<meta property=\"og:type\" content=\"article\" \/>\n<meta property=\"og:title\" content=\"Diretor executivo do SNS afirma que o INEM funciona melhor hoje - Portal Tela Portugal\" \/>\n<meta property=\"og:description\" content=\"\u00c1lvaro Almeida, diretor executivo do Servi\u00e7o Nacional de Sa\u00fade, afirmou que o INEM \u201cest\u00e1 a funcionar melhor hoje do que no passado\u201d, durante a comiss\u00e3o parlamentar de inqu\u00e9rito ao INEM. A CPI, com 24 deputados, apura responsabilidades pol\u00edticas, t\u00e9cnicas e financeiras relativas \u00e0 greve de final de 2024 e \u00e0 rela\u00e7\u00e3o entre tutelas pol\u00edticas e o instituto desde 2019. O respons\u00e1vel rejeitou leituras negativas sobre o INEM e o SNS, dizendo que, embora haja falhas, o balan\u00e7o da articula\u00e7\u00e3o entre a dire\u00e7\u00e3o do SNS e o INEM \u00e9 claramente positivo. Almeida destacou que a retirada de cerca de 120 milh\u00f5es de euros ao INEM entre 2020 e 2023 limitou a autonomia financeira do instituto e poder\u00e1 ter prejudicado investimentos necess\u00e1rios. O dirigente explicou que a DE-SNS n\u00e3o gere gest\u00e3o sobre o INEM, apenas colabora para assegurar a articula\u00e7\u00e3o nacional da resposta assistencial; durante a greve de 30 de outubro a 4 de novembro de 2024 ocorreram 12 mortes, segundo a IGAS.\" \/>\n<meta property=\"og:url\" content=\"https:\/\/portaltela.pt\/noticias\/2026\/03\/05\/diretor-executivo-do-sns-afirma-que-o-inem-funciona-melhor-hoje\/\" \/>\n<meta property=\"og:site_name\" content=\"Portal Tela Portugal\" \/>\n<meta property=\"article:published_time\" content=\"2026-03-05T19:22:00+00:00\" \/>\n<meta name=\"author\" content=\"Telinha\" \/>\n<meta name=\"twitter:card\" content=\"summary_large_image\" \/>\n<meta name=\"twitter:label1\" content=\"Escrito por\" \/>\n\t<meta name=\"twitter:data1\" content=\"Telinha\" \/>\n\t<meta name=\"twitter:label2\" content=\"Tempo estimado de leitura\" \/>\n\t<meta name=\"twitter:data2\" content=\"1 minuto\" \/>\n<script type=\"application\/ld+json\" class=\"yoast-schema-graph\">{\"@context\":\"https:\/\/schema.org\",\"@graph\":[{\"@type\":\"Article\",\"@id\":\"https:\/\/portaltela.pt\/noticias\/2026\/03\/05\/diretor-executivo-do-sns-afirma-que-o-inem-funciona-melhor-hoje\/#article\",\"isPartOf\":{\"@id\":\"https:\/\/portaltela.pt\/noticias\/2026\/03\/05\/diretor-executivo-do-sns-afirma-que-o-inem-funciona-melhor-hoje\/\"},\"author\":{\"name\":\"Telinha\",\"@id\":\"https:\/\/portaltela.pt\/#\/schema\/person\/c4278d4a6028830caff9ee44b42d32ed\"},\"headline\":\"Diretor executivo do SNS afirma que o INEM funciona melhor hoje\",\"datePublished\":\"2026-03-05T19:22:00+00:00\",\"mainEntityOfPage\":{\"@id\":\"https:\/\/portaltela.pt\/noticias\/2026\/03\/05\/diretor-executivo-do-sns-afirma-que-o-inem-funciona-melhor-hoje\/\"},\"wordCount\":296,\"image\":{\"@id\":\"https:\/\/portaltela.pt\/noticias\/2026\/03\/05\/diretor-executivo-do-sns-afirma-que-o-inem-funciona-melhor-hoje\/#primaryimage\"},\"thumbnailUrl\":\"https:\/\/portaltela.pt\/s.01k8rhncp4jt1\/2026\/03\/image-332.jpg\",\"keywords\":[\"emerg\u00eancia pr\u00e9-hospitalar\",\"finan\u00e7as p\u00fablicas\",\"greve\",\"IGAS\",\"INEM\",\"SNS\"],\"articleSection\":[\"Not\u00edcias\",\"Pol\u00edtica\"],\"inLanguage\":\"pt-PT\"},{\"@type\":\"WebPage\",\"@id\":\"https:\/\/portaltela.pt\/noticias\/2026\/03\/05\/diretor-executivo-do-sns-afirma-que-o-inem-funciona-melhor-hoje\/\",\"url\":\"https:\/\/portaltela.pt\/noticias\/2026\/03\/05\/diretor-executivo-do-sns-afirma-que-o-inem-funciona-melhor-hoje\/\",\"name\":\"Diretor executivo do SNS afirma que o INEM funciona melhor hoje - Portal Tela Portugal\",\"isPartOf\":{\"@id\":\"https:\/\/portaltela.pt\/#website\"},\"primaryImageOfPage\":{\"@id\":\"https:\/\/portaltela.pt\/noticias\/2026\/03\/05\/diretor-executivo-do-sns-afirma-que-o-inem-funciona-melhor-hoje\/#primaryimage\"},\"image\":{\"@id\":\"https:\/\/portaltela.pt\/noticias\/2026\/03\/05\/diretor-executivo-do-sns-afirma-que-o-inem-funciona-melhor-hoje\/#primaryimage\"},\"thumbnailUrl\":\"https:\/\/portaltela.pt\/s.01k8rhncp4jt1\/2026\/03\/image-332.jpg\",\"datePublished\":\"2026-03-05T19:22:00+00:00\",\"author\":{\"@id\":\"https:\/\/portaltela.pt\/#\/schema\/person\/c4278d4a6028830caff9ee44b42d32ed\"},\"breadcrumb\":{\"@id\":\"https:\/\/portaltela.pt\/noticias\/2026\/03\/05\/diretor-executivo-do-sns-afirma-que-o-inem-funciona-melhor-hoje\/#breadcrumb\"},\"inLanguage\":\"pt-PT\",\"potentialAction\":[{\"@type\":\"ReadAction\",\"target\":[\"https:\/\/portaltela.pt\/noticias\/2026\/03\/05\/diretor-executivo-do-sns-afirma-que-o-inem-funciona-melhor-hoje\/\"]}]},{\"@type\":\"ImageObject\",\"inLanguage\":\"pt-PT\",\"@id\":\"https:\/\/portaltela.pt\/noticias\/2026\/03\/05\/diretor-executivo-do-sns-afirma-que-o-inem-funciona-melhor-hoje\/#primaryimage\",\"url\":\"https:\/\/portaltela.pt\/s.01k8rhncp4jt1\/2026\/03\/image-332.jpg\",\"contentUrl\":\"https:\/\/portaltela.pt\/s.01k8rhncp4jt1\/2026\/03\/image-332.jpg\",\"width\":796,\"height\":448,\"caption\":\"\u00c1lvaro Almeida, diretor executivo do Servi\u00e7o Nacional de Sa\u00fade (SNS)\"},{\"@type\":\"BreadcrumbList\",\"@id\":\"https:\/\/portaltela.pt\/noticias\/2026\/03\/05\/diretor-executivo-do-sns-afirma-que-o-inem-funciona-melhor-hoje\/#breadcrumb\",\"itemListElement\":[{\"@type\":\"ListItem\",\"position\":1,\"name\":\"In\u00edcio\",\"item\":\"https:\/\/portaltela.pt\/\"},{\"@type\":\"ListItem\",\"position\":2,\"name\":\"Diretor executivo do SNS afirma que o INEM funciona melhor hoje\"}]},{\"@type\":\"WebSite\",\"@id\":\"https:\/\/portaltela.pt\/#website\",\"url\":\"https:\/\/portaltela.pt\/\",\"name\":\"Portal Tela Portugal\",\"description\":\"\",\"potentialAction\":[{\"@type\":\"SearchAction\",\"target\":{\"@type\":\"EntryPoint\",\"urlTemplate\":\"https:\/\/portaltela.pt\/?s={search_term_string}\"},\"query-input\":{\"@type\":\"PropertyValueSpecification\",\"valueRequired\":true,\"valueName\":\"search_term_string\"}}],\"inLanguage\":\"pt-PT\"},{\"@type\":\"Person\",\"@id\":\"https:\/\/portaltela.pt\/#\/schema\/person\/c4278d4a6028830caff9ee44b42d32ed\",\"name\":\"Telinha\",\"image\":{\"@type\":\"ImageObject\",\"inLanguage\":\"pt-PT\",\"@id\":\"https:\/\/portaltela.pt\/s.01k8rhncp4jt1\/2025\/11\/talking-bot-125x125.png\",\"url\":\"https:\/\/portaltela.pt\/s.01k8rhncp4jt1\/2025\/11\/talking-bot-125x125.png\",\"contentUrl\":\"https:\/\/portaltela.pt\/s.01k8rhncp4jt1\/2025\/11\/talking-bot-125x125.png\",\"caption\":\"Telinha\"},\"sameAs\":[\"https:\/\/portaltela.pt\/\"],\"url\":\"https:\/\/portaltela.pt\/por\/367410592786\/\"}]}<\/script>\n<!-- \/ Yoast SEO plugin. -->","yoast_head_json":{"title":"Diretor executivo do SNS afirma que o INEM funciona melhor hoje - Portal Tela Portugal","robots":{"index":"index","follow":"follow","max-snippet":"max-snippet:-1","max-image-preview":"max-image-preview:large","max-video-preview":"max-video-preview:-1"},"og_locale":"pt_PT","og_type":"article","og_title":"Diretor executivo do SNS afirma que o INEM funciona melhor hoje - Portal Tela Portugal","og_description":"\u00c1lvaro Almeida, diretor executivo do Servi\u00e7o Nacional de Sa\u00fade, afirmou que o INEM \u201cest\u00e1 a funcionar melhor hoje do que no passado\u201d, durante a comiss\u00e3o parlamentar de inqu\u00e9rito ao INEM. A CPI, com 24 deputados, apura responsabilidades pol\u00edticas, t\u00e9cnicas e financeiras relativas \u00e0 greve de final de 2024 e \u00e0 rela\u00e7\u00e3o entre tutelas pol\u00edticas e o instituto desde 2019. O respons\u00e1vel rejeitou leituras negativas sobre o INEM e o SNS, dizendo que, embora haja falhas, o balan\u00e7o da articula\u00e7\u00e3o entre a dire\u00e7\u00e3o do SNS e o INEM \u00e9 claramente positivo. Almeida destacou que a retirada de cerca de 120 milh\u00f5es de euros ao INEM entre 2020 e 2023 limitou a autonomia financeira do instituto e poder\u00e1 ter prejudicado investimentos necess\u00e1rios. O dirigente explicou que a DE-SNS n\u00e3o gere gest\u00e3o sobre o INEM, apenas colabora para assegurar a articula\u00e7\u00e3o nacional da resposta assistencial; durante a greve de 30 de outubro a 4 de novembro de 2024 ocorreram 12 mortes, segundo a IGAS.","og_url":"https:\/\/portaltela.pt\/noticias\/2026\/03\/05\/diretor-executivo-do-sns-afirma-que-o-inem-funciona-melhor-hoje\/","og_site_name":"Portal Tela Portugal","article_published_time":"2026-03-05T19:22:00+00:00","author":"Telinha","twitter_card":"summary_large_image","twitter_misc":{"Escrito por":"Telinha","Tempo estimado de leitura":"1 minuto"},"schema":{"@context":"https:\/\/schema.org","@graph":[{"@type":"Article","@id":"https:\/\/portaltela.pt\/noticias\/2026\/03\/05\/diretor-executivo-do-sns-afirma-que-o-inem-funciona-melhor-hoje\/#article","isPartOf":{"@id":"https:\/\/portaltela.pt\/noticias\/2026\/03\/05\/diretor-executivo-do-sns-afirma-que-o-inem-funciona-melhor-hoje\/"},"author":{"name":"Telinha","@id":"https:\/\/portaltela.pt\/#\/schema\/person\/c4278d4a6028830caff9ee44b42d32ed"},"headline":"Diretor executivo do SNS afirma que o INEM funciona melhor hoje","datePublished":"2026-03-05T19:22:00+00:00","mainEntityOfPage":{"@id":"https:\/\/portaltela.pt\/noticias\/2026\/03\/05\/diretor-executivo-do-sns-afirma-que-o-inem-funciona-melhor-hoje\/"},"wordCount":296,"image":{"@id":"https:\/\/portaltela.pt\/noticias\/2026\/03\/05\/diretor-executivo-do-sns-afirma-que-o-inem-funciona-melhor-hoje\/#primaryimage"},"thumbnailUrl":"https:\/\/portaltela.pt\/s.01k8rhncp4jt1\/2026\/03\/image-332.jpg","keywords":["emerg\u00eancia pr\u00e9-hospitalar","finan\u00e7as p\u00fablicas","greve","IGAS","INEM","SNS"],"articleSection":["Not\u00edcias","Pol\u00edtica"],"inLanguage":"pt-PT"},{"@type":"WebPage","@id":"https:\/\/portaltela.pt\/noticias\/2026\/03\/05\/diretor-executivo-do-sns-afirma-que-o-inem-funciona-melhor-hoje\/","url":"https:\/\/portaltela.pt\/noticias\/2026\/03\/05\/diretor-executivo-do-sns-afirma-que-o-inem-funciona-melhor-hoje\/","name":"Diretor executivo do SNS afirma que o INEM funciona melhor hoje - Portal Tela Portugal","isPartOf":{"@id":"https:\/\/portaltela.pt\/#website"},"primaryImageOfPage":{"@id":"https:\/\/portaltela.pt\/noticias\/2026\/03\/05\/diretor-executivo-do-sns-afirma-que-o-inem-funciona-melhor-hoje\/#primaryimage"},"image":{"@id":"https:\/\/portaltela.pt\/noticias\/2026\/03\/05\/diretor-executivo-do-sns-afirma-que-o-inem-funciona-melhor-hoje\/#primaryimage"},"thumbnailUrl":"https:\/\/portaltela.pt\/s.01k8rhncp4jt1\/2026\/03\/image-332.jpg","datePublished":"2026-03-05T19:22:00+00:00","author":{"@id":"https:\/\/portaltela.pt\/#\/schema\/person\/c4278d4a6028830caff9ee44b42d32ed"},"breadcrumb":{"@id":"https:\/\/portaltela.pt\/noticias\/2026\/03\/05\/diretor-executivo-do-sns-afirma-que-o-inem-funciona-melhor-hoje\/#breadcrumb"},"inLanguage":"pt-PT","potentialAction":[{"@type":"ReadAction","target":["https:\/\/portaltela.pt\/noticias\/2026\/03\/05\/diretor-executivo-do-sns-afirma-que-o-inem-funciona-melhor-hoje\/"]}]},{"@type":"ImageObject","inLanguage":"pt-PT","@id":"https:\/\/portaltela.pt\/noticias\/2026\/03\/05\/diretor-executivo-do-sns-afirma-que-o-inem-funciona-melhor-hoje\/#primaryimage","url":"https:\/\/portaltela.pt\/s.01k8rhncp4jt1\/2026\/03\/image-332.jpg","contentUrl":"https:\/\/portaltela.pt\/s.01k8rhncp4jt1\/2026\/03\/image-332.jpg","width":796,"height":448,"caption":"\u00c1lvaro Almeida, diretor executivo do Servi\u00e7o Nacional de Sa\u00fade (SNS)"},{"@type":"BreadcrumbList","@id":"https:\/\/portaltela.pt\/noticias\/2026\/03\/05\/diretor-executivo-do-sns-afirma-que-o-inem-funciona-melhor-hoje\/#breadcrumb","itemListElement":[{"@type":"ListItem","position":1,"name":"In\u00edcio","item":"https:\/\/portaltela.pt\/"},{"@type":"ListItem","position":2,"name":"Diretor executivo do SNS afirma que o INEM funciona melhor hoje"}]},{"@type":"WebSite","@id":"https:\/\/portaltela.pt\/#website","url":"https:\/\/portaltela.pt\/","name":"Portal Tela Portugal","description":"","potentialAction":[{"@type":"SearchAction","target":{"@type":"EntryPoint","urlTemplate":"https:\/\/portaltela.pt\/?s={search_term_string}"},"query-input":{"@type":"PropertyValueSpecification","valueRequired":true,"valueName":"search_term_string"}}],"inLanguage":"pt-PT"},{"@type":"Person","@id":"https:\/\/portaltela.pt\/#\/schema\/person\/c4278d4a6028830caff9ee44b42d32ed","name":"Telinha","image":{"@type":"ImageObject","inLanguage":"pt-PT","@id":"https:\/\/portaltela.pt\/s.01k8rhncp4jt1\/2025\/11\/talking-bot-125x125.png","url":"https:\/\/portaltela.pt\/s.01k8rhncp4jt1\/2025\/11\/talking-bot-125x125.png","contentUrl":"https:\/\/portaltela.pt\/s.01k8rhncp4jt1\/2025\/11\/talking-bot-125x125.png","caption":"Telinha"},"sameAs":["https:\/\/portaltela.pt\/"],"url":"https:\/\/portaltela.pt\/por\/367410592786\/"}]}},"_links":{"self":[{"href":"https:\/\/portaltela.pt\/api\/wp\/v2\/posts\/399178","targetHints":{"allow":["GET"]}}],"collection":[{"href":"https:\/\/portaltela.pt\/api\/wp\/v2\/posts"}],"about":[{"href":"https:\/\/portaltela.pt\/api\/wp\/v2\/types\/post"}],"author":[{"embeddable":true,"href":"https:\/\/portaltela.pt\/api\/wp\/v2\/users\/2"}],"replies":[{"embeddable":true,"href":"https:\/\/portaltela.pt\/api\/wp\/v2\/comments?post=399178"}],"version-history":[{"count":0,"href":"https:\/\/portaltela.pt\/api\/wp\/v2\/posts\/399178\/revisions"}],"wp:featuredmedia":[{"embeddable":true,"href":"https:\/\/portaltela.pt\/api\/wp\/v2\/media\/399180"}],"wp:attachment":[{"href":"https:\/\/portaltela.pt\/api\/wp\/v2\/media?parent=399178"}],"wp:term":[{"taxonomy":"category","embeddable":true,"href":"https:\/\/portaltela.pt\/api\/wp\/v2\/categories?post=399178"},{"taxonomy":"post_tag","embeddable":true,"href":"https:\/\/portaltela.pt\/api\/wp\/v2\/tags?post=399178"}],"curies":[{"name":"wp","href":"https:\/\/api.w.org\/{rel}","templated":true}]}}