{"id":399172,"date":"2026-03-05T16:18:01","date_gmt":"2026-03-05T19:18:01","guid":{"rendered":"https:\/\/portaltela.pt\/noticias\/2026\/03\/05\/telma-monteiro-e-margarida-silva-debatem-mediatismo-feminino-no-desporto\/"},"modified":"2026-03-05T16:18:01","modified_gmt":"2026-03-05T19:18:01","slug":"telma-monteiro-e-margarida-silva-debatem-mediatismo-feminino-no-desporto","status":"publish","type":"post","link":"https:\/\/portaltela.pt\/desporto\/futebol\/2026\/03\/05\/telma-monteiro-e-margarida-silva-debatem-mediatismo-feminino-no-desporto\/","title":{"rendered":"Telma Monteiro e Margarida Silva debatem mediatismo feminino no desporto"},"content":{"rendered":"<p>Telma Monteiro e Margarida Silva participaram num evento do Comit\u00e9 Ol\u00edmpico de Portugal (COP), em Lisboa, para celebrar o Dia Internacional das Mulheres. A ideia foi debater a menor visibilidade medi\u00e1tica das atletas femininas e o impacto no desporto. O COP apresentou um estudo sobre o tema.<\/p>\n<p>A mesa-redonda contou com as duas atletas, que partilharam experi\u00eancias sobre o reconhecimento p\u00fablico e a dificuldade de conseguir patroc\u00ednios, em compara\u00e7\u00e3o com atletas masculinos. Valorizou-se a import\u00e2ncia de contratos mais justos e de maior investimento.<\/p>\n<p>Telma Monteiro, ex-judoca ol\u00edmpica, destacou o papel das hip\u00f3teses de visibilidade criado pelo futebol feminino e a necessidade de investimento para manter a progress\u00e3o medi\u00e1tica. A atleta mencionou ainda a import\u00e2ncia da refer\u00eancia para jovens.<\/p>\n<p>Margarida Silva, atleta surdol\u00edmpica, lembrou as barreiras de ser mulher e representar o desporto adaptado. Referiu que a visibilidade em eventos de quadros governamentais pode n\u00e3o ser suficiente para explorar todo o potencial de patroc\u00ednios.<\/p>\n<p>Durante o evento foi apresentado o estudo sobre a representa\u00e7\u00e3o das atletas femininas no jornalismo desportivo. O presidente do COP, Fernando Gomes, afirmou que o trabalho revela lacunas e indica caminhos para narrativas e pr\u00e1ticas mais justas.<\/p>\n<p>Diana Gomes, primeira secret\u00e1ria-geral do COP, pediu que o desporto continue a abrir caminhos para o m\u00e9rito, sem deixar que nenhuma atleta se sinta isolada no espa\u00e7o que lhe pertence. O objetivo \u00e9 manter o desporto como espa\u00e7o de inclus\u00e3o.<\/p>\n<p>Pedro Dias, secret\u00e1rio de Estado do Desporto, mencionou medidas para promover a igualdade de g\u00e9nero e apontou quest\u00f5es sem\u00e2nticas que dificultam a cobertura medi\u00e1tica. Questionou por que \u00e9 comum referir modalidades como masculinas sem rotul\u00e1-las, ao falar de feminino.<\/p>\n","protected":false},"excerpt":{"rendered":"<ul>\n<li>Telma Monteiro e Margarida Silva debateram, no Comit\u00e9 Ol\u00edmpico de Portugal, a menor visibilidade das mulheres no desporto, em Lisboa, para o Dia Internacional das Mulheres.<\/li>\n<li>O COP apresentou um estudo sobre a representa\u00e7\u00e3o feminina no jornalismo desportivo e organizou uma mesa-redonda com as atletas.<\/li>\n<li>Telma Monteiro disse que as vit\u00f3rias femininas nem sempre s\u00e3o celebradas com a mesma intensidade que as dos homens e relacionou isso com patroc\u00ednios.<\/li>\n<li>Margarida Silva destacou que, apesar de conquistas, a visibilidade \u00e9 intermitente e que o desporto adaptado tamb\u00e9m enfrenta barreiras de explora\u00e7\u00e3o medi\u00e1tica.<\/li>\n<li>Autoridades presentes defendem a\u00e7\u00f5es para promover o m\u00e9rito feminino no desporto e apontaram barreiras sem\u00e2nticas na cobertura medi\u00e1tica, prometendo transformar as conclus\u00f5es em resultados.<\/li>\n<\/ul>\n","protected":false},"author":2,"featured_media":399177,"comment_status":"closed","ping_status":"closed","sticky":false,"template":"","format":"standard","meta":{"footnotes":""},"categories":[21,24],"tags":[152,635,1242,3027,2701,2783],"class_list":["post-399172","post","type-post","status-publish","format-standard","has-post-thumbnail","hentry","category-desporto","category-futebol","tag-desporto","tag-desporto-adaptado","tag-feminino","tag-igualdade-de-genero-desafios-na-atualidade","tag-mulheres","tag-patrocinio"],"yoast_head":"<!-- This site is optimized with the Yoast SEO plugin v27.2 - https:\/\/yoast.com\/product\/yoast-seo-wordpress\/ -->\n<title>Telma Monteiro e Margarida Silva debatem mediatismo feminino no desporto - Portal Tela Portugal<\/title>\n<meta name=\"robots\" content=\"index, follow, max-snippet:-1, max-image-preview:large, max-video-preview:-1\" \/>\n<meta property=\"og:locale\" content=\"pt_PT\" \/>\n<meta property=\"og:type\" content=\"article\" \/>\n<meta property=\"og:title\" content=\"Telma Monteiro e Margarida Silva debatem mediatismo feminino no desporto - Portal Tela Portugal\" \/>\n<meta property=\"og:description\" content=\"Telma Monteiro e Margarida Silva debateram, no Comit\u00e9 Ol\u00edmpico de Portugal, a menor visibilidade das mulheres no desporto, em Lisboa, para o Dia Internacional das Mulheres. O COP apresentou um estudo sobre a representa\u00e7\u00e3o feminina no jornalismo desportivo e organizou uma mesa-redonda com as atletas. Telma Monteiro disse que as vit\u00f3rias femininas nem sempre s\u00e3o celebradas com a mesma intensidade que as dos homens e relacionou isso com patroc\u00ednios. Margarida Silva destacou que, apesar de conquistas, a visibilidade \u00e9 intermitente e que o desporto adaptado tamb\u00e9m enfrenta barreiras de explora\u00e7\u00e3o medi\u00e1tica. Autoridades presentes defendem a\u00e7\u00f5es para promover o m\u00e9rito feminino no desporto e apontaram barreiras sem\u00e2nticas na cobertura medi\u00e1tica, prometendo transformar as conclus\u00f5es em resultados.\" \/>\n<meta property=\"og:url\" content=\"https:\/\/portaltela.pt\/noticias\/2026\/03\/05\/telma-monteiro-e-margarida-silva-debatem-mediatismo-feminino-no-desporto\/\" \/>\n<meta property=\"og:site_name\" content=\"Portal Tela Portugal\" \/>\n<meta property=\"article:published_time\" content=\"2026-03-05T19:18:01+00:00\" \/>\n<meta name=\"author\" content=\"Telinha\" \/>\n<meta name=\"twitter:card\" content=\"summary_large_image\" \/>\n<meta name=\"twitter:label1\" content=\"Escrito por\" \/>\n\t<meta name=\"twitter:data1\" content=\"Telinha\" \/>\n\t<meta name=\"twitter:label2\" content=\"Tempo estimado de leitura\" \/>\n\t<meta name=\"twitter:data2\" content=\"1 minuto\" \/>\n<script type=\"application\/ld+json\" class=\"yoast-schema-graph\">{\"@context\":\"https:\/\/schema.org\",\"@graph\":[{\"@type\":\"Article\",\"@id\":\"https:\/\/portaltela.pt\/noticias\/2026\/03\/05\/telma-monteiro-e-margarida-silva-debatem-mediatismo-feminino-no-desporto\/#article\",\"isPartOf\":{\"@id\":\"https:\/\/portaltela.pt\/noticias\/2026\/03\/05\/telma-monteiro-e-margarida-silva-debatem-mediatismo-feminino-no-desporto\/\"},\"author\":{\"name\":\"Telinha\",\"@id\":\"https:\/\/portaltela.pt\/#\/schema\/person\/c4278d4a6028830caff9ee44b42d32ed\"},\"headline\":\"Telma Monteiro e Margarida Silva debatem mediatismo feminino no desporto\",\"datePublished\":\"2026-03-05T19:18:01+00:00\",\"mainEntityOfPage\":{\"@id\":\"https:\/\/portaltela.pt\/noticias\/2026\/03\/05\/telma-monteiro-e-margarida-silva-debatem-mediatismo-feminino-no-desporto\/\"},\"wordCount\":306,\"image\":{\"@id\":\"https:\/\/portaltela.pt\/noticias\/2026\/03\/05\/telma-monteiro-e-margarida-silva-debatem-mediatismo-feminino-no-desporto\/#primaryimage\"},\"thumbnailUrl\":\"https:\/\/portaltela.pt\/s.01k8rhncp4jt1\/2026\/03\/img_920x518uu2026-03-05-19-17-17-2425145.jpg\",\"keywords\":[\"desporto\",\"desporto adaptado\",\"feminino\",\"Igualdade de G\u00e9nero \u2013 Desafios na Atualidade\",\"Mulheres\",\"patroc\u00ednio\"],\"articleSection\":[\"Desporto\",\"Futebol\"],\"inLanguage\":\"pt-PT\"},{\"@type\":\"WebPage\",\"@id\":\"https:\/\/portaltela.pt\/noticias\/2026\/03\/05\/telma-monteiro-e-margarida-silva-debatem-mediatismo-feminino-no-desporto\/\",\"url\":\"https:\/\/portaltela.pt\/noticias\/2026\/03\/05\/telma-monteiro-e-margarida-silva-debatem-mediatismo-feminino-no-desporto\/\",\"name\":\"Telma Monteiro e Margarida Silva debatem mediatismo feminino no desporto - Portal Tela Portugal\",\"isPartOf\":{\"@id\":\"https:\/\/portaltela.pt\/#website\"},\"primaryImageOfPage\":{\"@id\":\"https:\/\/portaltela.pt\/noticias\/2026\/03\/05\/telma-monteiro-e-margarida-silva-debatem-mediatismo-feminino-no-desporto\/#primaryimage\"},\"image\":{\"@id\":\"https:\/\/portaltela.pt\/noticias\/2026\/03\/05\/telma-monteiro-e-margarida-silva-debatem-mediatismo-feminino-no-desporto\/#primaryimage\"},\"thumbnailUrl\":\"https:\/\/portaltela.pt\/s.01k8rhncp4jt1\/2026\/03\/img_920x518uu2026-03-05-19-17-17-2425145.jpg\",\"datePublished\":\"2026-03-05T19:18:01+00:00\",\"author\":{\"@id\":\"https:\/\/portaltela.pt\/#\/schema\/person\/c4278d4a6028830caff9ee44b42d32ed\"},\"breadcrumb\":{\"@id\":\"https:\/\/portaltela.pt\/noticias\/2026\/03\/05\/telma-monteiro-e-margarida-silva-debatem-mediatismo-feminino-no-desporto\/#breadcrumb\"},\"inLanguage\":\"pt-PT\",\"potentialAction\":[{\"@type\":\"ReadAction\",\"target\":[\"https:\/\/portaltela.pt\/noticias\/2026\/03\/05\/telma-monteiro-e-margarida-silva-debatem-mediatismo-feminino-no-desporto\/\"]}]},{\"@type\":\"ImageObject\",\"inLanguage\":\"pt-PT\",\"@id\":\"https:\/\/portaltela.pt\/noticias\/2026\/03\/05\/telma-monteiro-e-margarida-silva-debatem-mediatismo-feminino-no-desporto\/#primaryimage\",\"url\":\"https:\/\/portaltela.pt\/s.01k8rhncp4jt1\/2026\/03\/img_920x518uu2026-03-05-19-17-17-2425145.jpg\",\"contentUrl\":\"https:\/\/portaltela.pt\/s.01k8rhncp4jt1\/2026\/03\/img_920x518uu2026-03-05-19-17-17-2425145.jpg\",\"width\":796,\"height\":448,\"caption\":\"Telma Monteiro e Margarida Silva assinalaram Dia da Mulher\"},{\"@type\":\"BreadcrumbList\",\"@id\":\"https:\/\/portaltela.pt\/noticias\/2026\/03\/05\/telma-monteiro-e-margarida-silva-debatem-mediatismo-feminino-no-desporto\/#breadcrumb\",\"itemListElement\":[{\"@type\":\"ListItem\",\"position\":1,\"name\":\"In\u00edcio\",\"item\":\"https:\/\/portaltela.pt\/\"},{\"@type\":\"ListItem\",\"position\":2,\"name\":\"Telma Monteiro e Margarida Silva debatem mediatismo feminino no desporto\"}]},{\"@type\":\"WebSite\",\"@id\":\"https:\/\/portaltela.pt\/#website\",\"url\":\"https:\/\/portaltela.pt\/\",\"name\":\"Portal Tela Portugal\",\"description\":\"\",\"potentialAction\":[{\"@type\":\"SearchAction\",\"target\":{\"@type\":\"EntryPoint\",\"urlTemplate\":\"https:\/\/portaltela.pt\/?s={search_term_string}\"},\"query-input\":{\"@type\":\"PropertyValueSpecification\",\"valueRequired\":true,\"valueName\":\"search_term_string\"}}],\"inLanguage\":\"pt-PT\"},{\"@type\":\"Person\",\"@id\":\"https:\/\/portaltela.pt\/#\/schema\/person\/c4278d4a6028830caff9ee44b42d32ed\",\"name\":\"Telinha\",\"image\":{\"@type\":\"ImageObject\",\"inLanguage\":\"pt-PT\",\"@id\":\"https:\/\/portaltela.pt\/s.01k8rhncp4jt1\/2025\/11\/talking-bot-125x125.png\",\"url\":\"https:\/\/portaltela.pt\/s.01k8rhncp4jt1\/2025\/11\/talking-bot-125x125.png\",\"contentUrl\":\"https:\/\/portaltela.pt\/s.01k8rhncp4jt1\/2025\/11\/talking-bot-125x125.png\",\"caption\":\"Telinha\"},\"sameAs\":[\"https:\/\/portaltela.pt\/\"],\"url\":\"https:\/\/portaltela.pt\/por\/367410592786\/\"}]}<\/script>\n<!-- \/ Yoast SEO plugin. -->","yoast_head_json":{"title":"Telma Monteiro e Margarida Silva debatem mediatismo feminino no desporto - Portal Tela Portugal","robots":{"index":"index","follow":"follow","max-snippet":"max-snippet:-1","max-image-preview":"max-image-preview:large","max-video-preview":"max-video-preview:-1"},"og_locale":"pt_PT","og_type":"article","og_title":"Telma Monteiro e Margarida Silva debatem mediatismo feminino no desporto - Portal Tela Portugal","og_description":"Telma Monteiro e Margarida Silva debateram, no Comit\u00e9 Ol\u00edmpico de Portugal, a menor visibilidade das mulheres no desporto, em Lisboa, para o Dia Internacional das Mulheres. O COP apresentou um estudo sobre a representa\u00e7\u00e3o feminina no jornalismo desportivo e organizou uma mesa-redonda com as atletas. Telma Monteiro disse que as vit\u00f3rias femininas nem sempre s\u00e3o celebradas com a mesma intensidade que as dos homens e relacionou isso com patroc\u00ednios. Margarida Silva destacou que, apesar de conquistas, a visibilidade \u00e9 intermitente e que o desporto adaptado tamb\u00e9m enfrenta barreiras de explora\u00e7\u00e3o medi\u00e1tica. Autoridades presentes defendem a\u00e7\u00f5es para promover o m\u00e9rito feminino no desporto e apontaram barreiras sem\u00e2nticas na cobertura medi\u00e1tica, prometendo transformar as conclus\u00f5es em resultados.","og_url":"https:\/\/portaltela.pt\/noticias\/2026\/03\/05\/telma-monteiro-e-margarida-silva-debatem-mediatismo-feminino-no-desporto\/","og_site_name":"Portal Tela Portugal","article_published_time":"2026-03-05T19:18:01+00:00","author":"Telinha","twitter_card":"summary_large_image","twitter_misc":{"Escrito por":"Telinha","Tempo estimado de leitura":"1 minuto"},"schema":{"@context":"https:\/\/schema.org","@graph":[{"@type":"Article","@id":"https:\/\/portaltela.pt\/noticias\/2026\/03\/05\/telma-monteiro-e-margarida-silva-debatem-mediatismo-feminino-no-desporto\/#article","isPartOf":{"@id":"https:\/\/portaltela.pt\/noticias\/2026\/03\/05\/telma-monteiro-e-margarida-silva-debatem-mediatismo-feminino-no-desporto\/"},"author":{"name":"Telinha","@id":"https:\/\/portaltela.pt\/#\/schema\/person\/c4278d4a6028830caff9ee44b42d32ed"},"headline":"Telma Monteiro e Margarida Silva debatem mediatismo feminino no desporto","datePublished":"2026-03-05T19:18:01+00:00","mainEntityOfPage":{"@id":"https:\/\/portaltela.pt\/noticias\/2026\/03\/05\/telma-monteiro-e-margarida-silva-debatem-mediatismo-feminino-no-desporto\/"},"wordCount":306,"image":{"@id":"https:\/\/portaltela.pt\/noticias\/2026\/03\/05\/telma-monteiro-e-margarida-silva-debatem-mediatismo-feminino-no-desporto\/#primaryimage"},"thumbnailUrl":"https:\/\/portaltela.pt\/s.01k8rhncp4jt1\/2026\/03\/img_920x518uu2026-03-05-19-17-17-2425145.jpg","keywords":["desporto","desporto adaptado","feminino","Igualdade de G\u00e9nero \u2013 Desafios na Atualidade","Mulheres","patroc\u00ednio"],"articleSection":["Desporto","Futebol"],"inLanguage":"pt-PT"},{"@type":"WebPage","@id":"https:\/\/portaltela.pt\/noticias\/2026\/03\/05\/telma-monteiro-e-margarida-silva-debatem-mediatismo-feminino-no-desporto\/","url":"https:\/\/portaltela.pt\/noticias\/2026\/03\/05\/telma-monteiro-e-margarida-silva-debatem-mediatismo-feminino-no-desporto\/","name":"Telma Monteiro e Margarida Silva debatem mediatismo feminino no desporto - Portal Tela Portugal","isPartOf":{"@id":"https:\/\/portaltela.pt\/#website"},"primaryImageOfPage":{"@id":"https:\/\/portaltela.pt\/noticias\/2026\/03\/05\/telma-monteiro-e-margarida-silva-debatem-mediatismo-feminino-no-desporto\/#primaryimage"},"image":{"@id":"https:\/\/portaltela.pt\/noticias\/2026\/03\/05\/telma-monteiro-e-margarida-silva-debatem-mediatismo-feminino-no-desporto\/#primaryimage"},"thumbnailUrl":"https:\/\/portaltela.pt\/s.01k8rhncp4jt1\/2026\/03\/img_920x518uu2026-03-05-19-17-17-2425145.jpg","datePublished":"2026-03-05T19:18:01+00:00","author":{"@id":"https:\/\/portaltela.pt\/#\/schema\/person\/c4278d4a6028830caff9ee44b42d32ed"},"breadcrumb":{"@id":"https:\/\/portaltela.pt\/noticias\/2026\/03\/05\/telma-monteiro-e-margarida-silva-debatem-mediatismo-feminino-no-desporto\/#breadcrumb"},"inLanguage":"pt-PT","potentialAction":[{"@type":"ReadAction","target":["https:\/\/portaltela.pt\/noticias\/2026\/03\/05\/telma-monteiro-e-margarida-silva-debatem-mediatismo-feminino-no-desporto\/"]}]},{"@type":"ImageObject","inLanguage":"pt-PT","@id":"https:\/\/portaltela.pt\/noticias\/2026\/03\/05\/telma-monteiro-e-margarida-silva-debatem-mediatismo-feminino-no-desporto\/#primaryimage","url":"https:\/\/portaltela.pt\/s.01k8rhncp4jt1\/2026\/03\/img_920x518uu2026-03-05-19-17-17-2425145.jpg","contentUrl":"https:\/\/portaltela.pt\/s.01k8rhncp4jt1\/2026\/03\/img_920x518uu2026-03-05-19-17-17-2425145.jpg","width":796,"height":448,"caption":"Telma Monteiro e Margarida Silva assinalaram Dia da Mulher"},{"@type":"BreadcrumbList","@id":"https:\/\/portaltela.pt\/noticias\/2026\/03\/05\/telma-monteiro-e-margarida-silva-debatem-mediatismo-feminino-no-desporto\/#breadcrumb","itemListElement":[{"@type":"ListItem","position":1,"name":"In\u00edcio","item":"https:\/\/portaltela.pt\/"},{"@type":"ListItem","position":2,"name":"Telma Monteiro e Margarida Silva debatem mediatismo feminino no desporto"}]},{"@type":"WebSite","@id":"https:\/\/portaltela.pt\/#website","url":"https:\/\/portaltela.pt\/","name":"Portal Tela Portugal","description":"","potentialAction":[{"@type":"SearchAction","target":{"@type":"EntryPoint","urlTemplate":"https:\/\/portaltela.pt\/?s={search_term_string}"},"query-input":{"@type":"PropertyValueSpecification","valueRequired":true,"valueName":"search_term_string"}}],"inLanguage":"pt-PT"},{"@type":"Person","@id":"https:\/\/portaltela.pt\/#\/schema\/person\/c4278d4a6028830caff9ee44b42d32ed","name":"Telinha","image":{"@type":"ImageObject","inLanguage":"pt-PT","@id":"https:\/\/portaltela.pt\/s.01k8rhncp4jt1\/2025\/11\/talking-bot-125x125.png","url":"https:\/\/portaltela.pt\/s.01k8rhncp4jt1\/2025\/11\/talking-bot-125x125.png","contentUrl":"https:\/\/portaltela.pt\/s.01k8rhncp4jt1\/2025\/11\/talking-bot-125x125.png","caption":"Telinha"},"sameAs":["https:\/\/portaltela.pt\/"],"url":"https:\/\/portaltela.pt\/por\/367410592786\/"}]}},"_links":{"self":[{"href":"https:\/\/portaltela.pt\/api\/wp\/v2\/posts\/399172","targetHints":{"allow":["GET"]}}],"collection":[{"href":"https:\/\/portaltela.pt\/api\/wp\/v2\/posts"}],"about":[{"href":"https:\/\/portaltela.pt\/api\/wp\/v2\/types\/post"}],"author":[{"embeddable":true,"href":"https:\/\/portaltela.pt\/api\/wp\/v2\/users\/2"}],"replies":[{"embeddable":true,"href":"https:\/\/portaltela.pt\/api\/wp\/v2\/comments?post=399172"}],"version-history":[{"count":0,"href":"https:\/\/portaltela.pt\/api\/wp\/v2\/posts\/399172\/revisions"}],"wp:featuredmedia":[{"embeddable":true,"href":"https:\/\/portaltela.pt\/api\/wp\/v2\/media\/399177"}],"wp:attachment":[{"href":"https:\/\/portaltela.pt\/api\/wp\/v2\/media?parent=399172"}],"wp:term":[{"taxonomy":"category","embeddable":true,"href":"https:\/\/portaltela.pt\/api\/wp\/v2\/categories?post=399172"},{"taxonomy":"post_tag","embeddable":true,"href":"https:\/\/portaltela.pt\/api\/wp\/v2\/tags?post=399172"}],"curies":[{"name":"wp","href":"https:\/\/api.w.org\/{rel}","templated":true}]}}