{"id":399152,"date":"2026-03-05T16:00:00","date_gmt":"2026-03-05T19:00:00","guid":{"rendered":"https:\/\/portaltela.pt\/noticias\/2026\/03\/05\/morte-de-antonio-lobo-antunes-em-60-segundos\/"},"modified":"2026-03-05T16:00:00","modified_gmt":"2026-03-05T19:00:00","slug":"morte-de-antonio-lobo-antunes-em-60-segundos","status":"publish","type":"post","link":"https:\/\/portaltela.pt\/noticias\/internacional\/2026\/03\/05\/morte-de-antonio-lobo-antunes-em-60-segundos\/","title":{"rendered":"Morte de Ant\u00f3nio Lobo Antunes em 60 segundos"},"content":{"rendered":"<p>O escritor <strong>Ant\u00f3nio Lobo Antunes<\/strong> faleceu. O \u00f3bito ocorreu em 5 de mar\u00e7o de 2026, \u00e0s 19:00. O local n\u00e3o foi divulgado e n\u00e3o h\u00e1 informa\u00e7\u00f5es oficiais sobre as causas.<\/p>\n<p>Este item insere-se num briefing de 60 segundos sobre temas atuais, incluindo a not\u00edcia da morte do autor e outras informa\u00e7\u00f5es relevantes do dia.<\/p>\n<p>At\u00e9 ao momento, n\u00e3o foram divulgados mais detalhes p\u00fablicos sobre as circunst\u00e2ncias do falecimento nem confirma\u00e7\u00f5es oficiais adicionais.<\/p>\n","protected":false},"excerpt":{"rendered":"<ul>\n<li>O texto aborda a morte do escritor Ant\u00f3nio Lobo Antunes.<\/li>\n<li>O tema \u00e9 apresentado num formato de quarenta segundos para leitura r\u00e1pida de 60 segundos.<\/li>\n<li>Publicado a 5 de mar\u00e7o de 2026, \u00e0s 19:00.<\/li>\n<li>O t\u00edtulo \u00e9 \u201cA morte do escritor Ant\u00f3nio Lobo Antunes e outros temas em 60 segundos\u201d.<\/li>\n<li>O conte\u00fado inclui igualmente outros temas apresentados dentro do mesmo formato breve.<\/li>\n<\/ul>\n","protected":false},"author":2,"featured_media":399153,"comment_status":"closed","ping_status":"closed","sticky":false,"template":"","format":"standard","meta":{"footnotes":""},"categories":[4,1],"tags":[6654,5200,130,3030,1014],"class_list":["post-399152","post","type-post","status-publish","format-standard","has-post-thumbnail","hentry","category-internacional","category-noticias","tag-escritores","tag-literatura-comparada","tag-livros","tag-memoria-literaria","tag-portugal"],"yoast_head":"<!-- This site is optimized with the Yoast SEO plugin v27.2 - https:\/\/yoast.com\/product\/yoast-seo-wordpress\/ -->\n<title>Morte de Ant\u00f3nio Lobo Antunes em 60 segundos - Portal Tela Portugal<\/title>\n<meta name=\"robots\" content=\"index, follow, max-snippet:-1, max-image-preview:large, max-video-preview:-1\" \/>\n<meta property=\"og:locale\" content=\"pt_PT\" \/>\n<meta property=\"og:type\" content=\"article\" \/>\n<meta property=\"og:title\" content=\"Morte de Ant\u00f3nio Lobo Antunes em 60 segundos - Portal Tela Portugal\" \/>\n<meta property=\"og:description\" content=\"O texto aborda a morte do escritor Ant\u00f3nio Lobo Antunes. O tema \u00e9 apresentado num formato de quarenta segundos para leitura r\u00e1pida de 60 segundos. Publicado a 5 de mar\u00e7o de 2026, \u00e0s 19:00. O t\u00edtulo \u00e9 \u201cA morte do escritor Ant\u00f3nio Lobo Antunes e outros temas em 60 segundos\u201d. O conte\u00fado inclui igualmente outros temas apresentados dentro do mesmo formato breve.\" \/>\n<meta property=\"og:url\" content=\"https:\/\/portaltela.pt\/noticias\/2026\/03\/05\/morte-de-antonio-lobo-antunes-em-60-segundos\/\" \/>\n<meta property=\"og:site_name\" content=\"Portal Tela Portugal\" \/>\n<meta property=\"article:published_time\" content=\"2026-03-05T19:00:00+00:00\" \/>\n<meta name=\"author\" content=\"Telinha\" \/>\n<meta name=\"twitter:card\" content=\"summary_large_image\" \/>\n<meta name=\"twitter:label1\" content=\"Escrito por\" \/>\n\t<meta name=\"twitter:data1\" content=\"Telinha\" \/>\n<script type=\"application\/ld+json\" class=\"yoast-schema-graph\">{\"@context\":\"https:\/\/schema.org\",\"@graph\":[{\"@type\":\"Article\",\"@id\":\"https:\/\/portaltela.pt\/noticias\/2026\/03\/05\/morte-de-antonio-lobo-antunes-em-60-segundos\/#article\",\"isPartOf\":{\"@id\":\"https:\/\/portaltela.pt\/noticias\/2026\/03\/05\/morte-de-antonio-lobo-antunes-em-60-segundos\/\"},\"author\":{\"name\":\"Telinha\",\"@id\":\"https:\/\/portaltela.pt\/#\/schema\/person\/c4278d4a6028830caff9ee44b42d32ed\"},\"headline\":\"Morte de Ant\u00f3nio Lobo Antunes em 60 segundos\",\"datePublished\":\"2026-03-05T19:00:00+00:00\",\"mainEntityOfPage\":{\"@id\":\"https:\/\/portaltela.pt\/noticias\/2026\/03\/05\/morte-de-antonio-lobo-antunes-em-60-segundos\/\"},\"wordCount\":87,\"image\":{\"@id\":\"https:\/\/portaltela.pt\/noticias\/2026\/03\/05\/morte-de-antonio-lobo-antunes-em-60-segundos\/#primaryimage\"},\"thumbnailUrl\":\"https:\/\/portaltela.pt\/s.01k8rhncp4jt1\/2026\/03\/09fc11a8-b7ed-44fc-8b87-4e47c71b4f06_1200x675.jpg\",\"keywords\":[\"escritores\",\"Literatura Comparada\",\"livros\",\"mem\u00f3ria liter\u00e1ria\",\"Portugal\"],\"articleSection\":[\"Internacional\",\"Not\u00edcias\"],\"inLanguage\":\"pt-PT\"},{\"@type\":\"WebPage\",\"@id\":\"https:\/\/portaltela.pt\/noticias\/2026\/03\/05\/morte-de-antonio-lobo-antunes-em-60-segundos\/\",\"url\":\"https:\/\/portaltela.pt\/noticias\/2026\/03\/05\/morte-de-antonio-lobo-antunes-em-60-segundos\/\",\"name\":\"Morte de Ant\u00f3nio Lobo Antunes em 60 segundos - Portal Tela Portugal\",\"isPartOf\":{\"@id\":\"https:\/\/portaltela.pt\/#website\"},\"primaryImageOfPage\":{\"@id\":\"https:\/\/portaltela.pt\/noticias\/2026\/03\/05\/morte-de-antonio-lobo-antunes-em-60-segundos\/#primaryimage\"},\"image\":{\"@id\":\"https:\/\/portaltela.pt\/noticias\/2026\/03\/05\/morte-de-antonio-lobo-antunes-em-60-segundos\/#primaryimage\"},\"thumbnailUrl\":\"https:\/\/portaltela.pt\/s.01k8rhncp4jt1\/2026\/03\/09fc11a8-b7ed-44fc-8b87-4e47c71b4f06_1200x675.jpg\",\"datePublished\":\"2026-03-05T19:00:00+00:00\",\"author\":{\"@id\":\"https:\/\/portaltela.pt\/#\/schema\/person\/c4278d4a6028830caff9ee44b42d32ed\"},\"breadcrumb\":{\"@id\":\"https:\/\/portaltela.pt\/noticias\/2026\/03\/05\/morte-de-antonio-lobo-antunes-em-60-segundos\/#breadcrumb\"},\"inLanguage\":\"pt-PT\",\"potentialAction\":[{\"@type\":\"ReadAction\",\"target\":[\"https:\/\/portaltela.pt\/noticias\/2026\/03\/05\/morte-de-antonio-lobo-antunes-em-60-segundos\/\"]}]},{\"@type\":\"ImageObject\",\"inLanguage\":\"pt-PT\",\"@id\":\"https:\/\/portaltela.pt\/noticias\/2026\/03\/05\/morte-de-antonio-lobo-antunes-em-60-segundos\/#primaryimage\",\"url\":\"https:\/\/portaltela.pt\/s.01k8rhncp4jt1\/2026\/03\/09fc11a8-b7ed-44fc-8b87-4e47c71b4f06_1200x675.jpg\",\"contentUrl\":\"https:\/\/portaltela.pt\/s.01k8rhncp4jt1\/2026\/03\/09fc11a8-b7ed-44fc-8b87-4e47c71b4f06_1200x675.jpg\",\"width\":796,\"height\":448,\"caption\":\"Photo\"},{\"@type\":\"BreadcrumbList\",\"@id\":\"https:\/\/portaltela.pt\/noticias\/2026\/03\/05\/morte-de-antonio-lobo-antunes-em-60-segundos\/#breadcrumb\",\"itemListElement\":[{\"@type\":\"ListItem\",\"position\":1,\"name\":\"In\u00edcio\",\"item\":\"https:\/\/portaltela.pt\/\"},{\"@type\":\"ListItem\",\"position\":2,\"name\":\"Morte de Ant\u00f3nio Lobo Antunes em 60 segundos\"}]},{\"@type\":\"WebSite\",\"@id\":\"https:\/\/portaltela.pt\/#website\",\"url\":\"https:\/\/portaltela.pt\/\",\"name\":\"Portal Tela Portugal\",\"description\":\"\",\"potentialAction\":[{\"@type\":\"SearchAction\",\"target\":{\"@type\":\"EntryPoint\",\"urlTemplate\":\"https:\/\/portaltela.pt\/?s={search_term_string}\"},\"query-input\":{\"@type\":\"PropertyValueSpecification\",\"valueRequired\":true,\"valueName\":\"search_term_string\"}}],\"inLanguage\":\"pt-PT\"},{\"@type\":\"Person\",\"@id\":\"https:\/\/portaltela.pt\/#\/schema\/person\/c4278d4a6028830caff9ee44b42d32ed\",\"name\":\"Telinha\",\"image\":{\"@type\":\"ImageObject\",\"inLanguage\":\"pt-PT\",\"@id\":\"https:\/\/portaltela.pt\/s.01k8rhncp4jt1\/2025\/11\/talking-bot-125x125.png\",\"url\":\"https:\/\/portaltela.pt\/s.01k8rhncp4jt1\/2025\/11\/talking-bot-125x125.png\",\"contentUrl\":\"https:\/\/portaltela.pt\/s.01k8rhncp4jt1\/2025\/11\/talking-bot-125x125.png\",\"caption\":\"Telinha\"},\"sameAs\":[\"https:\/\/portaltela.pt\/\"],\"url\":\"https:\/\/portaltela.pt\/por\/367410592786\/\"}]}<\/script>\n<!-- \/ Yoast SEO plugin. -->","yoast_head_json":{"title":"Morte de Ant\u00f3nio Lobo Antunes em 60 segundos - Portal Tela Portugal","robots":{"index":"index","follow":"follow","max-snippet":"max-snippet:-1","max-image-preview":"max-image-preview:large","max-video-preview":"max-video-preview:-1"},"og_locale":"pt_PT","og_type":"article","og_title":"Morte de Ant\u00f3nio Lobo Antunes em 60 segundos - Portal Tela Portugal","og_description":"O texto aborda a morte do escritor Ant\u00f3nio Lobo Antunes. O tema \u00e9 apresentado num formato de quarenta segundos para leitura r\u00e1pida de 60 segundos. Publicado a 5 de mar\u00e7o de 2026, \u00e0s 19:00. O t\u00edtulo \u00e9 \u201cA morte do escritor Ant\u00f3nio Lobo Antunes e outros temas em 60 segundos\u201d. O conte\u00fado inclui igualmente outros temas apresentados dentro do mesmo formato breve.","og_url":"https:\/\/portaltela.pt\/noticias\/2026\/03\/05\/morte-de-antonio-lobo-antunes-em-60-segundos\/","og_site_name":"Portal Tela Portugal","article_published_time":"2026-03-05T19:00:00+00:00","author":"Telinha","twitter_card":"summary_large_image","twitter_misc":{"Escrito por":"Telinha"},"schema":{"@context":"https:\/\/schema.org","@graph":[{"@type":"Article","@id":"https:\/\/portaltela.pt\/noticias\/2026\/03\/05\/morte-de-antonio-lobo-antunes-em-60-segundos\/#article","isPartOf":{"@id":"https:\/\/portaltela.pt\/noticias\/2026\/03\/05\/morte-de-antonio-lobo-antunes-em-60-segundos\/"},"author":{"name":"Telinha","@id":"https:\/\/portaltela.pt\/#\/schema\/person\/c4278d4a6028830caff9ee44b42d32ed"},"headline":"Morte de Ant\u00f3nio Lobo Antunes em 60 segundos","datePublished":"2026-03-05T19:00:00+00:00","mainEntityOfPage":{"@id":"https:\/\/portaltela.pt\/noticias\/2026\/03\/05\/morte-de-antonio-lobo-antunes-em-60-segundos\/"},"wordCount":87,"image":{"@id":"https:\/\/portaltela.pt\/noticias\/2026\/03\/05\/morte-de-antonio-lobo-antunes-em-60-segundos\/#primaryimage"},"thumbnailUrl":"https:\/\/portaltela.pt\/s.01k8rhncp4jt1\/2026\/03\/09fc11a8-b7ed-44fc-8b87-4e47c71b4f06_1200x675.jpg","keywords":["escritores","Literatura Comparada","livros","mem\u00f3ria liter\u00e1ria","Portugal"],"articleSection":["Internacional","Not\u00edcias"],"inLanguage":"pt-PT"},{"@type":"WebPage","@id":"https:\/\/portaltela.pt\/noticias\/2026\/03\/05\/morte-de-antonio-lobo-antunes-em-60-segundos\/","url":"https:\/\/portaltela.pt\/noticias\/2026\/03\/05\/morte-de-antonio-lobo-antunes-em-60-segundos\/","name":"Morte de Ant\u00f3nio Lobo Antunes em 60 segundos - Portal Tela Portugal","isPartOf":{"@id":"https:\/\/portaltela.pt\/#website"},"primaryImageOfPage":{"@id":"https:\/\/portaltela.pt\/noticias\/2026\/03\/05\/morte-de-antonio-lobo-antunes-em-60-segundos\/#primaryimage"},"image":{"@id":"https:\/\/portaltela.pt\/noticias\/2026\/03\/05\/morte-de-antonio-lobo-antunes-em-60-segundos\/#primaryimage"},"thumbnailUrl":"https:\/\/portaltela.pt\/s.01k8rhncp4jt1\/2026\/03\/09fc11a8-b7ed-44fc-8b87-4e47c71b4f06_1200x675.jpg","datePublished":"2026-03-05T19:00:00+00:00","author":{"@id":"https:\/\/portaltela.pt\/#\/schema\/person\/c4278d4a6028830caff9ee44b42d32ed"},"breadcrumb":{"@id":"https:\/\/portaltela.pt\/noticias\/2026\/03\/05\/morte-de-antonio-lobo-antunes-em-60-segundos\/#breadcrumb"},"inLanguage":"pt-PT","potentialAction":[{"@type":"ReadAction","target":["https:\/\/portaltela.pt\/noticias\/2026\/03\/05\/morte-de-antonio-lobo-antunes-em-60-segundos\/"]}]},{"@type":"ImageObject","inLanguage":"pt-PT","@id":"https:\/\/portaltela.pt\/noticias\/2026\/03\/05\/morte-de-antonio-lobo-antunes-em-60-segundos\/#primaryimage","url":"https:\/\/portaltela.pt\/s.01k8rhncp4jt1\/2026\/03\/09fc11a8-b7ed-44fc-8b87-4e47c71b4f06_1200x675.jpg","contentUrl":"https:\/\/portaltela.pt\/s.01k8rhncp4jt1\/2026\/03\/09fc11a8-b7ed-44fc-8b87-4e47c71b4f06_1200x675.jpg","width":796,"height":448,"caption":"Photo"},{"@type":"BreadcrumbList","@id":"https:\/\/portaltela.pt\/noticias\/2026\/03\/05\/morte-de-antonio-lobo-antunes-em-60-segundos\/#breadcrumb","itemListElement":[{"@type":"ListItem","position":1,"name":"In\u00edcio","item":"https:\/\/portaltela.pt\/"},{"@type":"ListItem","position":2,"name":"Morte de Ant\u00f3nio Lobo Antunes em 60 segundos"}]},{"@type":"WebSite","@id":"https:\/\/portaltela.pt\/#website","url":"https:\/\/portaltela.pt\/","name":"Portal Tela Portugal","description":"","potentialAction":[{"@type":"SearchAction","target":{"@type":"EntryPoint","urlTemplate":"https:\/\/portaltela.pt\/?s={search_term_string}"},"query-input":{"@type":"PropertyValueSpecification","valueRequired":true,"valueName":"search_term_string"}}],"inLanguage":"pt-PT"},{"@type":"Person","@id":"https:\/\/portaltela.pt\/#\/schema\/person\/c4278d4a6028830caff9ee44b42d32ed","name":"Telinha","image":{"@type":"ImageObject","inLanguage":"pt-PT","@id":"https:\/\/portaltela.pt\/s.01k8rhncp4jt1\/2025\/11\/talking-bot-125x125.png","url":"https:\/\/portaltela.pt\/s.01k8rhncp4jt1\/2025\/11\/talking-bot-125x125.png","contentUrl":"https:\/\/portaltela.pt\/s.01k8rhncp4jt1\/2025\/11\/talking-bot-125x125.png","caption":"Telinha"},"sameAs":["https:\/\/portaltela.pt\/"],"url":"https:\/\/portaltela.pt\/por\/367410592786\/"}]}},"_links":{"self":[{"href":"https:\/\/portaltela.pt\/api\/wp\/v2\/posts\/399152","targetHints":{"allow":["GET"]}}],"collection":[{"href":"https:\/\/portaltela.pt\/api\/wp\/v2\/posts"}],"about":[{"href":"https:\/\/portaltela.pt\/api\/wp\/v2\/types\/post"}],"author":[{"embeddable":true,"href":"https:\/\/portaltela.pt\/api\/wp\/v2\/users\/2"}],"replies":[{"embeddable":true,"href":"https:\/\/portaltela.pt\/api\/wp\/v2\/comments?post=399152"}],"version-history":[{"count":0,"href":"https:\/\/portaltela.pt\/api\/wp\/v2\/posts\/399152\/revisions"}],"wp:featuredmedia":[{"embeddable":true,"href":"https:\/\/portaltela.pt\/api\/wp\/v2\/media\/399153"}],"wp:attachment":[{"href":"https:\/\/portaltela.pt\/api\/wp\/v2\/media?parent=399152"}],"wp:term":[{"taxonomy":"category","embeddable":true,"href":"https:\/\/portaltela.pt\/api\/wp\/v2\/categories?post=399152"},{"taxonomy":"post_tag","embeddable":true,"href":"https:\/\/portaltela.pt\/api\/wp\/v2\/tags?post=399152"}],"curies":[{"name":"wp","href":"https:\/\/api.w.org\/{rel}","templated":true}]}}