{"id":399145,"date":"2026-03-05T16:01:00","date_gmt":"2026-03-05T19:01:00","guid":{"rendered":"https:\/\/portaltela.pt\/noticias\/2026\/03\/05\/pescadores-ameacam-parar-por-rejeicao-ao-diario-eletronico\/"},"modified":"2026-03-05T16:01:00","modified_gmt":"2026-03-05T19:01:00","slug":"pescadores-ameacam-parar-por-rejeicao-ao-diario-eletronico","status":"publish","type":"post","link":"https:\/\/portaltela.pt\/noticias\/politica\/2026\/03\/05\/pescadores-ameacam-parar-por-rejeicao-ao-diario-eletronico\/","title":{"rendered":"Pescadores amea\u00e7am parar por rejei\u00e7\u00e3o ao di\u00e1rio eletr\u00f3nico"},"content":{"rendered":"<p>Pescadores do Norte do pa\u00eds anunciaram uma marcha para Lisboa nesta sexta-feira, em protesto contra o di\u00e1rio de pesca eletr\u00f3nico (DPE) e a atua\u00e7\u00e3o dos fiscais. Alegam que o sistema \u00e9 inflex\u00edvel e tem limitado a pesca de indon\u00e9sios, afirmando que a DGRM est\u00e1 a reduzir a atividade pesqueira.<\/p>\n<p>O movimento, liderado pela Associa\u00e7\u00e3o de Armadores de Pesca do Norte (AAPN), denuncia problemas recorrentes com o DPE em Peniche, onde o peixe tem sido apreendido por supostas discrep\u00e2ncias. O DPE \u00e9 preenchido por estimativa durante a faina, com um c\u00f3digo para cada esp\u00e9cie e a quantidade correspondente, segundo informa\u00e7\u00f5es da associa\u00e7\u00e3o.<\/p>\n<p>Segundo a AAPN, ao chegar \u00e0 lota, a margem de erro aceite \u00e9 de 10%. Acima desse limiar, mesmo dentro das instala\u00e7\u00f5es da Docapesca, o ajuste n\u00e3o \u00e9 autorizado e o peixe \u00e9 apreendido. Os pescadores indicam que v\u00e3o deixar de preencher o DPE a partir de domingo, caso as regras n\u00e3o sejam revistas.<\/p>\n","protected":false},"excerpt":{"rendered":"<ul>\n<li>Pescadores do Norte v\u00e3o a Lisboa nesta sexta-feira protestar contra o di\u00e1rio de pesca eletr\u00f3nico (DPE), alegando inflexibilidade e persegui\u00e7\u00e3o por parte de fiscais.<\/li>\n<li>Amea\u00e7am deixar de preencher o DPE a partir de domingo como forma de press\u00e3o.<\/li>\n<li>Acusam a Dire\u00e7\u00e3o-Geral de Recursos Naturais, Seguran\u00e7a e Servi\u00e7os Mar\u00edtimos (DGRM) de \u201cmatar a pesca\u201d e de limitar a entrada de indon\u00e9sios.<\/li>\n<li>Em Peniche houve problemas com o DPE e peixe apreendido, conforme afirmou o presidente da Associa\u00e7\u00e3o de Armadores de Pesca do Norte (AAPN), Manuel Marques.<\/li>\n<li>O DPE \u00e9 preenchido por estimativa durante a faina, com um c\u00f3digo por esp\u00e9cie e quantidade; na chegada \u00e0 lota, a margem de erro aceite \u00e9 de 10%, acima da qual o peixe \u00e9 apreendido.<\/li>\n<\/ul>\n","protected":false},"author":2,"featured_media":399149,"comment_status":"closed","ping_status":"closed","sticky":false,"template":"","format":"standard","meta":{"footnotes":""},"categories":[1,5],"tags":[695,2765,4747,5093,2857],"class_list":["post-399145","post","type-post","status-publish","format-standard","has-post-thumbnail","hentry","category-noticias","category-politica","tag-fiscalizacao","tag-norte","tag-peniche","tag-pesca","tag-protestos"],"yoast_head":"<!-- This site is optimized with the Yoast SEO plugin v27.2 - https:\/\/yoast.com\/product\/yoast-seo-wordpress\/ -->\n<title>Pescadores amea\u00e7am parar por rejei\u00e7\u00e3o ao di\u00e1rio eletr\u00f3nico - Portal Tela Portugal<\/title>\n<meta name=\"robots\" content=\"index, follow, max-snippet:-1, max-image-preview:large, max-video-preview:-1\" \/>\n<meta property=\"og:locale\" content=\"pt_PT\" \/>\n<meta property=\"og:type\" content=\"article\" \/>\n<meta property=\"og:title\" content=\"Pescadores amea\u00e7am parar por rejei\u00e7\u00e3o ao di\u00e1rio eletr\u00f3nico - Portal Tela Portugal\" \/>\n<meta property=\"og:description\" content=\"Pescadores do Norte v\u00e3o a Lisboa nesta sexta-feira protestar contra o di\u00e1rio de pesca eletr\u00f3nico (DPE), alegando inflexibilidade e persegui\u00e7\u00e3o por parte de fiscais. Amea\u00e7am deixar de preencher o DPE a partir de domingo como forma de press\u00e3o. Acusam a Dire\u00e7\u00e3o-Geral de Recursos Naturais, Seguran\u00e7a e Servi\u00e7os Mar\u00edtimos (DGRM) de \u201cmatar a pesca\u201d e de limitar a entrada de indon\u00e9sios. Em Peniche houve problemas com o DPE e peixe apreendido, conforme afirmou o presidente da Associa\u00e7\u00e3o de Armadores de Pesca do Norte (AAPN), Manuel Marques. O DPE \u00e9 preenchido por estimativa durante a faina, com um c\u00f3digo por esp\u00e9cie e quantidade; na chegada \u00e0 lota, a margem de erro aceite \u00e9 de 10%, acima da qual o peixe \u00e9 apreendido.\" \/>\n<meta property=\"og:url\" content=\"https:\/\/portaltela.pt\/noticias\/2026\/03\/05\/pescadores-ameacam-parar-por-rejeicao-ao-diario-eletronico\/\" \/>\n<meta property=\"og:site_name\" content=\"Portal Tela Portugal\" \/>\n<meta property=\"article:published_time\" content=\"2026-03-05T19:01:00+00:00\" \/>\n<meta name=\"author\" content=\"Telinha\" \/>\n<meta name=\"twitter:card\" content=\"summary_large_image\" \/>\n<meta name=\"twitter:label1\" content=\"Escrito por\" \/>\n\t<meta name=\"twitter:data1\" content=\"Telinha\" \/>\n\t<meta name=\"twitter:label2\" content=\"Tempo estimado de leitura\" \/>\n\t<meta name=\"twitter:data2\" content=\"1 minuto\" \/>\n<script type=\"application\/ld+json\" class=\"yoast-schema-graph\">{\"@context\":\"https:\/\/schema.org\",\"@graph\":[{\"@type\":\"Article\",\"@id\":\"https:\/\/portaltela.pt\/noticias\/2026\/03\/05\/pescadores-ameacam-parar-por-rejeicao-ao-diario-eletronico\/#article\",\"isPartOf\":{\"@id\":\"https:\/\/portaltela.pt\/noticias\/2026\/03\/05\/pescadores-ameacam-parar-por-rejeicao-ao-diario-eletronico\/\"},\"author\":{\"name\":\"Telinha\",\"@id\":\"https:\/\/portaltela.pt\/#\/schema\/person\/c4278d4a6028830caff9ee44b42d32ed\"},\"headline\":\"Pescadores amea\u00e7am parar por rejei\u00e7\u00e3o ao di\u00e1rio eletr\u00f3nico\",\"datePublished\":\"2026-03-05T19:01:00+00:00\",\"mainEntityOfPage\":{\"@id\":\"https:\/\/portaltela.pt\/noticias\/2026\/03\/05\/pescadores-ameacam-parar-por-rejeicao-ao-diario-eletronico\/\"},\"wordCount\":176,\"image\":{\"@id\":\"https:\/\/portaltela.pt\/noticias\/2026\/03\/05\/pescadores-ameacam-parar-por-rejeicao-ao-diario-eletronico\/#primaryimage\"},\"thumbnailUrl\":\"https:\/\/portaltela.pt\/s.01k8rhncp4jt1\/2026\/03\/image-330.jpg\",\"keywords\":[\"fiscaliza\u00e7\u00e3o\",\"Norte\",\"Peniche\",\"pesca\",\"protestos\"],\"articleSection\":[\"Not\u00edcias\",\"Pol\u00edtica\"],\"inLanguage\":\"pt-PT\"},{\"@type\":\"WebPage\",\"@id\":\"https:\/\/portaltela.pt\/noticias\/2026\/03\/05\/pescadores-ameacam-parar-por-rejeicao-ao-diario-eletronico\/\",\"url\":\"https:\/\/portaltela.pt\/noticias\/2026\/03\/05\/pescadores-ameacam-parar-por-rejeicao-ao-diario-eletronico\/\",\"name\":\"Pescadores amea\u00e7am parar por rejei\u00e7\u00e3o ao di\u00e1rio eletr\u00f3nico - Portal Tela Portugal\",\"isPartOf\":{\"@id\":\"https:\/\/portaltela.pt\/#website\"},\"primaryImageOfPage\":{\"@id\":\"https:\/\/portaltela.pt\/noticias\/2026\/03\/05\/pescadores-ameacam-parar-por-rejeicao-ao-diario-eletronico\/#primaryimage\"},\"image\":{\"@id\":\"https:\/\/portaltela.pt\/noticias\/2026\/03\/05\/pescadores-ameacam-parar-por-rejeicao-ao-diario-eletronico\/#primaryimage\"},\"thumbnailUrl\":\"https:\/\/portaltela.pt\/s.01k8rhncp4jt1\/2026\/03\/image-330.jpg\",\"datePublished\":\"2026-03-05T19:01:00+00:00\",\"author\":{\"@id\":\"https:\/\/portaltela.pt\/#\/schema\/person\/c4278d4a6028830caff9ee44b42d32ed\"},\"breadcrumb\":{\"@id\":\"https:\/\/portaltela.pt\/noticias\/2026\/03\/05\/pescadores-ameacam-parar-por-rejeicao-ao-diario-eletronico\/#breadcrumb\"},\"inLanguage\":\"pt-PT\",\"potentialAction\":[{\"@type\":\"ReadAction\",\"target\":[\"https:\/\/portaltela.pt\/noticias\/2026\/03\/05\/pescadores-ameacam-parar-por-rejeicao-ao-diario-eletronico\/\"]}]},{\"@type\":\"ImageObject\",\"inLanguage\":\"pt-PT\",\"@id\":\"https:\/\/portaltela.pt\/noticias\/2026\/03\/05\/pescadores-ameacam-parar-por-rejeicao-ao-diario-eletronico\/#primaryimage\",\"url\":\"https:\/\/portaltela.pt\/s.01k8rhncp4jt1\/2026\/03\/image-330.jpg\",\"contentUrl\":\"https:\/\/portaltela.pt\/s.01k8rhncp4jt1\/2026\/03\/image-330.jpg\",\"width\":796,\"height\":448,\"caption\":\"Limita\u00e7\u00e3o a indon\u00e9sios persiste apesar das promessas do Governo\"},{\"@type\":\"BreadcrumbList\",\"@id\":\"https:\/\/portaltela.pt\/noticias\/2026\/03\/05\/pescadores-ameacam-parar-por-rejeicao-ao-diario-eletronico\/#breadcrumb\",\"itemListElement\":[{\"@type\":\"ListItem\",\"position\":1,\"name\":\"In\u00edcio\",\"item\":\"https:\/\/portaltela.pt\/\"},{\"@type\":\"ListItem\",\"position\":2,\"name\":\"Pescadores amea\u00e7am parar por rejei\u00e7\u00e3o ao di\u00e1rio eletr\u00f3nico\"}]},{\"@type\":\"WebSite\",\"@id\":\"https:\/\/portaltela.pt\/#website\",\"url\":\"https:\/\/portaltela.pt\/\",\"name\":\"Portal Tela Portugal\",\"description\":\"\",\"potentialAction\":[{\"@type\":\"SearchAction\",\"target\":{\"@type\":\"EntryPoint\",\"urlTemplate\":\"https:\/\/portaltela.pt\/?s={search_term_string}\"},\"query-input\":{\"@type\":\"PropertyValueSpecification\",\"valueRequired\":true,\"valueName\":\"search_term_string\"}}],\"inLanguage\":\"pt-PT\"},{\"@type\":\"Person\",\"@id\":\"https:\/\/portaltela.pt\/#\/schema\/person\/c4278d4a6028830caff9ee44b42d32ed\",\"name\":\"Telinha\",\"image\":{\"@type\":\"ImageObject\",\"inLanguage\":\"pt-PT\",\"@id\":\"https:\/\/portaltela.pt\/s.01k8rhncp4jt1\/2025\/11\/talking-bot-125x125.png\",\"url\":\"https:\/\/portaltela.pt\/s.01k8rhncp4jt1\/2025\/11\/talking-bot-125x125.png\",\"contentUrl\":\"https:\/\/portaltela.pt\/s.01k8rhncp4jt1\/2025\/11\/talking-bot-125x125.png\",\"caption\":\"Telinha\"},\"sameAs\":[\"https:\/\/portaltela.pt\/\"],\"url\":\"https:\/\/portaltela.pt\/por\/367410592786\/\"}]}<\/script>\n<!-- \/ Yoast SEO plugin. -->","yoast_head_json":{"title":"Pescadores amea\u00e7am parar por rejei\u00e7\u00e3o ao di\u00e1rio eletr\u00f3nico - Portal Tela Portugal","robots":{"index":"index","follow":"follow","max-snippet":"max-snippet:-1","max-image-preview":"max-image-preview:large","max-video-preview":"max-video-preview:-1"},"og_locale":"pt_PT","og_type":"article","og_title":"Pescadores amea\u00e7am parar por rejei\u00e7\u00e3o ao di\u00e1rio eletr\u00f3nico - Portal Tela Portugal","og_description":"Pescadores do Norte v\u00e3o a Lisboa nesta sexta-feira protestar contra o di\u00e1rio de pesca eletr\u00f3nico (DPE), alegando inflexibilidade e persegui\u00e7\u00e3o por parte de fiscais. Amea\u00e7am deixar de preencher o DPE a partir de domingo como forma de press\u00e3o. Acusam a Dire\u00e7\u00e3o-Geral de Recursos Naturais, Seguran\u00e7a e Servi\u00e7os Mar\u00edtimos (DGRM) de \u201cmatar a pesca\u201d e de limitar a entrada de indon\u00e9sios. Em Peniche houve problemas com o DPE e peixe apreendido, conforme afirmou o presidente da Associa\u00e7\u00e3o de Armadores de Pesca do Norte (AAPN), Manuel Marques. O DPE \u00e9 preenchido por estimativa durante a faina, com um c\u00f3digo por esp\u00e9cie e quantidade; na chegada \u00e0 lota, a margem de erro aceite \u00e9 de 10%, acima da qual o peixe \u00e9 apreendido.","og_url":"https:\/\/portaltela.pt\/noticias\/2026\/03\/05\/pescadores-ameacam-parar-por-rejeicao-ao-diario-eletronico\/","og_site_name":"Portal Tela Portugal","article_published_time":"2026-03-05T19:01:00+00:00","author":"Telinha","twitter_card":"summary_large_image","twitter_misc":{"Escrito por":"Telinha","Tempo estimado de leitura":"1 minuto"},"schema":{"@context":"https:\/\/schema.org","@graph":[{"@type":"Article","@id":"https:\/\/portaltela.pt\/noticias\/2026\/03\/05\/pescadores-ameacam-parar-por-rejeicao-ao-diario-eletronico\/#article","isPartOf":{"@id":"https:\/\/portaltela.pt\/noticias\/2026\/03\/05\/pescadores-ameacam-parar-por-rejeicao-ao-diario-eletronico\/"},"author":{"name":"Telinha","@id":"https:\/\/portaltela.pt\/#\/schema\/person\/c4278d4a6028830caff9ee44b42d32ed"},"headline":"Pescadores amea\u00e7am parar por rejei\u00e7\u00e3o ao di\u00e1rio eletr\u00f3nico","datePublished":"2026-03-05T19:01:00+00:00","mainEntityOfPage":{"@id":"https:\/\/portaltela.pt\/noticias\/2026\/03\/05\/pescadores-ameacam-parar-por-rejeicao-ao-diario-eletronico\/"},"wordCount":176,"image":{"@id":"https:\/\/portaltela.pt\/noticias\/2026\/03\/05\/pescadores-ameacam-parar-por-rejeicao-ao-diario-eletronico\/#primaryimage"},"thumbnailUrl":"https:\/\/portaltela.pt\/s.01k8rhncp4jt1\/2026\/03\/image-330.jpg","keywords":["fiscaliza\u00e7\u00e3o","Norte","Peniche","pesca","protestos"],"articleSection":["Not\u00edcias","Pol\u00edtica"],"inLanguage":"pt-PT"},{"@type":"WebPage","@id":"https:\/\/portaltela.pt\/noticias\/2026\/03\/05\/pescadores-ameacam-parar-por-rejeicao-ao-diario-eletronico\/","url":"https:\/\/portaltela.pt\/noticias\/2026\/03\/05\/pescadores-ameacam-parar-por-rejeicao-ao-diario-eletronico\/","name":"Pescadores amea\u00e7am parar por rejei\u00e7\u00e3o ao di\u00e1rio eletr\u00f3nico - Portal Tela Portugal","isPartOf":{"@id":"https:\/\/portaltela.pt\/#website"},"primaryImageOfPage":{"@id":"https:\/\/portaltela.pt\/noticias\/2026\/03\/05\/pescadores-ameacam-parar-por-rejeicao-ao-diario-eletronico\/#primaryimage"},"image":{"@id":"https:\/\/portaltela.pt\/noticias\/2026\/03\/05\/pescadores-ameacam-parar-por-rejeicao-ao-diario-eletronico\/#primaryimage"},"thumbnailUrl":"https:\/\/portaltela.pt\/s.01k8rhncp4jt1\/2026\/03\/image-330.jpg","datePublished":"2026-03-05T19:01:00+00:00","author":{"@id":"https:\/\/portaltela.pt\/#\/schema\/person\/c4278d4a6028830caff9ee44b42d32ed"},"breadcrumb":{"@id":"https:\/\/portaltela.pt\/noticias\/2026\/03\/05\/pescadores-ameacam-parar-por-rejeicao-ao-diario-eletronico\/#breadcrumb"},"inLanguage":"pt-PT","potentialAction":[{"@type":"ReadAction","target":["https:\/\/portaltela.pt\/noticias\/2026\/03\/05\/pescadores-ameacam-parar-por-rejeicao-ao-diario-eletronico\/"]}]},{"@type":"ImageObject","inLanguage":"pt-PT","@id":"https:\/\/portaltela.pt\/noticias\/2026\/03\/05\/pescadores-ameacam-parar-por-rejeicao-ao-diario-eletronico\/#primaryimage","url":"https:\/\/portaltela.pt\/s.01k8rhncp4jt1\/2026\/03\/image-330.jpg","contentUrl":"https:\/\/portaltela.pt\/s.01k8rhncp4jt1\/2026\/03\/image-330.jpg","width":796,"height":448,"caption":"Limita\u00e7\u00e3o a indon\u00e9sios persiste apesar das promessas do Governo"},{"@type":"BreadcrumbList","@id":"https:\/\/portaltela.pt\/noticias\/2026\/03\/05\/pescadores-ameacam-parar-por-rejeicao-ao-diario-eletronico\/#breadcrumb","itemListElement":[{"@type":"ListItem","position":1,"name":"In\u00edcio","item":"https:\/\/portaltela.pt\/"},{"@type":"ListItem","position":2,"name":"Pescadores amea\u00e7am parar por rejei\u00e7\u00e3o ao di\u00e1rio eletr\u00f3nico"}]},{"@type":"WebSite","@id":"https:\/\/portaltela.pt\/#website","url":"https:\/\/portaltela.pt\/","name":"Portal Tela Portugal","description":"","potentialAction":[{"@type":"SearchAction","target":{"@type":"EntryPoint","urlTemplate":"https:\/\/portaltela.pt\/?s={search_term_string}"},"query-input":{"@type":"PropertyValueSpecification","valueRequired":true,"valueName":"search_term_string"}}],"inLanguage":"pt-PT"},{"@type":"Person","@id":"https:\/\/portaltela.pt\/#\/schema\/person\/c4278d4a6028830caff9ee44b42d32ed","name":"Telinha","image":{"@type":"ImageObject","inLanguage":"pt-PT","@id":"https:\/\/portaltela.pt\/s.01k8rhncp4jt1\/2025\/11\/talking-bot-125x125.png","url":"https:\/\/portaltela.pt\/s.01k8rhncp4jt1\/2025\/11\/talking-bot-125x125.png","contentUrl":"https:\/\/portaltela.pt\/s.01k8rhncp4jt1\/2025\/11\/talking-bot-125x125.png","caption":"Telinha"},"sameAs":["https:\/\/portaltela.pt\/"],"url":"https:\/\/portaltela.pt\/por\/367410592786\/"}]}},"_links":{"self":[{"href":"https:\/\/portaltela.pt\/api\/wp\/v2\/posts\/399145","targetHints":{"allow":["GET"]}}],"collection":[{"href":"https:\/\/portaltela.pt\/api\/wp\/v2\/posts"}],"about":[{"href":"https:\/\/portaltela.pt\/api\/wp\/v2\/types\/post"}],"author":[{"embeddable":true,"href":"https:\/\/portaltela.pt\/api\/wp\/v2\/users\/2"}],"replies":[{"embeddable":true,"href":"https:\/\/portaltela.pt\/api\/wp\/v2\/comments?post=399145"}],"version-history":[{"count":0,"href":"https:\/\/portaltela.pt\/api\/wp\/v2\/posts\/399145\/revisions"}],"wp:featuredmedia":[{"embeddable":true,"href":"https:\/\/portaltela.pt\/api\/wp\/v2\/media\/399149"}],"wp:attachment":[{"href":"https:\/\/portaltela.pt\/api\/wp\/v2\/media?parent=399145"}],"wp:term":[{"taxonomy":"category","embeddable":true,"href":"https:\/\/portaltela.pt\/api\/wp\/v2\/categories?post=399145"},{"taxonomy":"post_tag","embeddable":true,"href":"https:\/\/portaltela.pt\/api\/wp\/v2\/tags?post=399145"}],"curies":[{"name":"wp","href":"https:\/\/api.w.org\/{rel}","templated":true}]}}