{"id":399088,"date":"2026-03-05T15:24:00","date_gmt":"2026-03-05T18:24:00","guid":{"rendered":"https:\/\/portaltela.pt\/noticias\/2026\/03\/05\/governo-da-madeira-suspende-emissao-de-licencas-tvde-por-mais-quatro-meses\/"},"modified":"2026-03-05T15:24:00","modified_gmt":"2026-03-05T18:24:00","slug":"governo-da-madeira-suspende-emissao-de-licencas-tvde-por-mais-quatro-meses","status":"publish","type":"post","link":"https:\/\/portaltela.pt\/noticias\/politica\/2026\/03\/05\/governo-da-madeira-suspende-emissao-de-licencas-tvde-por-mais-quatro-meses\/","title":{"rendered":"Governo da Madeira suspende emiss\u00e3o de licen\u00e7as TVDE por mais quatro meses"},"content":{"rendered":"<p>O Governo da Madeira anunciou a prorroga\u00e7\u00e3o por mais quatro meses da suspens\u00e3o da atribui\u00e7\u00e3o de licen\u00e7as e averbamentos de operador TVDE. A decis\u00e3o foi tomada na reuni\u00e3o semanal do Conselho do Governo Regional.<\/p>\n<p>O executivo madeirense, liderado por Miguel Albuquerque, informou que a suspens\u00e3o, j\u00e1 vigente, mant\u00e9m-se enquanto decorre a morat\u00f3ria em vigor desde setembro.<\/p>\n<p>A suspens\u00e3o original, anunciada por um per\u00edodo de seis meses, terminaria a 12 de mar\u00e7o. Com a prorroga\u00e7\u00e3o, a medida mant\u00e9m-se v\u00e1lida at\u00e9 12 de julho.<\/p>\n<p>TVDE refere-se ao transporte individual e remunerado de passageiros em ve\u00edculos descaracterizados, operado a partir de plataformas eletr\u00f3nicas. O objetivo da decis\u00e3o \u00e9 assegurar continuidade da avalia\u00e7\u00e3o regulat\u00f3ria.<\/p>\n","protected":false},"excerpt":{"rendered":"<ul>\n<li>O Governo da Madeira prorrogou por mais quatro meses a suspens\u00e3o da emiss\u00e3o de licen\u00e7as e averbamentos de TVDE.<\/li>\n<li>A decis\u00e3o foi tomada na reuni\u00e3o semanal do Conselho do Governo Regional.<\/li>\n<li>O \u00f3rg\u00e3o \u00e9 liderado pelo presidente Miguel Albuquerque, do PSD\/CDS-PP.<\/li>\n<li>A suspens\u00e3o, iniciada em setembro, terminaria a 12 de mar\u00e7o e foi estendida por mais quatro meses.<\/li>\n<li>A medida mant\u00e9m a suspens\u00e3o vigente sem indicar data de retoma\u00e7\u00f5es ou altera\u00e7\u00f5es.<\/li>\n<\/ul>\n","protected":false},"author":2,"featured_media":399091,"comment_status":"closed","ping_status":"closed","sticky":false,"template":"","format":"standard","meta":{"footnotes":""},"categories":[1,5],"tags":[3769,5706,859,6356,192,4971],"class_list":["post-399088","post","type-post","status-publish","format-standard","has-post-thumbnail","hentry","category-noticias","category-politica","tag-autocarros","tag-licenciamentos","tag-madeira","tag-mobilidade-regional","tag-transporte","tag-transporte-rodoviario"],"yoast_head":"<!-- This site is optimized with the Yoast SEO plugin v27.2 - https:\/\/yoast.com\/product\/yoast-seo-wordpress\/ -->\n<title>Governo da Madeira suspende emiss\u00e3o de licen\u00e7as TVDE por mais quatro meses - Portal Tela Portugal<\/title>\n<meta name=\"robots\" content=\"index, follow, max-snippet:-1, max-image-preview:large, max-video-preview:-1\" \/>\n<meta property=\"og:locale\" content=\"pt_PT\" \/>\n<meta property=\"og:type\" content=\"article\" \/>\n<meta property=\"og:title\" content=\"Governo da Madeira suspende emiss\u00e3o de licen\u00e7as TVDE por mais quatro meses - Portal Tela Portugal\" \/>\n<meta property=\"og:description\" content=\"O Governo da Madeira prorrogou por mais quatro meses a suspens\u00e3o da emiss\u00e3o de licen\u00e7as e averbamentos de TVDE. A decis\u00e3o foi tomada na reuni\u00e3o semanal do Conselho do Governo Regional. O \u00f3rg\u00e3o \u00e9 liderado pelo presidente Miguel Albuquerque, do PSD\/CDS-PP. A suspens\u00e3o, iniciada em setembro, terminaria a 12 de mar\u00e7o e foi estendida por mais quatro meses. A medida mant\u00e9m a suspens\u00e3o vigente sem indicar data de retoma\u00e7\u00f5es ou altera\u00e7\u00f5es.\" \/>\n<meta property=\"og:url\" content=\"https:\/\/portaltela.pt\/noticias\/2026\/03\/05\/governo-da-madeira-suspende-emissao-de-licencas-tvde-por-mais-quatro-meses\/\" \/>\n<meta property=\"og:site_name\" content=\"Portal Tela Portugal\" \/>\n<meta property=\"article:published_time\" content=\"2026-03-05T18:24:00+00:00\" \/>\n<meta name=\"author\" content=\"Telinha\" \/>\n<meta name=\"twitter:card\" content=\"summary_large_image\" \/>\n<meta name=\"twitter:label1\" content=\"Escrito por\" \/>\n\t<meta name=\"twitter:data1\" content=\"Telinha\" \/>\n\t<meta name=\"twitter:label2\" content=\"Tempo estimado de leitura\" \/>\n\t<meta name=\"twitter:data2\" content=\"1 minuto\" \/>\n<script type=\"application\/ld+json\" class=\"yoast-schema-graph\">{\"@context\":\"https:\/\/schema.org\",\"@graph\":[{\"@type\":\"Article\",\"@id\":\"https:\/\/portaltela.pt\/noticias\/2026\/03\/05\/governo-da-madeira-suspende-emissao-de-licencas-tvde-por-mais-quatro-meses\/#article\",\"isPartOf\":{\"@id\":\"https:\/\/portaltela.pt\/noticias\/2026\/03\/05\/governo-da-madeira-suspende-emissao-de-licencas-tvde-por-mais-quatro-meses\/\"},\"author\":{\"name\":\"Telinha\",\"@id\":\"https:\/\/portaltela.pt\/#\/schema\/person\/c4278d4a6028830caff9ee44b42d32ed\"},\"headline\":\"Governo da Madeira suspende emiss\u00e3o de licen\u00e7as TVDE por mais quatro meses\",\"datePublished\":\"2026-03-05T18:24:00+00:00\",\"mainEntityOfPage\":{\"@id\":\"https:\/\/portaltela.pt\/noticias\/2026\/03\/05\/governo-da-madeira-suspende-emissao-de-licencas-tvde-por-mais-quatro-meses\/\"},\"wordCount\":141,\"image\":{\"@id\":\"https:\/\/portaltela.pt\/noticias\/2026\/03\/05\/governo-da-madeira-suspende-emissao-de-licencas-tvde-por-mais-quatro-meses\/#primaryimage\"},\"thumbnailUrl\":\"https:\/\/portaltela.pt\/s.01k8rhncp4jt1\/2026\/03\/img_1500x1000uu2024-09-09-16-54-06-1743617.jpg\",\"keywords\":[\"autocarros\",\"licenciamentos\",\"Madeira\",\"mobilidade regional\",\"transporte\",\"transporte rodovi\u00e1rio\"],\"articleSection\":[\"Not\u00edcias\",\"Pol\u00edtica\"],\"inLanguage\":\"pt-PT\"},{\"@type\":\"WebPage\",\"@id\":\"https:\/\/portaltela.pt\/noticias\/2026\/03\/05\/governo-da-madeira-suspende-emissao-de-licencas-tvde-por-mais-quatro-meses\/\",\"url\":\"https:\/\/portaltela.pt\/noticias\/2026\/03\/05\/governo-da-madeira-suspende-emissao-de-licencas-tvde-por-mais-quatro-meses\/\",\"name\":\"Governo da Madeira suspende emiss\u00e3o de licen\u00e7as TVDE por mais quatro meses - Portal Tela Portugal\",\"isPartOf\":{\"@id\":\"https:\/\/portaltela.pt\/#website\"},\"primaryImageOfPage\":{\"@id\":\"https:\/\/portaltela.pt\/noticias\/2026\/03\/05\/governo-da-madeira-suspende-emissao-de-licencas-tvde-por-mais-quatro-meses\/#primaryimage\"},\"image\":{\"@id\":\"https:\/\/portaltela.pt\/noticias\/2026\/03\/05\/governo-da-madeira-suspende-emissao-de-licencas-tvde-por-mais-quatro-meses\/#primaryimage\"},\"thumbnailUrl\":\"https:\/\/portaltela.pt\/s.01k8rhncp4jt1\/2026\/03\/img_1500x1000uu2024-09-09-16-54-06-1743617.jpg\",\"datePublished\":\"2026-03-05T18:24:00+00:00\",\"author\":{\"@id\":\"https:\/\/portaltela.pt\/#\/schema\/person\/c4278d4a6028830caff9ee44b42d32ed\"},\"breadcrumb\":{\"@id\":\"https:\/\/portaltela.pt\/noticias\/2026\/03\/05\/governo-da-madeira-suspende-emissao-de-licencas-tvde-por-mais-quatro-meses\/#breadcrumb\"},\"inLanguage\":\"pt-PT\",\"potentialAction\":[{\"@type\":\"ReadAction\",\"target\":[\"https:\/\/portaltela.pt\/noticias\/2026\/03\/05\/governo-da-madeira-suspende-emissao-de-licencas-tvde-por-mais-quatro-meses\/\"]}]},{\"@type\":\"ImageObject\",\"inLanguage\":\"pt-PT\",\"@id\":\"https:\/\/portaltela.pt\/noticias\/2026\/03\/05\/governo-da-madeira-suspende-emissao-de-licencas-tvde-por-mais-quatro-meses\/#primaryimage\",\"url\":\"https:\/\/portaltela.pt\/s.01k8rhncp4jt1\/2026\/03\/img_1500x1000uu2024-09-09-16-54-06-1743617.jpg\",\"contentUrl\":\"https:\/\/portaltela.pt\/s.01k8rhncp4jt1\/2026\/03\/img_1500x1000uu2024-09-09-16-54-06-1743617.jpg\",\"width\":796,\"height\":448,\"caption\":\"Ve\u00edculos TVDE\"},{\"@type\":\"BreadcrumbList\",\"@id\":\"https:\/\/portaltela.pt\/noticias\/2026\/03\/05\/governo-da-madeira-suspende-emissao-de-licencas-tvde-por-mais-quatro-meses\/#breadcrumb\",\"itemListElement\":[{\"@type\":\"ListItem\",\"position\":1,\"name\":\"In\u00edcio\",\"item\":\"https:\/\/portaltela.pt\/\"},{\"@type\":\"ListItem\",\"position\":2,\"name\":\"Governo da Madeira suspende emiss\u00e3o de licen\u00e7as TVDE por mais quatro meses\"}]},{\"@type\":\"WebSite\",\"@id\":\"https:\/\/portaltela.pt\/#website\",\"url\":\"https:\/\/portaltela.pt\/\",\"name\":\"Portal Tela Portugal\",\"description\":\"\",\"potentialAction\":[{\"@type\":\"SearchAction\",\"target\":{\"@type\":\"EntryPoint\",\"urlTemplate\":\"https:\/\/portaltela.pt\/?s={search_term_string}\"},\"query-input\":{\"@type\":\"PropertyValueSpecification\",\"valueRequired\":true,\"valueName\":\"search_term_string\"}}],\"inLanguage\":\"pt-PT\"},{\"@type\":\"Person\",\"@id\":\"https:\/\/portaltela.pt\/#\/schema\/person\/c4278d4a6028830caff9ee44b42d32ed\",\"name\":\"Telinha\",\"image\":{\"@type\":\"ImageObject\",\"inLanguage\":\"pt-PT\",\"@id\":\"https:\/\/portaltela.pt\/s.01k8rhncp4jt1\/2025\/11\/talking-bot-125x125.png\",\"url\":\"https:\/\/portaltela.pt\/s.01k8rhncp4jt1\/2025\/11\/talking-bot-125x125.png\",\"contentUrl\":\"https:\/\/portaltela.pt\/s.01k8rhncp4jt1\/2025\/11\/talking-bot-125x125.png\",\"caption\":\"Telinha\"},\"sameAs\":[\"https:\/\/portaltela.pt\/\"],\"url\":\"https:\/\/portaltela.pt\/por\/367410592786\/\"}]}<\/script>\n<!-- \/ Yoast SEO plugin. -->","yoast_head_json":{"title":"Governo da Madeira suspende emiss\u00e3o de licen\u00e7as TVDE por mais quatro meses - Portal Tela Portugal","robots":{"index":"index","follow":"follow","max-snippet":"max-snippet:-1","max-image-preview":"max-image-preview:large","max-video-preview":"max-video-preview:-1"},"og_locale":"pt_PT","og_type":"article","og_title":"Governo da Madeira suspende emiss\u00e3o de licen\u00e7as TVDE por mais quatro meses - Portal Tela Portugal","og_description":"O Governo da Madeira prorrogou por mais quatro meses a suspens\u00e3o da emiss\u00e3o de licen\u00e7as e averbamentos de TVDE. A decis\u00e3o foi tomada na reuni\u00e3o semanal do Conselho do Governo Regional. O \u00f3rg\u00e3o \u00e9 liderado pelo presidente Miguel Albuquerque, do PSD\/CDS-PP. A suspens\u00e3o, iniciada em setembro, terminaria a 12 de mar\u00e7o e foi estendida por mais quatro meses. A medida mant\u00e9m a suspens\u00e3o vigente sem indicar data de retoma\u00e7\u00f5es ou altera\u00e7\u00f5es.","og_url":"https:\/\/portaltela.pt\/noticias\/2026\/03\/05\/governo-da-madeira-suspende-emissao-de-licencas-tvde-por-mais-quatro-meses\/","og_site_name":"Portal Tela Portugal","article_published_time":"2026-03-05T18:24:00+00:00","author":"Telinha","twitter_card":"summary_large_image","twitter_misc":{"Escrito por":"Telinha","Tempo estimado de leitura":"1 minuto"},"schema":{"@context":"https:\/\/schema.org","@graph":[{"@type":"Article","@id":"https:\/\/portaltela.pt\/noticias\/2026\/03\/05\/governo-da-madeira-suspende-emissao-de-licencas-tvde-por-mais-quatro-meses\/#article","isPartOf":{"@id":"https:\/\/portaltela.pt\/noticias\/2026\/03\/05\/governo-da-madeira-suspende-emissao-de-licencas-tvde-por-mais-quatro-meses\/"},"author":{"name":"Telinha","@id":"https:\/\/portaltela.pt\/#\/schema\/person\/c4278d4a6028830caff9ee44b42d32ed"},"headline":"Governo da Madeira suspende emiss\u00e3o de licen\u00e7as TVDE por mais quatro meses","datePublished":"2026-03-05T18:24:00+00:00","mainEntityOfPage":{"@id":"https:\/\/portaltela.pt\/noticias\/2026\/03\/05\/governo-da-madeira-suspende-emissao-de-licencas-tvde-por-mais-quatro-meses\/"},"wordCount":141,"image":{"@id":"https:\/\/portaltela.pt\/noticias\/2026\/03\/05\/governo-da-madeira-suspende-emissao-de-licencas-tvde-por-mais-quatro-meses\/#primaryimage"},"thumbnailUrl":"https:\/\/portaltela.pt\/s.01k8rhncp4jt1\/2026\/03\/img_1500x1000uu2024-09-09-16-54-06-1743617.jpg","keywords":["autocarros","licenciamentos","Madeira","mobilidade regional","transporte","transporte rodovi\u00e1rio"],"articleSection":["Not\u00edcias","Pol\u00edtica"],"inLanguage":"pt-PT"},{"@type":"WebPage","@id":"https:\/\/portaltela.pt\/noticias\/2026\/03\/05\/governo-da-madeira-suspende-emissao-de-licencas-tvde-por-mais-quatro-meses\/","url":"https:\/\/portaltela.pt\/noticias\/2026\/03\/05\/governo-da-madeira-suspende-emissao-de-licencas-tvde-por-mais-quatro-meses\/","name":"Governo da Madeira suspende emiss\u00e3o de licen\u00e7as TVDE por mais quatro meses - Portal Tela Portugal","isPartOf":{"@id":"https:\/\/portaltela.pt\/#website"},"primaryImageOfPage":{"@id":"https:\/\/portaltela.pt\/noticias\/2026\/03\/05\/governo-da-madeira-suspende-emissao-de-licencas-tvde-por-mais-quatro-meses\/#primaryimage"},"image":{"@id":"https:\/\/portaltela.pt\/noticias\/2026\/03\/05\/governo-da-madeira-suspende-emissao-de-licencas-tvde-por-mais-quatro-meses\/#primaryimage"},"thumbnailUrl":"https:\/\/portaltela.pt\/s.01k8rhncp4jt1\/2026\/03\/img_1500x1000uu2024-09-09-16-54-06-1743617.jpg","datePublished":"2026-03-05T18:24:00+00:00","author":{"@id":"https:\/\/portaltela.pt\/#\/schema\/person\/c4278d4a6028830caff9ee44b42d32ed"},"breadcrumb":{"@id":"https:\/\/portaltela.pt\/noticias\/2026\/03\/05\/governo-da-madeira-suspende-emissao-de-licencas-tvde-por-mais-quatro-meses\/#breadcrumb"},"inLanguage":"pt-PT","potentialAction":[{"@type":"ReadAction","target":["https:\/\/portaltela.pt\/noticias\/2026\/03\/05\/governo-da-madeira-suspende-emissao-de-licencas-tvde-por-mais-quatro-meses\/"]}]},{"@type":"ImageObject","inLanguage":"pt-PT","@id":"https:\/\/portaltela.pt\/noticias\/2026\/03\/05\/governo-da-madeira-suspende-emissao-de-licencas-tvde-por-mais-quatro-meses\/#primaryimage","url":"https:\/\/portaltela.pt\/s.01k8rhncp4jt1\/2026\/03\/img_1500x1000uu2024-09-09-16-54-06-1743617.jpg","contentUrl":"https:\/\/portaltela.pt\/s.01k8rhncp4jt1\/2026\/03\/img_1500x1000uu2024-09-09-16-54-06-1743617.jpg","width":796,"height":448,"caption":"Ve\u00edculos TVDE"},{"@type":"BreadcrumbList","@id":"https:\/\/portaltela.pt\/noticias\/2026\/03\/05\/governo-da-madeira-suspende-emissao-de-licencas-tvde-por-mais-quatro-meses\/#breadcrumb","itemListElement":[{"@type":"ListItem","position":1,"name":"In\u00edcio","item":"https:\/\/portaltela.pt\/"},{"@type":"ListItem","position":2,"name":"Governo da Madeira suspende emiss\u00e3o de licen\u00e7as TVDE por mais quatro meses"}]},{"@type":"WebSite","@id":"https:\/\/portaltela.pt\/#website","url":"https:\/\/portaltela.pt\/","name":"Portal Tela Portugal","description":"","potentialAction":[{"@type":"SearchAction","target":{"@type":"EntryPoint","urlTemplate":"https:\/\/portaltela.pt\/?s={search_term_string}"},"query-input":{"@type":"PropertyValueSpecification","valueRequired":true,"valueName":"search_term_string"}}],"inLanguage":"pt-PT"},{"@type":"Person","@id":"https:\/\/portaltela.pt\/#\/schema\/person\/c4278d4a6028830caff9ee44b42d32ed","name":"Telinha","image":{"@type":"ImageObject","inLanguage":"pt-PT","@id":"https:\/\/portaltela.pt\/s.01k8rhncp4jt1\/2025\/11\/talking-bot-125x125.png","url":"https:\/\/portaltela.pt\/s.01k8rhncp4jt1\/2025\/11\/talking-bot-125x125.png","contentUrl":"https:\/\/portaltela.pt\/s.01k8rhncp4jt1\/2025\/11\/talking-bot-125x125.png","caption":"Telinha"},"sameAs":["https:\/\/portaltela.pt\/"],"url":"https:\/\/portaltela.pt\/por\/367410592786\/"}]}},"_links":{"self":[{"href":"https:\/\/portaltela.pt\/api\/wp\/v2\/posts\/399088","targetHints":{"allow":["GET"]}}],"collection":[{"href":"https:\/\/portaltela.pt\/api\/wp\/v2\/posts"}],"about":[{"href":"https:\/\/portaltela.pt\/api\/wp\/v2\/types\/post"}],"author":[{"embeddable":true,"href":"https:\/\/portaltela.pt\/api\/wp\/v2\/users\/2"}],"replies":[{"embeddable":true,"href":"https:\/\/portaltela.pt\/api\/wp\/v2\/comments?post=399088"}],"version-history":[{"count":0,"href":"https:\/\/portaltela.pt\/api\/wp\/v2\/posts\/399088\/revisions"}],"wp:featuredmedia":[{"embeddable":true,"href":"https:\/\/portaltela.pt\/api\/wp\/v2\/media\/399091"}],"wp:attachment":[{"href":"https:\/\/portaltela.pt\/api\/wp\/v2\/media?parent=399088"}],"wp:term":[{"taxonomy":"category","embeddable":true,"href":"https:\/\/portaltela.pt\/api\/wp\/v2\/categories?post=399088"},{"taxonomy":"post_tag","embeddable":true,"href":"https:\/\/portaltela.pt\/api\/wp\/v2\/tags?post=399088"}],"curies":[{"name":"wp","href":"https:\/\/api.w.org\/{rel}","templated":true}]}}