{"id":399078,"date":"2026-03-05T15:10:00","date_gmt":"2026-03-05T18:10:00","guid":{"rendered":"https:\/\/portaltela.pt\/noticias\/2026\/03\/05\/bale-escolhe-o-melhor-treinador-com-quem-trabalhou-e-afirma-faziamos-o-minimo\/"},"modified":"2026-03-05T15:10:00","modified_gmt":"2026-03-05T18:10:00","slug":"bale-escolhe-o-melhor-treinador-com-quem-trabalhou-e-afirma-faziamos-o-minimo","status":"publish","type":"post","link":"https:\/\/portaltela.pt\/desporto\/futebol\/2026\/03\/05\/bale-escolhe-o-melhor-treinador-com-quem-trabalhou-e-afirma-faziamos-o-minimo\/","title":{"rendered":"Bale escolhe o melhor treinador com quem trabalhou e afirma: faz\u00edamos o m\u00ednimo"},"content":{"rendered":"<p>Gareth Bale rev\u00ea os seus tempos no Real Madrid, destacando a fase mais marcante da carreira. O ex-internacional gal\u00eas, que pendurou as chuteiras em 2022, analisa a rela\u00e7\u00e3o com os treinadores, especialmente Zidane e Carlo Ancelotti, em entrevista ao podcast Stick to FootballMagazine.<\/p>\n<p>Segundo Bale, Zidane n\u00e3o se debru\u00e7ava tanto sobre a t\u00e1tica, reservando ajustes para jogos grandes contra Barcelona ou Bayern. Em partidos mais acess\u00edveis, o treino virava essencialmente na posse de bola, remates e defesa, com o franc\u00eas a ganhar respeito pela carreira de jogador e pela participa\u00e7\u00e3o nos treinos, mesmo deixando jogadores de fora.<\/p>\n<p>Agradado pela abordagem de Ancelotti, Bale afirma que o treinador soube gerir o balne\u00e1rio com equil\u00edbrio, mantendo a linha firme quando necess\u00e1rio. O gal\u00eas descreve o italiano como algu\u00e9m que sabia impor respeito, ao mesmo tempo que criava um ambiente pr\u00f3ximo, semelhante a uma rela\u00e7\u00e3o de amizade.<\/p>\n<p>Sobre o trio BBC, Bale recorda entrosamento natural com Benzema e Cristiano Ronaldo. A perce\u00e7\u00e3o era de que o trio funcionava sem exigir grandes ajustes t\u00e1ticos, com Cristiano a evoluir para o papel de artilheiro em fases posteriores. A motiva\u00e7\u00e3o de marcar golos era determinante para o desempenho conjunto.<\/p>\n","protected":false},"excerpt":{"rendered":"<ul>\n<li>Gareth Bale afirmou que Carlo Ancelotti foi o melhor treinador com quem trabalhou no Real Madrid, elogiando o seu dom\u00ednio do balne\u00e1rio e a forma como liderava a equipa.<\/li>\n<li>Sobre Zinedine Zidane, o gal\u00eas disse que n\u00e3o era muito virado para a parte t\u00e1ctica, e que em jogos dif\u00edceis tinham de ter em conta nuances espec\u00edficas, enquanto em outros disputavam jogos com ajustes m\u00ednimos.<\/li>\n<li>Bale revelou que, com Zidane, o grupo fazia o m\u00ednimo: treino, posse de bola e remates; em partidas importantes chegavam a dedicar apenas quinze minutos a t\u00e1ticas defensivas.<\/li>\n<li>Em rela\u00e7\u00e3o ao trio BBC, Bale disse que funcionava de forma natural entre si, Benzema e Cristiano Ronaldo, sem exigirem grande trabalho t\u00e1ctico.<\/li>\n<li>Quanto a Cristiano Ronaldo, o avan\u00e7ado era motivado pela procura de golos, com Bale a notar que o portugu\u00eas jogava muitas vezes como extremo antes de se tornar artilheiro numa ou duas temporadas ap\u00f3s a sua chegada.<\/li>\n<\/ul>\n","protected":false},"author":2,"featured_media":399079,"comment_status":"closed","ping_status":"closed","sticky":false,"template":"","format":"standard","meta":{"footnotes":""},"categories":[21,24],"tags":[3218,1947,32,3338,2714,3240],"class_list":["post-399078","post","type-post","status-publish","format-standard","has-post-thumbnail","hentry","category-desporto","category-futebol","tag-carlo-ancelotti","tag-cristiano-ronaldo","tag-futebol","tag-futebol-internacional","tag-real-madrid","tag-zidane"],"yoast_head":"<!-- This site is optimized with the Yoast SEO plugin v27.2 - https:\/\/yoast.com\/product\/yoast-seo-wordpress\/ -->\n<title>Bale escolhe o melhor treinador com quem trabalhou e afirma: faz\u00edamos o m\u00ednimo - Portal Tela Portugal<\/title>\n<meta name=\"robots\" content=\"index, follow, max-snippet:-1, max-image-preview:large, max-video-preview:-1\" \/>\n<meta property=\"og:locale\" content=\"pt_PT\" \/>\n<meta property=\"og:type\" content=\"article\" \/>\n<meta property=\"og:title\" content=\"Bale escolhe o melhor treinador com quem trabalhou e afirma: faz\u00edamos o m\u00ednimo - Portal Tela Portugal\" \/>\n<meta property=\"og:description\" content=\"Gareth Bale afirmou que Carlo Ancelotti foi o melhor treinador com quem trabalhou no Real Madrid, elogiando o seu dom\u00ednio do balne\u00e1rio e a forma como liderava a equipa. Sobre Zinedine Zidane, o gal\u00eas disse que n\u00e3o era muito virado para a parte t\u00e1ctica, e que em jogos dif\u00edceis tinham de ter em conta nuances espec\u00edficas, enquanto em outros disputavam jogos com ajustes m\u00ednimos. Bale revelou que, com Zidane, o grupo fazia o m\u00ednimo: treino, posse de bola e remates; em partidas importantes chegavam a dedicar apenas quinze minutos a t\u00e1ticas defensivas. Em rela\u00e7\u00e3o ao trio BBC, Bale disse que funcionava de forma natural entre si, Benzema e Cristiano Ronaldo, sem exigirem grande trabalho t\u00e1ctico. Quanto a Cristiano Ronaldo, o avan\u00e7ado era motivado pela procura de golos, com Bale a notar que o portugu\u00eas jogava muitas vezes como extremo antes de se tornar artilheiro numa ou duas temporadas ap\u00f3s a sua chegada.\" \/>\n<meta property=\"og:url\" content=\"https:\/\/portaltela.pt\/noticias\/2026\/03\/05\/bale-escolhe-o-melhor-treinador-com-quem-trabalhou-e-afirma-faziamos-o-minimo\/\" \/>\n<meta property=\"og:site_name\" content=\"Portal Tela Portugal\" \/>\n<meta property=\"article:published_time\" content=\"2026-03-05T18:10:00+00:00\" \/>\n<meta name=\"author\" content=\"Telinha\" \/>\n<meta name=\"twitter:card\" content=\"summary_large_image\" \/>\n<meta name=\"twitter:label1\" content=\"Escrito por\" \/>\n\t<meta name=\"twitter:data1\" content=\"Telinha\" \/>\n\t<meta name=\"twitter:label2\" content=\"Tempo estimado de leitura\" \/>\n\t<meta name=\"twitter:data2\" content=\"1 minuto\" \/>\n<script type=\"application\/ld+json\" class=\"yoast-schema-graph\">{\"@context\":\"https:\/\/schema.org\",\"@graph\":[{\"@type\":\"Article\",\"@id\":\"https:\/\/portaltela.pt\/noticias\/2026\/03\/05\/bale-escolhe-o-melhor-treinador-com-quem-trabalhou-e-afirma-faziamos-o-minimo\/#article\",\"isPartOf\":{\"@id\":\"https:\/\/portaltela.pt\/noticias\/2026\/03\/05\/bale-escolhe-o-melhor-treinador-com-quem-trabalhou-e-afirma-faziamos-o-minimo\/\"},\"author\":{\"name\":\"Telinha\",\"@id\":\"https:\/\/portaltela.pt\/#\/schema\/person\/c4278d4a6028830caff9ee44b42d32ed\"},\"headline\":\"Bale escolhe o melhor treinador com quem trabalhou e afirma: faz\u00edamos o m\u00ednimo\",\"datePublished\":\"2026-03-05T18:10:00+00:00\",\"mainEntityOfPage\":{\"@id\":\"https:\/\/portaltela.pt\/noticias\/2026\/03\/05\/bale-escolhe-o-melhor-treinador-com-quem-trabalhou-e-afirma-faziamos-o-minimo\/\"},\"wordCount\":225,\"image\":{\"@id\":\"https:\/\/portaltela.pt\/noticias\/2026\/03\/05\/bale-escolhe-o-melhor-treinador-com-quem-trabalhou-e-afirma-faziamos-o-minimo\/#primaryimage\"},\"thumbnailUrl\":\"https:\/\/portaltela.pt\/s.01k8rhncp4jt1\/2026\/03\/img_920x518uu2022-03-31-15-56-06-1978835.jpg\",\"keywords\":[\"Carlo Ancelotti\",\"Cristiano Ronaldo\",\"futebol\",\"futebol internacional\",\"Real Madrid\",\"Zidane\"],\"articleSection\":[\"Desporto\",\"Futebol\"],\"inLanguage\":\"pt-PT\"},{\"@type\":\"WebPage\",\"@id\":\"https:\/\/portaltela.pt\/noticias\/2026\/03\/05\/bale-escolhe-o-melhor-treinador-com-quem-trabalhou-e-afirma-faziamos-o-minimo\/\",\"url\":\"https:\/\/portaltela.pt\/noticias\/2026\/03\/05\/bale-escolhe-o-melhor-treinador-com-quem-trabalhou-e-afirma-faziamos-o-minimo\/\",\"name\":\"Bale escolhe o melhor treinador com quem trabalhou e afirma: faz\u00edamos o m\u00ednimo - Portal Tela Portugal\",\"isPartOf\":{\"@id\":\"https:\/\/portaltela.pt\/#website\"},\"primaryImageOfPage\":{\"@id\":\"https:\/\/portaltela.pt\/noticias\/2026\/03\/05\/bale-escolhe-o-melhor-treinador-com-quem-trabalhou-e-afirma-faziamos-o-minimo\/#primaryimage\"},\"image\":{\"@id\":\"https:\/\/portaltela.pt\/noticias\/2026\/03\/05\/bale-escolhe-o-melhor-treinador-com-quem-trabalhou-e-afirma-faziamos-o-minimo\/#primaryimage\"},\"thumbnailUrl\":\"https:\/\/portaltela.pt\/s.01k8rhncp4jt1\/2026\/03\/img_920x518uu2022-03-31-15-56-06-1978835.jpg\",\"datePublished\":\"2026-03-05T18:10:00+00:00\",\"author\":{\"@id\":\"https:\/\/portaltela.pt\/#\/schema\/person\/c4278d4a6028830caff9ee44b42d32ed\"},\"breadcrumb\":{\"@id\":\"https:\/\/portaltela.pt\/noticias\/2026\/03\/05\/bale-escolhe-o-melhor-treinador-com-quem-trabalhou-e-afirma-faziamos-o-minimo\/#breadcrumb\"},\"inLanguage\":\"pt-PT\",\"potentialAction\":[{\"@type\":\"ReadAction\",\"target\":[\"https:\/\/portaltela.pt\/noticias\/2026\/03\/05\/bale-escolhe-o-melhor-treinador-com-quem-trabalhou-e-afirma-faziamos-o-minimo\/\"]}]},{\"@type\":\"ImageObject\",\"inLanguage\":\"pt-PT\",\"@id\":\"https:\/\/portaltela.pt\/noticias\/2026\/03\/05\/bale-escolhe-o-melhor-treinador-com-quem-trabalhou-e-afirma-faziamos-o-minimo\/#primaryimage\",\"url\":\"https:\/\/portaltela.pt\/s.01k8rhncp4jt1\/2026\/03\/img_920x518uu2022-03-31-15-56-06-1978835.jpg\",\"contentUrl\":\"https:\/\/portaltela.pt\/s.01k8rhncp4jt1\/2026\/03\/img_920x518uu2022-03-31-15-56-06-1978835.jpg\",\"width\":796,\"height\":448,\"caption\":\"Gareth Bale\"},{\"@type\":\"BreadcrumbList\",\"@id\":\"https:\/\/portaltela.pt\/noticias\/2026\/03\/05\/bale-escolhe-o-melhor-treinador-com-quem-trabalhou-e-afirma-faziamos-o-minimo\/#breadcrumb\",\"itemListElement\":[{\"@type\":\"ListItem\",\"position\":1,\"name\":\"In\u00edcio\",\"item\":\"https:\/\/portaltela.pt\/\"},{\"@type\":\"ListItem\",\"position\":2,\"name\":\"Bale escolhe o melhor treinador com quem trabalhou e afirma: faz\u00edamos o m\u00ednimo\"}]},{\"@type\":\"WebSite\",\"@id\":\"https:\/\/portaltela.pt\/#website\",\"url\":\"https:\/\/portaltela.pt\/\",\"name\":\"Portal Tela Portugal\",\"description\":\"\",\"potentialAction\":[{\"@type\":\"SearchAction\",\"target\":{\"@type\":\"EntryPoint\",\"urlTemplate\":\"https:\/\/portaltela.pt\/?s={search_term_string}\"},\"query-input\":{\"@type\":\"PropertyValueSpecification\",\"valueRequired\":true,\"valueName\":\"search_term_string\"}}],\"inLanguage\":\"pt-PT\"},{\"@type\":\"Person\",\"@id\":\"https:\/\/portaltela.pt\/#\/schema\/person\/c4278d4a6028830caff9ee44b42d32ed\",\"name\":\"Telinha\",\"image\":{\"@type\":\"ImageObject\",\"inLanguage\":\"pt-PT\",\"@id\":\"https:\/\/portaltela.pt\/s.01k8rhncp4jt1\/2025\/11\/talking-bot-125x125.png\",\"url\":\"https:\/\/portaltela.pt\/s.01k8rhncp4jt1\/2025\/11\/talking-bot-125x125.png\",\"contentUrl\":\"https:\/\/portaltela.pt\/s.01k8rhncp4jt1\/2025\/11\/talking-bot-125x125.png\",\"caption\":\"Telinha\"},\"sameAs\":[\"https:\/\/portaltela.pt\/\"],\"url\":\"https:\/\/portaltela.pt\/por\/367410592786\/\"}]}<\/script>\n<!-- \/ Yoast SEO plugin. -->","yoast_head_json":{"title":"Bale escolhe o melhor treinador com quem trabalhou e afirma: faz\u00edamos o m\u00ednimo - Portal Tela Portugal","robots":{"index":"index","follow":"follow","max-snippet":"max-snippet:-1","max-image-preview":"max-image-preview:large","max-video-preview":"max-video-preview:-1"},"og_locale":"pt_PT","og_type":"article","og_title":"Bale escolhe o melhor treinador com quem trabalhou e afirma: faz\u00edamos o m\u00ednimo - Portal Tela Portugal","og_description":"Gareth Bale afirmou que Carlo Ancelotti foi o melhor treinador com quem trabalhou no Real Madrid, elogiando o seu dom\u00ednio do balne\u00e1rio e a forma como liderava a equipa. Sobre Zinedine Zidane, o gal\u00eas disse que n\u00e3o era muito virado para a parte t\u00e1ctica, e que em jogos dif\u00edceis tinham de ter em conta nuances espec\u00edficas, enquanto em outros disputavam jogos com ajustes m\u00ednimos. Bale revelou que, com Zidane, o grupo fazia o m\u00ednimo: treino, posse de bola e remates; em partidas importantes chegavam a dedicar apenas quinze minutos a t\u00e1ticas defensivas. Em rela\u00e7\u00e3o ao trio BBC, Bale disse que funcionava de forma natural entre si, Benzema e Cristiano Ronaldo, sem exigirem grande trabalho t\u00e1ctico. Quanto a Cristiano Ronaldo, o avan\u00e7ado era motivado pela procura de golos, com Bale a notar que o portugu\u00eas jogava muitas vezes como extremo antes de se tornar artilheiro numa ou duas temporadas ap\u00f3s a sua chegada.","og_url":"https:\/\/portaltela.pt\/noticias\/2026\/03\/05\/bale-escolhe-o-melhor-treinador-com-quem-trabalhou-e-afirma-faziamos-o-minimo\/","og_site_name":"Portal Tela Portugal","article_published_time":"2026-03-05T18:10:00+00:00","author":"Telinha","twitter_card":"summary_large_image","twitter_misc":{"Escrito por":"Telinha","Tempo estimado de leitura":"1 minuto"},"schema":{"@context":"https:\/\/schema.org","@graph":[{"@type":"Article","@id":"https:\/\/portaltela.pt\/noticias\/2026\/03\/05\/bale-escolhe-o-melhor-treinador-com-quem-trabalhou-e-afirma-faziamos-o-minimo\/#article","isPartOf":{"@id":"https:\/\/portaltela.pt\/noticias\/2026\/03\/05\/bale-escolhe-o-melhor-treinador-com-quem-trabalhou-e-afirma-faziamos-o-minimo\/"},"author":{"name":"Telinha","@id":"https:\/\/portaltela.pt\/#\/schema\/person\/c4278d4a6028830caff9ee44b42d32ed"},"headline":"Bale escolhe o melhor treinador com quem trabalhou e afirma: faz\u00edamos o m\u00ednimo","datePublished":"2026-03-05T18:10:00+00:00","mainEntityOfPage":{"@id":"https:\/\/portaltela.pt\/noticias\/2026\/03\/05\/bale-escolhe-o-melhor-treinador-com-quem-trabalhou-e-afirma-faziamos-o-minimo\/"},"wordCount":225,"image":{"@id":"https:\/\/portaltela.pt\/noticias\/2026\/03\/05\/bale-escolhe-o-melhor-treinador-com-quem-trabalhou-e-afirma-faziamos-o-minimo\/#primaryimage"},"thumbnailUrl":"https:\/\/portaltela.pt\/s.01k8rhncp4jt1\/2026\/03\/img_920x518uu2022-03-31-15-56-06-1978835.jpg","keywords":["Carlo Ancelotti","Cristiano Ronaldo","futebol","futebol internacional","Real Madrid","Zidane"],"articleSection":["Desporto","Futebol"],"inLanguage":"pt-PT"},{"@type":"WebPage","@id":"https:\/\/portaltela.pt\/noticias\/2026\/03\/05\/bale-escolhe-o-melhor-treinador-com-quem-trabalhou-e-afirma-faziamos-o-minimo\/","url":"https:\/\/portaltela.pt\/noticias\/2026\/03\/05\/bale-escolhe-o-melhor-treinador-com-quem-trabalhou-e-afirma-faziamos-o-minimo\/","name":"Bale escolhe o melhor treinador com quem trabalhou e afirma: faz\u00edamos o m\u00ednimo - Portal Tela Portugal","isPartOf":{"@id":"https:\/\/portaltela.pt\/#website"},"primaryImageOfPage":{"@id":"https:\/\/portaltela.pt\/noticias\/2026\/03\/05\/bale-escolhe-o-melhor-treinador-com-quem-trabalhou-e-afirma-faziamos-o-minimo\/#primaryimage"},"image":{"@id":"https:\/\/portaltela.pt\/noticias\/2026\/03\/05\/bale-escolhe-o-melhor-treinador-com-quem-trabalhou-e-afirma-faziamos-o-minimo\/#primaryimage"},"thumbnailUrl":"https:\/\/portaltela.pt\/s.01k8rhncp4jt1\/2026\/03\/img_920x518uu2022-03-31-15-56-06-1978835.jpg","datePublished":"2026-03-05T18:10:00+00:00","author":{"@id":"https:\/\/portaltela.pt\/#\/schema\/person\/c4278d4a6028830caff9ee44b42d32ed"},"breadcrumb":{"@id":"https:\/\/portaltela.pt\/noticias\/2026\/03\/05\/bale-escolhe-o-melhor-treinador-com-quem-trabalhou-e-afirma-faziamos-o-minimo\/#breadcrumb"},"inLanguage":"pt-PT","potentialAction":[{"@type":"ReadAction","target":["https:\/\/portaltela.pt\/noticias\/2026\/03\/05\/bale-escolhe-o-melhor-treinador-com-quem-trabalhou-e-afirma-faziamos-o-minimo\/"]}]},{"@type":"ImageObject","inLanguage":"pt-PT","@id":"https:\/\/portaltela.pt\/noticias\/2026\/03\/05\/bale-escolhe-o-melhor-treinador-com-quem-trabalhou-e-afirma-faziamos-o-minimo\/#primaryimage","url":"https:\/\/portaltela.pt\/s.01k8rhncp4jt1\/2026\/03\/img_920x518uu2022-03-31-15-56-06-1978835.jpg","contentUrl":"https:\/\/portaltela.pt\/s.01k8rhncp4jt1\/2026\/03\/img_920x518uu2022-03-31-15-56-06-1978835.jpg","width":796,"height":448,"caption":"Gareth Bale"},{"@type":"BreadcrumbList","@id":"https:\/\/portaltela.pt\/noticias\/2026\/03\/05\/bale-escolhe-o-melhor-treinador-com-quem-trabalhou-e-afirma-faziamos-o-minimo\/#breadcrumb","itemListElement":[{"@type":"ListItem","position":1,"name":"In\u00edcio","item":"https:\/\/portaltela.pt\/"},{"@type":"ListItem","position":2,"name":"Bale escolhe o melhor treinador com quem trabalhou e afirma: faz\u00edamos o m\u00ednimo"}]},{"@type":"WebSite","@id":"https:\/\/portaltela.pt\/#website","url":"https:\/\/portaltela.pt\/","name":"Portal Tela Portugal","description":"","potentialAction":[{"@type":"SearchAction","target":{"@type":"EntryPoint","urlTemplate":"https:\/\/portaltela.pt\/?s={search_term_string}"},"query-input":{"@type":"PropertyValueSpecification","valueRequired":true,"valueName":"search_term_string"}}],"inLanguage":"pt-PT"},{"@type":"Person","@id":"https:\/\/portaltela.pt\/#\/schema\/person\/c4278d4a6028830caff9ee44b42d32ed","name":"Telinha","image":{"@type":"ImageObject","inLanguage":"pt-PT","@id":"https:\/\/portaltela.pt\/s.01k8rhncp4jt1\/2025\/11\/talking-bot-125x125.png","url":"https:\/\/portaltela.pt\/s.01k8rhncp4jt1\/2025\/11\/talking-bot-125x125.png","contentUrl":"https:\/\/portaltela.pt\/s.01k8rhncp4jt1\/2025\/11\/talking-bot-125x125.png","caption":"Telinha"},"sameAs":["https:\/\/portaltela.pt\/"],"url":"https:\/\/portaltela.pt\/por\/367410592786\/"}]}},"_links":{"self":[{"href":"https:\/\/portaltela.pt\/api\/wp\/v2\/posts\/399078","targetHints":{"allow":["GET"]}}],"collection":[{"href":"https:\/\/portaltela.pt\/api\/wp\/v2\/posts"}],"about":[{"href":"https:\/\/portaltela.pt\/api\/wp\/v2\/types\/post"}],"author":[{"embeddable":true,"href":"https:\/\/portaltela.pt\/api\/wp\/v2\/users\/2"}],"replies":[{"embeddable":true,"href":"https:\/\/portaltela.pt\/api\/wp\/v2\/comments?post=399078"}],"version-history":[{"count":0,"href":"https:\/\/portaltela.pt\/api\/wp\/v2\/posts\/399078\/revisions"}],"wp:featuredmedia":[{"embeddable":true,"href":"https:\/\/portaltela.pt\/api\/wp\/v2\/media\/399079"}],"wp:attachment":[{"href":"https:\/\/portaltela.pt\/api\/wp\/v2\/media?parent=399078"}],"wp:term":[{"taxonomy":"category","embeddable":true,"href":"https:\/\/portaltela.pt\/api\/wp\/v2\/categories?post=399078"},{"taxonomy":"post_tag","embeddable":true,"href":"https:\/\/portaltela.pt\/api\/wp\/v2\/tags?post=399078"}],"curies":[{"name":"wp","href":"https:\/\/api.w.org\/{rel}","templated":true}]}}