{"id":399059,"date":"2026-03-05T14:49:11","date_gmt":"2026-03-05T17:49:11","guid":{"rendered":"https:\/\/portaltela.pt\/noticias\/2026\/03\/05\/demolicoes-no-concelho-de-loures-afetam-fonte-da-pipa-e-talude-militar\/"},"modified":"2026-03-05T14:49:11","modified_gmt":"2026-03-05T17:49:11","slug":"demolicoes-no-concelho-de-loures-afetam-fonte-da-pipa-e-talude-militar","status":"publish","type":"post","link":"https:\/\/portaltela.pt\/noticias\/politica\/2026\/03\/05\/demolicoes-no-concelho-de-loures-afetam-fonte-da-pipa-e-talude-militar\/","title":{"rendered":"Demoli\u00e7\u00f5es no Concelho de Loures afetam Fonte da Pipa e Talude Militar"},"content":{"rendered":"<p>A C\u00e2mara Municipal de Loures demoliu constru\u00e7\u00f5es consideradas ilegais nos bairros de Fonte da Pipa e Talude Militar. A autarquia anunciou que h\u00e1 novas interven\u00e7\u00f5es de demoli\u00e7\u00e3o programadas para os pr\u00f3ximos dias, no \u00e2mbito de uma a\u00e7\u00e3o permanente de fiscaliza\u00e7\u00e3o.<\/p>\n<p>No Talude Militar, freguesia de Loures, foi derrubada uma constru\u00e7\u00e3o abarracada em alvenaria, erguida de forma ilegal e n\u00e3o habitada. A opera\u00e7\u00e3o enquadra-se na fiscaliza\u00e7\u00e3o constante do munic\u00edpio e n\u00e3o se verificou ocupa\u00e7\u00e3o recente.<\/p>\n<p>No mesmo bairro foram identificados trabalhos de amplia\u00e7\u00e3o numa constru\u00e7\u00e3o abrangida por uma provid\u00eancia cautelar ainda sem decis\u00e3o judicial. Desde setembro do ano passado j\u00e1 foram demolidas mais de 30 barracas no Talude, numa atua\u00e7\u00e3o firme contra a constru\u00e7\u00e3o clandestina.<\/p>\n<p>Em 14 de julho, a C\u00e2mara realizou uma opera\u00e7\u00e3o de demoli\u00e7\u00e3o de 64 casas prec\u00e1rias, que acolhiam 161 pessoas no Talude Militar. Os moradores e associa\u00e7\u00f5es acompanham as a\u00e7\u00f5es e criticam a falta de alternativas habitacionais.<\/p>\n<p>No \u00e2mbito da mesma fiscaliza\u00e7\u00e3o, foi demolida uma constru\u00e7\u00e3o abarracada na Fonte da Pipa, na freguesia de Camarate, Unhos e Apela\u00e7\u00e3o. A autarquia assegura que n\u00e3o permitir\u00e1 a prolifera\u00e7\u00e3o de barracas no concelho e sinaliza que novas demoli\u00e7\u00f5es ser\u00e3o feitas onde forem detetadas constru\u00e7\u00f5es ilegais.<\/p>\n<p>Alguns locais identificados t\u00eam \u00e1reas insuscet\u00edveis de reconvers\u00e3o urban\u00edstica, com sinais de eros\u00e3o e risco de deslizamentos. Questionada pela Lusa, a autarquia confirmou que na sexta-feira haver\u00e1 demoli\u00e7\u00e3o no bairro do Espinhal, em Camarate, Unhos e Apela\u00e7\u00e3o.<\/p>\n<p>O presidente da C\u00e2mara de Loures, Ricardo Le\u00e3o, socialista e em segundo mandato, tem reiterado a postura de toler\u00e2ncia zero perante ocupa\u00e7\u00e3o ilegal do solo. A autarquia mant\u00e9m o foco na elimina\u00e7\u00e3o de barracas e na fiscaliza\u00e7\u00e3o cont\u00ednua.<\/p>\n","protected":false},"excerpt":{"rendered":"<ul>\n<li>C\u00e2mara de Loures demoliu constru\u00e7\u00f5es ilegais em Fonte da Pipa e Talude Militar, com novas demoli\u00e7\u00f5es previstas nos pr\u00f3ximos dias.<\/li>\n<li>No Talude Militar, foi derrubada uma constru\u00e7\u00e3o abarracada em alvenaria que n\u00e3o estava habitada; a opera\u00e7\u00e3o integra uma a\u00e7\u00e3o permanente de fiscaliza\u00e7\u00e3o.<\/li>\n<li>Desde setembro, j\u00e1 foram demolidas mais de trinta barracas no Talude; em julho houve uma demoli\u00e7\u00e3o de maior escala, atingindo sessenta e quatro casas e cento e sessenta e uma pessoas.<\/li>\n<li>Moradores e associa\u00e7\u00f5es t\u00eamem falta de alternativas habitacionais; a autarquia garante que n\u00e3o permitir\u00e1 a prolifera\u00e7\u00e3o de barracas e que atuar\u00e1 rapidamente ante novas ilegalidades.<\/li>\n<li>No Espinhal, em Camarate, Unhos e Apela\u00e7\u00e3o, est\u00e1 prevista outra demoli\u00e7\u00e3o; h\u00e1 \u00e1reas consideradas insuscet\u00edveis de reconvers\u00e3o urban\u00edstica com riscos de eros\u00e3o e deslizamento; o presidente Ricardo Le\u00e3o mant\u00e9m posi\u00e7\u00e3o firme.<\/li>\n<\/ul>\n","protected":false},"author":2,"featured_media":399064,"comment_status":"closed","ping_status":"closed","sticky":false,"template":"","format":"standard","meta":{"footnotes":""},"categories":[1,5],"tags":[6690,3542,3004,3424,150,1680],"class_list":["post-399059","post","type-post","status-publish","format-standard","has-post-thumbnail","hentry","category-noticias","category-politica","tag-barracas","tag-demolicoes","tag-desalojados","tag-freguesias","tag-habitacao","tag-loures"],"yoast_head":"<!-- This site is optimized with the Yoast SEO plugin v27.2 - https:\/\/yoast.com\/product\/yoast-seo-wordpress\/ -->\n<title>Demoli\u00e7\u00f5es no Concelho de Loures afetam Fonte da Pipa e Talude Militar - Portal Tela Portugal<\/title>\n<meta name=\"robots\" content=\"index, follow, max-snippet:-1, max-image-preview:large, max-video-preview:-1\" \/>\n<meta property=\"og:locale\" content=\"pt_PT\" \/>\n<meta property=\"og:type\" content=\"article\" \/>\n<meta property=\"og:title\" content=\"Demoli\u00e7\u00f5es no Concelho de Loures afetam Fonte da Pipa e Talude Militar - Portal Tela Portugal\" \/>\n<meta property=\"og:description\" content=\"C\u00e2mara de Loures demoliu constru\u00e7\u00f5es ilegais em Fonte da Pipa e Talude Militar, com novas demoli\u00e7\u00f5es previstas nos pr\u00f3ximos dias. No Talude Militar, foi derrubada uma constru\u00e7\u00e3o abarracada em alvenaria que n\u00e3o estava habitada; a opera\u00e7\u00e3o integra uma a\u00e7\u00e3o permanente de fiscaliza\u00e7\u00e3o. Desde setembro, j\u00e1 foram demolidas mais de trinta barracas no Talude; em julho houve uma demoli\u00e7\u00e3o de maior escala, atingindo sessenta e quatro casas e cento e sessenta e uma pessoas. Moradores e associa\u00e7\u00f5es t\u00eamem falta de alternativas habitacionais; a autarquia garante que n\u00e3o permitir\u00e1 a prolifera\u00e7\u00e3o de barracas e que atuar\u00e1 rapidamente ante novas ilegalidades. No Espinhal, em Camarate, Unhos e Apela\u00e7\u00e3o, est\u00e1 prevista outra demoli\u00e7\u00e3o; h\u00e1 \u00e1reas consideradas insuscet\u00edveis de reconvers\u00e3o urban\u00edstica com riscos de eros\u00e3o e deslizamento; o presidente Ricardo Le\u00e3o mant\u00e9m posi\u00e7\u00e3o firme.\" \/>\n<meta property=\"og:url\" content=\"https:\/\/portaltela.pt\/noticias\/2026\/03\/05\/demolicoes-no-concelho-de-loures-afetam-fonte-da-pipa-e-talude-militar\/\" \/>\n<meta property=\"og:site_name\" content=\"Portal Tela Portugal\" \/>\n<meta property=\"article:published_time\" content=\"2026-03-05T17:49:11+00:00\" \/>\n<meta name=\"author\" content=\"Telinha\" \/>\n<meta name=\"twitter:card\" content=\"summary_large_image\" \/>\n<meta name=\"twitter:label1\" content=\"Escrito por\" \/>\n\t<meta name=\"twitter:data1\" content=\"Telinha\" \/>\n\t<meta name=\"twitter:label2\" content=\"Tempo estimado de leitura\" \/>\n\t<meta name=\"twitter:data2\" content=\"2 minutos\" \/>\n<script type=\"application\/ld+json\" class=\"yoast-schema-graph\">{\"@context\":\"https:\/\/schema.org\",\"@graph\":[{\"@type\":\"Article\",\"@id\":\"https:\/\/portaltela.pt\/noticias\/2026\/03\/05\/demolicoes-no-concelho-de-loures-afetam-fonte-da-pipa-e-talude-militar\/#article\",\"isPartOf\":{\"@id\":\"https:\/\/portaltela.pt\/noticias\/2026\/03\/05\/demolicoes-no-concelho-de-loures-afetam-fonte-da-pipa-e-talude-militar\/\"},\"author\":{\"name\":\"Telinha\",\"@id\":\"https:\/\/portaltela.pt\/#\/schema\/person\/c4278d4a6028830caff9ee44b42d32ed\"},\"headline\":\"Demoli\u00e7\u00f5es no Concelho de Loures afetam Fonte da Pipa e Talude Militar\",\"datePublished\":\"2026-03-05T17:49:11+00:00\",\"mainEntityOfPage\":{\"@id\":\"https:\/\/portaltela.pt\/noticias\/2026\/03\/05\/demolicoes-no-concelho-de-loures-afetam-fonte-da-pipa-e-talude-militar\/\"},\"wordCount\":328,\"image\":{\"@id\":\"https:\/\/portaltela.pt\/noticias\/2026\/03\/05\/demolicoes-no-concelho-de-loures-afetam-fonte-da-pipa-e-talude-militar\/#primaryimage\"},\"thumbnailUrl\":\"https:\/\/portaltela.pt\/s.01k8rhncp4jt1\/2026\/03\/img_1500x1000uu2025-07-15-19-04-56-2222950.jpg\",\"keywords\":[\"barracas\",\"demoli\u00e7\u00f5es\",\"desalojados\",\"freguesias\",\"habita\u00e7\u00e3o\",\"Loures\"],\"articleSection\":[\"Not\u00edcias\",\"Pol\u00edtica\"],\"inLanguage\":\"pt-PT\"},{\"@type\":\"WebPage\",\"@id\":\"https:\/\/portaltela.pt\/noticias\/2026\/03\/05\/demolicoes-no-concelho-de-loures-afetam-fonte-da-pipa-e-talude-militar\/\",\"url\":\"https:\/\/portaltela.pt\/noticias\/2026\/03\/05\/demolicoes-no-concelho-de-loures-afetam-fonte-da-pipa-e-talude-militar\/\",\"name\":\"Demoli\u00e7\u00f5es no Concelho de Loures afetam Fonte da Pipa e Talude Militar - Portal Tela Portugal\",\"isPartOf\":{\"@id\":\"https:\/\/portaltela.pt\/#website\"},\"primaryImageOfPage\":{\"@id\":\"https:\/\/portaltela.pt\/noticias\/2026\/03\/05\/demolicoes-no-concelho-de-loures-afetam-fonte-da-pipa-e-talude-militar\/#primaryimage\"},\"image\":{\"@id\":\"https:\/\/portaltela.pt\/noticias\/2026\/03\/05\/demolicoes-no-concelho-de-loures-afetam-fonte-da-pipa-e-talude-militar\/#primaryimage\"},\"thumbnailUrl\":\"https:\/\/portaltela.pt\/s.01k8rhncp4jt1\/2026\/03\/img_1500x1000uu2025-07-15-19-04-56-2222950.jpg\",\"datePublished\":\"2026-03-05T17:49:11+00:00\",\"author\":{\"@id\":\"https:\/\/portaltela.pt\/#\/schema\/person\/c4278d4a6028830caff9ee44b42d32ed\"},\"breadcrumb\":{\"@id\":\"https:\/\/portaltela.pt\/noticias\/2026\/03\/05\/demolicoes-no-concelho-de-loures-afetam-fonte-da-pipa-e-talude-militar\/#breadcrumb\"},\"inLanguage\":\"pt-PT\",\"potentialAction\":[{\"@type\":\"ReadAction\",\"target\":[\"https:\/\/portaltela.pt\/noticias\/2026\/03\/05\/demolicoes-no-concelho-de-loures-afetam-fonte-da-pipa-e-talude-militar\/\"]}]},{\"@type\":\"ImageObject\",\"inLanguage\":\"pt-PT\",\"@id\":\"https:\/\/portaltela.pt\/noticias\/2026\/03\/05\/demolicoes-no-concelho-de-loures-afetam-fonte-da-pipa-e-talude-militar\/#primaryimage\",\"url\":\"https:\/\/portaltela.pt\/s.01k8rhncp4jt1\/2026\/03\/img_1500x1000uu2025-07-15-19-04-56-2222950.jpg\",\"contentUrl\":\"https:\/\/portaltela.pt\/s.01k8rhncp4jt1\/2026\/03\/img_1500x1000uu2025-07-15-19-04-56-2222950.jpg\",\"width\":1500,\"height\":1000,\"caption\":\"Demoli\u00e7\u00e3o de barracas no Bairro do Talude Militar, em Loures\"},{\"@type\":\"BreadcrumbList\",\"@id\":\"https:\/\/portaltela.pt\/noticias\/2026\/03\/05\/demolicoes-no-concelho-de-loures-afetam-fonte-da-pipa-e-talude-militar\/#breadcrumb\",\"itemListElement\":[{\"@type\":\"ListItem\",\"position\":1,\"name\":\"In\u00edcio\",\"item\":\"https:\/\/portaltela.pt\/\"},{\"@type\":\"ListItem\",\"position\":2,\"name\":\"Demoli\u00e7\u00f5es no Concelho de Loures afetam Fonte da Pipa e Talude Militar\"}]},{\"@type\":\"WebSite\",\"@id\":\"https:\/\/portaltela.pt\/#website\",\"url\":\"https:\/\/portaltela.pt\/\",\"name\":\"Portal Tela Portugal\",\"description\":\"\",\"potentialAction\":[{\"@type\":\"SearchAction\",\"target\":{\"@type\":\"EntryPoint\",\"urlTemplate\":\"https:\/\/portaltela.pt\/?s={search_term_string}\"},\"query-input\":{\"@type\":\"PropertyValueSpecification\",\"valueRequired\":true,\"valueName\":\"search_term_string\"}}],\"inLanguage\":\"pt-PT\"},{\"@type\":\"Person\",\"@id\":\"https:\/\/portaltela.pt\/#\/schema\/person\/c4278d4a6028830caff9ee44b42d32ed\",\"name\":\"Telinha\",\"image\":{\"@type\":\"ImageObject\",\"inLanguage\":\"pt-PT\",\"@id\":\"https:\/\/portaltela.pt\/s.01k8rhncp4jt1\/2025\/11\/talking-bot-125x125.png\",\"url\":\"https:\/\/portaltela.pt\/s.01k8rhncp4jt1\/2025\/11\/talking-bot-125x125.png\",\"contentUrl\":\"https:\/\/portaltela.pt\/s.01k8rhncp4jt1\/2025\/11\/talking-bot-125x125.png\",\"caption\":\"Telinha\"},\"sameAs\":[\"https:\/\/portaltela.pt\/\"],\"url\":\"https:\/\/portaltela.pt\/por\/367410592786\/\"}]}<\/script>\n<!-- \/ Yoast SEO plugin. -->","yoast_head_json":{"title":"Demoli\u00e7\u00f5es no Concelho de Loures afetam Fonte da Pipa e Talude Militar - Portal Tela Portugal","robots":{"index":"index","follow":"follow","max-snippet":"max-snippet:-1","max-image-preview":"max-image-preview:large","max-video-preview":"max-video-preview:-1"},"og_locale":"pt_PT","og_type":"article","og_title":"Demoli\u00e7\u00f5es no Concelho de Loures afetam Fonte da Pipa e Talude Militar - Portal Tela Portugal","og_description":"C\u00e2mara de Loures demoliu constru\u00e7\u00f5es ilegais em Fonte da Pipa e Talude Militar, com novas demoli\u00e7\u00f5es previstas nos pr\u00f3ximos dias. No Talude Militar, foi derrubada uma constru\u00e7\u00e3o abarracada em alvenaria que n\u00e3o estava habitada; a opera\u00e7\u00e3o integra uma a\u00e7\u00e3o permanente de fiscaliza\u00e7\u00e3o. Desde setembro, j\u00e1 foram demolidas mais de trinta barracas no Talude; em julho houve uma demoli\u00e7\u00e3o de maior escala, atingindo sessenta e quatro casas e cento e sessenta e uma pessoas. Moradores e associa\u00e7\u00f5es t\u00eamem falta de alternativas habitacionais; a autarquia garante que n\u00e3o permitir\u00e1 a prolifera\u00e7\u00e3o de barracas e que atuar\u00e1 rapidamente ante novas ilegalidades. No Espinhal, em Camarate, Unhos e Apela\u00e7\u00e3o, est\u00e1 prevista outra demoli\u00e7\u00e3o; h\u00e1 \u00e1reas consideradas insuscet\u00edveis de reconvers\u00e3o urban\u00edstica com riscos de eros\u00e3o e deslizamento; o presidente Ricardo Le\u00e3o mant\u00e9m posi\u00e7\u00e3o firme.","og_url":"https:\/\/portaltela.pt\/noticias\/2026\/03\/05\/demolicoes-no-concelho-de-loures-afetam-fonte-da-pipa-e-talude-militar\/","og_site_name":"Portal Tela Portugal","article_published_time":"2026-03-05T17:49:11+00:00","author":"Telinha","twitter_card":"summary_large_image","twitter_misc":{"Escrito por":"Telinha","Tempo estimado de leitura":"2 minutos"},"schema":{"@context":"https:\/\/schema.org","@graph":[{"@type":"Article","@id":"https:\/\/portaltela.pt\/noticias\/2026\/03\/05\/demolicoes-no-concelho-de-loures-afetam-fonte-da-pipa-e-talude-militar\/#article","isPartOf":{"@id":"https:\/\/portaltela.pt\/noticias\/2026\/03\/05\/demolicoes-no-concelho-de-loures-afetam-fonte-da-pipa-e-talude-militar\/"},"author":{"name":"Telinha","@id":"https:\/\/portaltela.pt\/#\/schema\/person\/c4278d4a6028830caff9ee44b42d32ed"},"headline":"Demoli\u00e7\u00f5es no Concelho de Loures afetam Fonte da Pipa e Talude Militar","datePublished":"2026-03-05T17:49:11+00:00","mainEntityOfPage":{"@id":"https:\/\/portaltela.pt\/noticias\/2026\/03\/05\/demolicoes-no-concelho-de-loures-afetam-fonte-da-pipa-e-talude-militar\/"},"wordCount":328,"image":{"@id":"https:\/\/portaltela.pt\/noticias\/2026\/03\/05\/demolicoes-no-concelho-de-loures-afetam-fonte-da-pipa-e-talude-militar\/#primaryimage"},"thumbnailUrl":"https:\/\/portaltela.pt\/s.01k8rhncp4jt1\/2026\/03\/img_1500x1000uu2025-07-15-19-04-56-2222950.jpg","keywords":["barracas","demoli\u00e7\u00f5es","desalojados","freguesias","habita\u00e7\u00e3o","Loures"],"articleSection":["Not\u00edcias","Pol\u00edtica"],"inLanguage":"pt-PT"},{"@type":"WebPage","@id":"https:\/\/portaltela.pt\/noticias\/2026\/03\/05\/demolicoes-no-concelho-de-loures-afetam-fonte-da-pipa-e-talude-militar\/","url":"https:\/\/portaltela.pt\/noticias\/2026\/03\/05\/demolicoes-no-concelho-de-loures-afetam-fonte-da-pipa-e-talude-militar\/","name":"Demoli\u00e7\u00f5es no Concelho de Loures afetam Fonte da Pipa e Talude Militar - Portal Tela Portugal","isPartOf":{"@id":"https:\/\/portaltela.pt\/#website"},"primaryImageOfPage":{"@id":"https:\/\/portaltela.pt\/noticias\/2026\/03\/05\/demolicoes-no-concelho-de-loures-afetam-fonte-da-pipa-e-talude-militar\/#primaryimage"},"image":{"@id":"https:\/\/portaltela.pt\/noticias\/2026\/03\/05\/demolicoes-no-concelho-de-loures-afetam-fonte-da-pipa-e-talude-militar\/#primaryimage"},"thumbnailUrl":"https:\/\/portaltela.pt\/s.01k8rhncp4jt1\/2026\/03\/img_1500x1000uu2025-07-15-19-04-56-2222950.jpg","datePublished":"2026-03-05T17:49:11+00:00","author":{"@id":"https:\/\/portaltela.pt\/#\/schema\/person\/c4278d4a6028830caff9ee44b42d32ed"},"breadcrumb":{"@id":"https:\/\/portaltela.pt\/noticias\/2026\/03\/05\/demolicoes-no-concelho-de-loures-afetam-fonte-da-pipa-e-talude-militar\/#breadcrumb"},"inLanguage":"pt-PT","potentialAction":[{"@type":"ReadAction","target":["https:\/\/portaltela.pt\/noticias\/2026\/03\/05\/demolicoes-no-concelho-de-loures-afetam-fonte-da-pipa-e-talude-militar\/"]}]},{"@type":"ImageObject","inLanguage":"pt-PT","@id":"https:\/\/portaltela.pt\/noticias\/2026\/03\/05\/demolicoes-no-concelho-de-loures-afetam-fonte-da-pipa-e-talude-militar\/#primaryimage","url":"https:\/\/portaltela.pt\/s.01k8rhncp4jt1\/2026\/03\/img_1500x1000uu2025-07-15-19-04-56-2222950.jpg","contentUrl":"https:\/\/portaltela.pt\/s.01k8rhncp4jt1\/2026\/03\/img_1500x1000uu2025-07-15-19-04-56-2222950.jpg","width":1500,"height":1000,"caption":"Demoli\u00e7\u00e3o de barracas no Bairro do Talude Militar, em Loures"},{"@type":"BreadcrumbList","@id":"https:\/\/portaltela.pt\/noticias\/2026\/03\/05\/demolicoes-no-concelho-de-loures-afetam-fonte-da-pipa-e-talude-militar\/#breadcrumb","itemListElement":[{"@type":"ListItem","position":1,"name":"In\u00edcio","item":"https:\/\/portaltela.pt\/"},{"@type":"ListItem","position":2,"name":"Demoli\u00e7\u00f5es no Concelho de Loures afetam Fonte da Pipa e Talude Militar"}]},{"@type":"WebSite","@id":"https:\/\/portaltela.pt\/#website","url":"https:\/\/portaltela.pt\/","name":"Portal Tela Portugal","description":"","potentialAction":[{"@type":"SearchAction","target":{"@type":"EntryPoint","urlTemplate":"https:\/\/portaltela.pt\/?s={search_term_string}"},"query-input":{"@type":"PropertyValueSpecification","valueRequired":true,"valueName":"search_term_string"}}],"inLanguage":"pt-PT"},{"@type":"Person","@id":"https:\/\/portaltela.pt\/#\/schema\/person\/c4278d4a6028830caff9ee44b42d32ed","name":"Telinha","image":{"@type":"ImageObject","inLanguage":"pt-PT","@id":"https:\/\/portaltela.pt\/s.01k8rhncp4jt1\/2025\/11\/talking-bot-125x125.png","url":"https:\/\/portaltela.pt\/s.01k8rhncp4jt1\/2025\/11\/talking-bot-125x125.png","contentUrl":"https:\/\/portaltela.pt\/s.01k8rhncp4jt1\/2025\/11\/talking-bot-125x125.png","caption":"Telinha"},"sameAs":["https:\/\/portaltela.pt\/"],"url":"https:\/\/portaltela.pt\/por\/367410592786\/"}]}},"_links":{"self":[{"href":"https:\/\/portaltela.pt\/api\/wp\/v2\/posts\/399059","targetHints":{"allow":["GET"]}}],"collection":[{"href":"https:\/\/portaltela.pt\/api\/wp\/v2\/posts"}],"about":[{"href":"https:\/\/portaltela.pt\/api\/wp\/v2\/types\/post"}],"author":[{"embeddable":true,"href":"https:\/\/portaltela.pt\/api\/wp\/v2\/users\/2"}],"replies":[{"embeddable":true,"href":"https:\/\/portaltela.pt\/api\/wp\/v2\/comments?post=399059"}],"version-history":[{"count":0,"href":"https:\/\/portaltela.pt\/api\/wp\/v2\/posts\/399059\/revisions"}],"wp:featuredmedia":[{"embeddable":true,"href":"https:\/\/portaltela.pt\/api\/wp\/v2\/media\/399064"}],"wp:attachment":[{"href":"https:\/\/portaltela.pt\/api\/wp\/v2\/media?parent=399059"}],"wp:term":[{"taxonomy":"category","embeddable":true,"href":"https:\/\/portaltela.pt\/api\/wp\/v2\/categories?post=399059"},{"taxonomy":"post_tag","embeddable":true,"href":"https:\/\/portaltela.pt\/api\/wp\/v2\/tags?post=399059"}],"curies":[{"name":"wp","href":"https:\/\/api.w.org\/{rel}","templated":true}]}}