{"id":399053,"date":"2026-03-05T14:47:00","date_gmt":"2026-03-05T17:47:00","guid":{"rendered":"https:\/\/portaltela.pt\/noticias\/2026\/03\/05\/mulher-de-lucas-verissimo-descreve-pesadelo-para-deixar-o-qatar\/"},"modified":"2026-03-05T14:47:00","modified_gmt":"2026-03-05T17:47:00","slug":"mulher-de-lucas-verissimo-descreve-pesadelo-para-deixar-o-qatar","status":"publish","type":"post","link":"https:\/\/portaltela.pt\/noticias\/internacional\/2026\/03\/05\/mulher-de-lucas-verissimo-descreve-pesadelo-para-deixar-o-qatar\/","title":{"rendered":"Mulher de Lucas Ver\u00edssimo descreve pesadelo para deixar o Qatar"},"content":{"rendered":"<p>O espa\u00e7o a\u00e9reo do Qatar permanece fechado devido ao conflito no M\u00e9dio Oriente, impedindo a sa\u00edda de Lucas Ver\u00edssimo. O ex-jogador do Benfica, que vai regressar ao Santos, continua no Qatar.<\/p>\n<p>A mulher de Ver\u00edssimo, Amanda Farias, explicou a situa\u00e7\u00e3o via Instagram. Ela referiu que n\u00e3o h\u00e1 perspetiva de reabertura das vias a\u00e9reas e que a sa\u00edda por terra n\u00e3o \u00e9 vi\u00e1vel.<\/p>\n<p>Segundo o comunicado, h\u00e1 ataques na Ar\u00e1bia Saudita, o que torna ainda mais arriscada a travessia para o territ\u00f3rio vizinho. A prioridade \u00e9 manter a fam\u00edlia segura, incluindo filhos, c\u00e3es e uma funcion\u00e1ria.<\/p>\n<p>Amanda afirma n\u00e3o deixar ningu\u00e9m para tr\u00e1s. Segundo a mensagem, houve casos de pessoas com animais a serem impedidas de abandonar o pa\u00eds, o que refor\u00e7a a decis\u00e3o de n\u00e3o sair de Qatar.<\/p>\n<p>A fam\u00edlia aguarda evolu\u00e7\u00f5es na crise e permanece em territ\u00f3rio qatari, esperando uma resolu\u00e7\u00e3o que permita o retorno ao Brasil e, em seguida, ao clube brasileiro. O regresso est\u00e1 dependente do ambiente de seguran\u00e7a regional.<\/p>\n","protected":false},"excerpt":{"rendered":"<ul>\n<li>O espa\u00e7o a\u00e9reo do Qatar est\u00e1 encerrado devido ao conflito no M\u00e9dio Oriente, impedindo Lucas Ver\u00edssimo de deixar o pa\u00eds para o Brasil, onde vai regressar ao Santos.<\/li>\n<li>A mulher do ex-jogador, Amanda Farias, explicou a situa\u00e7\u00e3o numa story do Instagram.<\/li>\n<li>N\u00e3o h\u00e1 previs\u00e3o de reabertura do espa\u00e7o a\u00e9reo e n\u00e3o \u00e9 poss\u00edvel sair por terra, devido aos riscos na regi\u00e3o e aos avisos do governo.<\/li>\n<li>A fam\u00edlia tem dois c\u00e3es e uma funcion\u00e1ria de outra nacionalidade que depende deles; n\u00e3o v\u00e3o abandonar ningu\u00e9m.<\/li>\n<li>Amanda afirmou que houve pessoas com animais barradas e que \u201cou sai toda a gente ou n\u00e3o sai ningu\u00e9m\u201d, expressando f\u00e9 de que tudo ir\u00e1 terminar brevemente.<\/li>\n<\/ul>\n","protected":false},"author":2,"featured_media":399055,"comment_status":"closed","ping_status":"closed","sticky":false,"template":"","format":"standard","meta":{"footnotes":""},"categories":[4,1],"tags":[1946,2198,5209,2556,4559,6037],"class_list":["post-399053","post","type-post","status-publish","format-standard","has-post-thumbnail","hentry","category-internacional","category-noticias","tag-benfica","tag-conflitos-internacionais","tag-qatar","tag-santos","tag-transporte-internacional","tag-viagens-internacionais"],"yoast_head":"<!-- This site is optimized with the Yoast SEO plugin v27.2 - https:\/\/yoast.com\/product\/yoast-seo-wordpress\/ -->\n<title>Mulher de Lucas Ver\u00edssimo descreve pesadelo para deixar o Qatar - Portal Tela Portugal<\/title>\n<meta name=\"robots\" content=\"index, follow, max-snippet:-1, max-image-preview:large, max-video-preview:-1\" \/>\n<meta property=\"og:locale\" content=\"pt_PT\" \/>\n<meta property=\"og:type\" content=\"article\" \/>\n<meta property=\"og:title\" content=\"Mulher de Lucas Ver\u00edssimo descreve pesadelo para deixar o Qatar - Portal Tela Portugal\" \/>\n<meta property=\"og:description\" content=\"O espa\u00e7o a\u00e9reo do Qatar est\u00e1 encerrado devido ao conflito no M\u00e9dio Oriente, impedindo Lucas Ver\u00edssimo de deixar o pa\u00eds para o Brasil, onde vai regressar ao Santos. A mulher do ex-jogador, Amanda Farias, explicou a situa\u00e7\u00e3o numa story do Instagram. N\u00e3o h\u00e1 previs\u00e3o de reabertura do espa\u00e7o a\u00e9reo e n\u00e3o \u00e9 poss\u00edvel sair por terra, devido aos riscos na regi\u00e3o e aos avisos do governo. A fam\u00edlia tem dois c\u00e3es e uma funcion\u00e1ria de outra nacionalidade que depende deles; n\u00e3o v\u00e3o abandonar ningu\u00e9m. Amanda afirmou que houve pessoas com animais barradas e que \u201cou sai toda a gente ou n\u00e3o sai ningu\u00e9m\u201d, expressando f\u00e9 de que tudo ir\u00e1 terminar brevemente.\" \/>\n<meta property=\"og:url\" content=\"https:\/\/portaltela.pt\/noticias\/2026\/03\/05\/mulher-de-lucas-verissimo-descreve-pesadelo-para-deixar-o-qatar\/\" \/>\n<meta property=\"og:site_name\" content=\"Portal Tela Portugal\" \/>\n<meta property=\"article:published_time\" content=\"2026-03-05T17:47:00+00:00\" \/>\n<meta name=\"author\" content=\"Telinha\" \/>\n<meta name=\"twitter:card\" content=\"summary_large_image\" \/>\n<meta name=\"twitter:label1\" content=\"Escrito por\" \/>\n\t<meta name=\"twitter:data1\" content=\"Telinha\" \/>\n\t<meta name=\"twitter:label2\" content=\"Tempo estimado de leitura\" \/>\n\t<meta name=\"twitter:data2\" content=\"1 minuto\" \/>\n<script type=\"application\/ld+json\" class=\"yoast-schema-graph\">{\"@context\":\"https:\/\/schema.org\",\"@graph\":[{\"@type\":\"Article\",\"@id\":\"https:\/\/portaltela.pt\/noticias\/2026\/03\/05\/mulher-de-lucas-verissimo-descreve-pesadelo-para-deixar-o-qatar\/#article\",\"isPartOf\":{\"@id\":\"https:\/\/portaltela.pt\/noticias\/2026\/03\/05\/mulher-de-lucas-verissimo-descreve-pesadelo-para-deixar-o-qatar\/\"},\"author\":{\"name\":\"Telinha\",\"@id\":\"https:\/\/portaltela.pt\/#\/schema\/person\/c4278d4a6028830caff9ee44b42d32ed\"},\"headline\":\"Mulher de Lucas Ver\u00edssimo descreve pesadelo para deixar o Qatar\",\"datePublished\":\"2026-03-05T17:47:00+00:00\",\"mainEntityOfPage\":{\"@id\":\"https:\/\/portaltela.pt\/noticias\/2026\/03\/05\/mulher-de-lucas-verissimo-descreve-pesadelo-para-deixar-o-qatar\/\"},\"wordCount\":201,\"image\":{\"@id\":\"https:\/\/portaltela.pt\/noticias\/2026\/03\/05\/mulher-de-lucas-verissimo-descreve-pesadelo-para-deixar-o-qatar\/#primaryimage\"},\"thumbnailUrl\":\"https:\/\/portaltela.pt\/s.01k8rhncp4jt1\/2026\/03\/img_1200x721uu2026-03-05-17-45-56-2425122.jpg\",\"keywords\":[\"Benfica\",\"conflitos internacionais\",\"Qatar\",\"Santos\",\"transporte internacional\",\"viagens internacionais\"],\"articleSection\":[\"Internacional\",\"Not\u00edcias\"],\"inLanguage\":\"pt-PT\"},{\"@type\":\"WebPage\",\"@id\":\"https:\/\/portaltela.pt\/noticias\/2026\/03\/05\/mulher-de-lucas-verissimo-descreve-pesadelo-para-deixar-o-qatar\/\",\"url\":\"https:\/\/portaltela.pt\/noticias\/2026\/03\/05\/mulher-de-lucas-verissimo-descreve-pesadelo-para-deixar-o-qatar\/\",\"name\":\"Mulher de Lucas Ver\u00edssimo descreve pesadelo para deixar o Qatar - Portal Tela Portugal\",\"isPartOf\":{\"@id\":\"https:\/\/portaltela.pt\/#website\"},\"primaryImageOfPage\":{\"@id\":\"https:\/\/portaltela.pt\/noticias\/2026\/03\/05\/mulher-de-lucas-verissimo-descreve-pesadelo-para-deixar-o-qatar\/#primaryimage\"},\"image\":{\"@id\":\"https:\/\/portaltela.pt\/noticias\/2026\/03\/05\/mulher-de-lucas-verissimo-descreve-pesadelo-para-deixar-o-qatar\/#primaryimage\"},\"thumbnailUrl\":\"https:\/\/portaltela.pt\/s.01k8rhncp4jt1\/2026\/03\/img_1200x721uu2026-03-05-17-45-56-2425122.jpg\",\"datePublished\":\"2026-03-05T17:47:00+00:00\",\"author\":{\"@id\":\"https:\/\/portaltela.pt\/#\/schema\/person\/c4278d4a6028830caff9ee44b42d32ed\"},\"breadcrumb\":{\"@id\":\"https:\/\/portaltela.pt\/noticias\/2026\/03\/05\/mulher-de-lucas-verissimo-descreve-pesadelo-para-deixar-o-qatar\/#breadcrumb\"},\"inLanguage\":\"pt-PT\",\"potentialAction\":[{\"@type\":\"ReadAction\",\"target\":[\"https:\/\/portaltela.pt\/noticias\/2026\/03\/05\/mulher-de-lucas-verissimo-descreve-pesadelo-para-deixar-o-qatar\/\"]}]},{\"@type\":\"ImageObject\",\"inLanguage\":\"pt-PT\",\"@id\":\"https:\/\/portaltela.pt\/noticias\/2026\/03\/05\/mulher-de-lucas-verissimo-descreve-pesadelo-para-deixar-o-qatar\/#primaryimage\",\"url\":\"https:\/\/portaltela.pt\/s.01k8rhncp4jt1\/2026\/03\/img_1200x721uu2026-03-05-17-45-56-2425122.jpg\",\"contentUrl\":\"https:\/\/portaltela.pt\/s.01k8rhncp4jt1\/2026\/03\/img_1200x721uu2026-03-05-17-45-56-2425122.jpg\",\"width\":796,\"height\":448,\"caption\":\"Amanda Farias e Lucas Ver\u00edssimo\"},{\"@type\":\"BreadcrumbList\",\"@id\":\"https:\/\/portaltela.pt\/noticias\/2026\/03\/05\/mulher-de-lucas-verissimo-descreve-pesadelo-para-deixar-o-qatar\/#breadcrumb\",\"itemListElement\":[{\"@type\":\"ListItem\",\"position\":1,\"name\":\"In\u00edcio\",\"item\":\"https:\/\/portaltela.pt\/\"},{\"@type\":\"ListItem\",\"position\":2,\"name\":\"Mulher de Lucas Ver\u00edssimo descreve pesadelo para deixar o Qatar\"}]},{\"@type\":\"WebSite\",\"@id\":\"https:\/\/portaltela.pt\/#website\",\"url\":\"https:\/\/portaltela.pt\/\",\"name\":\"Portal Tela Portugal\",\"description\":\"\",\"potentialAction\":[{\"@type\":\"SearchAction\",\"target\":{\"@type\":\"EntryPoint\",\"urlTemplate\":\"https:\/\/portaltela.pt\/?s={search_term_string}\"},\"query-input\":{\"@type\":\"PropertyValueSpecification\",\"valueRequired\":true,\"valueName\":\"search_term_string\"}}],\"inLanguage\":\"pt-PT\"},{\"@type\":\"Person\",\"@id\":\"https:\/\/portaltela.pt\/#\/schema\/person\/c4278d4a6028830caff9ee44b42d32ed\",\"name\":\"Telinha\",\"image\":{\"@type\":\"ImageObject\",\"inLanguage\":\"pt-PT\",\"@id\":\"https:\/\/portaltela.pt\/s.01k8rhncp4jt1\/2025\/11\/talking-bot-125x125.png\",\"url\":\"https:\/\/portaltela.pt\/s.01k8rhncp4jt1\/2025\/11\/talking-bot-125x125.png\",\"contentUrl\":\"https:\/\/portaltela.pt\/s.01k8rhncp4jt1\/2025\/11\/talking-bot-125x125.png\",\"caption\":\"Telinha\"},\"sameAs\":[\"https:\/\/portaltela.pt\/\"],\"url\":\"https:\/\/portaltela.pt\/por\/367410592786\/\"}]}<\/script>\n<!-- \/ Yoast SEO plugin. -->","yoast_head_json":{"title":"Mulher de Lucas Ver\u00edssimo descreve pesadelo para deixar o Qatar - Portal Tela Portugal","robots":{"index":"index","follow":"follow","max-snippet":"max-snippet:-1","max-image-preview":"max-image-preview:large","max-video-preview":"max-video-preview:-1"},"og_locale":"pt_PT","og_type":"article","og_title":"Mulher de Lucas Ver\u00edssimo descreve pesadelo para deixar o Qatar - Portal Tela Portugal","og_description":"O espa\u00e7o a\u00e9reo do Qatar est\u00e1 encerrado devido ao conflito no M\u00e9dio Oriente, impedindo Lucas Ver\u00edssimo de deixar o pa\u00eds para o Brasil, onde vai regressar ao Santos. A mulher do ex-jogador, Amanda Farias, explicou a situa\u00e7\u00e3o numa story do Instagram. N\u00e3o h\u00e1 previs\u00e3o de reabertura do espa\u00e7o a\u00e9reo e n\u00e3o \u00e9 poss\u00edvel sair por terra, devido aos riscos na regi\u00e3o e aos avisos do governo. A fam\u00edlia tem dois c\u00e3es e uma funcion\u00e1ria de outra nacionalidade que depende deles; n\u00e3o v\u00e3o abandonar ningu\u00e9m. Amanda afirmou que houve pessoas com animais barradas e que \u201cou sai toda a gente ou n\u00e3o sai ningu\u00e9m\u201d, expressando f\u00e9 de que tudo ir\u00e1 terminar brevemente.","og_url":"https:\/\/portaltela.pt\/noticias\/2026\/03\/05\/mulher-de-lucas-verissimo-descreve-pesadelo-para-deixar-o-qatar\/","og_site_name":"Portal Tela Portugal","article_published_time":"2026-03-05T17:47:00+00:00","author":"Telinha","twitter_card":"summary_large_image","twitter_misc":{"Escrito por":"Telinha","Tempo estimado de leitura":"1 minuto"},"schema":{"@context":"https:\/\/schema.org","@graph":[{"@type":"Article","@id":"https:\/\/portaltela.pt\/noticias\/2026\/03\/05\/mulher-de-lucas-verissimo-descreve-pesadelo-para-deixar-o-qatar\/#article","isPartOf":{"@id":"https:\/\/portaltela.pt\/noticias\/2026\/03\/05\/mulher-de-lucas-verissimo-descreve-pesadelo-para-deixar-o-qatar\/"},"author":{"name":"Telinha","@id":"https:\/\/portaltela.pt\/#\/schema\/person\/c4278d4a6028830caff9ee44b42d32ed"},"headline":"Mulher de Lucas Ver\u00edssimo descreve pesadelo para deixar o Qatar","datePublished":"2026-03-05T17:47:00+00:00","mainEntityOfPage":{"@id":"https:\/\/portaltela.pt\/noticias\/2026\/03\/05\/mulher-de-lucas-verissimo-descreve-pesadelo-para-deixar-o-qatar\/"},"wordCount":201,"image":{"@id":"https:\/\/portaltela.pt\/noticias\/2026\/03\/05\/mulher-de-lucas-verissimo-descreve-pesadelo-para-deixar-o-qatar\/#primaryimage"},"thumbnailUrl":"https:\/\/portaltela.pt\/s.01k8rhncp4jt1\/2026\/03\/img_1200x721uu2026-03-05-17-45-56-2425122.jpg","keywords":["Benfica","conflitos internacionais","Qatar","Santos","transporte internacional","viagens internacionais"],"articleSection":["Internacional","Not\u00edcias"],"inLanguage":"pt-PT"},{"@type":"WebPage","@id":"https:\/\/portaltela.pt\/noticias\/2026\/03\/05\/mulher-de-lucas-verissimo-descreve-pesadelo-para-deixar-o-qatar\/","url":"https:\/\/portaltela.pt\/noticias\/2026\/03\/05\/mulher-de-lucas-verissimo-descreve-pesadelo-para-deixar-o-qatar\/","name":"Mulher de Lucas Ver\u00edssimo descreve pesadelo para deixar o Qatar - Portal Tela Portugal","isPartOf":{"@id":"https:\/\/portaltela.pt\/#website"},"primaryImageOfPage":{"@id":"https:\/\/portaltela.pt\/noticias\/2026\/03\/05\/mulher-de-lucas-verissimo-descreve-pesadelo-para-deixar-o-qatar\/#primaryimage"},"image":{"@id":"https:\/\/portaltela.pt\/noticias\/2026\/03\/05\/mulher-de-lucas-verissimo-descreve-pesadelo-para-deixar-o-qatar\/#primaryimage"},"thumbnailUrl":"https:\/\/portaltela.pt\/s.01k8rhncp4jt1\/2026\/03\/img_1200x721uu2026-03-05-17-45-56-2425122.jpg","datePublished":"2026-03-05T17:47:00+00:00","author":{"@id":"https:\/\/portaltela.pt\/#\/schema\/person\/c4278d4a6028830caff9ee44b42d32ed"},"breadcrumb":{"@id":"https:\/\/portaltela.pt\/noticias\/2026\/03\/05\/mulher-de-lucas-verissimo-descreve-pesadelo-para-deixar-o-qatar\/#breadcrumb"},"inLanguage":"pt-PT","potentialAction":[{"@type":"ReadAction","target":["https:\/\/portaltela.pt\/noticias\/2026\/03\/05\/mulher-de-lucas-verissimo-descreve-pesadelo-para-deixar-o-qatar\/"]}]},{"@type":"ImageObject","inLanguage":"pt-PT","@id":"https:\/\/portaltela.pt\/noticias\/2026\/03\/05\/mulher-de-lucas-verissimo-descreve-pesadelo-para-deixar-o-qatar\/#primaryimage","url":"https:\/\/portaltela.pt\/s.01k8rhncp4jt1\/2026\/03\/img_1200x721uu2026-03-05-17-45-56-2425122.jpg","contentUrl":"https:\/\/portaltela.pt\/s.01k8rhncp4jt1\/2026\/03\/img_1200x721uu2026-03-05-17-45-56-2425122.jpg","width":796,"height":448,"caption":"Amanda Farias e Lucas Ver\u00edssimo"},{"@type":"BreadcrumbList","@id":"https:\/\/portaltela.pt\/noticias\/2026\/03\/05\/mulher-de-lucas-verissimo-descreve-pesadelo-para-deixar-o-qatar\/#breadcrumb","itemListElement":[{"@type":"ListItem","position":1,"name":"In\u00edcio","item":"https:\/\/portaltela.pt\/"},{"@type":"ListItem","position":2,"name":"Mulher de Lucas Ver\u00edssimo descreve pesadelo para deixar o Qatar"}]},{"@type":"WebSite","@id":"https:\/\/portaltela.pt\/#website","url":"https:\/\/portaltela.pt\/","name":"Portal Tela Portugal","description":"","potentialAction":[{"@type":"SearchAction","target":{"@type":"EntryPoint","urlTemplate":"https:\/\/portaltela.pt\/?s={search_term_string}"},"query-input":{"@type":"PropertyValueSpecification","valueRequired":true,"valueName":"search_term_string"}}],"inLanguage":"pt-PT"},{"@type":"Person","@id":"https:\/\/portaltela.pt\/#\/schema\/person\/c4278d4a6028830caff9ee44b42d32ed","name":"Telinha","image":{"@type":"ImageObject","inLanguage":"pt-PT","@id":"https:\/\/portaltela.pt\/s.01k8rhncp4jt1\/2025\/11\/talking-bot-125x125.png","url":"https:\/\/portaltela.pt\/s.01k8rhncp4jt1\/2025\/11\/talking-bot-125x125.png","contentUrl":"https:\/\/portaltela.pt\/s.01k8rhncp4jt1\/2025\/11\/talking-bot-125x125.png","caption":"Telinha"},"sameAs":["https:\/\/portaltela.pt\/"],"url":"https:\/\/portaltela.pt\/por\/367410592786\/"}]}},"_links":{"self":[{"href":"https:\/\/portaltela.pt\/api\/wp\/v2\/posts\/399053","targetHints":{"allow":["GET"]}}],"collection":[{"href":"https:\/\/portaltela.pt\/api\/wp\/v2\/posts"}],"about":[{"href":"https:\/\/portaltela.pt\/api\/wp\/v2\/types\/post"}],"author":[{"embeddable":true,"href":"https:\/\/portaltela.pt\/api\/wp\/v2\/users\/2"}],"replies":[{"embeddable":true,"href":"https:\/\/portaltela.pt\/api\/wp\/v2\/comments?post=399053"}],"version-history":[{"count":0,"href":"https:\/\/portaltela.pt\/api\/wp\/v2\/posts\/399053\/revisions"}],"wp:featuredmedia":[{"embeddable":true,"href":"https:\/\/portaltela.pt\/api\/wp\/v2\/media\/399055"}],"wp:attachment":[{"href":"https:\/\/portaltela.pt\/api\/wp\/v2\/media?parent=399053"}],"wp:term":[{"taxonomy":"category","embeddable":true,"href":"https:\/\/portaltela.pt\/api\/wp\/v2\/categories?post=399053"},{"taxonomy":"post_tag","embeddable":true,"href":"https:\/\/portaltela.pt\/api\/wp\/v2\/tags?post=399053"}],"curies":[{"name":"wp","href":"https:\/\/api.w.org\/{rel}","templated":true}]}}