{"id":399036,"date":"2026-03-05T14:56:38","date_gmt":"2026-03-05T17:56:38","guid":{"rendered":"https:\/\/portaltela.pt\/noticias\/2026\/03\/05\/exercito-portugues-quer-reforcar-treino-e-inovacao-ante-contexto-contexto-global-incerto\/"},"modified":"2026-03-05T14:56:38","modified_gmt":"2026-03-05T17:56:38","slug":"exercito-portugues-quer-reforcar-treino-e-inovacao-ante-contexto-contexto-global-incerto","status":"publish","type":"post","link":"https:\/\/portaltela.pt\/noticias\/internacional\/2026\/03\/05\/exercito-portugues-quer-reforcar-treino-e-inovacao-ante-contexto-contexto-global-incerto\/","title":{"rendered":"Ex\u00e9rcito portugu\u00eas quer refor\u00e7ar treino e inova\u00e7\u00e3o ante contexto contexto global incerto"},"content":{"rendered":"<p>O Ex\u00e9rcito Portugu\u00eas pretende refor\u00e7ar treino e inova\u00e7\u00e3o para enfrentar um contexto internacional considerado incerto e vol\u00e1til. O an\u00fancio foi feito pelo chefe do Estado-Maior do Ex\u00e9rcito (CEME) durante a rece\u00e7\u00e3o do Estandarte Nacional da 3.\u00aa For\u00e7a Nacional Destacada, em Santa Margarida, Const\u00e2ncia. A cerim\u00f3nia marcou o regresso da for\u00e7a \u00e0 NATO na Eslov\u00e1quia.<\/p>\n<p>Segundo o CEME, o segundo mandato visa manter a continuidade da estrat\u00e9gia j\u00e1 definida, com especial foco no treino operacional e na inova\u00e7\u00e3o tecnol\u00f3gica. O objetivo passa pela constru\u00e7\u00e3o da chamada For\u00e7a Terrestre 2045 e pela garantia da sua sustenta\u00e7\u00e3o.<\/p>\n<p>Durante dois anos, o Ex\u00e9rcito pretende transformar educa\u00e7\u00e3o, forma\u00e7\u00e3o e treino, recorrendo a tecnologias de simula\u00e7\u00e3o. Est\u00e3o previstas instala\u00e7\u00f5es de novos sistemas de simula\u00e7\u00e3o no Campo Militar de Santa Margarida para tornar o treino mais realista.<\/p>\n<h3>Prioridades de treino e inova\u00e7\u00e3o<\/h3>\n<p>O general Eduardo Ferr\u00e3o afirmou que, num ambiente estrat\u00e9gico incerto, \u00e9 essencial apostar na forma\u00e7\u00e3o e na inova\u00e7\u00e3o, com especial \u00eanfase na ado\u00e7\u00e3o de novas tecnologias. A evolu\u00e7\u00e3o do treino permite ciclos de adapta\u00e7\u00e3o mais r\u00e1pidos a cen\u00e1rios de conflito.<\/p>\n<p>Portugal acompanha de perto o atual contexto internacional, mantendo for\u00e7as no flanco leste da Europa no \u00e2mbito da NATO e contingentes em miss\u00f5es da ONU em \u00c1frica. A participa\u00e7\u00e3o refor\u00e7a a credibilidade internacional das For\u00e7as Armadas, segundo Ferr\u00e3o.<\/p>\n<h3>Moderniza\u00e7\u00e3o de equipamento<\/h3>\n<p>Foi confirmada a substitui\u00e7\u00e3o das viaturas blindadas M113, consideradas desatualizadas. O Ex\u00e9rcito pretende assegurar equipamento moderno para cumprir as miss\u00f5es sob as suas responsabilidades e para a integra\u00e7\u00e3o em for\u00e7as multinacionais.<\/p>\n<p>Esta cerim\u00f3nia marcou ainda a primeira atua\u00e7\u00e3o p\u00fablica de Ferr\u00e3o ap\u00f3s a recondu\u00e7\u00e3o no cargo para dois anos. O general lembrou o in\u00edcio da carreira no Campo de Santa Margarida, onde foi formado em 1985.<\/p>\n","protected":false},"excerpt":{"rendered":"<ul>\n<li>O Ex\u00e9rcito portugu\u00eas quer refor\u00e7ar treino operacional e inova\u00e7\u00e3o face a um contexto internacional incerto e vol\u00e1til.<\/li>\n<li>O segundo mandato do Chefe do Estado-Maior do Ex\u00e9rcito, General Eduardo Ferr\u00e3o, foca continuidade e refor\u00e7o de prioridades, com a For\u00e7a Terrestre 2045 no centro.<\/li>\n<li>Entre as prioridades est\u00e3o a transforma\u00e7\u00e3o da educa\u00e7\u00e3o, forma\u00e7\u00e3o e treino, com maior uso de tecnologias e simula\u00e7\u00e3o.<\/li>\n<li>Prev\u00ea-se a instala\u00e7\u00e3o de novos sistemas de simula\u00e7\u00e3o no Campo Militar de Santa Margarida para treinos mais realistas e ciclos de adapta\u00e7\u00e3o mais r\u00e1pidos.<\/li>\n<li>O processo de substitui\u00e7\u00e3o das viaturas blindadas M113 est\u00e1 em curso, com objetivo de entregar equipamento moderno para as miss\u00f5es da NATO e de opera\u00e7\u00f5es da ONU.<\/li>\n<\/ul>\n","protected":false},"author":2,"featured_media":399039,"comment_status":"closed","ping_status":"closed","sticky":false,"template":"","format":"standard","meta":{"footnotes":""},"categories":[4,1],"tags":[4021,1779,33,1014,153,1731],"class_list":["post-399036","post","type-post","status-publish","format-standard","has-post-thumbnail","hentry","category-internacional","category-noticias","tag-constancia","tag-forcas-armadas","tag-inovacao","tag-portugal","tag-tecnologia","tag-treino"],"yoast_head":"<!-- This site is optimized with the Yoast SEO plugin v27.2 - https:\/\/yoast.com\/product\/yoast-seo-wordpress\/ -->\n<title>Ex\u00e9rcito portugu\u00eas quer refor\u00e7ar treino e inova\u00e7\u00e3o ante contexto contexto global incerto - Portal Tela Portugal<\/title>\n<meta name=\"robots\" content=\"index, follow, max-snippet:-1, max-image-preview:large, max-video-preview:-1\" \/>\n<meta property=\"og:locale\" content=\"pt_PT\" \/>\n<meta property=\"og:type\" content=\"article\" \/>\n<meta property=\"og:title\" content=\"Ex\u00e9rcito portugu\u00eas quer refor\u00e7ar treino e inova\u00e7\u00e3o ante contexto contexto global incerto - Portal Tela Portugal\" \/>\n<meta property=\"og:description\" content=\"O Ex\u00e9rcito portugu\u00eas quer refor\u00e7ar treino operacional e inova\u00e7\u00e3o face a um contexto internacional incerto e vol\u00e1til. O segundo mandato do Chefe do Estado-Maior do Ex\u00e9rcito, General Eduardo Ferr\u00e3o, foca continuidade e refor\u00e7o de prioridades, com a For\u00e7a Terrestre 2045 no centro. Entre as prioridades est\u00e3o a transforma\u00e7\u00e3o da educa\u00e7\u00e3o, forma\u00e7\u00e3o e treino, com maior uso de tecnologias e simula\u00e7\u00e3o. Prev\u00ea-se a instala\u00e7\u00e3o de novos sistemas de simula\u00e7\u00e3o no Campo Militar de Santa Margarida para treinos mais realistas e ciclos de adapta\u00e7\u00e3o mais r\u00e1pidos. O processo de substitui\u00e7\u00e3o das viaturas blindadas M113 est\u00e1 em curso, com objetivo de entregar equipamento moderno para as miss\u00f5es da NATO e de opera\u00e7\u00f5es da ONU.\" \/>\n<meta property=\"og:url\" content=\"https:\/\/portaltela.pt\/noticias\/2026\/03\/05\/exercito-portugues-quer-reforcar-treino-e-inovacao-ante-contexto-contexto-global-incerto\/\" \/>\n<meta property=\"og:site_name\" content=\"Portal Tela Portugal\" \/>\n<meta property=\"article:published_time\" content=\"2026-03-05T17:56:38+00:00\" \/>\n<meta name=\"author\" content=\"Telinha\" \/>\n<meta name=\"twitter:card\" content=\"summary_large_image\" \/>\n<meta name=\"twitter:label1\" content=\"Escrito por\" \/>\n\t<meta name=\"twitter:data1\" content=\"Telinha\" \/>\n\t<meta name=\"twitter:label2\" content=\"Tempo estimado de leitura\" \/>\n\t<meta name=\"twitter:data2\" content=\"2 minutos\" \/>\n<script type=\"application\/ld+json\" class=\"yoast-schema-graph\">{\"@context\":\"https:\/\/schema.org\",\"@graph\":[{\"@type\":\"Article\",\"@id\":\"https:\/\/portaltela.pt\/noticias\/2026\/03\/05\/exercito-portugues-quer-reforcar-treino-e-inovacao-ante-contexto-contexto-global-incerto\/#article\",\"isPartOf\":{\"@id\":\"https:\/\/portaltela.pt\/noticias\/2026\/03\/05\/exercito-portugues-quer-reforcar-treino-e-inovacao-ante-contexto-contexto-global-incerto\/\"},\"author\":{\"name\":\"Telinha\",\"@id\":\"https:\/\/portaltela.pt\/#\/schema\/person\/c4278d4a6028830caff9ee44b42d32ed\"},\"headline\":\"Ex\u00e9rcito portugu\u00eas quer refor\u00e7ar treino e inova\u00e7\u00e3o ante contexto contexto global incerto\",\"datePublished\":\"2026-03-05T17:56:38+00:00\",\"mainEntityOfPage\":{\"@id\":\"https:\/\/portaltela.pt\/noticias\/2026\/03\/05\/exercito-portugues-quer-reforcar-treino-e-inovacao-ante-contexto-contexto-global-incerto\/\"},\"wordCount\":348,\"image\":{\"@id\":\"https:\/\/portaltela.pt\/noticias\/2026\/03\/05\/exercito-portugues-quer-reforcar-treino-e-inovacao-ante-contexto-contexto-global-incerto\/#primaryimage\"},\"thumbnailUrl\":\"https:\/\/portaltela.pt\/s.01k8rhncp4jt1\/2026\/03\/img_1500x1000uu2023-10-29-18-17-33-1479947.jpg\",\"keywords\":[\"Const\u00e2ncia\",\"For\u00e7as Armadas\",\"inova\u00e7\u00e3o\",\"Portugal\",\"tecnologia\",\"treino\"],\"articleSection\":[\"Internacional\",\"Not\u00edcias\"],\"inLanguage\":\"pt-PT\"},{\"@type\":\"WebPage\",\"@id\":\"https:\/\/portaltela.pt\/noticias\/2026\/03\/05\/exercito-portugues-quer-reforcar-treino-e-inovacao-ante-contexto-contexto-global-incerto\/\",\"url\":\"https:\/\/portaltela.pt\/noticias\/2026\/03\/05\/exercito-portugues-quer-reforcar-treino-e-inovacao-ante-contexto-contexto-global-incerto\/\",\"name\":\"Ex\u00e9rcito portugu\u00eas quer refor\u00e7ar treino e inova\u00e7\u00e3o ante contexto contexto global incerto - Portal Tela Portugal\",\"isPartOf\":{\"@id\":\"https:\/\/portaltela.pt\/#website\"},\"primaryImageOfPage\":{\"@id\":\"https:\/\/portaltela.pt\/noticias\/2026\/03\/05\/exercito-portugues-quer-reforcar-treino-e-inovacao-ante-contexto-contexto-global-incerto\/#primaryimage\"},\"image\":{\"@id\":\"https:\/\/portaltela.pt\/noticias\/2026\/03\/05\/exercito-portugues-quer-reforcar-treino-e-inovacao-ante-contexto-contexto-global-incerto\/#primaryimage\"},\"thumbnailUrl\":\"https:\/\/portaltela.pt\/s.01k8rhncp4jt1\/2026\/03\/img_1500x1000uu2023-10-29-18-17-33-1479947.jpg\",\"datePublished\":\"2026-03-05T17:56:38+00:00\",\"author\":{\"@id\":\"https:\/\/portaltela.pt\/#\/schema\/person\/c4278d4a6028830caff9ee44b42d32ed\"},\"breadcrumb\":{\"@id\":\"https:\/\/portaltela.pt\/noticias\/2026\/03\/05\/exercito-portugues-quer-reforcar-treino-e-inovacao-ante-contexto-contexto-global-incerto\/#breadcrumb\"},\"inLanguage\":\"pt-PT\",\"potentialAction\":[{\"@type\":\"ReadAction\",\"target\":[\"https:\/\/portaltela.pt\/noticias\/2026\/03\/05\/exercito-portugues-quer-reforcar-treino-e-inovacao-ante-contexto-contexto-global-incerto\/\"]}]},{\"@type\":\"ImageObject\",\"inLanguage\":\"pt-PT\",\"@id\":\"https:\/\/portaltela.pt\/noticias\/2026\/03\/05\/exercito-portugues-quer-reforcar-treino-e-inovacao-ante-contexto-contexto-global-incerto\/#primaryimage\",\"url\":\"https:\/\/portaltela.pt\/s.01k8rhncp4jt1\/2026\/03\/img_1500x1000uu2023-10-29-18-17-33-1479947.jpg\",\"contentUrl\":\"https:\/\/portaltela.pt\/s.01k8rhncp4jt1\/2026\/03\/img_1500x1000uu2023-10-29-18-17-33-1479947.jpg\",\"width\":796,\"height\":448,\"caption\":\"Ex\u00e9rcito Portugu\u00eas\"},{\"@type\":\"BreadcrumbList\",\"@id\":\"https:\/\/portaltela.pt\/noticias\/2026\/03\/05\/exercito-portugues-quer-reforcar-treino-e-inovacao-ante-contexto-contexto-global-incerto\/#breadcrumb\",\"itemListElement\":[{\"@type\":\"ListItem\",\"position\":1,\"name\":\"In\u00edcio\",\"item\":\"https:\/\/portaltela.pt\/\"},{\"@type\":\"ListItem\",\"position\":2,\"name\":\"Ex\u00e9rcito portugu\u00eas quer refor\u00e7ar treino e inova\u00e7\u00e3o ante contexto contexto global incerto\"}]},{\"@type\":\"WebSite\",\"@id\":\"https:\/\/portaltela.pt\/#website\",\"url\":\"https:\/\/portaltela.pt\/\",\"name\":\"Portal Tela Portugal\",\"description\":\"\",\"potentialAction\":[{\"@type\":\"SearchAction\",\"target\":{\"@type\":\"EntryPoint\",\"urlTemplate\":\"https:\/\/portaltela.pt\/?s={search_term_string}\"},\"query-input\":{\"@type\":\"PropertyValueSpecification\",\"valueRequired\":true,\"valueName\":\"search_term_string\"}}],\"inLanguage\":\"pt-PT\"},{\"@type\":\"Person\",\"@id\":\"https:\/\/portaltela.pt\/#\/schema\/person\/c4278d4a6028830caff9ee44b42d32ed\",\"name\":\"Telinha\",\"image\":{\"@type\":\"ImageObject\",\"inLanguage\":\"pt-PT\",\"@id\":\"https:\/\/portaltela.pt\/s.01k8rhncp4jt1\/2025\/11\/talking-bot-125x125.png\",\"url\":\"https:\/\/portaltela.pt\/s.01k8rhncp4jt1\/2025\/11\/talking-bot-125x125.png\",\"contentUrl\":\"https:\/\/portaltela.pt\/s.01k8rhncp4jt1\/2025\/11\/talking-bot-125x125.png\",\"caption\":\"Telinha\"},\"sameAs\":[\"https:\/\/portaltela.pt\/\"],\"url\":\"https:\/\/portaltela.pt\/por\/367410592786\/\"}]}<\/script>\n<!-- \/ Yoast SEO plugin. -->","yoast_head_json":{"title":"Ex\u00e9rcito portugu\u00eas quer refor\u00e7ar treino e inova\u00e7\u00e3o ante contexto contexto global incerto - Portal Tela Portugal","robots":{"index":"index","follow":"follow","max-snippet":"max-snippet:-1","max-image-preview":"max-image-preview:large","max-video-preview":"max-video-preview:-1"},"og_locale":"pt_PT","og_type":"article","og_title":"Ex\u00e9rcito portugu\u00eas quer refor\u00e7ar treino e inova\u00e7\u00e3o ante contexto contexto global incerto - Portal Tela Portugal","og_description":"O Ex\u00e9rcito portugu\u00eas quer refor\u00e7ar treino operacional e inova\u00e7\u00e3o face a um contexto internacional incerto e vol\u00e1til. O segundo mandato do Chefe do Estado-Maior do Ex\u00e9rcito, General Eduardo Ferr\u00e3o, foca continuidade e refor\u00e7o de prioridades, com a For\u00e7a Terrestre 2045 no centro. Entre as prioridades est\u00e3o a transforma\u00e7\u00e3o da educa\u00e7\u00e3o, forma\u00e7\u00e3o e treino, com maior uso de tecnologias e simula\u00e7\u00e3o. Prev\u00ea-se a instala\u00e7\u00e3o de novos sistemas de simula\u00e7\u00e3o no Campo Militar de Santa Margarida para treinos mais realistas e ciclos de adapta\u00e7\u00e3o mais r\u00e1pidos. O processo de substitui\u00e7\u00e3o das viaturas blindadas M113 est\u00e1 em curso, com objetivo de entregar equipamento moderno para as miss\u00f5es da NATO e de opera\u00e7\u00f5es da ONU.","og_url":"https:\/\/portaltela.pt\/noticias\/2026\/03\/05\/exercito-portugues-quer-reforcar-treino-e-inovacao-ante-contexto-contexto-global-incerto\/","og_site_name":"Portal Tela Portugal","article_published_time":"2026-03-05T17:56:38+00:00","author":"Telinha","twitter_card":"summary_large_image","twitter_misc":{"Escrito por":"Telinha","Tempo estimado de leitura":"2 minutos"},"schema":{"@context":"https:\/\/schema.org","@graph":[{"@type":"Article","@id":"https:\/\/portaltela.pt\/noticias\/2026\/03\/05\/exercito-portugues-quer-reforcar-treino-e-inovacao-ante-contexto-contexto-global-incerto\/#article","isPartOf":{"@id":"https:\/\/portaltela.pt\/noticias\/2026\/03\/05\/exercito-portugues-quer-reforcar-treino-e-inovacao-ante-contexto-contexto-global-incerto\/"},"author":{"name":"Telinha","@id":"https:\/\/portaltela.pt\/#\/schema\/person\/c4278d4a6028830caff9ee44b42d32ed"},"headline":"Ex\u00e9rcito portugu\u00eas quer refor\u00e7ar treino e inova\u00e7\u00e3o ante contexto contexto global incerto","datePublished":"2026-03-05T17:56:38+00:00","mainEntityOfPage":{"@id":"https:\/\/portaltela.pt\/noticias\/2026\/03\/05\/exercito-portugues-quer-reforcar-treino-e-inovacao-ante-contexto-contexto-global-incerto\/"},"wordCount":348,"image":{"@id":"https:\/\/portaltela.pt\/noticias\/2026\/03\/05\/exercito-portugues-quer-reforcar-treino-e-inovacao-ante-contexto-contexto-global-incerto\/#primaryimage"},"thumbnailUrl":"https:\/\/portaltela.pt\/s.01k8rhncp4jt1\/2026\/03\/img_1500x1000uu2023-10-29-18-17-33-1479947.jpg","keywords":["Const\u00e2ncia","For\u00e7as Armadas","inova\u00e7\u00e3o","Portugal","tecnologia","treino"],"articleSection":["Internacional","Not\u00edcias"],"inLanguage":"pt-PT"},{"@type":"WebPage","@id":"https:\/\/portaltela.pt\/noticias\/2026\/03\/05\/exercito-portugues-quer-reforcar-treino-e-inovacao-ante-contexto-contexto-global-incerto\/","url":"https:\/\/portaltela.pt\/noticias\/2026\/03\/05\/exercito-portugues-quer-reforcar-treino-e-inovacao-ante-contexto-contexto-global-incerto\/","name":"Ex\u00e9rcito portugu\u00eas quer refor\u00e7ar treino e inova\u00e7\u00e3o ante contexto contexto global incerto - Portal Tela Portugal","isPartOf":{"@id":"https:\/\/portaltela.pt\/#website"},"primaryImageOfPage":{"@id":"https:\/\/portaltela.pt\/noticias\/2026\/03\/05\/exercito-portugues-quer-reforcar-treino-e-inovacao-ante-contexto-contexto-global-incerto\/#primaryimage"},"image":{"@id":"https:\/\/portaltela.pt\/noticias\/2026\/03\/05\/exercito-portugues-quer-reforcar-treino-e-inovacao-ante-contexto-contexto-global-incerto\/#primaryimage"},"thumbnailUrl":"https:\/\/portaltela.pt\/s.01k8rhncp4jt1\/2026\/03\/img_1500x1000uu2023-10-29-18-17-33-1479947.jpg","datePublished":"2026-03-05T17:56:38+00:00","author":{"@id":"https:\/\/portaltela.pt\/#\/schema\/person\/c4278d4a6028830caff9ee44b42d32ed"},"breadcrumb":{"@id":"https:\/\/portaltela.pt\/noticias\/2026\/03\/05\/exercito-portugues-quer-reforcar-treino-e-inovacao-ante-contexto-contexto-global-incerto\/#breadcrumb"},"inLanguage":"pt-PT","potentialAction":[{"@type":"ReadAction","target":["https:\/\/portaltela.pt\/noticias\/2026\/03\/05\/exercito-portugues-quer-reforcar-treino-e-inovacao-ante-contexto-contexto-global-incerto\/"]}]},{"@type":"ImageObject","inLanguage":"pt-PT","@id":"https:\/\/portaltela.pt\/noticias\/2026\/03\/05\/exercito-portugues-quer-reforcar-treino-e-inovacao-ante-contexto-contexto-global-incerto\/#primaryimage","url":"https:\/\/portaltela.pt\/s.01k8rhncp4jt1\/2026\/03\/img_1500x1000uu2023-10-29-18-17-33-1479947.jpg","contentUrl":"https:\/\/portaltela.pt\/s.01k8rhncp4jt1\/2026\/03\/img_1500x1000uu2023-10-29-18-17-33-1479947.jpg","width":796,"height":448,"caption":"Ex\u00e9rcito Portugu\u00eas"},{"@type":"BreadcrumbList","@id":"https:\/\/portaltela.pt\/noticias\/2026\/03\/05\/exercito-portugues-quer-reforcar-treino-e-inovacao-ante-contexto-contexto-global-incerto\/#breadcrumb","itemListElement":[{"@type":"ListItem","position":1,"name":"In\u00edcio","item":"https:\/\/portaltela.pt\/"},{"@type":"ListItem","position":2,"name":"Ex\u00e9rcito portugu\u00eas quer refor\u00e7ar treino e inova\u00e7\u00e3o ante contexto contexto global incerto"}]},{"@type":"WebSite","@id":"https:\/\/portaltela.pt\/#website","url":"https:\/\/portaltela.pt\/","name":"Portal Tela Portugal","description":"","potentialAction":[{"@type":"SearchAction","target":{"@type":"EntryPoint","urlTemplate":"https:\/\/portaltela.pt\/?s={search_term_string}"},"query-input":{"@type":"PropertyValueSpecification","valueRequired":true,"valueName":"search_term_string"}}],"inLanguage":"pt-PT"},{"@type":"Person","@id":"https:\/\/portaltela.pt\/#\/schema\/person\/c4278d4a6028830caff9ee44b42d32ed","name":"Telinha","image":{"@type":"ImageObject","inLanguage":"pt-PT","@id":"https:\/\/portaltela.pt\/s.01k8rhncp4jt1\/2025\/11\/talking-bot-125x125.png","url":"https:\/\/portaltela.pt\/s.01k8rhncp4jt1\/2025\/11\/talking-bot-125x125.png","contentUrl":"https:\/\/portaltela.pt\/s.01k8rhncp4jt1\/2025\/11\/talking-bot-125x125.png","caption":"Telinha"},"sameAs":["https:\/\/portaltela.pt\/"],"url":"https:\/\/portaltela.pt\/por\/367410592786\/"}]}},"_links":{"self":[{"href":"https:\/\/portaltela.pt\/api\/wp\/v2\/posts\/399036","targetHints":{"allow":["GET"]}}],"collection":[{"href":"https:\/\/portaltela.pt\/api\/wp\/v2\/posts"}],"about":[{"href":"https:\/\/portaltela.pt\/api\/wp\/v2\/types\/post"}],"author":[{"embeddable":true,"href":"https:\/\/portaltela.pt\/api\/wp\/v2\/users\/2"}],"replies":[{"embeddable":true,"href":"https:\/\/portaltela.pt\/api\/wp\/v2\/comments?post=399036"}],"version-history":[{"count":0,"href":"https:\/\/portaltela.pt\/api\/wp\/v2\/posts\/399036\/revisions"}],"wp:featuredmedia":[{"embeddable":true,"href":"https:\/\/portaltela.pt\/api\/wp\/v2\/media\/399039"}],"wp:attachment":[{"href":"https:\/\/portaltela.pt\/api\/wp\/v2\/media?parent=399036"}],"wp:term":[{"taxonomy":"category","embeddable":true,"href":"https:\/\/portaltela.pt\/api\/wp\/v2\/categories?post=399036"},{"taxonomy":"post_tag","embeddable":true,"href":"https:\/\/portaltela.pt\/api\/wp\/v2\/tags?post=399036"}],"curies":[{"name":"wp","href":"https:\/\/api.w.org\/{rel}","templated":true}]}}