{"id":399035,"date":"2026-03-05T14:46:13","date_gmt":"2026-03-05T17:46:13","guid":{"rendered":"https:\/\/portaltela.pt\/noticias\/2026\/03\/05\/ex-militar-dos-eua-critica-guerra-com-o-irao-em-audiencia-no-senado\/"},"modified":"2026-03-05T14:46:13","modified_gmt":"2026-03-05T17:46:13","slug":"ex-militar-dos-eua-critica-guerra-com-o-irao-em-audiencia-no-senado","status":"publish","type":"post","link":"https:\/\/portaltela.pt\/noticias\/internacional\/2026\/03\/05\/ex-militar-dos-eua-critica-guerra-com-o-irao-em-audiencia-no-senado\/","title":{"rendered":"Ex-militar dos EUA critica guerra com o Ir\u00e3o em audi\u00eancia no Senado"},"content":{"rendered":"<p>Brian C. McGinnis, um ex-militar norte-americano, interrompeu uma audi\u00eancia no Senado dos EUA com um protesto contra a campanha militar no Ir\u00e3o. O incidente ocorreu durante a sess\u00e3o, na sede do Capitol, esta quarta-feira. McGinnis resistiu \u00e0 deten\u00e7\u00e3o e manteve a posi\u00e7\u00e3o at\u00e9 ser retirado pelos agentes.<\/p>\n<p>Deten\u00e7\u00e3o e viol\u00eancia: o homem foi detido ap\u00f3s insistir no protesto. Foi necess\u00e1rio recorrer \u00e0 remo\u00e7\u00e3o \u00e0 for\u00e7a por parte da pol\u00edcia do Capit\u00f3lio, que acabou por dispersar o grupo presente.<\/p>\n<p>Tr\u00eas agentes ficaram feridos no decorrer do incidente, cuja gravidade ainda est\u00e1 a ser apurada pelas autoridades. A audi\u00eancia seguiu apenas ap\u00f3s a retirada de McGinnis, sem mais interrup\u00e7\u00f5es aparentes.<\/p>\n<h3>Detalhes do incidente<\/h3>\n<p>A den\u00fancia aponta que o ex-militar foi removido da sala de sess\u00f5es rapidamente. A pol\u00edcia do Capit\u00f3lio informou que o protesto n\u00e3o envolveu outras pessoas al\u00e9m do interveniente. A comiss\u00e3o legislativa n\u00e3o revelou se h\u00e1 medidas disciplinares adicionais.<\/p>\n<p>A audi\u00eancia, que versava sobre pol\u00edtica externa e a situa\u00e7\u00e3o no Ir\u00e3o, decorreu com normalidade ap\u00f3s o desalojamento. O conte\u00fado exato do protesto n\u00e3o foi detalhado pelas autoridades. McGinnis permanece sob avalia\u00e7\u00e3o das autoridades competentes.<\/p>\n","protected":false},"excerpt":{"rendered":"<ul>\n<li>Brian C. McGinnis, ex-militar norte-americano, foi detido ap\u00f3s interromper uma audi\u00eancia no Senado dos EUA.<\/li>\n<li>O protesto foi dirigido contra a campanha militar no Ir\u00e3o; o homem resistiu \u00e0 deten\u00e7\u00e3o.<\/li>\n<li>Foi retirado \u00e0 for\u00e7a por agentes da pol\u00edcia do Capit\u00f3lio.<\/li>\n<li>O incidente deixou tr\u00eas agentes feridos.<\/li>\n<li>A ocorr\u00eancia ocorreu na audi\u00eancia do Senado, em cinco de mar\u00e7o de 2026, \u00e0s 17:46.<\/li>\n<\/ul>\n","protected":false},"author":2,"featured_media":399038,"comment_status":"closed","ping_status":"closed","sticky":false,"template":"","format":"standard","meta":{"footnotes":""},"categories":[4,1],"tags":[1600,5698,2857,98,939],"class_list":["post-399035","post","type-post","status-publish","format-standard","has-post-thumbnail","hentry","category-internacional","category-noticias","tag-estados-unidos","tag-politica-internacional","tag-protestos","tag-senado","tag-violencia"],"yoast_head":"<!-- This site is optimized with the Yoast SEO plugin v27.2 - https:\/\/yoast.com\/product\/yoast-seo-wordpress\/ -->\n<title>Ex-militar dos EUA critica guerra com o Ir\u00e3o em audi\u00eancia no Senado - Portal Tela Portugal<\/title>\n<meta name=\"robots\" content=\"index, follow, max-snippet:-1, max-image-preview:large, max-video-preview:-1\" \/>\n<meta property=\"og:locale\" content=\"pt_PT\" \/>\n<meta property=\"og:type\" content=\"article\" \/>\n<meta property=\"og:title\" content=\"Ex-militar dos EUA critica guerra com o Ir\u00e3o em audi\u00eancia no Senado - Portal Tela Portugal\" \/>\n<meta property=\"og:description\" content=\"Brian C. McGinnis, ex-militar norte-americano, foi detido ap\u00f3s interromper uma audi\u00eancia no Senado dos EUA. O protesto foi dirigido contra a campanha militar no Ir\u00e3o; o homem resistiu \u00e0 deten\u00e7\u00e3o. Foi retirado \u00e0 for\u00e7a por agentes da pol\u00edcia do Capit\u00f3lio. O incidente deixou tr\u00eas agentes feridos. A ocorr\u00eancia ocorreu na audi\u00eancia do Senado, em cinco de mar\u00e7o de 2026, \u00e0s 17:46.\" \/>\n<meta property=\"og:url\" content=\"https:\/\/portaltela.pt\/noticias\/2026\/03\/05\/ex-militar-dos-eua-critica-guerra-com-o-irao-em-audiencia-no-senado\/\" \/>\n<meta property=\"og:site_name\" content=\"Portal Tela Portugal\" \/>\n<meta property=\"article:published_time\" content=\"2026-03-05T17:46:13+00:00\" \/>\n<meta name=\"author\" content=\"Telinha\" \/>\n<meta name=\"twitter:card\" content=\"summary_large_image\" \/>\n<meta name=\"twitter:label1\" content=\"Escrito por\" \/>\n\t<meta name=\"twitter:data1\" content=\"Telinha\" \/>\n\t<meta name=\"twitter:label2\" content=\"Tempo estimado de leitura\" \/>\n\t<meta name=\"twitter:data2\" content=\"1 minuto\" \/>\n<script type=\"application\/ld+json\" class=\"yoast-schema-graph\">{\"@context\":\"https:\/\/schema.org\",\"@graph\":[{\"@type\":\"Article\",\"@id\":\"https:\/\/portaltela.pt\/noticias\/2026\/03\/05\/ex-militar-dos-eua-critica-guerra-com-o-irao-em-audiencia-no-senado\/#article\",\"isPartOf\":{\"@id\":\"https:\/\/portaltela.pt\/noticias\/2026\/03\/05\/ex-militar-dos-eua-critica-guerra-com-o-irao-em-audiencia-no-senado\/\"},\"author\":{\"name\":\"Telinha\",\"@id\":\"https:\/\/portaltela.pt\/#\/schema\/person\/c4278d4a6028830caff9ee44b42d32ed\"},\"headline\":\"Ex-militar dos EUA critica guerra com o Ir\u00e3o em audi\u00eancia no Senado\",\"datePublished\":\"2026-03-05T17:46:13+00:00\",\"mainEntityOfPage\":{\"@id\":\"https:\/\/portaltela.pt\/noticias\/2026\/03\/05\/ex-militar-dos-eua-critica-guerra-com-o-irao-em-audiencia-no-senado\/\"},\"wordCount\":228,\"image\":{\"@id\":\"https:\/\/portaltela.pt\/noticias\/2026\/03\/05\/ex-militar-dos-eua-critica-guerra-com-o-irao-em-audiencia-no-senado\/#primaryimage\"},\"thumbnailUrl\":\"https:\/\/portaltela.pt\/s.01k8rhncp4jt1\/2026\/03\/img_1280x722uu2026-03-05-17-44-13-2270572.jpg\",\"keywords\":[\"Estados Unidos\",\"pol\u00edtica internacional\",\"protestos\",\"senado\",\"viol\u00eancia\"],\"articleSection\":[\"Internacional\",\"Not\u00edcias\"],\"inLanguage\":\"pt-PT\"},{\"@type\":\"WebPage\",\"@id\":\"https:\/\/portaltela.pt\/noticias\/2026\/03\/05\/ex-militar-dos-eua-critica-guerra-com-o-irao-em-audiencia-no-senado\/\",\"url\":\"https:\/\/portaltela.pt\/noticias\/2026\/03\/05\/ex-militar-dos-eua-critica-guerra-com-o-irao-em-audiencia-no-senado\/\",\"name\":\"Ex-militar dos EUA critica guerra com o Ir\u00e3o em audi\u00eancia no Senado - Portal Tela Portugal\",\"isPartOf\":{\"@id\":\"https:\/\/portaltela.pt\/#website\"},\"primaryImageOfPage\":{\"@id\":\"https:\/\/portaltela.pt\/noticias\/2026\/03\/05\/ex-militar-dos-eua-critica-guerra-com-o-irao-em-audiencia-no-senado\/#primaryimage\"},\"image\":{\"@id\":\"https:\/\/portaltela.pt\/noticias\/2026\/03\/05\/ex-militar-dos-eua-critica-guerra-com-o-irao-em-audiencia-no-senado\/#primaryimage\"},\"thumbnailUrl\":\"https:\/\/portaltela.pt\/s.01k8rhncp4jt1\/2026\/03\/img_1280x722uu2026-03-05-17-44-13-2270572.jpg\",\"datePublished\":\"2026-03-05T17:46:13+00:00\",\"author\":{\"@id\":\"https:\/\/portaltela.pt\/#\/schema\/person\/c4278d4a6028830caff9ee44b42d32ed\"},\"breadcrumb\":{\"@id\":\"https:\/\/portaltela.pt\/noticias\/2026\/03\/05\/ex-militar-dos-eua-critica-guerra-com-o-irao-em-audiencia-no-senado\/#breadcrumb\"},\"inLanguage\":\"pt-PT\",\"potentialAction\":[{\"@type\":\"ReadAction\",\"target\":[\"https:\/\/portaltela.pt\/noticias\/2026\/03\/05\/ex-militar-dos-eua-critica-guerra-com-o-irao-em-audiencia-no-senado\/\"]}]},{\"@type\":\"ImageObject\",\"inLanguage\":\"pt-PT\",\"@id\":\"https:\/\/portaltela.pt\/noticias\/2026\/03\/05\/ex-militar-dos-eua-critica-guerra-com-o-irao-em-audiencia-no-senado\/#primaryimage\",\"url\":\"https:\/\/portaltela.pt\/s.01k8rhncp4jt1\/2026\/03\/img_1280x722uu2026-03-05-17-44-13-2270572.jpg\",\"contentUrl\":\"https:\/\/portaltela.pt\/s.01k8rhncp4jt1\/2026\/03\/img_1280x722uu2026-03-05-17-44-13-2270572.jpg\",\"width\":796,\"height\":448,\"caption\":\"Photo\"},{\"@type\":\"BreadcrumbList\",\"@id\":\"https:\/\/portaltela.pt\/noticias\/2026\/03\/05\/ex-militar-dos-eua-critica-guerra-com-o-irao-em-audiencia-no-senado\/#breadcrumb\",\"itemListElement\":[{\"@type\":\"ListItem\",\"position\":1,\"name\":\"In\u00edcio\",\"item\":\"https:\/\/portaltela.pt\/\"},{\"@type\":\"ListItem\",\"position\":2,\"name\":\"Ex-militar dos EUA critica guerra com o Ir\u00e3o em audi\u00eancia no Senado\"}]},{\"@type\":\"WebSite\",\"@id\":\"https:\/\/portaltela.pt\/#website\",\"url\":\"https:\/\/portaltela.pt\/\",\"name\":\"Portal Tela Portugal\",\"description\":\"\",\"potentialAction\":[{\"@type\":\"SearchAction\",\"target\":{\"@type\":\"EntryPoint\",\"urlTemplate\":\"https:\/\/portaltela.pt\/?s={search_term_string}\"},\"query-input\":{\"@type\":\"PropertyValueSpecification\",\"valueRequired\":true,\"valueName\":\"search_term_string\"}}],\"inLanguage\":\"pt-PT\"},{\"@type\":\"Person\",\"@id\":\"https:\/\/portaltela.pt\/#\/schema\/person\/c4278d4a6028830caff9ee44b42d32ed\",\"name\":\"Telinha\",\"image\":{\"@type\":\"ImageObject\",\"inLanguage\":\"pt-PT\",\"@id\":\"https:\/\/portaltela.pt\/s.01k8rhncp4jt1\/2025\/11\/talking-bot-125x125.png\",\"url\":\"https:\/\/portaltela.pt\/s.01k8rhncp4jt1\/2025\/11\/talking-bot-125x125.png\",\"contentUrl\":\"https:\/\/portaltela.pt\/s.01k8rhncp4jt1\/2025\/11\/talking-bot-125x125.png\",\"caption\":\"Telinha\"},\"sameAs\":[\"https:\/\/portaltela.pt\/\"],\"url\":\"https:\/\/portaltela.pt\/por\/367410592786\/\"}]}<\/script>\n<!-- \/ Yoast SEO plugin. -->","yoast_head_json":{"title":"Ex-militar dos EUA critica guerra com o Ir\u00e3o em audi\u00eancia no Senado - Portal Tela Portugal","robots":{"index":"index","follow":"follow","max-snippet":"max-snippet:-1","max-image-preview":"max-image-preview:large","max-video-preview":"max-video-preview:-1"},"og_locale":"pt_PT","og_type":"article","og_title":"Ex-militar dos EUA critica guerra com o Ir\u00e3o em audi\u00eancia no Senado - Portal Tela Portugal","og_description":"Brian C. McGinnis, ex-militar norte-americano, foi detido ap\u00f3s interromper uma audi\u00eancia no Senado dos EUA. O protesto foi dirigido contra a campanha militar no Ir\u00e3o; o homem resistiu \u00e0 deten\u00e7\u00e3o. Foi retirado \u00e0 for\u00e7a por agentes da pol\u00edcia do Capit\u00f3lio. O incidente deixou tr\u00eas agentes feridos. A ocorr\u00eancia ocorreu na audi\u00eancia do Senado, em cinco de mar\u00e7o de 2026, \u00e0s 17:46.","og_url":"https:\/\/portaltela.pt\/noticias\/2026\/03\/05\/ex-militar-dos-eua-critica-guerra-com-o-irao-em-audiencia-no-senado\/","og_site_name":"Portal Tela Portugal","article_published_time":"2026-03-05T17:46:13+00:00","author":"Telinha","twitter_card":"summary_large_image","twitter_misc":{"Escrito por":"Telinha","Tempo estimado de leitura":"1 minuto"},"schema":{"@context":"https:\/\/schema.org","@graph":[{"@type":"Article","@id":"https:\/\/portaltela.pt\/noticias\/2026\/03\/05\/ex-militar-dos-eua-critica-guerra-com-o-irao-em-audiencia-no-senado\/#article","isPartOf":{"@id":"https:\/\/portaltela.pt\/noticias\/2026\/03\/05\/ex-militar-dos-eua-critica-guerra-com-o-irao-em-audiencia-no-senado\/"},"author":{"name":"Telinha","@id":"https:\/\/portaltela.pt\/#\/schema\/person\/c4278d4a6028830caff9ee44b42d32ed"},"headline":"Ex-militar dos EUA critica guerra com o Ir\u00e3o em audi\u00eancia no Senado","datePublished":"2026-03-05T17:46:13+00:00","mainEntityOfPage":{"@id":"https:\/\/portaltela.pt\/noticias\/2026\/03\/05\/ex-militar-dos-eua-critica-guerra-com-o-irao-em-audiencia-no-senado\/"},"wordCount":228,"image":{"@id":"https:\/\/portaltela.pt\/noticias\/2026\/03\/05\/ex-militar-dos-eua-critica-guerra-com-o-irao-em-audiencia-no-senado\/#primaryimage"},"thumbnailUrl":"https:\/\/portaltela.pt\/s.01k8rhncp4jt1\/2026\/03\/img_1280x722uu2026-03-05-17-44-13-2270572.jpg","keywords":["Estados Unidos","pol\u00edtica internacional","protestos","senado","viol\u00eancia"],"articleSection":["Internacional","Not\u00edcias"],"inLanguage":"pt-PT"},{"@type":"WebPage","@id":"https:\/\/portaltela.pt\/noticias\/2026\/03\/05\/ex-militar-dos-eua-critica-guerra-com-o-irao-em-audiencia-no-senado\/","url":"https:\/\/portaltela.pt\/noticias\/2026\/03\/05\/ex-militar-dos-eua-critica-guerra-com-o-irao-em-audiencia-no-senado\/","name":"Ex-militar dos EUA critica guerra com o Ir\u00e3o em audi\u00eancia no Senado - Portal Tela Portugal","isPartOf":{"@id":"https:\/\/portaltela.pt\/#website"},"primaryImageOfPage":{"@id":"https:\/\/portaltela.pt\/noticias\/2026\/03\/05\/ex-militar-dos-eua-critica-guerra-com-o-irao-em-audiencia-no-senado\/#primaryimage"},"image":{"@id":"https:\/\/portaltela.pt\/noticias\/2026\/03\/05\/ex-militar-dos-eua-critica-guerra-com-o-irao-em-audiencia-no-senado\/#primaryimage"},"thumbnailUrl":"https:\/\/portaltela.pt\/s.01k8rhncp4jt1\/2026\/03\/img_1280x722uu2026-03-05-17-44-13-2270572.jpg","datePublished":"2026-03-05T17:46:13+00:00","author":{"@id":"https:\/\/portaltela.pt\/#\/schema\/person\/c4278d4a6028830caff9ee44b42d32ed"},"breadcrumb":{"@id":"https:\/\/portaltela.pt\/noticias\/2026\/03\/05\/ex-militar-dos-eua-critica-guerra-com-o-irao-em-audiencia-no-senado\/#breadcrumb"},"inLanguage":"pt-PT","potentialAction":[{"@type":"ReadAction","target":["https:\/\/portaltela.pt\/noticias\/2026\/03\/05\/ex-militar-dos-eua-critica-guerra-com-o-irao-em-audiencia-no-senado\/"]}]},{"@type":"ImageObject","inLanguage":"pt-PT","@id":"https:\/\/portaltela.pt\/noticias\/2026\/03\/05\/ex-militar-dos-eua-critica-guerra-com-o-irao-em-audiencia-no-senado\/#primaryimage","url":"https:\/\/portaltela.pt\/s.01k8rhncp4jt1\/2026\/03\/img_1280x722uu2026-03-05-17-44-13-2270572.jpg","contentUrl":"https:\/\/portaltela.pt\/s.01k8rhncp4jt1\/2026\/03\/img_1280x722uu2026-03-05-17-44-13-2270572.jpg","width":796,"height":448,"caption":"Photo"},{"@type":"BreadcrumbList","@id":"https:\/\/portaltela.pt\/noticias\/2026\/03\/05\/ex-militar-dos-eua-critica-guerra-com-o-irao-em-audiencia-no-senado\/#breadcrumb","itemListElement":[{"@type":"ListItem","position":1,"name":"In\u00edcio","item":"https:\/\/portaltela.pt\/"},{"@type":"ListItem","position":2,"name":"Ex-militar dos EUA critica guerra com o Ir\u00e3o em audi\u00eancia no Senado"}]},{"@type":"WebSite","@id":"https:\/\/portaltela.pt\/#website","url":"https:\/\/portaltela.pt\/","name":"Portal Tela Portugal","description":"","potentialAction":[{"@type":"SearchAction","target":{"@type":"EntryPoint","urlTemplate":"https:\/\/portaltela.pt\/?s={search_term_string}"},"query-input":{"@type":"PropertyValueSpecification","valueRequired":true,"valueName":"search_term_string"}}],"inLanguage":"pt-PT"},{"@type":"Person","@id":"https:\/\/portaltela.pt\/#\/schema\/person\/c4278d4a6028830caff9ee44b42d32ed","name":"Telinha","image":{"@type":"ImageObject","inLanguage":"pt-PT","@id":"https:\/\/portaltela.pt\/s.01k8rhncp4jt1\/2025\/11\/talking-bot-125x125.png","url":"https:\/\/portaltela.pt\/s.01k8rhncp4jt1\/2025\/11\/talking-bot-125x125.png","contentUrl":"https:\/\/portaltela.pt\/s.01k8rhncp4jt1\/2025\/11\/talking-bot-125x125.png","caption":"Telinha"},"sameAs":["https:\/\/portaltela.pt\/"],"url":"https:\/\/portaltela.pt\/por\/367410592786\/"}]}},"_links":{"self":[{"href":"https:\/\/portaltela.pt\/api\/wp\/v2\/posts\/399035","targetHints":{"allow":["GET"]}}],"collection":[{"href":"https:\/\/portaltela.pt\/api\/wp\/v2\/posts"}],"about":[{"href":"https:\/\/portaltela.pt\/api\/wp\/v2\/types\/post"}],"author":[{"embeddable":true,"href":"https:\/\/portaltela.pt\/api\/wp\/v2\/users\/2"}],"replies":[{"embeddable":true,"href":"https:\/\/portaltela.pt\/api\/wp\/v2\/comments?post=399035"}],"version-history":[{"count":0,"href":"https:\/\/portaltela.pt\/api\/wp\/v2\/posts\/399035\/revisions"}],"wp:featuredmedia":[{"embeddable":true,"href":"https:\/\/portaltela.pt\/api\/wp\/v2\/media\/399038"}],"wp:attachment":[{"href":"https:\/\/portaltela.pt\/api\/wp\/v2\/media?parent=399035"}],"wp:term":[{"taxonomy":"category","embeddable":true,"href":"https:\/\/portaltela.pt\/api\/wp\/v2\/categories?post=399035"},{"taxonomy":"post_tag","embeddable":true,"href":"https:\/\/portaltela.pt\/api\/wp\/v2\/tags?post=399035"}],"curies":[{"name":"wp","href":"https:\/\/api.w.org\/{rel}","templated":true}]}}